{"id":2842,"date":"2017-02-03T16:07:21","date_gmt":"2017-02-03T16:07:21","guid":{"rendered":"https:\/\/www.welovecycling.com\/pl\/?p=2842"},"modified":"2017-04-12T20:08:09","modified_gmt":"2017-04-12T20:08:09","slug":"najgorsze-sciezki-rowerowe-swiecie","status":"publish","type":"post","link":"https:\/\/www.welovecycling.com\/pl\/2017\/02\/03\/najgorsze-sciezki-rowerowe-swiecie\/","title":{"rendered":"Najgorsze \u015bcie\u017cki rowerowe na \u015bwiecie"},"content":{"rendered":"<p>Niekt\u00f3re \u015bcie\u017cki rowerowe ratuj\u0105 \u017cycie, inne s\u0105 jak pomnik g\u0142upoty.\u00a0Od \u015bcie\u017cek okupowanych przez drzewa do takich, kt\u00f3re najwyra\u017aniej prowadz\u0105 do innego wymiaru \u2013 \u015bwiat jest pe\u0142en bezmy\u015blnie wybudowanych \u015bcie\u017cek rowerowych, kt\u00f3re gruntownie przetestuj\u0105 umiej\u0119tno\u015bci rowerzyst\u00f3w na najprostszych trasach.\u00a0Jednak \u017cadna z nich nie pobije tych pere\u0142ek. Oto najgorsze \u015bcie\u017cki rowerowe na \u015bwiecie.<\/p>\n<p><strong>\u201e\u015acie\u017cka psychorowerowa\u201d, Montreal<\/strong><\/p>\n<p><a href=\"https:\/\/d2p6e6u75xmxt8.cloudfront.net\/5\/2017\/02\/montreal.jpeg\"><img loading=\"lazy\" decoding=\"async\" class=\"alignnone size-full wp-image-2843\" src=\"https:\/\/d2p6e6u75xmxt8.cloudfront.net\/5\/2017\/02\/montreal.jpeg\" alt=\"\" width=\"480\" height=\"640\" srcset=\"https:\/\/d2p6e6u75xmxt8.cloudfront.net\/5\/2017\/02\/montreal.jpeg 480w, https:\/\/d2p6e6u75xmxt8.cloudfront.net\/5\/2017\/02\/montreal-225x300.jpeg 225w\" sizes=\"auto, (max-width: 480px) 100vw, 480px\" \/><\/a><\/p>\n<p>W montrealskim parku, Parc des Marchands-de-Bois, znajdziemy idealny przyk\u0142ad tego, co by si\u0119 sta\u0142o, gdyby dziewi\u0119ciolatek z kredk\u0105 zaprojektowa\u0142 \u015bcie\u017ck\u0119 rowerow\u0105. O dziwo, jest to jedyna z przedstawionych przez nas \u015bcie\u017cek, kt\u00f3ra rzeczywi\u015bcie mia\u0142a by\u0107 \u017cartem.<\/p>\n<p><a href=\"https:\/\/d2p6e6u75xmxt8.cloudfront.net\/5\/2017\/02\/montreal.png\"><img loading=\"lazy\" decoding=\"async\" class=\"alignnone size-full wp-image-2844\" src=\"https:\/\/d2p6e6u75xmxt8.cloudfront.net\/5\/2017\/02\/montreal.png\" alt=\"\" width=\"514\" height=\"213\" srcset=\"https:\/\/d2p6e6u75xmxt8.cloudfront.net\/5\/2017\/02\/montreal.png 514w, https:\/\/d2p6e6u75xmxt8.cloudfront.net\/5\/2017\/02\/montreal-300x124.png 300w\" sizes=\"auto, (max-width: 514px) 100vw, 514px\" \/><\/a><\/p>\n<p><strong>\u201eRynna\u201d, Vancouver<\/strong><\/p>\n<p>Most Knight Street Bridge nad rzek\u0105 Fraser w Vancouver zyska\u0142 etykiet\u0119 najniebezpieczniejszej drogi w Kanadzie, nie tylko dla rowerzyst\u00f3w. Najlepsze jest to, \u017ce przy budowie tego chodnika i \u015bcie\u017cki rowerowej zarz\u0105d dr\u00f3g po\u015bwi\u0119ci\u0142 du\u017co uwagi zapewnieniu bezpiecze\u0144stwa u\u017cytkownikom drogi.<\/p>\n<p><a href=\"https:\/\/d2p6e6u75xmxt8.cloudfront.net\/5\/2017\/02\/vancouver1.jpg\"><img loading=\"lazy\" decoding=\"async\" class=\"alignnone size-full wp-image-2845\" src=\"https:\/\/d2p6e6u75xmxt8.cloudfront.net\/5\/2017\/02\/vancouver1.jpg\" alt=\"\" width=\"480\" height=\"640\" srcset=\"https:\/\/d2p6e6u75xmxt8.cloudfront.net\/5\/2017\/02\/vancouver1.jpg 480w, https:\/\/d2p6e6u75xmxt8.cloudfront.net\/5\/2017\/02\/vancouver1-225x300.jpg 225w\" sizes=\"auto, (max-width: 480px) 100vw, 480px\" \/><\/a><\/p>\n<p><a href=\"https:\/\/d2p6e6u75xmxt8.cloudfront.net\/5\/2017\/02\/vancouver2.jpg\"><img loading=\"lazy\" decoding=\"async\" class=\"alignnone size-large wp-image-2846\" src=\"https:\/\/d2p6e6u75xmxt8.cloudfront.net\/5\/2017\/02\/vancouver2.jpg\" alt=\"\" width=\"480\" height=\"640\" srcset=\"https:\/\/d2p6e6u75xmxt8.cloudfront.net\/5\/2017\/02\/vancouver2.jpg 480w, https:\/\/d2p6e6u75xmxt8.cloudfront.net\/5\/2017\/02\/vancouver2-225x300.jpg 225w\" sizes=\"auto, (max-width: 480px) 100vw, 480px\" \/><\/a><\/p>\n<p>Na szcz\u0119\u015bcie najnowszej instalacji nowego mostu kolejowego w g\u00f3rze rzeki towarzyszy estakada ruchu pieszego i rowerowego. Przynajmniej cz\u0119\u015b\u0107 rowerzyst\u00f3w w mie\u015bcie mo\u017ce unikn\u0105\u0107 tej rynny.<\/p>\n<p><strong>\u201eSlalom\u201d, Belfast<\/strong><\/p>\n<p>\u015awietny przyk\u0142ad \u015bcie\u017cki rowerowej w Irlandii P\u00f3\u0142nocnej mo\u017cemy znale\u017a\u0107 przy wje\u017adzie do portu w Belfa\u015bcie, gdzie nikt tak naprawd\u0119 nie jest pewien, co by\u0142o pierwsze: znaki \u2013 i drzewo \u2013 czy \u015bcie\u017cka rowerowa. To oficjalny odcinek Narodowej Sieci Tras Rowerowych (ang. <em>National Cycle Network<\/em>).<\/p>\n<p><a href=\"https:\/\/d2p6e6u75xmxt8.cloudfront.net\/5\/2017\/02\/belfast.png\"><img loading=\"lazy\" decoding=\"async\" class=\"alignnone size-full wp-image-2847\" src=\"https:\/\/d2p6e6u75xmxt8.cloudfront.net\/5\/2017\/02\/belfast.png\" alt=\"\" width=\"580\" height=\"297\" srcset=\"https:\/\/d2p6e6u75xmxt8.cloudfront.net\/5\/2017\/02\/belfast.png 580w, https:\/\/d2p6e6u75xmxt8.cloudfront.net\/5\/2017\/02\/belfast-300x154.png 300w\" sizes=\"auto, (max-width: 580px) 100vw, 580px\" \/><\/a><\/p>\n<p><strong>\u201eDelikatna sugestia\u201d, Bukareszt<\/strong><\/p>\n<p>W Bukareszcie ludzie raczej nie korzystaj\u0105 z rower\u00f3w.<\/p>\n<p><a href=\"https:\/\/d2p6e6u75xmxt8.cloudfront.net\/5\/2017\/02\/takethehint-600x421.jpg\"><img loading=\"lazy\" decoding=\"async\" class=\"alignnone size-full wp-image-2848\" src=\"https:\/\/d2p6e6u75xmxt8.cloudfront.net\/5\/2017\/02\/takethehint-600x421.jpg\" alt=\"\" width=\"600\" height=\"421\" srcset=\"https:\/\/d2p6e6u75xmxt8.cloudfront.net\/5\/2017\/02\/takethehint-600x421.jpg 600w, https:\/\/d2p6e6u75xmxt8.cloudfront.net\/5\/2017\/02\/takethehint-600x421-300x211.jpg 300w\" sizes=\"auto, (max-width: 600px) 100vw, 600px\" \/><\/a><\/p>\n<p><strong>\u201eWyzwanie\u201d, Volendam<\/strong><\/p>\n<p>Wreszcie \u015bcie\u017cka rowerowa, kt\u00f3ra a\u017c si\u0119 prosi, aby z niej skorzysta\u0107. \u015aci\u015bni\u0119ty na sam\u0105 kraw\u0119d\u017a kana\u0142u w Volendam w Holandii, s\u0142ynny odcinek \u015bcie\u017cki rowerowej, na kt\u00f3rej znany francuski artysta, Philippe Petit, szlifowa\u0142 swoje umiej\u0119tno\u015bci chodzenia po linie, zanim podj\u0105\u0142 \u015bmia\u0142\u0105 pr\u00f3b\u0119, przedstawion\u0105 w hollywoodzkiej produkcji \u201eSi\u0119gaj\u0105c chmur\u201d (ang. <em>The Walk<\/em>).<\/p>\n<p><a href=\"https:\/\/d2p6e6u75xmxt8.cloudfront.net\/5\/2017\/02\/volendam-205x300.jpeg\"><img loading=\"lazy\" decoding=\"async\" class=\"alignnone wp-image-2849 \" src=\"https:\/\/d2p6e6u75xmxt8.cloudfront.net\/5\/2017\/02\/volendam-205x300.jpeg\" width=\"285\" height=\"415\" \/><\/a><\/p>\n<p>Tak, to stek bzdur. Prawdopodobnie jak ta \u015bcie\u017cka. Chocia\u017c nie ma na to zbyt du\u017co dowod\u00f3w, m\u00f3wi si\u0119, \u017ce bia\u0142e rowery zosta\u0142y namalowane przez jakiego\u015b dowcipnisia i zosta\u0142y ju\u017c usuni\u0119te.\u00a0Nie opublikowano informacji o\u00a0liczbie rowerzyst\u00f3w, kt\u00f3rym uda\u0142o si\u0119 przejecha\u0107 ten odcinek.<\/p>\n<p><strong>\u201eGra w cykora\u201d, Londyn<\/strong><\/p>\n<p>Tutaj, na Tavistock Place w Camden w Londynie, urbani\u015bci wspieraj\u0105 lokalne oddzia\u0142y ratunkowe, kieruj\u0105c rowerzyst\u00f3w prosto na czo\u0142owe zderzenie.<\/p>\n<p><a href=\"https:\/\/d2p6e6u75xmxt8.cloudfront.net\/5\/2017\/02\/gameofchicken-600x375.jpg\"><img loading=\"lazy\" decoding=\"async\" class=\"alignnone size-full wp-image-2850\" src=\"https:\/\/d2p6e6u75xmxt8.cloudfront.net\/5\/2017\/02\/gameofchicken-600x375.jpg\" alt=\"\" width=\"600\" height=\"375\" srcset=\"https:\/\/d2p6e6u75xmxt8.cloudfront.net\/5\/2017\/02\/gameofchicken-600x375.jpg 600w, https:\/\/d2p6e6u75xmxt8.cloudfront.net\/5\/2017\/02\/gameofchicken-600x375-300x188.jpg 300w\" sizes=\"auto, (max-width: 600px) 100vw, 600px\" \/><\/a><\/p>\n<p><strong>\u201e\u017be co, prosz\u0119?\u201d, Essex<\/strong><\/p>\n<p>Ten niewyobra\u017calny przyk\u0142ad \u015bcie\u017cki rowerowej zawdzi\u0119czamy radzie hrabstwa Essex.\u00a0W szalonej pr\u00f3bie stworzenia mo\u017cliwie jak najbezpieczniejszych warunk\u00f3w dla pieszych w Harlow, rowerzy\u015bci musz\u0105 zsiada\u0107 z roweru siedem razy na odcinku 380 jard\u00f3w.\u00a0Do dzisiaj \u017caden rowerzysta nie podo\u0142a\u0142 wyzwaniu, ale s\u0142yszeli\u015bmy, \u017ce legenda kolarstwa prze\u0142ajowego, Sven Nys, ju\u017c nie mo\u017ce doczeka\u0107 si\u0119 swojej pr\u00f3by.<\/p>\n<p><a href=\"https:\/\/d2p6e6u75xmxt8.cloudfront.net\/5\/2017\/02\/TheWhat.jpg\"><img loading=\"lazy\" decoding=\"async\" class=\"alignnone size-full wp-image-2851\" src=\"https:\/\/d2p6e6u75xmxt8.cloudfront.net\/5\/2017\/02\/TheWhat.jpg\" alt=\"\" width=\"480\" height=\"494\" srcset=\"https:\/\/d2p6e6u75xmxt8.cloudfront.net\/5\/2017\/02\/TheWhat.jpg 480w, https:\/\/d2p6e6u75xmxt8.cloudfront.net\/5\/2017\/02\/TheWhat-291x300.jpg 291w\" sizes=\"auto, (max-width: 480px) 100vw, 480px\" \/><\/a><\/p>\n<p><strong>\u201ePunkt widokowy\u201d, Suffolk<\/strong><\/p>\n<p>Bo nie zawsze wiadomo, gdzie ko\u0144czy si\u0119 droga. Na Stowupland Road w Suffolk, w Wielkiej Brytanii, t\u0119 trudn\u0105 decyzj\u0119 u\u0142atwiono za pomoc\u0105 takiej \u015bcie\u017cki rowerowej. Stwarza ona idealn\u0105 okazj\u0119, aby si\u0119 zatrzyma\u0107, napi\u0107 si\u0119 w\u015br\u00f3d szumu autostrady i rozmy\u015bla\u0107 nad tym, jak jest po drugiej stronie mostu.<\/p>\n<p><a href=\"https:\/\/d2p6e6u75xmxt8.cloudfront.net\/5\/2017\/02\/viewingpoint-600x384.jpg\"><img loading=\"lazy\" decoding=\"async\" class=\"alignnone size-full wp-image-2852\" src=\"https:\/\/d2p6e6u75xmxt8.cloudfront.net\/5\/2017\/02\/viewingpoint-600x384.jpg\" alt=\"\" width=\"600\" height=\"384\" srcset=\"https:\/\/d2p6e6u75xmxt8.cloudfront.net\/5\/2017\/02\/viewingpoint-600x384.jpg 600w, https:\/\/d2p6e6u75xmxt8.cloudfront.net\/5\/2017\/02\/viewingpoint-600x384-300x192.jpg 300w\" sizes=\"auto, (max-width: 600px) 100vw, 600px\" \/><\/a><\/p>\n<p>Po tym, jak zrobiono to zdj\u0119cie, zdrowy rozs\u0105dek zwyci\u0119\u017cy\u0142 i teraz mo\u017cna skr\u0119ci\u0107 w lewo, przejecha\u0107 przez drog\u0119 i kontynuowa\u0107 przeja\u017cd\u017ck\u0119 na rowerze przez most w stron\u0119 nowego \u015bwiata.<\/p>\n<p>Czy znasz jakie\u015b absurdalne \u015bcie\u017cki rowerowe wybudowane w twoim mie\u015bcie? Napisz o nich w komentarzu pod artyku\u0142em.<\/p>\n","protected":false},"excerpt":{"rendered":"<p>Niekt\u00f3re \u015bcie\u017cki rowerowe ratuj\u0105 \u017cycie, inne s\u0105 jak pomnik g\u0142upoty.\u00a0Od \u015bcie\u017cek okupowanych przez drzewa do takich, kt\u00f3re najwyra\u017aniej prowadz\u0105 do [&hellip;]<\/p>\n","protected":false},"author":76,"featured_media":2853,"comment_status":"open","ping_status":"open","sticky":false,"template":"","format":"standard","meta":{"footnotes":""},"categories":[3],"tags":[95],"global-categories":[],"class_list":["post-2842","post","type-post","status-publish","format-standard","has-post-thumbnail","hentry","category-adrenalina","tag-sciezki-rowerowe"],"yoast_head":"<!-- This site is optimized with the Yoast SEO Premium plugin v25.3 (Yoast SEO v25.9) - https:\/\/yoast.com\/wordpress\/plugins\/seo\/ -->\n<title>Najgorsze \u015bcie\u017cki rowerowe na \u015bwiecie - \u0160koda We Love Cycling - Poland<\/title>\n<meta name=\"robots\" content=\"index, follow, max-snippet:-1, max-image-preview:large, max-video-preview:-1\" \/>\n<link rel=\"canonical\" href=\"https:\/\/www.welovecycling.com\/pl\/2017\/02\/03\/najgorsze-sciezki-rowerowe-swiecie\/\" \/>\n<meta property=\"og:locale\" content=\"pl_PL\" \/>\n<meta property=\"og:type\" content=\"article\" \/>\n<meta property=\"og:title\" content=\"Najgorsze \u015bcie\u017cki rowerowe na \u015bwiecie\" \/>\n<meta property=\"og:description\" content=\"Niekt\u00f3re \u015bcie\u017cki rowerowe ratuj\u0105 \u017cycie, inne s\u0105 jak pomnik g\u0142upoty.\u00a0Od \u015bcie\u017cek okupowanych przez drzewa do takich, kt\u00f3re najwyra\u017aniej prowadz\u0105 do [&hellip;]\" \/>\n<meta property=\"og:url\" content=\"https:\/\/www.welovecycling.com\/pl\/2017\/02\/03\/najgorsze-sciezki-rowerowe-swiecie\/\" \/>\n<meta property=\"og:site_name\" content=\"\u0160koda We Love Cycling - Poland\" \/>\n<meta property=\"article:published_time\" content=\"2017-02-03T16:07:21+00:00\" \/>\n<meta property=\"article:modified_time\" content=\"2017-04-12T20:08:09+00:00\" \/>\n<meta property=\"og:image\" content=\"https:\/\/d2p6e6u75xmxt8.cloudfront.net\/5\/2017\/02\/opener14.jpg\" \/>\n\t<meta property=\"og:image:width\" content=\"950\" \/>\n\t<meta property=\"og:image:height\" content=\"350\" \/>\n\t<meta property=\"og:image:type\" content=\"image\/jpeg\" \/>\n<meta name=\"author\" content=\"piotrboczkowski\" \/>\n<meta name=\"twitter:card\" content=\"summary_large_image\" \/>\n<meta name=\"twitter:label1\" content=\"Written by\" \/>\n\t<meta name=\"twitter:data1\" content=\"Jessica Lamb\" \/>\n\t<meta name=\"twitter:label2\" content=\"Est. reading time\" \/>\n\t<meta name=\"twitter:data2\" content=\"3 minutes\" \/>\n<script type=\"application\/ld+json\" class=\"yoast-schema-graph\">{\"@context\":\"https:\/\/schema.org\",\"@graph\":[{\"@type\":\"WebPage\",\"@id\":\"https:\/\/www.welovecycling.com\/pl\/2017\/02\/03\/najgorsze-sciezki-rowerowe-swiecie\/\",\"url\":\"https:\/\/www.welovecycling.com\/pl\/2017\/02\/03\/najgorsze-sciezki-rowerowe-swiecie\/\",\"name\":\"Najgorsze \u015bcie\u017cki rowerowe na \u015bwiecie - \u0160koda We Love Cycling - Poland\",\"isPartOf\":{\"@id\":\"https:\/\/www.welovecycling.com\/pl\/#website\"},\"primaryImageOfPage\":{\"@id\":\"https:\/\/www.welovecycling.com\/pl\/2017\/02\/03\/najgorsze-sciezki-rowerowe-swiecie\/#primaryimage\"},\"image\":{\"@id\":\"https:\/\/www.welovecycling.com\/pl\/2017\/02\/03\/najgorsze-sciezki-rowerowe-swiecie\/#primaryimage\"},\"thumbnailUrl\":\"https:\/\/d2p6e6u75xmxt8.cloudfront.net\/5\/2017\/02\/opener14.jpg\",\"datePublished\":\"2017-02-03T16:07:21+00:00\",\"dateModified\":\"2017-04-12T20:08:09+00:00\",\"author\":{\"@id\":\"https:\/\/www.welovecycling.com\/pl\/#\/schema\/person\/0dba2d39da943db9df3fd8f4687e7f23\"},\"breadcrumb\":{\"@id\":\"https:\/\/www.welovecycling.com\/pl\/2017\/02\/03\/najgorsze-sciezki-rowerowe-swiecie\/#breadcrumb\"},\"inLanguage\":\"pl-PL\",\"potentialAction\":[{\"@type\":\"ReadAction\",\"target\":[\"https:\/\/www.welovecycling.com\/pl\/2017\/02\/03\/najgorsze-sciezki-rowerowe-swiecie\/\"]}]},{\"@type\":\"ImageObject\",\"inLanguage\":\"pl-PL\",\"@id\":\"https:\/\/www.welovecycling.com\/pl\/2017\/02\/03\/najgorsze-sciezki-rowerowe-swiecie\/#primaryimage\",\"url\":\"https:\/\/d2p6e6u75xmxt8.cloudfront.net\/5\/2017\/02\/opener14.jpg\",\"contentUrl\":\"https:\/\/d2p6e6u75xmxt8.cloudfront.net\/5\/2017\/02\/opener14.jpg\",\"width\":950,\"height\":350},{\"@type\":\"BreadcrumbList\",\"@id\":\"https:\/\/www.welovecycling.com\/pl\/2017\/02\/03\/najgorsze-sciezki-rowerowe-swiecie\/#breadcrumb\",\"itemListElement\":[{\"@type\":\"ListItem\",\"position\":1,\"name\":\"Home\",\"item\":\"https:\/\/www.welovecycling.com\/pl\/\"},{\"@type\":\"ListItem\",\"position\":2,\"name\":\"Najgorsze \u015bcie\u017cki rowerowe na \u015bwiecie\"}]},{\"@type\":\"WebSite\",\"@id\":\"https:\/\/www.welovecycling.com\/pl\/#website\",\"url\":\"https:\/\/www.welovecycling.com\/pl\/\",\"name\":\"\u0160koda We Love Cycling - Poland\",\"description\":\"\",\"potentialAction\":[{\"@type\":\"SearchAction\",\"target\":{\"@type\":\"EntryPoint\",\"urlTemplate\":\"https:\/\/www.welovecycling.com\/pl\/?s={search_term_string}\"},\"query-input\":{\"@type\":\"PropertyValueSpecification\",\"valueRequired\":true,\"valueName\":\"search_term_string\"}}],\"inLanguage\":\"pl-PL\"},{\"@type\":\"Person\",\"@id\":\"https:\/\/www.welovecycling.com\/pl\/#\/schema\/person\/0dba2d39da943db9df3fd8f4687e7f23\",\"name\":\"piotrboczkowski\",\"image\":{\"@type\":\"ImageObject\",\"inLanguage\":\"pl-PL\",\"@id\":\"https:\/\/www.welovecycling.com\/pl\/#\/schema\/person\/image\/\",\"url\":\"https:\/\/secure.gravatar.com\/avatar\/533caccae14752e03a2ce2d3fd62d1b98b93e1393c3195c27819e53344ca1ace?s=96&d=mm&r=g\",\"contentUrl\":\"https:\/\/secure.gravatar.com\/avatar\/533caccae14752e03a2ce2d3fd62d1b98b93e1393c3195c27819e53344ca1ace?s=96&d=mm&r=g\",\"caption\":\"piotrboczkowski\"},\"url\":\"https:\/\/www.welovecycling.com\/pl\/author\/piotrboczkowski\/\"}]}<\/script>\n<!-- \/ Yoast SEO Premium plugin. -->","yoast_head_json":{"title":"Najgorsze \u015bcie\u017cki rowerowe na \u015bwiecie - \u0160koda We Love Cycling - Poland","robots":{"index":"index","follow":"follow","max-snippet":"max-snippet:-1","max-image-preview":"max-image-preview:large","max-video-preview":"max-video-preview:-1"},"canonical":"https:\/\/www.welovecycling.com\/pl\/2017\/02\/03\/najgorsze-sciezki-rowerowe-swiecie\/","og_locale":"pl_PL","og_type":"article","og_title":"Najgorsze \u015bcie\u017cki rowerowe na \u015bwiecie","og_description":"Niekt\u00f3re \u015bcie\u017cki rowerowe ratuj\u0105 \u017cycie, inne s\u0105 jak pomnik g\u0142upoty.\u00a0Od \u015bcie\u017cek okupowanych przez drzewa do takich, kt\u00f3re najwyra\u017aniej prowadz\u0105 do [&hellip;]","og_url":"https:\/\/www.welovecycling.com\/pl\/2017\/02\/03\/najgorsze-sciezki-rowerowe-swiecie\/","og_site_name":"\u0160koda We Love Cycling - Poland","article_published_time":"2017-02-03T16:07:21+00:00","article_modified_time":"2017-04-12T20:08:09+00:00","og_image":[{"width":950,"height":350,"url":"https:\/\/d2p6e6u75xmxt8.cloudfront.net\/5\/2017\/02\/opener14.jpg","type":"image\/jpeg"}],"author":"piotrboczkowski","twitter_card":"summary_large_image","twitter_misc":{"Written by":"Jessica Lamb","Est. reading time":"3 minutes"},"schema":{"@context":"https:\/\/schema.org","@graph":[{"@type":"WebPage","@id":"https:\/\/www.welovecycling.com\/pl\/2017\/02\/03\/najgorsze-sciezki-rowerowe-swiecie\/","url":"https:\/\/www.welovecycling.com\/pl\/2017\/02\/03\/najgorsze-sciezki-rowerowe-swiecie\/","name":"Najgorsze \u015bcie\u017cki rowerowe na \u015bwiecie - \u0160koda We Love Cycling - Poland","isPartOf":{"@id":"https:\/\/www.welovecycling.com\/pl\/#website"},"primaryImageOfPage":{"@id":"https:\/\/www.welovecycling.com\/pl\/2017\/02\/03\/najgorsze-sciezki-rowerowe-swiecie\/#primaryimage"},"image":{"@id":"https:\/\/www.welovecycling.com\/pl\/2017\/02\/03\/najgorsze-sciezki-rowerowe-swiecie\/#primaryimage"},"thumbnailUrl":"https:\/\/d2p6e6u75xmxt8.cloudfront.net\/5\/2017\/02\/opener14.jpg","datePublished":"2017-02-03T16:07:21+00:00","dateModified":"2017-04-12T20:08:09+00:00","author":{"@id":"https:\/\/www.welovecycling.com\/pl\/#\/schema\/person\/0dba2d39da943db9df3fd8f4687e7f23"},"breadcrumb":{"@id":"https:\/\/www.welovecycling.com\/pl\/2017\/02\/03\/najgorsze-sciezki-rowerowe-swiecie\/#breadcrumb"},"inLanguage":"pl-PL","potentialAction":[{"@type":"ReadAction","target":["https:\/\/www.welovecycling.com\/pl\/2017\/02\/03\/najgorsze-sciezki-rowerowe-swiecie\/"]}]},{"@type":"ImageObject","inLanguage":"pl-PL","@id":"https:\/\/www.welovecycling.com\/pl\/2017\/02\/03\/najgorsze-sciezki-rowerowe-swiecie\/#primaryimage","url":"https:\/\/d2p6e6u75xmxt8.cloudfront.net\/5\/2017\/02\/opener14.jpg","contentUrl":"https:\/\/d2p6e6u75xmxt8.cloudfront.net\/5\/2017\/02\/opener14.jpg","width":950,"height":350},{"@type":"BreadcrumbList","@id":"https:\/\/www.welovecycling.com\/pl\/2017\/02\/03\/najgorsze-sciezki-rowerowe-swiecie\/#breadcrumb","itemListElement":[{"@type":"ListItem","position":1,"name":"Home","item":"https:\/\/www.welovecycling.com\/pl\/"},{"@type":"ListItem","position":2,"name":"Najgorsze \u015bcie\u017cki rowerowe na \u015bwiecie"}]},{"@type":"WebSite","@id":"https:\/\/www.welovecycling.com\/pl\/#website","url":"https:\/\/www.welovecycling.com\/pl\/","name":"\u0160koda We Love Cycling - Poland","description":"","potentialAction":[{"@type":"SearchAction","target":{"@type":"EntryPoint","urlTemplate":"https:\/\/www.welovecycling.com\/pl\/?s={search_term_string}"},"query-input":{"@type":"PropertyValueSpecification","valueRequired":true,"valueName":"search_term_string"}}],"inLanguage":"pl-PL"},{"@type":"Person","@id":"https:\/\/www.welovecycling.com\/pl\/#\/schema\/person\/0dba2d39da943db9df3fd8f4687e7f23","name":"piotrboczkowski","image":{"@type":"ImageObject","inLanguage":"pl-PL","@id":"https:\/\/www.welovecycling.com\/pl\/#\/schema\/person\/image\/","url":"https:\/\/secure.gravatar.com\/avatar\/533caccae14752e03a2ce2d3fd62d1b98b93e1393c3195c27819e53344ca1ace?s=96&d=mm&r=g","contentUrl":"https:\/\/secure.gravatar.com\/avatar\/533caccae14752e03a2ce2d3fd62d1b98b93e1393c3195c27819e53344ca1ace?s=96&d=mm&r=g","caption":"piotrboczkowski"},"url":"https:\/\/www.welovecycling.com\/pl\/author\/piotrboczkowski\/"}]}},"_links":{"self":[{"href":"https:\/\/www.welovecycling.com\/pl\/wp-json\/wp\/v2\/posts\/2842","targetHints":{"allow":["GET"]}}],"collection":[{"href":"https:\/\/www.welovecycling.com\/pl\/wp-json\/wp\/v2\/posts"}],"about":[{"href":"https:\/\/www.welovecycling.com\/pl\/wp-json\/wp\/v2\/types\/post"}],"author":[{"embeddable":true,"href":"https:\/\/www.welovecycling.com\/pl\/wp-json\/wp\/v2\/users\/76"}],"replies":[{"embeddable":true,"href":"https:\/\/www.welovecycling.com\/pl\/wp-json\/wp\/v2\/comments?post=2842"}],"version-history":[{"count":2,"href":"https:\/\/www.welovecycling.com\/pl\/wp-json\/wp\/v2\/posts\/2842\/revisions"}],"predecessor-version":[{"id":3418,"href":"https:\/\/www.welovecycling.com\/pl\/wp-json\/wp\/v2\/posts\/2842\/revisions\/3418"}],"wp:featuredmedia":[{"embeddable":true,"href":"https:\/\/www.welovecycling.com\/pl\/wp-json\/wp\/v2\/media\/2853"}],"wp:attachment":[{"href":"https:\/\/www.welovecycling.com\/pl\/wp-json\/wp\/v2\/media?parent=2842"}],"wp:term":[{"taxonomy":"category","embeddable":true,"href":"https:\/\/www.welovecycling.com\/pl\/wp-json\/wp\/v2\/categories?post=2842"},{"taxonomy":"post_tag","embeddable":true,"href":"https:\/\/www.welovecycling.com\/pl\/wp-json\/wp\/v2\/tags?post=2842"},{"taxonomy":"global-categories","embeddable":true,"href":"https:\/\/www.welovecycling.com\/pl\/wp-json\/wp\/v2\/global-categories?post=2842"}],"curies":[{"name":"wp","href":"https:\/\/api.w.org\/{rel}","templated":true}]}}