{"id":2834,"date":"2017-01-30T22:17:09","date_gmt":"2017-01-30T22:17:09","guid":{"rendered":"https:\/\/www.welovecycling.com\/pl\/?p=2834"},"modified":"2017-04-22T22:40:58","modified_gmt":"2017-04-22T22:40:58","slug":"film-wideo-dziennikarz-wiedzial-ze-rozmawia-o-peterze-saganie-zona-petera-sagana","status":"publish","type":"post","link":"https:\/\/www.welovecycling.com\/pl\/2017\/01\/30\/film-wideo-dziennikarz-wiedzial-ze-rozmawia-o-peterze-saganie-zona-petera-sagana\/","title":{"rendered":"FILM WIDEO: Dziennikarz nie wiedzia\u0142, \u017ce rozmawia o Peterze Saganie z \u017con\u0105 Petera Sagana"},"content":{"rendered":"<p>Zacznijmy od dygresji. Czy kiedykolwiek ci si\u0119 co\u015b takiego przydarzy\u0142o? Rozmawiasz z kim\u015b o danej osobie i ta osoba nagle pojawia si\u0119 za twoimi plecami, i jest ju\u017c tam wystarczaj\u0105co d\u0142ugo, aby us\u0142ysze\u0107 najlepsze kawa\u0142ki, gdy ty jeste\u015b tego ca\u0142kowicie nie\u015bwiadomy? Co\u015b podobnego przytrafi\u0142o si\u0119 australijskiemu dziennikarzowi SBS, Michaelowi Tomolarisowi, kt\u00f3ry my\u015bla\u0142, \u017ce zaraz zdob\u0119dzie szczere wyznanie od, jak mu si\u0119 wydawa\u0142o, najwi\u0119kszego fana Petera Sagana.<\/p>\n<p><iframe loading=\"lazy\" src=\"https:\/\/www.youtube-nocookie.com\/embed\/iwtjn8l8sQE\" width=\"782\" height=\"440\" frameborder=\"0\" allowfullscreen=\"allowfullscreen\"><\/iframe><\/p>\n<p>Dostrzeg\u0142szy kobiet\u0119 ubran\u0105 w pe\u0142ny str\u00f3j Sagana, dziennikarz podszed\u0142 do niej z nadziej\u0105 na nakr\u0119cenie \u015bwietnego materia\u0142u o fanach kolarza. Gdy kobieta m\u00f3wi, \u017ce pochodzi ze S\u0142owacji, dziennikarz od razu z zachwytem pyta j\u0105: \u201eCo my\u015blisz o Peterze Saganie?\u201d. To w\u0142a\u015bnie w tym momencie twarz Katariny Sagan przybiera wyraz zrozumienia, kobieta zaczyna si\u0119 \u015bmia\u0107 i zawadiacko odpowiada, \u017ce jest \u201eca\u0142kiem spoko\u201d i \u017ce jest prawdziwym bohaterem, szczeg\u00f3lnie dla niej. Lecz ostatecznie prawda wychodzi na jaw, gdy Tomolaris pyta j\u0105, czy jest z Australii, na co ona szybko odpowiada: \u201eNie, ja mieszkam z Peterem\u201d.<\/p>\n<p>Po wybuchach \u015bmiechu obu rozm\u00f3wc\u00f3w i obowi\u0105zkowym \u201eprzepraszam, nie rozpozna\u0142em Pani\u201d, wywiad prowadzony jest dalej, z kilkoma ciekawymi pytaniami o to, jak Peter radzi sobie z zainteresowaniem i s\u0142aw\u0105. Trzeba przyzna\u0107, \u017ce po\u015br\u00f3d ca\u0142ego tego zamieszania Tomolaris wykaza\u0142 si\u0119 prawdziwym profesjonalizmem.<\/p>\n<p>A ty my\u015bla\u0142e\u015b, \u017ce to twoje wpadki zawodowe s\u0105 niezr\u0119czne.<\/p>\n","protected":false},"excerpt":{"rendered":"<p>Zacznijmy od dygresji. Czy kiedykolwiek ci si\u0119 co\u015b takiego przydarzy\u0142o? Rozmawiasz z kim\u015b o danej osobie i ta osoba nagle [&hellip;]<\/p>\n","protected":false},"author":76,"featured_media":2835,"comment_status":"open","ping_status":"open","sticky":false,"template":"","format":"standard","meta":{"footnotes":""},"categories":[1],"tags":[41,94,82],"global-categories":[],"class_list":["post-2834","post","type-post","status-publish","format-standard","has-post-thumbnail","hentry","category-uncategorized","tag-cycling","tag-peter-sagan","tag-welovecycling"],"yoast_head":"<!-- This site is optimized with the Yoast SEO Premium plugin v25.3 (Yoast SEO v25.9) - https:\/\/yoast.com\/wordpress\/plugins\/seo\/ -->\n<title>FILM WIDEO: Dziennikarz nie wiedzia\u0142, \u017ce rozmawia o Peterze Saganie z \u017con\u0105 Petera Sagana - \u0160koda We Love Cycling - Poland<\/title>\n<meta name=\"robots\" content=\"index, follow, max-snippet:-1, max-image-preview:large, max-video-preview:-1\" \/>\n<link rel=\"canonical\" href=\"https:\/\/www.welovecycling.com\/pl\/2017\/01\/30\/film-wideo-dziennikarz-wiedzial-ze-rozmawia-o-peterze-saganie-zona-petera-sagana\/\" \/>\n<meta property=\"og:locale\" content=\"pl_PL\" \/>\n<meta property=\"og:type\" content=\"article\" \/>\n<meta property=\"og:title\" content=\"FILM WIDEO: Dziennikarz nie wiedzia\u0142, \u017ce rozmawia o Peterze Saganie z \u017con\u0105 Petera Sagana\" \/>\n<meta property=\"og:description\" content=\"Zacznijmy od dygresji. Czy kiedykolwiek ci si\u0119 co\u015b takiego przydarzy\u0142o? Rozmawiasz z kim\u015b o danej osobie i ta osoba nagle [&hellip;]\" \/>\n<meta property=\"og:url\" content=\"https:\/\/www.welovecycling.com\/pl\/2017\/01\/30\/film-wideo-dziennikarz-wiedzial-ze-rozmawia-o-peterze-saganie-zona-petera-sagana\/\" \/>\n<meta property=\"og:site_name\" content=\"\u0160koda We Love Cycling - Poland\" \/>\n<meta property=\"article:published_time\" content=\"2017-01-30T22:17:09+00:00\" \/>\n<meta property=\"article:modified_time\" content=\"2017-04-22T22:40:58+00:00\" \/>\n<meta property=\"og:image\" content=\"https:\/\/d2p6e6u75xmxt8.cloudfront.net\/5\/2017\/01\/448487.jpg\" \/>\n\t<meta property=\"og:image:width\" content=\"1375\" \/>\n\t<meta property=\"og:image:height\" content=\"600\" \/>\n\t<meta property=\"og:image:type\" content=\"image\/jpeg\" \/>\n<meta name=\"author\" content=\"piotrboczkowski\" \/>\n<meta name=\"twitter:card\" content=\"summary_large_image\" \/>\n<meta name=\"twitter:label1\" content=\"Written by\" \/>\n\t<meta name=\"twitter:data1\" content=\"Frantiska Blazkova\" \/>\n\t<meta name=\"twitter:label2\" content=\"Est. reading time\" \/>\n\t<meta name=\"twitter:data2\" content=\"1 minute\" \/>\n<script type=\"application\/ld+json\" class=\"yoast-schema-graph\">{\"@context\":\"https:\/\/schema.org\",\"@graph\":[{\"@type\":\"WebPage\",\"@id\":\"https:\/\/www.welovecycling.com\/pl\/2017\/01\/30\/film-wideo-dziennikarz-wiedzial-ze-rozmawia-o-peterze-saganie-zona-petera-sagana\/\",\"url\":\"https:\/\/www.welovecycling.com\/pl\/2017\/01\/30\/film-wideo-dziennikarz-wiedzial-ze-rozmawia-o-peterze-saganie-zona-petera-sagana\/\",\"name\":\"FILM WIDEO: Dziennikarz nie wiedzia\u0142, \u017ce rozmawia o Peterze Saganie z \u017con\u0105 Petera Sagana - \u0160koda We Love Cycling - Poland\",\"isPartOf\":{\"@id\":\"https:\/\/www.welovecycling.com\/pl\/#website\"},\"primaryImageOfPage\":{\"@id\":\"https:\/\/www.welovecycling.com\/pl\/2017\/01\/30\/film-wideo-dziennikarz-wiedzial-ze-rozmawia-o-peterze-saganie-zona-petera-sagana\/#primaryimage\"},\"image\":{\"@id\":\"https:\/\/www.welovecycling.com\/pl\/2017\/01\/30\/film-wideo-dziennikarz-wiedzial-ze-rozmawia-o-peterze-saganie-zona-petera-sagana\/#primaryimage\"},\"thumbnailUrl\":\"https:\/\/d2p6e6u75xmxt8.cloudfront.net\/5\/2017\/01\/448487.jpg\",\"datePublished\":\"2017-01-30T22:17:09+00:00\",\"dateModified\":\"2017-04-22T22:40:58+00:00\",\"author\":{\"@id\":\"https:\/\/www.welovecycling.com\/pl\/#\/schema\/person\/0dba2d39da943db9df3fd8f4687e7f23\"},\"breadcrumb\":{\"@id\":\"https:\/\/www.welovecycling.com\/pl\/2017\/01\/30\/film-wideo-dziennikarz-wiedzial-ze-rozmawia-o-peterze-saganie-zona-petera-sagana\/#breadcrumb\"},\"inLanguage\":\"pl-PL\",\"potentialAction\":[{\"@type\":\"ReadAction\",\"target\":[\"https:\/\/www.welovecycling.com\/pl\/2017\/01\/30\/film-wideo-dziennikarz-wiedzial-ze-rozmawia-o-peterze-saganie-zona-petera-sagana\/\"]}]},{\"@type\":\"ImageObject\",\"inLanguage\":\"pl-PL\",\"@id\":\"https:\/\/www.welovecycling.com\/pl\/2017\/01\/30\/film-wideo-dziennikarz-wiedzial-ze-rozmawia-o-peterze-saganie-zona-petera-sagana\/#primaryimage\",\"url\":\"https:\/\/d2p6e6u75xmxt8.cloudfront.net\/5\/2017\/01\/448487.jpg\",\"contentUrl\":\"https:\/\/d2p6e6u75xmxt8.cloudfront.net\/5\/2017\/01\/448487.jpg\",\"width\":1375,\"height\":600},{\"@type\":\"BreadcrumbList\",\"@id\":\"https:\/\/www.welovecycling.com\/pl\/2017\/01\/30\/film-wideo-dziennikarz-wiedzial-ze-rozmawia-o-peterze-saganie-zona-petera-sagana\/#breadcrumb\",\"itemListElement\":[{\"@type\":\"ListItem\",\"position\":1,\"name\":\"Home\",\"item\":\"https:\/\/www.welovecycling.com\/pl\/\"},{\"@type\":\"ListItem\",\"position\":2,\"name\":\"FILM WIDEO: Dziennikarz nie wiedzia\u0142, \u017ce rozmawia o Peterze Saganie z \u017con\u0105 Petera Sagana\"}]},{\"@type\":\"WebSite\",\"@id\":\"https:\/\/www.welovecycling.com\/pl\/#website\",\"url\":\"https:\/\/www.welovecycling.com\/pl\/\",\"name\":\"\u0160koda We Love Cycling - Poland\",\"description\":\"\",\"potentialAction\":[{\"@type\":\"SearchAction\",\"target\":{\"@type\":\"EntryPoint\",\"urlTemplate\":\"https:\/\/www.welovecycling.com\/pl\/?s={search_term_string}\"},\"query-input\":{\"@type\":\"PropertyValueSpecification\",\"valueRequired\":true,\"valueName\":\"search_term_string\"}}],\"inLanguage\":\"pl-PL\"},{\"@type\":\"Person\",\"@id\":\"https:\/\/www.welovecycling.com\/pl\/#\/schema\/person\/0dba2d39da943db9df3fd8f4687e7f23\",\"name\":\"piotrboczkowski\",\"image\":{\"@type\":\"ImageObject\",\"inLanguage\":\"pl-PL\",\"@id\":\"https:\/\/www.welovecycling.com\/pl\/#\/schema\/person\/image\/\",\"url\":\"https:\/\/secure.gravatar.com\/avatar\/533caccae14752e03a2ce2d3fd62d1b98b93e1393c3195c27819e53344ca1ace?s=96&d=mm&r=g\",\"contentUrl\":\"https:\/\/secure.gravatar.com\/avatar\/533caccae14752e03a2ce2d3fd62d1b98b93e1393c3195c27819e53344ca1ace?s=96&d=mm&r=g\",\"caption\":\"piotrboczkowski\"},\"url\":\"https:\/\/www.welovecycling.com\/pl\/author\/piotrboczkowski\/\"}]}<\/script>\n<!-- \/ Yoast SEO Premium plugin. -->","yoast_head_json":{"title":"FILM WIDEO: Dziennikarz nie wiedzia\u0142, \u017ce rozmawia o Peterze Saganie z \u017con\u0105 Petera Sagana - \u0160koda We Love Cycling - Poland","robots":{"index":"index","follow":"follow","max-snippet":"max-snippet:-1","max-image-preview":"max-image-preview:large","max-video-preview":"max-video-preview:-1"},"canonical":"https:\/\/www.welovecycling.com\/pl\/2017\/01\/30\/film-wideo-dziennikarz-wiedzial-ze-rozmawia-o-peterze-saganie-zona-petera-sagana\/","og_locale":"pl_PL","og_type":"article","og_title":"FILM WIDEO: Dziennikarz nie wiedzia\u0142, \u017ce rozmawia o Peterze Saganie z \u017con\u0105 Petera Sagana","og_description":"Zacznijmy od dygresji. Czy kiedykolwiek ci si\u0119 co\u015b takiego przydarzy\u0142o? Rozmawiasz z kim\u015b o danej osobie i ta osoba nagle [&hellip;]","og_url":"https:\/\/www.welovecycling.com\/pl\/2017\/01\/30\/film-wideo-dziennikarz-wiedzial-ze-rozmawia-o-peterze-saganie-zona-petera-sagana\/","og_site_name":"\u0160koda We Love Cycling - Poland","article_published_time":"2017-01-30T22:17:09+00:00","article_modified_time":"2017-04-22T22:40:58+00:00","og_image":[{"width":1375,"height":600,"url":"https:\/\/d2p6e6u75xmxt8.cloudfront.net\/5\/2017\/01\/448487.jpg","type":"image\/jpeg"}],"author":"piotrboczkowski","twitter_card":"summary_large_image","twitter_misc":{"Written by":"Frantiska Blazkova","Est. reading time":"1 minute"},"schema":{"@context":"https:\/\/schema.org","@graph":[{"@type":"WebPage","@id":"https:\/\/www.welovecycling.com\/pl\/2017\/01\/30\/film-wideo-dziennikarz-wiedzial-ze-rozmawia-o-peterze-saganie-zona-petera-sagana\/","url":"https:\/\/www.welovecycling.com\/pl\/2017\/01\/30\/film-wideo-dziennikarz-wiedzial-ze-rozmawia-o-peterze-saganie-zona-petera-sagana\/","name":"FILM WIDEO: Dziennikarz nie wiedzia\u0142, \u017ce rozmawia o Peterze Saganie z \u017con\u0105 Petera Sagana - \u0160koda We Love Cycling - Poland","isPartOf":{"@id":"https:\/\/www.welovecycling.com\/pl\/#website"},"primaryImageOfPage":{"@id":"https:\/\/www.welovecycling.com\/pl\/2017\/01\/30\/film-wideo-dziennikarz-wiedzial-ze-rozmawia-o-peterze-saganie-zona-petera-sagana\/#primaryimage"},"image":{"@id":"https:\/\/www.welovecycling.com\/pl\/2017\/01\/30\/film-wideo-dziennikarz-wiedzial-ze-rozmawia-o-peterze-saganie-zona-petera-sagana\/#primaryimage"},"thumbnailUrl":"https:\/\/d2p6e6u75xmxt8.cloudfront.net\/5\/2017\/01\/448487.jpg","datePublished":"2017-01-30T22:17:09+00:00","dateModified":"2017-04-22T22:40:58+00:00","author":{"@id":"https:\/\/www.welovecycling.com\/pl\/#\/schema\/person\/0dba2d39da943db9df3fd8f4687e7f23"},"breadcrumb":{"@id":"https:\/\/www.welovecycling.com\/pl\/2017\/01\/30\/film-wideo-dziennikarz-wiedzial-ze-rozmawia-o-peterze-saganie-zona-petera-sagana\/#breadcrumb"},"inLanguage":"pl-PL","potentialAction":[{"@type":"ReadAction","target":["https:\/\/www.welovecycling.com\/pl\/2017\/01\/30\/film-wideo-dziennikarz-wiedzial-ze-rozmawia-o-peterze-saganie-zona-petera-sagana\/"]}]},{"@type":"ImageObject","inLanguage":"pl-PL","@id":"https:\/\/www.welovecycling.com\/pl\/2017\/01\/30\/film-wideo-dziennikarz-wiedzial-ze-rozmawia-o-peterze-saganie-zona-petera-sagana\/#primaryimage","url":"https:\/\/d2p6e6u75xmxt8.cloudfront.net\/5\/2017\/01\/448487.jpg","contentUrl":"https:\/\/d2p6e6u75xmxt8.cloudfront.net\/5\/2017\/01\/448487.jpg","width":1375,"height":600},{"@type":"BreadcrumbList","@id":"https:\/\/www.welovecycling.com\/pl\/2017\/01\/30\/film-wideo-dziennikarz-wiedzial-ze-rozmawia-o-peterze-saganie-zona-petera-sagana\/#breadcrumb","itemListElement":[{"@type":"ListItem","position":1,"name":"Home","item":"https:\/\/www.welovecycling.com\/pl\/"},{"@type":"ListItem","position":2,"name":"FILM WIDEO: Dziennikarz nie wiedzia\u0142, \u017ce rozmawia o Peterze Saganie z \u017con\u0105 Petera Sagana"}]},{"@type":"WebSite","@id":"https:\/\/www.welovecycling.com\/pl\/#website","url":"https:\/\/www.welovecycling.com\/pl\/","name":"\u0160koda We Love Cycling - Poland","description":"","potentialAction":[{"@type":"SearchAction","target":{"@type":"EntryPoint","urlTemplate":"https:\/\/www.welovecycling.com\/pl\/?s={search_term_string}"},"query-input":{"@type":"PropertyValueSpecification","valueRequired":true,"valueName":"search_term_string"}}],"inLanguage":"pl-PL"},{"@type":"Person","@id":"https:\/\/www.welovecycling.com\/pl\/#\/schema\/person\/0dba2d39da943db9df3fd8f4687e7f23","name":"piotrboczkowski","image":{"@type":"ImageObject","inLanguage":"pl-PL","@id":"https:\/\/www.welovecycling.com\/pl\/#\/schema\/person\/image\/","url":"https:\/\/secure.gravatar.com\/avatar\/533caccae14752e03a2ce2d3fd62d1b98b93e1393c3195c27819e53344ca1ace?s=96&d=mm&r=g","contentUrl":"https:\/\/secure.gravatar.com\/avatar\/533caccae14752e03a2ce2d3fd62d1b98b93e1393c3195c27819e53344ca1ace?s=96&d=mm&r=g","caption":"piotrboczkowski"},"url":"https:\/\/www.welovecycling.com\/pl\/author\/piotrboczkowski\/"}]}},"_links":{"self":[{"href":"https:\/\/www.welovecycling.com\/pl\/wp-json\/wp\/v2\/posts\/2834","targetHints":{"allow":["GET"]}}],"collection":[{"href":"https:\/\/www.welovecycling.com\/pl\/wp-json\/wp\/v2\/posts"}],"about":[{"href":"https:\/\/www.welovecycling.com\/pl\/wp-json\/wp\/v2\/types\/post"}],"author":[{"embeddable":true,"href":"https:\/\/www.welovecycling.com\/pl\/wp-json\/wp\/v2\/users\/76"}],"replies":[{"embeddable":true,"href":"https:\/\/www.welovecycling.com\/pl\/wp-json\/wp\/v2\/comments?post=2834"}],"version-history":[{"count":2,"href":"https:\/\/www.welovecycling.com\/pl\/wp-json\/wp\/v2\/posts\/2834\/revisions"}],"predecessor-version":[{"id":3555,"href":"https:\/\/www.welovecycling.com\/pl\/wp-json\/wp\/v2\/posts\/2834\/revisions\/3555"}],"wp:featuredmedia":[{"embeddable":true,"href":"https:\/\/www.welovecycling.com\/pl\/wp-json\/wp\/v2\/media\/2835"}],"wp:attachment":[{"href":"https:\/\/www.welovecycling.com\/pl\/wp-json\/wp\/v2\/media?parent=2834"}],"wp:term":[{"taxonomy":"category","embeddable":true,"href":"https:\/\/www.welovecycling.com\/pl\/wp-json\/wp\/v2\/categories?post=2834"},{"taxonomy":"post_tag","embeddable":true,"href":"https:\/\/www.welovecycling.com\/pl\/wp-json\/wp\/v2\/tags?post=2834"},{"taxonomy":"global-categories","embeddable":true,"href":"https:\/\/www.welovecycling.com\/pl\/wp-json\/wp\/v2\/global-categories?post=2834"}],"curies":[{"name":"wp","href":"https:\/\/api.w.org\/{rel}","templated":true}]}}