{"id":2804,"date":"2017-01-20T15:46:01","date_gmt":"2017-01-20T15:46:01","guid":{"rendered":"https:\/\/www.welovecycling.com\/pl\/?p=2804"},"modified":"2017-04-22T22:29:53","modified_gmt":"2017-04-22T22:29:53","slug":"robert-marchand-zycie-105-letniego-fenomenu","status":"publish","type":"post","link":"https:\/\/www.welovecycling.com\/pl\/2017\/01\/20\/robert-marchand-zycie-105-letniego-fenomenu\/","title":{"rendered":"Kim jest Robert Marchand: \u017cycie 105-letniego fenomenu"},"content":{"rendered":"<p>Zapewne s\u0142yszeli\u015bcie ju\u017c o Robercie z Francji, licz\u0105cym 105 lat zjawisku w \u015bwiecie kolarstwa, kt\u00f3ry w ostatnim czasie pobi\u0142 w\u0142asny rekord najd\u0142u\u017cszego dystansu (22,547 km) pokonanego rowerem w ci\u0105gu jednej godziny w kategorii 105+. Specjalnie dla Marchanda UCI stworzy\u0142a dwie kategorie kolarskie (100+ i 105+) i, co nie dziwi, Robert dominuje w obu. Je\u015bli czujesz, \u017ce w\u0142a\u015bnie rzuci\u0142 ci wyzwanie facet w wieku ponad stu lat, przygotuj si\u0119 na kolejny cios \u2013 jego \u017cycie jest jeszcze ciekawsze.<\/p>\n<p>Robert urodzi\u0142 si\u0119 26 listopada 1911 roku (nawet pisanie o tym to czysta abstrakcja) w Amiens na p\u00f3\u0142nocy Francji. Zacz\u0105\u0142 je\u017adzi\u0107 na rowerze, gdy mia\u0142 14 lat, ale ze wzgl\u0119du na drobn\u0105 postur\u0119 trener powiedzia\u0142 mu, \u017ce powinien zrezygnowa\u0107 z jazdy na rowerze, bo w kolarstwie nigdy niczego nie osi\u0105gnie. Pocz\u0105tkowo Robert wzi\u0105\u0142 sobie t\u0119 rad\u0119 do serca i zacz\u0105\u0142 prowadzi\u0107 urozmaicony tryb \u017cycia, kt\u00f3ry rzuci\u0142 go do Wenezueli, gdzie\u00a0 pod koniec lat 40. pracowa\u0142 jako kierowca ci\u0119\u017car\u00f3wki i plantator trzciny cukrowej. P\u00f3\u017aniej przeni\u00f3s\u0142 si\u0119 do Kanady, gdzie zatrudni\u0142 si\u0119 jako drwal.<\/p>\n<p><img loading=\"lazy\" decoding=\"async\" class=\"alignnone wp-image-2806 size-full\" src=\"https:\/\/d2p6e6u75xmxt8.cloudfront.net\/5\/2017\/01\/image-781759-galleryV9-bcch-640x436.jpg\" width=\"640\" height=\"436\" srcset=\"https:\/\/d2p6e6u75xmxt8.cloudfront.net\/5\/2017\/01\/image-781759-galleryV9-bcch-640x436.jpg 640w, https:\/\/d2p6e6u75xmxt8.cloudfront.net\/5\/2017\/01\/image-781759-galleryV9-bcch-640x436-300x204.jpg 300w\" sizes=\"auto, (max-width: 640px) 100vw, 640px\" \/><\/p>\n<p>Poniewa\u017c najwyra\u017aniej mimo wszystko brakowa\u0142o mu wra\u017ce\u0144, w latach 30. by\u0142 stra\u017cakiem, a w 1936 roku bra\u0142 czynny udzia\u0142 w strajkach we Francji, kt\u00f3re doprowadzi\u0142y do utworzenia fundament\u00f3w ery nowoczesnego francuskiego prawa pracy, a nawet wyl\u0105dowa\u0142 w wi\u0119zieniu podczas II wojny \u015bwiatowej, poniewa\u017c nie sprawdzi\u0142 si\u0119 jako instruktor gimnastyki dzieci hitlerowskich kolaborant\u00f3w.<\/p>\n<p>W 1960 roku wr\u00f3ci\u0142 do Francji i utrzymywa\u0142 si\u0119 z r\u00f3\u017cnych prac dorywczych, a p\u00f3\u017aniej do 1987 roku pracowa\u0142 jako ogrodnik i dystrybutor wina. Potem przypomnia\u0142 sobie o swoim starym hobby i postanowi\u0142 wr\u00f3ci\u0107 do jazdy na rowerze, gdy mia\u0142 67 lat &#8211; dlaczego by nie. W wieku 89 lat uko\u0144czy\u0142 600-kilometrowy wy\u015bcig z Bordeaux do Pary\u017ca w 36 godzin. W sumie przejecha\u0142 z Bordeaux do Pary\u017ca i z Pary\u017ca do Roubaix kilka razy. Pokona\u0142 r\u00f3wnie\u017c tras\u0119 z Moskwy do\u00a0Pary\u017ca w 1992 roku. A jak\u017ce!<\/p>\n<p><img loading=\"lazy\" decoding=\"async\" class=\"alignnone wp-image-2807 size-full\" src=\"https:\/\/d2p6e6u75xmxt8.cloudfront.net\/5\/2017\/01\/marchand-robert.jpg\" width=\"620\" height=\"349\" srcset=\"https:\/\/d2p6e6u75xmxt8.cloudfront.net\/5\/2017\/01\/marchand-robert.jpg 620w, https:\/\/d2p6e6u75xmxt8.cloudfront.net\/5\/2017\/01\/marchand-robert-300x169.jpg 300w\" sizes=\"auto, (max-width: 620px) 100vw, 620px\" \/><\/p>\n<p>Ustanowi\u0142 sw\u00f3j pierwszy rekord w je\u017adzie przez godzin\u0119 z okazji setnych urodzin. W 2012 roku przejecha\u0142 24 kilometry i 251 metr\u00f3w w Aigle. Dwa lata p\u00f3\u017aniej jecha\u0142 o 10% szybciej ni\u017c wtedy, gdy mia\u0142 100 lat. Ten francuski weteran, kt\u00f3ry najwidoczniej nie zna s\u0142owa \u201eemerytura\u201d, jest r\u00f3wnie\u017c rekordzist\u0105 na 100 kilometr\u00f3w w swojej grupie wiekowej. Na torze w Lyonie uko\u0144czy\u0142 100-kilometrowy wy\u015bcig w 4 godziny i 15 minut, jad\u0105c \u015brednio nieco ponad 23 kilometry na godzin\u0119.<\/p>\n<p>Nast\u0119pnie 4 stycznia 2017 roku uda\u0142o mu si\u0119 pobi\u0107 w\u0142asny rekord. Pytany o motywacj\u0119, odpowiedzia\u0142 po prostu: \u201eNie jestem tutaj po to, by bi\u0107 \u017cadne rekordy. Robi\u0119 to, aby udowodni\u0107, \u017ce w wieku 105 lat nadal mo\u017cna je\u017adzi\u0107 na rowerze\u201d. Jednak nie straci\u0142 zupe\u0142nie ducha rywalizacji: \u201eNie widzia\u0142em znaku ostrzegaj\u0105cego, \u017ce zosta\u0142o mi 10 minut do ko\u0144ca\u201d &#8211; m\u00f3wi\u0142 Marchand po wszystkim. \u201eInaczej pojecha\u0142bym szybciej, mia\u0142bym lepszy czas. Teraz czekam na rywala\u201d. Nie, wcale nie zawstydza nas wszystkich na ca\u0142ej linii.<\/p>\n<div class=\"embed-controller-wrapper\">\n<blockquote class=\"imgur-embed-pub\" lang=\"en\" data-id=\"v2dcs\"><p><a href=\"https:\/\/imgur.com\/v2dcs\">View post on imgur.com<\/a><\/p><\/blockquote>\n<p><script async data-src=\"\/\/s.imgur.com\/min\/embed.js\" charset=\"utf-8\"><\/script><\/div>\n<p>Jak m\u00f3wi jego trener, Robert nie trzyma formy dzi\u0119ki stosowaniu skomplikowanych \u015brodk\u00f3w \u2013 po prostu regularnie sypia, codzienne \u0107wiczy, r\u00f3wnie\u017c na \u015bwie\u017cym powietrzu, je du\u017co owoc\u00f3w i warzyw, nie pali, od czasu do czasu pije tylko kieliszek czerwonego wina. Mo\u017ce nie ka\u017cdy z nas chcia\u0142by to us\u0142ysze\u0107, ale wszystko sprowadza si\u0119 w\u0142a\u015bnie do tego. Zapytany o doping, Robert po prostu \u015bmieje si\u0119 i m\u00f3wi, \u017ce w jego butelce wody mo\u017cna znale\u017a\u0107 jedynie ma\u0142\u0105 kropl\u0119 miodu. Trener Mistler potwierdza: \u201eGdyby stosowa\u0142 doping, nie by\u0142oby go ju\u017c tutaj z nami\u201d.<\/p>\n<p>To wz\u00f3r dla nas wszystkich. Robert Marchand jest z pewno\u015bci\u0105 wygranym w grze ca\u0142ego \u017cycia i nie mo\u017cemy si\u0119 ju\u017c doczeka\u0107, \u017ceby zobaczy\u0107, co zrobi teraz.<\/p>\n","protected":false},"excerpt":{"rendered":"<p>Zapewne s\u0142yszeli\u015bcie ju\u017c o Robercie z Francji, licz\u0105cym 105 lat zjawisku w \u015bwiecie kolarstwa, kt\u00f3ry w ostatnim czasie pobi\u0142 w\u0142asny [&hellip;]<\/p>\n","protected":false},"author":76,"featured_media":2805,"comment_status":"open","ping_status":"open","sticky":false,"template":"","format":"standard","meta":{"footnotes":""},"categories":[1],"tags":[],"global-categories":[],"class_list":["post-2804","post","type-post","status-publish","format-standard","has-post-thumbnail","hentry","category-uncategorized"],"yoast_head":"<!-- This site is optimized with the Yoast SEO Premium plugin v25.3 (Yoast SEO v25.9) - https:\/\/yoast.com\/wordpress\/plugins\/seo\/ -->\n<title>Kim jest Robert Marchand: \u017cycie 105-letniego fenomenu - \u0160koda We Love Cycling - Poland<\/title>\n<meta name=\"robots\" content=\"index, follow, max-snippet:-1, max-image-preview:large, max-video-preview:-1\" \/>\n<link rel=\"canonical\" href=\"https:\/\/www.welovecycling.com\/pl\/2017\/01\/20\/robert-marchand-zycie-105-letniego-fenomenu\/\" \/>\n<meta property=\"og:locale\" content=\"pl_PL\" \/>\n<meta property=\"og:type\" content=\"article\" \/>\n<meta property=\"og:title\" content=\"Kim jest Robert Marchand: \u017cycie 105-letniego fenomenu\" \/>\n<meta property=\"og:description\" content=\"Zapewne s\u0142yszeli\u015bcie ju\u017c o Robercie z Francji, licz\u0105cym 105 lat zjawisku w \u015bwiecie kolarstwa, kt\u00f3ry w ostatnim czasie pobi\u0142 w\u0142asny [&hellip;]\" \/>\n<meta property=\"og:url\" content=\"https:\/\/www.welovecycling.com\/pl\/2017\/01\/20\/robert-marchand-zycie-105-letniego-fenomenu\/\" \/>\n<meta property=\"og:site_name\" content=\"\u0160koda We Love Cycling - Poland\" \/>\n<meta property=\"article:published_time\" content=\"2017-01-20T15:46:01+00:00\" \/>\n<meta property=\"article:modified_time\" content=\"2017-04-22T22:29:53+00:00\" \/>\n<meta property=\"og:image\" content=\"https:\/\/d2p6e6u75xmxt8.cloudfront.net\/5\/2017\/01\/2422442_422442.jpg\" \/>\n\t<meta property=\"og:image:width\" content=\"1375\" \/>\n\t<meta property=\"og:image:height\" content=\"600\" \/>\n\t<meta property=\"og:image:type\" content=\"image\/jpeg\" \/>\n<meta name=\"author\" content=\"piotrboczkowski\" \/>\n<meta name=\"twitter:card\" content=\"summary_large_image\" \/>\n<meta name=\"twitter:label1\" content=\"Written by\" \/>\n\t<meta name=\"twitter:data1\" content=\"Frantiska Blazkova\" \/>\n\t<meta name=\"twitter:label2\" content=\"Est. reading time\" \/>\n\t<meta name=\"twitter:data2\" content=\"3 minutes\" \/>\n<script type=\"application\/ld+json\" class=\"yoast-schema-graph\">{\"@context\":\"https:\/\/schema.org\",\"@graph\":[{\"@type\":\"WebPage\",\"@id\":\"https:\/\/www.welovecycling.com\/pl\/2017\/01\/20\/robert-marchand-zycie-105-letniego-fenomenu\/\",\"url\":\"https:\/\/www.welovecycling.com\/pl\/2017\/01\/20\/robert-marchand-zycie-105-letniego-fenomenu\/\",\"name\":\"Kim jest Robert Marchand: \u017cycie 105-letniego fenomenu - \u0160koda We Love Cycling - Poland\",\"isPartOf\":{\"@id\":\"https:\/\/www.welovecycling.com\/pl\/#website\"},\"primaryImageOfPage\":{\"@id\":\"https:\/\/www.welovecycling.com\/pl\/2017\/01\/20\/robert-marchand-zycie-105-letniego-fenomenu\/#primaryimage\"},\"image\":{\"@id\":\"https:\/\/www.welovecycling.com\/pl\/2017\/01\/20\/robert-marchand-zycie-105-letniego-fenomenu\/#primaryimage\"},\"thumbnailUrl\":\"https:\/\/d2p6e6u75xmxt8.cloudfront.net\/5\/2017\/01\/2422442_422442.jpg\",\"datePublished\":\"2017-01-20T15:46:01+00:00\",\"dateModified\":\"2017-04-22T22:29:53+00:00\",\"author\":{\"@id\":\"https:\/\/www.welovecycling.com\/pl\/#\/schema\/person\/0dba2d39da943db9df3fd8f4687e7f23\"},\"breadcrumb\":{\"@id\":\"https:\/\/www.welovecycling.com\/pl\/2017\/01\/20\/robert-marchand-zycie-105-letniego-fenomenu\/#breadcrumb\"},\"inLanguage\":\"pl-PL\",\"potentialAction\":[{\"@type\":\"ReadAction\",\"target\":[\"https:\/\/www.welovecycling.com\/pl\/2017\/01\/20\/robert-marchand-zycie-105-letniego-fenomenu\/\"]}]},{\"@type\":\"ImageObject\",\"inLanguage\":\"pl-PL\",\"@id\":\"https:\/\/www.welovecycling.com\/pl\/2017\/01\/20\/robert-marchand-zycie-105-letniego-fenomenu\/#primaryimage\",\"url\":\"https:\/\/d2p6e6u75xmxt8.cloudfront.net\/5\/2017\/01\/2422442_422442.jpg\",\"contentUrl\":\"https:\/\/d2p6e6u75xmxt8.cloudfront.net\/5\/2017\/01\/2422442_422442.jpg\",\"width\":1375,\"height\":600},{\"@type\":\"BreadcrumbList\",\"@id\":\"https:\/\/www.welovecycling.com\/pl\/2017\/01\/20\/robert-marchand-zycie-105-letniego-fenomenu\/#breadcrumb\",\"itemListElement\":[{\"@type\":\"ListItem\",\"position\":1,\"name\":\"Home\",\"item\":\"https:\/\/www.welovecycling.com\/pl\/\"},{\"@type\":\"ListItem\",\"position\":2,\"name\":\"Kim jest Robert Marchand: \u017cycie 105-letniego fenomenu\"}]},{\"@type\":\"WebSite\",\"@id\":\"https:\/\/www.welovecycling.com\/pl\/#website\",\"url\":\"https:\/\/www.welovecycling.com\/pl\/\",\"name\":\"\u0160koda We Love Cycling - Poland\",\"description\":\"\",\"potentialAction\":[{\"@type\":\"SearchAction\",\"target\":{\"@type\":\"EntryPoint\",\"urlTemplate\":\"https:\/\/www.welovecycling.com\/pl\/?s={search_term_string}\"},\"query-input\":{\"@type\":\"PropertyValueSpecification\",\"valueRequired\":true,\"valueName\":\"search_term_string\"}}],\"inLanguage\":\"pl-PL\"},{\"@type\":\"Person\",\"@id\":\"https:\/\/www.welovecycling.com\/pl\/#\/schema\/person\/0dba2d39da943db9df3fd8f4687e7f23\",\"name\":\"piotrboczkowski\",\"image\":{\"@type\":\"ImageObject\",\"inLanguage\":\"pl-PL\",\"@id\":\"https:\/\/www.welovecycling.com\/pl\/#\/schema\/person\/image\/\",\"url\":\"https:\/\/secure.gravatar.com\/avatar\/533caccae14752e03a2ce2d3fd62d1b98b93e1393c3195c27819e53344ca1ace?s=96&d=mm&r=g\",\"contentUrl\":\"https:\/\/secure.gravatar.com\/avatar\/533caccae14752e03a2ce2d3fd62d1b98b93e1393c3195c27819e53344ca1ace?s=96&d=mm&r=g\",\"caption\":\"piotrboczkowski\"},\"url\":\"https:\/\/www.welovecycling.com\/pl\/author\/piotrboczkowski\/\"}]}<\/script>\n<!-- \/ Yoast SEO Premium plugin. -->","yoast_head_json":{"title":"Kim jest Robert Marchand: \u017cycie 105-letniego fenomenu - \u0160koda We Love Cycling - Poland","robots":{"index":"index","follow":"follow","max-snippet":"max-snippet:-1","max-image-preview":"max-image-preview:large","max-video-preview":"max-video-preview:-1"},"canonical":"https:\/\/www.welovecycling.com\/pl\/2017\/01\/20\/robert-marchand-zycie-105-letniego-fenomenu\/","og_locale":"pl_PL","og_type":"article","og_title":"Kim jest Robert Marchand: \u017cycie 105-letniego fenomenu","og_description":"Zapewne s\u0142yszeli\u015bcie ju\u017c o Robercie z Francji, licz\u0105cym 105 lat zjawisku w \u015bwiecie kolarstwa, kt\u00f3ry w ostatnim czasie pobi\u0142 w\u0142asny [&hellip;]","og_url":"https:\/\/www.welovecycling.com\/pl\/2017\/01\/20\/robert-marchand-zycie-105-letniego-fenomenu\/","og_site_name":"\u0160koda We Love Cycling - Poland","article_published_time":"2017-01-20T15:46:01+00:00","article_modified_time":"2017-04-22T22:29:53+00:00","og_image":[{"width":1375,"height":600,"url":"https:\/\/d2p6e6u75xmxt8.cloudfront.net\/5\/2017\/01\/2422442_422442.jpg","type":"image\/jpeg"}],"author":"piotrboczkowski","twitter_card":"summary_large_image","twitter_misc":{"Written by":"Frantiska Blazkova","Est. reading time":"3 minutes"},"schema":{"@context":"https:\/\/schema.org","@graph":[{"@type":"WebPage","@id":"https:\/\/www.welovecycling.com\/pl\/2017\/01\/20\/robert-marchand-zycie-105-letniego-fenomenu\/","url":"https:\/\/www.welovecycling.com\/pl\/2017\/01\/20\/robert-marchand-zycie-105-letniego-fenomenu\/","name":"Kim jest Robert Marchand: \u017cycie 105-letniego fenomenu - \u0160koda We Love Cycling - Poland","isPartOf":{"@id":"https:\/\/www.welovecycling.com\/pl\/#website"},"primaryImageOfPage":{"@id":"https:\/\/www.welovecycling.com\/pl\/2017\/01\/20\/robert-marchand-zycie-105-letniego-fenomenu\/#primaryimage"},"image":{"@id":"https:\/\/www.welovecycling.com\/pl\/2017\/01\/20\/robert-marchand-zycie-105-letniego-fenomenu\/#primaryimage"},"thumbnailUrl":"https:\/\/d2p6e6u75xmxt8.cloudfront.net\/5\/2017\/01\/2422442_422442.jpg","datePublished":"2017-01-20T15:46:01+00:00","dateModified":"2017-04-22T22:29:53+00:00","author":{"@id":"https:\/\/www.welovecycling.com\/pl\/#\/schema\/person\/0dba2d39da943db9df3fd8f4687e7f23"},"breadcrumb":{"@id":"https:\/\/www.welovecycling.com\/pl\/2017\/01\/20\/robert-marchand-zycie-105-letniego-fenomenu\/#breadcrumb"},"inLanguage":"pl-PL","potentialAction":[{"@type":"ReadAction","target":["https:\/\/www.welovecycling.com\/pl\/2017\/01\/20\/robert-marchand-zycie-105-letniego-fenomenu\/"]}]},{"@type":"ImageObject","inLanguage":"pl-PL","@id":"https:\/\/www.welovecycling.com\/pl\/2017\/01\/20\/robert-marchand-zycie-105-letniego-fenomenu\/#primaryimage","url":"https:\/\/d2p6e6u75xmxt8.cloudfront.net\/5\/2017\/01\/2422442_422442.jpg","contentUrl":"https:\/\/d2p6e6u75xmxt8.cloudfront.net\/5\/2017\/01\/2422442_422442.jpg","width":1375,"height":600},{"@type":"BreadcrumbList","@id":"https:\/\/www.welovecycling.com\/pl\/2017\/01\/20\/robert-marchand-zycie-105-letniego-fenomenu\/#breadcrumb","itemListElement":[{"@type":"ListItem","position":1,"name":"Home","item":"https:\/\/www.welovecycling.com\/pl\/"},{"@type":"ListItem","position":2,"name":"Kim jest Robert Marchand: \u017cycie 105-letniego fenomenu"}]},{"@type":"WebSite","@id":"https:\/\/www.welovecycling.com\/pl\/#website","url":"https:\/\/www.welovecycling.com\/pl\/","name":"\u0160koda We Love Cycling - Poland","description":"","potentialAction":[{"@type":"SearchAction","target":{"@type":"EntryPoint","urlTemplate":"https:\/\/www.welovecycling.com\/pl\/?s={search_term_string}"},"query-input":{"@type":"PropertyValueSpecification","valueRequired":true,"valueName":"search_term_string"}}],"inLanguage":"pl-PL"},{"@type":"Person","@id":"https:\/\/www.welovecycling.com\/pl\/#\/schema\/person\/0dba2d39da943db9df3fd8f4687e7f23","name":"piotrboczkowski","image":{"@type":"ImageObject","inLanguage":"pl-PL","@id":"https:\/\/www.welovecycling.com\/pl\/#\/schema\/person\/image\/","url":"https:\/\/secure.gravatar.com\/avatar\/533caccae14752e03a2ce2d3fd62d1b98b93e1393c3195c27819e53344ca1ace?s=96&d=mm&r=g","contentUrl":"https:\/\/secure.gravatar.com\/avatar\/533caccae14752e03a2ce2d3fd62d1b98b93e1393c3195c27819e53344ca1ace?s=96&d=mm&r=g","caption":"piotrboczkowski"},"url":"https:\/\/www.welovecycling.com\/pl\/author\/piotrboczkowski\/"}]}},"_links":{"self":[{"href":"https:\/\/www.welovecycling.com\/pl\/wp-json\/wp\/v2\/posts\/2804","targetHints":{"allow":["GET"]}}],"collection":[{"href":"https:\/\/www.welovecycling.com\/pl\/wp-json\/wp\/v2\/posts"}],"about":[{"href":"https:\/\/www.welovecycling.com\/pl\/wp-json\/wp\/v2\/types\/post"}],"author":[{"embeddable":true,"href":"https:\/\/www.welovecycling.com\/pl\/wp-json\/wp\/v2\/users\/76"}],"replies":[{"embeddable":true,"href":"https:\/\/www.welovecycling.com\/pl\/wp-json\/wp\/v2\/comments?post=2804"}],"version-history":[{"count":2,"href":"https:\/\/www.welovecycling.com\/pl\/wp-json\/wp\/v2\/posts\/2804\/revisions"}],"predecessor-version":[{"id":3552,"href":"https:\/\/www.welovecycling.com\/pl\/wp-json\/wp\/v2\/posts\/2804\/revisions\/3552"}],"wp:featuredmedia":[{"embeddable":true,"href":"https:\/\/www.welovecycling.com\/pl\/wp-json\/wp\/v2\/media\/2805"}],"wp:attachment":[{"href":"https:\/\/www.welovecycling.com\/pl\/wp-json\/wp\/v2\/media?parent=2804"}],"wp:term":[{"taxonomy":"category","embeddable":true,"href":"https:\/\/www.welovecycling.com\/pl\/wp-json\/wp\/v2\/categories?post=2804"},{"taxonomy":"post_tag","embeddable":true,"href":"https:\/\/www.welovecycling.com\/pl\/wp-json\/wp\/v2\/tags?post=2804"},{"taxonomy":"global-categories","embeddable":true,"href":"https:\/\/www.welovecycling.com\/pl\/wp-json\/wp\/v2\/global-categories?post=2804"}],"curies":[{"name":"wp","href":"https:\/\/api.w.org\/{rel}","templated":true}]}}