{"id":2787,"date":"2017-01-18T15:27:27","date_gmt":"2017-01-18T15:27:27","guid":{"rendered":"https:\/\/www.welovecycling.com\/pl\/?p=2787"},"modified":"2017-04-13T04:58:21","modified_gmt":"2017-04-13T04:58:21","slug":"malarz-berlina-uwielbia-pokazywac-piekno-kolarstwa-akwareli","status":"publish","type":"post","link":"https:\/\/www.welovecycling.com\/pl\/2017\/01\/18\/malarz-berlina-uwielbia-pokazywac-piekno-kolarstwa-akwareli\/","title":{"rendered":"Malarz z Berlina uwielbia pokazywa\u0107 pi\u0119kno kolarstwa w akwareli"},"content":{"rendered":"<p style=\"text-align: left;\">Allen Shaw (43 lata) to indyjski artysta, ilustrator i gaw\u0119dziarz, kt\u00f3ry postanowi\u0142 przeprowadzi\u0107 si\u0119 z rodzinnego Munger do Berlina. Absolwent Pa\u0144stwowego Instytutu Wzornictwa w Ahmadabadzie zafascynowa\u0142 si\u0119 \u201edwuko\u0142owym cudem\u201d (jak m\u00f3wi o rowerze) jeszcze w dzieci\u0144stwie. W Indiach rowery uznaje si\u0119 za \u015brodek transportu dla ubogich i kiedy Allen przyjecha\u0142 do Europy, by\u0142 zaskoczony, jak wiele frajdy rowery zapewniaj\u0105 ludziom w r\u00f3\u017cnym wieku i o r\u00f3\u017cnym statusie. Sam Allen jest wielkim fanem kolarstwa i opr\u00f3cz jazdy na rowerze kocha malowanie rower\u00f3w akwarelami. W ten spos\u00f3b stara si\u0119 pokaza\u0107 wszystkim uroki tego wspania\u0142ego pojazdu.<\/p>\n<p><strong>Allen, dlaczego wybra\u0142e\u015b Berlin? Czy by\u0142o to dla ciebie wymarzone miejsce?<\/strong><\/p>\n<p>C\u00f3\u017c, kiedy prawie dziewi\u0119\u0107 lat temu przeprowadzi\u0142em si\u0119 do Niemiec, wyl\u0105dowa\u0142em w Erlangen, niewielkim mie\u015bcie w po\u0142udniowych Niemczech. Potrzebowa\u0142em troch\u0119 czasu, zanim przyzwyczai\u0142em si\u0119 do kultury, kt\u00f3ra jest zupe\u0142nie inna od mojej. Kiedy w ko\u0144cu troch\u0119 si\u0119 zadomowi\u0142em, \u017cona zapyta\u0142a mnie, czy nie chcia\u0142bym przenie\u015b\u0107 si\u0119 do wi\u0119kszego miasta, na przyk\u0142ad Berlina, Monachium czy Stuttgartu. Odpowiedzia\u0142em: \u201ePolubi\u0142em ju\u017c Erlangen i mam tu jeszcze kilka spraw do za\u0142atwienia, ale nie chc\u0119 tu umrze\u0107!\u201d. I tak oczywi\u015bcie pad\u0142o na Berlin. Mieszkam tu od prawie czterech lat, ale nadal jestem zwi\u0105zany z Erlangen. W tym roku burmistrz Erlangen postanowi\u0142 wykorzysta\u0107 jedn\u0105 z moich rowerowych ilustracji z tego miasta w swojej kartce z \u017cyczeniami na rok 2017.<\/p>\n<p><img loading=\"lazy\" decoding=\"async\" class=\"alignnone wp-image-2789 size-full\" src=\"https:\/\/d2p6e6u75xmxt8.cloudfront.net\/5\/2017\/01\/erlangen_kirchner_sculptures_biyccles.jpg\" width=\"752\" height=\"434\" srcset=\"https:\/\/d2p6e6u75xmxt8.cloudfront.net\/5\/2017\/01\/erlangen_kirchner_sculptures_biyccles.jpg 752w, https:\/\/d2p6e6u75xmxt8.cloudfront.net\/5\/2017\/01\/erlangen_kirchner_sculptures_biyccles-300x173.jpg 300w\" sizes=\"auto, (max-width: 752px) 100vw, 752px\" \/><\/p>\n<p><strong>Dlaczego malujesz rowery?<\/strong><\/p>\n<p>Fascynuj\u0119 si\u0119 tym dwuko\u0142owym cudem od dzieci\u0144stwa. Wed\u0142ug mnie to taki \u0142adny obiekt do malowania. Uwielbiam jego form\u0119 i staram si\u0119 znale\u017a\u0107 mo\u017cliwie jak najwi\u0119cej historii dotycz\u0105cych rower\u00f3w. Kiedy przyjecha\u0142em do Europy, zafascynowa\u0142em si\u0119 jeszcze bardziej z powodu tutejszej kultury rowerowej. Pokazuj\u0119 moje prace na targach rowerowych i z ka\u017cdym rokiem coraz bardziej zakochuj\u0119 si\u0119 w rowerach. Poza tym my\u015bl\u0119, \u017ce w dzisiejszej rzeczywisto\u015bci jest to jeden z najlepszych \u015brodk\u00f3w transportu, a je\u015bli mog\u0119 szerzy\u0107 t\u0119 opini\u0119 za po\u015brednictwem moich prac, tym bardziej jestem szcz\u0119\u015bliwy.<\/p>\n<p><img loading=\"lazy\" decoding=\"async\" class=\"alignnone wp-image-2790 size-full\" src=\"https:\/\/d2p6e6u75xmxt8.cloudfront.net\/5\/2017\/01\/padersen_art03.jpg\" width=\"778\" height=\"549\" srcset=\"https:\/\/d2p6e6u75xmxt8.cloudfront.net\/5\/2017\/01\/padersen_art03.jpg 778w, https:\/\/d2p6e6u75xmxt8.cloudfront.net\/5\/2017\/01\/padersen_art03-300x212.jpg 300w, https:\/\/d2p6e6u75xmxt8.cloudfront.net\/5\/2017\/01\/padersen_art03-768x542.jpg 768w\" sizes=\"auto, (max-width: 778px) 100vw, 778px\" \/><\/p>\n<p><img loading=\"lazy\" decoding=\"async\" class=\"alignnone wp-image-2791 \" src=\"https:\/\/d2p6e6u75xmxt8.cloudfront.net\/5\/2017\/01\/padersen_art01.jpg\" width=\"778\" height=\"596\" srcset=\"https:\/\/d2p6e6u75xmxt8.cloudfront.net\/5\/2017\/01\/padersen_art01.jpg 850w, https:\/\/d2p6e6u75xmxt8.cloudfront.net\/5\/2017\/01\/padersen_art01-300x230.jpg 300w, https:\/\/d2p6e6u75xmxt8.cloudfront.net\/5\/2017\/01\/padersen_art01-768x589.jpg 768w\" sizes=\"auto, (max-width: 778px) 100vw, 778px\" \/><\/p>\n<p><strong>Jak du\u017co je\u017adzisz na rowerze w Berlinie?<\/strong><\/p>\n<p>Opr\u00f3cz jazdy na rowerze w mie\u015bcie, je\u017cd\u017c\u0119 na wi\u0119ksze wyprawy rowerowe co najmniej dwa razy w roku. Zacz\u0105\u0142em pokonywa\u0107 d\u0142ugie trasy od bardzo ciekawej wyprawy, podczas kt\u00f3rej przejecha\u0142em z Passau w Niemczech do Linz w Austrii, a nast\u0119pnie do miasta \u010cesk\u00fd Krumlov w Czechach, potem z powrotem do Passau. W ci\u0105gu ostatnich trzech lat przejecha\u0142em na rowerze wyspy na Morzu Ba\u0142tyckim w Niemczech, dotychczas odwiedzi\u0142em Uznam, Rugi\u0119 i p\u00f3\u0142wysep Fischland-Dar\u00df-Zingst.<\/p>\n<p><img loading=\"lazy\" decoding=\"async\" class=\"alignnone wp-image-2792 size-full\" src=\"https:\/\/d2p6e6u75xmxt8.cloudfront.net\/5\/2017\/01\/dilwaale_chacha.jpg\" width=\"800\" height=\"800\" srcset=\"https:\/\/d2p6e6u75xmxt8.cloudfront.net\/5\/2017\/01\/dilwaale_chacha.jpg 800w, https:\/\/d2p6e6u75xmxt8.cloudfront.net\/5\/2017\/01\/dilwaale_chacha-150x150.jpg 150w, https:\/\/d2p6e6u75xmxt8.cloudfront.net\/5\/2017\/01\/dilwaale_chacha-300x300.jpg 300w, https:\/\/d2p6e6u75xmxt8.cloudfront.net\/5\/2017\/01\/dilwaale_chacha-768x768.jpg 768w\" sizes=\"auto, (max-width: 800px) 100vw, 800px\" \/><\/p>\n<p><img loading=\"lazy\" decoding=\"async\" class=\"alignnone wp-image-2793 size-full\" src=\"https:\/\/d2p6e6u75xmxt8.cloudfront.net\/5\/2017\/01\/morbi.jpg\" width=\"800\" height=\"800\" srcset=\"https:\/\/d2p6e6u75xmxt8.cloudfront.net\/5\/2017\/01\/morbi.jpg 800w, https:\/\/d2p6e6u75xmxt8.cloudfront.net\/5\/2017\/01\/morbi-150x150.jpg 150w, https:\/\/d2p6e6u75xmxt8.cloudfront.net\/5\/2017\/01\/morbi-300x300.jpg 300w, https:\/\/d2p6e6u75xmxt8.cloudfront.net\/5\/2017\/01\/morbi-768x768.jpg 768w\" sizes=\"auto, (max-width: 800px) 100vw, 800px\" \/><\/p>\n<p><img loading=\"lazy\" decoding=\"async\" class=\"alignnone wp-image-2794 \" src=\"https:\/\/d2p6e6u75xmxt8.cloudfront.net\/5\/2017\/01\/fischland_dra__zingst.jpg\" width=\"798\" height=\"497\" srcset=\"https:\/\/d2p6e6u75xmxt8.cloudfront.net\/5\/2017\/01\/fischland_dra__zingst.jpg 886w, https:\/\/d2p6e6u75xmxt8.cloudfront.net\/5\/2017\/01\/fischland_dra__zingst-300x187.jpg 300w, https:\/\/d2p6e6u75xmxt8.cloudfront.net\/5\/2017\/01\/fischland_dra__zingst-768x478.jpg 768w\" sizes=\"auto, (max-width: 798px) 100vw, 798px\" \/><\/p>\n<p><strong>Jak tutejsze wra\u017cenia zwi\u0105zane z kolarstwem wypadaj\u0105 w por\u00f3wnaniu z twoim rodzinnym miastem, Munger?<\/strong><\/p>\n<p>Kolarstwo w Indiach jest inne. Nie jest uznawane za dyscyplin\u0119 sportu, ludzie nie je\u017cd\u017c\u0105 na rowerze z wyboru, ale bardziej z konieczno\u015bci, jest ono popularne w\u015br\u00f3d klasy biednej ze wzgl\u0119d\u00f3w ekonomicznych. Zazwyczaj moja sztuka skupia si\u0119 na tym aspekcie. W grudniu 2012 roku wybra\u0142em si\u0119 na wpraw\u0119 rowerow\u0105 po Indiach. Trasa z New Delhi do Udajpur mia\u0142a d\u0142ugo\u015b\u0107 900 km. To by\u0142a najbardziej fascynuj\u0105ca podr\u00f3\u017c w moim \u017cyciu, poniewa\u017c zobaczy\u0142em sw\u00f3j kraj z innej perspektywy, a ponadto zda\u0142em sobie spraw\u0119, jak pi\u0119kni s\u0105 ludzie w Indiach. Podczas wyprawy zauwa\u017cy\u0142em sprzedawc\u0119 warzyw wioz\u0105cego ca\u0142y sw\u00f3j sklep na rowerze, a jeden z tobo\u0142k\u00f3w przypomina\u0142 du\u017ce z\u0142amane serce. Ostry kontrast pomi\u0119dzy moj\u0105 podr\u00f3\u017c\u0105 pe\u0142n\u0105 zabawy i przygody a jego konieczno\u015bci\u0105 pozostawi\u0142 \u015blad w mojej g\u0142owie. W ubieg\u0142ym roku go namalowa\u0142em, obraz nosi tytu\u0142 \u201eDilwale Chacha\u201d, co\u00a0mo\u017cna z grubsza przet\u0142umaczy\u0107 jako \u201ewujek z sercem\u201d.<\/p>\n<p><img loading=\"lazy\" decoding=\"async\" class=\"alignnone wp-image-2795 \" src=\"https:\/\/d2p6e6u75xmxt8.cloudfront.net\/5\/2017\/01\/jodhpour_india02.jpg\" width=\"530\" height=\"847\" srcset=\"https:\/\/d2p6e6u75xmxt8.cloudfront.net\/5\/2017\/01\/jodhpour_india02.jpg 398w, https:\/\/d2p6e6u75xmxt8.cloudfront.net\/5\/2017\/01\/jodhpour_india02-188x300.jpg 188w\" sizes=\"auto, (max-width: 530px) 100vw, 530px\" \/><\/p>\n<p><img loading=\"lazy\" decoding=\"async\" class=\"alignnone wp-image-2796 size-full\" src=\"https:\/\/d2p6e6u75xmxt8.cloudfront.net\/5\/2017\/01\/jodhpur_eveningsun.jpg\" width=\"530\" height=\"709\" srcset=\"https:\/\/d2p6e6u75xmxt8.cloudfront.net\/5\/2017\/01\/jodhpur_eveningsun.jpg 530w, https:\/\/d2p6e6u75xmxt8.cloudfront.net\/5\/2017\/01\/jodhpur_eveningsun-224x300.jpg 224w\" sizes=\"auto, (max-width: 530px) 100vw, 530px\" \/><\/p>\n<p>&nbsp;<\/p>\n<p><strong>Czy m\u00f3g\u0142by\u015b nam opisa\u0107 sw\u00f3j rower?<\/strong><\/p>\n<p>Mam rower Pedersena, nazywany tak\u017ce rowerem Dursley Pedersen. To moja mi\u0142o\u015b\u0107, rower, kt\u00f3ry zosta\u0142 pierwotnie zaprojektowany w 1893 roku. Cech\u0105 charakterystyczn\u0105 Pedersena jest to, \u017ce siode\u0142ko jest zrobione w stylu hamaka, a struktura ramy jest inspirowana mostem kratownicowym Whipple-Murphy. Uwielbiam to uczucie, gdy si\u0119 nim je\u017adzi i, rzecz jasna, budzi du\u017ce zainteresowanie. Mia\u0142em szcz\u0119\u015bcie, bo znalaz\u0142em u\u017cywany egzemplarz. Musia\u0142em wyda\u0107 sporo pieni\u0119dzy, \u017ceby doprowadzi\u0107 go do dobrego stanu, ale jest wart ka\u017cdej kwoty. Po\u015bwi\u0119ci\u0142em mu r\u00f3wnie\u017c wiele moich prac.<\/p>\n<p><img loading=\"lazy\" decoding=\"async\" class=\"alignnone wp-image-2797 \" src=\"https:\/\/d2p6e6u75xmxt8.cloudfront.net\/5\/2017\/01\/my_pedersen.jpg\" width=\"539\" height=\"805\" srcset=\"https:\/\/d2p6e6u75xmxt8.cloudfront.net\/5\/2017\/01\/my_pedersen.jpg 514w, https:\/\/d2p6e6u75xmxt8.cloudfront.net\/5\/2017\/01\/my_pedersen-201x300.jpg 201w\" sizes=\"auto, (max-width: 539px) 100vw, 539px\" \/><\/p>\n<p><img loading=\"lazy\" decoding=\"async\" class=\"alignnone wp-image-2798 \" src=\"https:\/\/d2p6e6u75xmxt8.cloudfront.net\/5\/2017\/01\/my_pedersen01.jpg\" width=\"538\" height=\"723\" srcset=\"https:\/\/d2p6e6u75xmxt8.cloudfront.net\/5\/2017\/01\/my_pedersen01.jpg 714w, https:\/\/d2p6e6u75xmxt8.cloudfront.net\/5\/2017\/01\/my_pedersen01-223x300.jpg 223w\" sizes=\"auto, (max-width: 538px) 100vw, 538px\" \/><\/p>\n<p>(\u017ar\u00f3d\u0142o zdj\u0119\u0107: welovecycling.com)<\/p>\n","protected":false},"excerpt":{"rendered":"<p>Allen Shaw (43 lata) to indyjski artysta, ilustrator i gaw\u0119dziarz, kt\u00f3ry postanowi\u0142 przeprowadzi\u0107 si\u0119 z rodzinnego Munger do Berlina. Absolwent [&hellip;]<\/p>\n","protected":false},"author":76,"featured_media":2800,"comment_status":"open","ping_status":"open","sticky":false,"template":"","format":"standard","meta":{"footnotes":""},"categories":[1],"tags":[91],"global-categories":[],"class_list":["post-2787","post","type-post","status-publish","format-standard","has-post-thumbnail","hentry","category-uncategorized","tag-rowery"],"yoast_head":"<!-- This site is optimized with the Yoast SEO Premium plugin v25.3 (Yoast SEO v25.9) - https:\/\/yoast.com\/wordpress\/plugins\/seo\/ -->\n<title>Malarz z Berlina uwielbia pokazywa\u0107 pi\u0119kno kolarstwa w akwareli - \u0160koda We Love Cycling - Poland<\/title>\n<meta name=\"robots\" content=\"index, follow, max-snippet:-1, max-image-preview:large, max-video-preview:-1\" \/>\n<link rel=\"canonical\" href=\"https:\/\/www.welovecycling.com\/pl\/2017\/01\/18\/malarz-berlina-uwielbia-pokazywac-piekno-kolarstwa-akwareli\/\" \/>\n<meta property=\"og:locale\" content=\"pl_PL\" \/>\n<meta property=\"og:type\" content=\"article\" \/>\n<meta property=\"og:title\" content=\"Malarz z Berlina uwielbia pokazywa\u0107 pi\u0119kno kolarstwa w akwareli\" \/>\n<meta property=\"og:description\" content=\"Allen Shaw (43 lata) to indyjski artysta, ilustrator i gaw\u0119dziarz, kt\u00f3ry postanowi\u0142 przeprowadzi\u0107 si\u0119 z rodzinnego Munger do Berlina. Absolwent [&hellip;]\" \/>\n<meta property=\"og:url\" content=\"https:\/\/www.welovecycling.com\/pl\/2017\/01\/18\/malarz-berlina-uwielbia-pokazywac-piekno-kolarstwa-akwareli\/\" \/>\n<meta property=\"og:site_name\" content=\"\u0160koda We Love Cycling - Poland\" \/>\n<meta property=\"article:published_time\" content=\"2017-01-18T15:27:27+00:00\" \/>\n<meta property=\"article:modified_time\" content=\"2017-04-13T04:58:21+00:00\" \/>\n<meta property=\"og:image\" content=\"https:\/\/d2p6e6u75xmxt8.cloudfront.net\/5\/2017\/01\/2332_322313.jpg\" \/>\n\t<meta property=\"og:image:width\" content=\"1375\" \/>\n\t<meta property=\"og:image:height\" content=\"600\" \/>\n\t<meta property=\"og:image:type\" content=\"image\/jpeg\" \/>\n<meta name=\"author\" content=\"piotrboczkowski\" \/>\n<meta name=\"twitter:card\" content=\"summary_large_image\" \/>\n<meta name=\"twitter:label1\" content=\"Written by\" \/>\n\t<meta name=\"twitter:data1\" content=\"Adam Marsal\" \/>\n\t<meta name=\"twitter:label2\" content=\"Est. reading time\" \/>\n\t<meta name=\"twitter:data2\" content=\"4 minutes\" \/>\n<script type=\"application\/ld+json\" class=\"yoast-schema-graph\">{\"@context\":\"https:\/\/schema.org\",\"@graph\":[{\"@type\":\"WebPage\",\"@id\":\"https:\/\/www.welovecycling.com\/pl\/2017\/01\/18\/malarz-berlina-uwielbia-pokazywac-piekno-kolarstwa-akwareli\/\",\"url\":\"https:\/\/www.welovecycling.com\/pl\/2017\/01\/18\/malarz-berlina-uwielbia-pokazywac-piekno-kolarstwa-akwareli\/\",\"name\":\"Malarz z Berlina uwielbia pokazywa\u0107 pi\u0119kno kolarstwa w akwareli - \u0160koda We Love Cycling - Poland\",\"isPartOf\":{\"@id\":\"https:\/\/www.welovecycling.com\/pl\/#website\"},\"primaryImageOfPage\":{\"@id\":\"https:\/\/www.welovecycling.com\/pl\/2017\/01\/18\/malarz-berlina-uwielbia-pokazywac-piekno-kolarstwa-akwareli\/#primaryimage\"},\"image\":{\"@id\":\"https:\/\/www.welovecycling.com\/pl\/2017\/01\/18\/malarz-berlina-uwielbia-pokazywac-piekno-kolarstwa-akwareli\/#primaryimage\"},\"thumbnailUrl\":\"https:\/\/d2p6e6u75xmxt8.cloudfront.net\/5\/2017\/01\/2332_322313.jpg\",\"datePublished\":\"2017-01-18T15:27:27+00:00\",\"dateModified\":\"2017-04-13T04:58:21+00:00\",\"author\":{\"@id\":\"https:\/\/www.welovecycling.com\/pl\/#\/schema\/person\/0dba2d39da943db9df3fd8f4687e7f23\"},\"breadcrumb\":{\"@id\":\"https:\/\/www.welovecycling.com\/pl\/2017\/01\/18\/malarz-berlina-uwielbia-pokazywac-piekno-kolarstwa-akwareli\/#breadcrumb\"},\"inLanguage\":\"pl-PL\",\"potentialAction\":[{\"@type\":\"ReadAction\",\"target\":[\"https:\/\/www.welovecycling.com\/pl\/2017\/01\/18\/malarz-berlina-uwielbia-pokazywac-piekno-kolarstwa-akwareli\/\"]}]},{\"@type\":\"ImageObject\",\"inLanguage\":\"pl-PL\",\"@id\":\"https:\/\/www.welovecycling.com\/pl\/2017\/01\/18\/malarz-berlina-uwielbia-pokazywac-piekno-kolarstwa-akwareli\/#primaryimage\",\"url\":\"https:\/\/d2p6e6u75xmxt8.cloudfront.net\/5\/2017\/01\/2332_322313.jpg\",\"contentUrl\":\"https:\/\/d2p6e6u75xmxt8.cloudfront.net\/5\/2017\/01\/2332_322313.jpg\",\"width\":1375,\"height\":600},{\"@type\":\"BreadcrumbList\",\"@id\":\"https:\/\/www.welovecycling.com\/pl\/2017\/01\/18\/malarz-berlina-uwielbia-pokazywac-piekno-kolarstwa-akwareli\/#breadcrumb\",\"itemListElement\":[{\"@type\":\"ListItem\",\"position\":1,\"name\":\"Home\",\"item\":\"https:\/\/www.welovecycling.com\/pl\/\"},{\"@type\":\"ListItem\",\"position\":2,\"name\":\"Malarz z Berlina uwielbia pokazywa\u0107 pi\u0119kno kolarstwa w akwareli\"}]},{\"@type\":\"WebSite\",\"@id\":\"https:\/\/www.welovecycling.com\/pl\/#website\",\"url\":\"https:\/\/www.welovecycling.com\/pl\/\",\"name\":\"\u0160koda We Love Cycling - Poland\",\"description\":\"\",\"potentialAction\":[{\"@type\":\"SearchAction\",\"target\":{\"@type\":\"EntryPoint\",\"urlTemplate\":\"https:\/\/www.welovecycling.com\/pl\/?s={search_term_string}\"},\"query-input\":{\"@type\":\"PropertyValueSpecification\",\"valueRequired\":true,\"valueName\":\"search_term_string\"}}],\"inLanguage\":\"pl-PL\"},{\"@type\":\"Person\",\"@id\":\"https:\/\/www.welovecycling.com\/pl\/#\/schema\/person\/0dba2d39da943db9df3fd8f4687e7f23\",\"name\":\"piotrboczkowski\",\"image\":{\"@type\":\"ImageObject\",\"inLanguage\":\"pl-PL\",\"@id\":\"https:\/\/www.welovecycling.com\/pl\/#\/schema\/person\/image\/\",\"url\":\"https:\/\/secure.gravatar.com\/avatar\/533caccae14752e03a2ce2d3fd62d1b98b93e1393c3195c27819e53344ca1ace?s=96&d=mm&r=g\",\"contentUrl\":\"https:\/\/secure.gravatar.com\/avatar\/533caccae14752e03a2ce2d3fd62d1b98b93e1393c3195c27819e53344ca1ace?s=96&d=mm&r=g\",\"caption\":\"piotrboczkowski\"},\"url\":\"https:\/\/www.welovecycling.com\/pl\/author\/piotrboczkowski\/\"}]}<\/script>\n<!-- \/ Yoast SEO Premium plugin. -->","yoast_head_json":{"title":"Malarz z Berlina uwielbia pokazywa\u0107 pi\u0119kno kolarstwa w akwareli - \u0160koda We Love Cycling - Poland","robots":{"index":"index","follow":"follow","max-snippet":"max-snippet:-1","max-image-preview":"max-image-preview:large","max-video-preview":"max-video-preview:-1"},"canonical":"https:\/\/www.welovecycling.com\/pl\/2017\/01\/18\/malarz-berlina-uwielbia-pokazywac-piekno-kolarstwa-akwareli\/","og_locale":"pl_PL","og_type":"article","og_title":"Malarz z Berlina uwielbia pokazywa\u0107 pi\u0119kno kolarstwa w akwareli","og_description":"Allen Shaw (43 lata) to indyjski artysta, ilustrator i gaw\u0119dziarz, kt\u00f3ry postanowi\u0142 przeprowadzi\u0107 si\u0119 z rodzinnego Munger do Berlina. Absolwent [&hellip;]","og_url":"https:\/\/www.welovecycling.com\/pl\/2017\/01\/18\/malarz-berlina-uwielbia-pokazywac-piekno-kolarstwa-akwareli\/","og_site_name":"\u0160koda We Love Cycling - Poland","article_published_time":"2017-01-18T15:27:27+00:00","article_modified_time":"2017-04-13T04:58:21+00:00","og_image":[{"width":1375,"height":600,"url":"https:\/\/d2p6e6u75xmxt8.cloudfront.net\/5\/2017\/01\/2332_322313.jpg","type":"image\/jpeg"}],"author":"piotrboczkowski","twitter_card":"summary_large_image","twitter_misc":{"Written by":"Adam Marsal","Est. reading time":"4 minutes"},"schema":{"@context":"https:\/\/schema.org","@graph":[{"@type":"WebPage","@id":"https:\/\/www.welovecycling.com\/pl\/2017\/01\/18\/malarz-berlina-uwielbia-pokazywac-piekno-kolarstwa-akwareli\/","url":"https:\/\/www.welovecycling.com\/pl\/2017\/01\/18\/malarz-berlina-uwielbia-pokazywac-piekno-kolarstwa-akwareli\/","name":"Malarz z Berlina uwielbia pokazywa\u0107 pi\u0119kno kolarstwa w akwareli - \u0160koda We Love Cycling - Poland","isPartOf":{"@id":"https:\/\/www.welovecycling.com\/pl\/#website"},"primaryImageOfPage":{"@id":"https:\/\/www.welovecycling.com\/pl\/2017\/01\/18\/malarz-berlina-uwielbia-pokazywac-piekno-kolarstwa-akwareli\/#primaryimage"},"image":{"@id":"https:\/\/www.welovecycling.com\/pl\/2017\/01\/18\/malarz-berlina-uwielbia-pokazywac-piekno-kolarstwa-akwareli\/#primaryimage"},"thumbnailUrl":"https:\/\/d2p6e6u75xmxt8.cloudfront.net\/5\/2017\/01\/2332_322313.jpg","datePublished":"2017-01-18T15:27:27+00:00","dateModified":"2017-04-13T04:58:21+00:00","author":{"@id":"https:\/\/www.welovecycling.com\/pl\/#\/schema\/person\/0dba2d39da943db9df3fd8f4687e7f23"},"breadcrumb":{"@id":"https:\/\/www.welovecycling.com\/pl\/2017\/01\/18\/malarz-berlina-uwielbia-pokazywac-piekno-kolarstwa-akwareli\/#breadcrumb"},"inLanguage":"pl-PL","potentialAction":[{"@type":"ReadAction","target":["https:\/\/www.welovecycling.com\/pl\/2017\/01\/18\/malarz-berlina-uwielbia-pokazywac-piekno-kolarstwa-akwareli\/"]}]},{"@type":"ImageObject","inLanguage":"pl-PL","@id":"https:\/\/www.welovecycling.com\/pl\/2017\/01\/18\/malarz-berlina-uwielbia-pokazywac-piekno-kolarstwa-akwareli\/#primaryimage","url":"https:\/\/d2p6e6u75xmxt8.cloudfront.net\/5\/2017\/01\/2332_322313.jpg","contentUrl":"https:\/\/d2p6e6u75xmxt8.cloudfront.net\/5\/2017\/01\/2332_322313.jpg","width":1375,"height":600},{"@type":"BreadcrumbList","@id":"https:\/\/www.welovecycling.com\/pl\/2017\/01\/18\/malarz-berlina-uwielbia-pokazywac-piekno-kolarstwa-akwareli\/#breadcrumb","itemListElement":[{"@type":"ListItem","position":1,"name":"Home","item":"https:\/\/www.welovecycling.com\/pl\/"},{"@type":"ListItem","position":2,"name":"Malarz z Berlina uwielbia pokazywa\u0107 pi\u0119kno kolarstwa w akwareli"}]},{"@type":"WebSite","@id":"https:\/\/www.welovecycling.com\/pl\/#website","url":"https:\/\/www.welovecycling.com\/pl\/","name":"\u0160koda We Love Cycling - Poland","description":"","potentialAction":[{"@type":"SearchAction","target":{"@type":"EntryPoint","urlTemplate":"https:\/\/www.welovecycling.com\/pl\/?s={search_term_string}"},"query-input":{"@type":"PropertyValueSpecification","valueRequired":true,"valueName":"search_term_string"}}],"inLanguage":"pl-PL"},{"@type":"Person","@id":"https:\/\/www.welovecycling.com\/pl\/#\/schema\/person\/0dba2d39da943db9df3fd8f4687e7f23","name":"piotrboczkowski","image":{"@type":"ImageObject","inLanguage":"pl-PL","@id":"https:\/\/www.welovecycling.com\/pl\/#\/schema\/person\/image\/","url":"https:\/\/secure.gravatar.com\/avatar\/533caccae14752e03a2ce2d3fd62d1b98b93e1393c3195c27819e53344ca1ace?s=96&d=mm&r=g","contentUrl":"https:\/\/secure.gravatar.com\/avatar\/533caccae14752e03a2ce2d3fd62d1b98b93e1393c3195c27819e53344ca1ace?s=96&d=mm&r=g","caption":"piotrboczkowski"},"url":"https:\/\/www.welovecycling.com\/pl\/author\/piotrboczkowski\/"}]}},"_links":{"self":[{"href":"https:\/\/www.welovecycling.com\/pl\/wp-json\/wp\/v2\/posts\/2787","targetHints":{"allow":["GET"]}}],"collection":[{"href":"https:\/\/www.welovecycling.com\/pl\/wp-json\/wp\/v2\/posts"}],"about":[{"href":"https:\/\/www.welovecycling.com\/pl\/wp-json\/wp\/v2\/types\/post"}],"author":[{"embeddable":true,"href":"https:\/\/www.welovecycling.com\/pl\/wp-json\/wp\/v2\/users\/76"}],"replies":[{"embeddable":true,"href":"https:\/\/www.welovecycling.com\/pl\/wp-json\/wp\/v2\/comments?post=2787"}],"version-history":[{"count":2,"href":"https:\/\/www.welovecycling.com\/pl\/wp-json\/wp\/v2\/posts\/2787\/revisions"}],"predecessor-version":[{"id":3437,"href":"https:\/\/www.welovecycling.com\/pl\/wp-json\/wp\/v2\/posts\/2787\/revisions\/3437"}],"wp:featuredmedia":[{"embeddable":true,"href":"https:\/\/www.welovecycling.com\/pl\/wp-json\/wp\/v2\/media\/2800"}],"wp:attachment":[{"href":"https:\/\/www.welovecycling.com\/pl\/wp-json\/wp\/v2\/media?parent=2787"}],"wp:term":[{"taxonomy":"category","embeddable":true,"href":"https:\/\/www.welovecycling.com\/pl\/wp-json\/wp\/v2\/categories?post=2787"},{"taxonomy":"post_tag","embeddable":true,"href":"https:\/\/www.welovecycling.com\/pl\/wp-json\/wp\/v2\/tags?post=2787"},{"taxonomy":"global-categories","embeddable":true,"href":"https:\/\/www.welovecycling.com\/pl\/wp-json\/wp\/v2\/global-categories?post=2787"}],"curies":[{"name":"wp","href":"https:\/\/api.w.org\/{rel}","templated":true}]}}