{"id":2696,"date":"2016-12-26T15:10:38","date_gmt":"2016-12-26T15:10:38","guid":{"rendered":"https:\/\/www.welovecycling.com\/pl\/?p=2696"},"modified":"2017-01-04T22:59:35","modified_gmt":"2017-01-04T22:59:35","slug":"dlaczego-przejadamy-sie-swieta","status":"publish","type":"post","link":"https:\/\/www.welovecycling.com\/pl\/2016\/12\/26\/dlaczego-przejadamy-sie-swieta\/","title":{"rendered":"Dlaczego przejadamy si\u0119 w \u015bwi\u0119ta?"},"content":{"rendered":"<p style=\"text-align: justify;\">\u015awi\u0119ta powinny by\u0107 czasem rado\u015bci, odpoczynku i zabawy, sp\u0119dzanym z rodzin\u0105. Zwykle jednak kojarz\u0105 si\u0119 ze stresem dla tych, kt\u00f3rzy pragn\u0105 zachowa\u0107 zdrow\u0105 diet\u0119. Niestety pomimo tego, \u017ce wi\u0119kszo\u015b\u0107 z porad, kt\u00f3re otrzymasz, znajduje si\u0119 na li\u015bcie starych, wielokrotnie powtarzanych wskaz\u00f3wek, ma\u0142o kto si\u0119 do nich stosuje: nie przychod\u017a na imprez\u0119 g\u0142odny, m\u0105drze oceniaj swoje s\u0142abostki i miej \u015bwiadomo\u015b\u0107, \u017ce alkohol ma kalorie! Je\u015bli b\u0119dziesz sumiennie stosowa\u0142 si\u0119 do tych porad, po\u015bwi\u0105teczne kilogramy nie b\u0119d\u0105 problemem!<!--more--><\/p>\n<p style=\"text-align: justify;\"><strong>Po\u015bwi\u0105teczne kilogramy nie s\u0105 problemem, chyba, \u017ce\u2026<\/strong><\/p>\n<p style=\"text-align: justify;\">Media cz\u0119sto gro\u017c\u0105 nam przytyciem w czasie \u015bwi\u0105t o 4,5 kg. Jednak gdy spojrzymy na rzeczywiste badania, zobaczymy, \u017ce wygl\u0105da to zgo\u0142a inaczej. Gdy naukowcy por\u00f3wnali rzeczywiste i postrzegane warto\u015bci przybranych kilogram\u00f3w, stwierdzili, \u017ce \u015brednio badani uwa\u017cali, \u017ce przytyli 1,5 kg, gdy rzeczywista ilo\u015b\u0107 przybranych kilogram\u00f3w wynosi\u0142a 0,5 kg. Og\u00f3lnie rzecz bior\u0105c \u015bwi\u0105teczne tycie nie jest tak du\u017cym problemem, jakim strasz\u0105 nas media. Oczywi\u015bcie je\u015bli nie mamy nadwagi!<\/p>\n<p style=\"text-align: justify;\"><img loading=\"lazy\" decoding=\"async\" class=\"alignnone wp-image-2697\" src=\"https:\/\/d2p6e6u75xmxt8.cloudfront.net\/5\/2016\/12\/rotoped-1080x1080-2-300x300.png\" alt=\"rotoped-1080x1080-2\" width=\"536\" height=\"536\" srcset=\"https:\/\/d2p6e6u75xmxt8.cloudfront.net\/5\/2016\/12\/rotoped-1080x1080-2-300x300.png 300w, https:\/\/d2p6e6u75xmxt8.cloudfront.net\/5\/2016\/12\/rotoped-1080x1080-2-150x150.png 150w, https:\/\/d2p6e6u75xmxt8.cloudfront.net\/5\/2016\/12\/rotoped-1080x1080-2-768x768.png 768w, https:\/\/d2p6e6u75xmxt8.cloudfront.net\/5\/2016\/12\/rotoped-1080x1080-2-1024x1024.png 1024w, https:\/\/d2p6e6u75xmxt8.cloudfront.net\/5\/2016\/12\/rotoped-1080x1080-2.png 1080w\" sizes=\"auto, (max-width: 536px) 100vw, 536px\" \/><\/p>\n<p style=\"text-align: justify;\">To samo badanie wskazuje, \u017ce 20% oty\u0142ych badanych i 10% badanych z nadwag\u0105 zyska\u0142o wi\u0119cej ni\u017c 2,2 kg, w por\u00f3wnaniu z 5% dla os\u00f3b o zdrowej wadze. Inne badanie ma z\u0142e wie\u015bci r\u00f3wnie\u017c dla os\u00f3b, kt\u00f3re by\u0142y oty\u0142e w pewnym okresie swojego \u017cycia. Mimo wysi\u0142k\u00f3w w utrzymanie wagi, 29% os\u00f3b, kt\u00f3re zrzuci\u0142y kilogramy, przybiera\u0142o przynajmniej 1 kg przez \u015bwi\u0119ta, w por\u00f3wnaniu z 17% os\u00f3b o zdrowej wadze.<\/p>\n<p style=\"text-align: justify;\"><strong>\u015awi\u0119ta = sygna\u0142 do ob\u017carstwa<\/strong><\/p>\n<p style=\"text-align: justify;\">Wi\u0119kszo\u015b\u0107 os\u00f3b ma \u015bwiadomo\u015b\u0107 ryzyka przejadania si\u0119 w trakcie \u015bwi\u0105t. Wiele z nich stara si\u0119 to zmieni\u0107. Dlaczego tylu z nich si\u0119 nie udaje? Jest jedna rzecz, z kt\u00f3r\u0105 wszystkim kojarz\u0105 si\u0119 \u015bwi\u0119ta \u2013 wszystkim bez wyj\u0105tku \u2013 tym o dobrej kondycji, jak i tym oty\u0142ym. A mianowicie, \u015bwi\u0119ta to czas ob\u017carstwa! Je\u015bli nie jeste\u015b tego \u015bwiadomy i nie przyjmiesz odpowiedniej postawy, sko\u0144czysz na podjadaniu i pod\u0105\u017caniu za zachciankami. Z czego to wynika?<\/p>\n<p style=\"text-align: justify;\"><strong>Nacisk spo\u0142eczny<\/strong><\/p>\n<p style=\"text-align: justify;\">Badania wskazuj\u0105, \u017ce dla os\u00f3b jedz\u0105cych w grupie spo\u017cycie jest bli\u017csze \u201e\u015bredniej\u201d. Poniewa\u017c \u015bwi\u0119ta s\u0105 czasem nadmiaru, oddawania si\u0119 przyjemno\u015bci i nie koniecznie dbania o zdrowie, ka\u017cdy czuje potrzeb\u0119 przejadania si\u0119 podczas ka\u017cdego posi\u0142ku, nawet je\u015bli nikt nie m\u00f3wi o tym g\u0142o\u015bno.<\/p>\n<p style=\"text-align: justify;\"><strong>Stres<\/strong><\/p>\n<p style=\"text-align: justify;\">Powiedzmy sobie prawd\u0119, \u015bwi\u0119ta s\u0105 stresuj\u0105cym czasem dla wszystkich. A stres to silny motywator do jedzenia. Do tego kortyzol, hormon stresu, przyczynia si\u0119 do przybierania na wadze.<\/p>\n<p>https:\/\/www.instagram.com\/p\/_rCisHHm_t\/<\/p>\n<p style=\"text-align: justify;\"><strong>Zerwanie z ustalonym trybem<\/strong><\/p>\n<p style=\"text-align: justify;\">Ludzie bior\u0105 wolne na \u015bwi\u0119ta, podr\u00f3\u017cuj\u0105 i przestaj\u0105 regularnie je\u017adzi\u0107 na rowerze. Taka zmiana mo\u017ce zniwelowa\u0107 wszystkie wskazania dla zdrowego od\u017cywiania, zwi\u0105zane z normalnym harmonogramem.<\/p>\n<p style=\"text-align: justify;\">(\u017ar\u00f3d\u0142o zdj\u0119\u0107: welovecycling.com)<\/p>\n","protected":false},"excerpt":{"rendered":"<p>\u015awi\u0119ta powinny by\u0107 czasem rado\u015bci, odpoczynku i zabawy, sp\u0119dzanym z rodzin\u0105. Zwykle jednak kojarz\u0105 si\u0119 ze stresem dla tych, kt\u00f3rzy [&hellip;]<\/p>\n","protected":false},"author":76,"featured_media":2700,"comment_status":"open","ping_status":"open","sticky":false,"template":"","format":"standard","meta":{"footnotes":""},"categories":[4],"tags":[87],"global-categories":[],"class_list":["post-2696","post","type-post","status-publish","format-standard","has-post-thumbnail","hentry","category-zdrowie-i-trening","tag-dieta"],"yoast_head":"<!-- This site is optimized with the Yoast SEO Premium plugin v25.3 (Yoast SEO v25.9) - https:\/\/yoast.com\/wordpress\/plugins\/seo\/ -->\n<title>Dlaczego przejadamy si\u0119 w \u015bwi\u0119ta? - \u0160koda We Love Cycling - Poland<\/title>\n<meta name=\"robots\" content=\"index, follow, max-snippet:-1, max-image-preview:large, max-video-preview:-1\" \/>\n<link rel=\"canonical\" href=\"https:\/\/www.welovecycling.com\/pl\/2016\/12\/26\/dlaczego-przejadamy-sie-swieta\/\" \/>\n<meta property=\"og:locale\" content=\"pl_PL\" \/>\n<meta property=\"og:type\" content=\"article\" \/>\n<meta property=\"og:title\" content=\"Dlaczego przejadamy si\u0119 w \u015bwi\u0119ta?\" \/>\n<meta property=\"og:description\" content=\"\u015awi\u0119ta powinny by\u0107 czasem rado\u015bci, odpoczynku i zabawy, sp\u0119dzanym z rodzin\u0105. Zwykle jednak kojarz\u0105 si\u0119 ze stresem dla tych, kt\u00f3rzy [&hellip;]\" \/>\n<meta property=\"og:url\" content=\"https:\/\/www.welovecycling.com\/pl\/2016\/12\/26\/dlaczego-przejadamy-sie-swieta\/\" \/>\n<meta property=\"og:site_name\" content=\"\u0160koda We Love Cycling - Poland\" \/>\n<meta property=\"article:published_time\" content=\"2016-12-26T15:10:38+00:00\" \/>\n<meta property=\"article:modified_time\" content=\"2017-01-04T22:59:35+00:00\" \/>\n<meta property=\"og:image\" content=\"https:\/\/d2p6e6u75xmxt8.cloudfront.net\/5\/2016\/12\/324442424_2444211342.jpg\" \/>\n\t<meta property=\"og:image:width\" content=\"1375\" \/>\n\t<meta property=\"og:image:height\" content=\"600\" \/>\n\t<meta property=\"og:image:type\" content=\"image\/jpeg\" \/>\n<meta name=\"author\" content=\"piotrboczkowski\" \/>\n<meta name=\"twitter:card\" content=\"summary_large_image\" \/>\n<meta name=\"twitter:label1\" content=\"Written by\" \/>\n\t<meta name=\"twitter:data1\" content=\"Ji\u0159\u00ed Kalo\u010d\" \/>\n\t<meta name=\"twitter:label2\" content=\"Est. reading time\" \/>\n\t<meta name=\"twitter:data2\" content=\"2 minutes\" \/>\n<script type=\"application\/ld+json\" class=\"yoast-schema-graph\">{\"@context\":\"https:\/\/schema.org\",\"@graph\":[{\"@type\":\"WebPage\",\"@id\":\"https:\/\/www.welovecycling.com\/pl\/2016\/12\/26\/dlaczego-przejadamy-sie-swieta\/\",\"url\":\"https:\/\/www.welovecycling.com\/pl\/2016\/12\/26\/dlaczego-przejadamy-sie-swieta\/\",\"name\":\"Dlaczego przejadamy si\u0119 w \u015bwi\u0119ta? - \u0160koda We Love Cycling - Poland\",\"isPartOf\":{\"@id\":\"https:\/\/www.welovecycling.com\/pl\/#website\"},\"primaryImageOfPage\":{\"@id\":\"https:\/\/www.welovecycling.com\/pl\/2016\/12\/26\/dlaczego-przejadamy-sie-swieta\/#primaryimage\"},\"image\":{\"@id\":\"https:\/\/www.welovecycling.com\/pl\/2016\/12\/26\/dlaczego-przejadamy-sie-swieta\/#primaryimage\"},\"thumbnailUrl\":\"https:\/\/d2p6e6u75xmxt8.cloudfront.net\/5\/2016\/12\/324442424_2444211342.jpg\",\"datePublished\":\"2016-12-26T15:10:38+00:00\",\"dateModified\":\"2017-01-04T22:59:35+00:00\",\"author\":{\"@id\":\"https:\/\/www.welovecycling.com\/pl\/#\/schema\/person\/0dba2d39da943db9df3fd8f4687e7f23\"},\"breadcrumb\":{\"@id\":\"https:\/\/www.welovecycling.com\/pl\/2016\/12\/26\/dlaczego-przejadamy-sie-swieta\/#breadcrumb\"},\"inLanguage\":\"pl-PL\",\"potentialAction\":[{\"@type\":\"ReadAction\",\"target\":[\"https:\/\/www.welovecycling.com\/pl\/2016\/12\/26\/dlaczego-przejadamy-sie-swieta\/\"]}]},{\"@type\":\"ImageObject\",\"inLanguage\":\"pl-PL\",\"@id\":\"https:\/\/www.welovecycling.com\/pl\/2016\/12\/26\/dlaczego-przejadamy-sie-swieta\/#primaryimage\",\"url\":\"https:\/\/d2p6e6u75xmxt8.cloudfront.net\/5\/2016\/12\/324442424_2444211342.jpg\",\"contentUrl\":\"https:\/\/d2p6e6u75xmxt8.cloudfront.net\/5\/2016\/12\/324442424_2444211342.jpg\",\"width\":1375,\"height\":600},{\"@type\":\"BreadcrumbList\",\"@id\":\"https:\/\/www.welovecycling.com\/pl\/2016\/12\/26\/dlaczego-przejadamy-sie-swieta\/#breadcrumb\",\"itemListElement\":[{\"@type\":\"ListItem\",\"position\":1,\"name\":\"Home\",\"item\":\"https:\/\/www.welovecycling.com\/pl\/\"},{\"@type\":\"ListItem\",\"position\":2,\"name\":\"Dlaczego przejadamy si\u0119 w \u015bwi\u0119ta?\"}]},{\"@type\":\"WebSite\",\"@id\":\"https:\/\/www.welovecycling.com\/pl\/#website\",\"url\":\"https:\/\/www.welovecycling.com\/pl\/\",\"name\":\"\u0160koda We Love Cycling - Poland\",\"description\":\"\",\"potentialAction\":[{\"@type\":\"SearchAction\",\"target\":{\"@type\":\"EntryPoint\",\"urlTemplate\":\"https:\/\/www.welovecycling.com\/pl\/?s={search_term_string}\"},\"query-input\":{\"@type\":\"PropertyValueSpecification\",\"valueRequired\":true,\"valueName\":\"search_term_string\"}}],\"inLanguage\":\"pl-PL\"},{\"@type\":\"Person\",\"@id\":\"https:\/\/www.welovecycling.com\/pl\/#\/schema\/person\/0dba2d39da943db9df3fd8f4687e7f23\",\"name\":\"piotrboczkowski\",\"image\":{\"@type\":\"ImageObject\",\"inLanguage\":\"pl-PL\",\"@id\":\"https:\/\/www.welovecycling.com\/pl\/#\/schema\/person\/image\/\",\"url\":\"https:\/\/secure.gravatar.com\/avatar\/533caccae14752e03a2ce2d3fd62d1b98b93e1393c3195c27819e53344ca1ace?s=96&d=mm&r=g\",\"contentUrl\":\"https:\/\/secure.gravatar.com\/avatar\/533caccae14752e03a2ce2d3fd62d1b98b93e1393c3195c27819e53344ca1ace?s=96&d=mm&r=g\",\"caption\":\"piotrboczkowski\"},\"url\":\"https:\/\/www.welovecycling.com\/pl\/author\/piotrboczkowski\/\"}]}<\/script>\n<!-- \/ Yoast SEO Premium plugin. -->","yoast_head_json":{"title":"Dlaczego przejadamy si\u0119 w \u015bwi\u0119ta? - \u0160koda We Love Cycling - Poland","robots":{"index":"index","follow":"follow","max-snippet":"max-snippet:-1","max-image-preview":"max-image-preview:large","max-video-preview":"max-video-preview:-1"},"canonical":"https:\/\/www.welovecycling.com\/pl\/2016\/12\/26\/dlaczego-przejadamy-sie-swieta\/","og_locale":"pl_PL","og_type":"article","og_title":"Dlaczego przejadamy si\u0119 w \u015bwi\u0119ta?","og_description":"\u015awi\u0119ta powinny by\u0107 czasem rado\u015bci, odpoczynku i zabawy, sp\u0119dzanym z rodzin\u0105. Zwykle jednak kojarz\u0105 si\u0119 ze stresem dla tych, kt\u00f3rzy [&hellip;]","og_url":"https:\/\/www.welovecycling.com\/pl\/2016\/12\/26\/dlaczego-przejadamy-sie-swieta\/","og_site_name":"\u0160koda We Love Cycling - Poland","article_published_time":"2016-12-26T15:10:38+00:00","article_modified_time":"2017-01-04T22:59:35+00:00","og_image":[{"width":1375,"height":600,"url":"https:\/\/d2p6e6u75xmxt8.cloudfront.net\/5\/2016\/12\/324442424_2444211342.jpg","type":"image\/jpeg"}],"author":"piotrboczkowski","twitter_card":"summary_large_image","twitter_misc":{"Written by":"Ji\u0159\u00ed Kalo\u010d","Est. reading time":"2 minutes"},"schema":{"@context":"https:\/\/schema.org","@graph":[{"@type":"WebPage","@id":"https:\/\/www.welovecycling.com\/pl\/2016\/12\/26\/dlaczego-przejadamy-sie-swieta\/","url":"https:\/\/www.welovecycling.com\/pl\/2016\/12\/26\/dlaczego-przejadamy-sie-swieta\/","name":"Dlaczego przejadamy si\u0119 w \u015bwi\u0119ta? - \u0160koda We Love Cycling - Poland","isPartOf":{"@id":"https:\/\/www.welovecycling.com\/pl\/#website"},"primaryImageOfPage":{"@id":"https:\/\/www.welovecycling.com\/pl\/2016\/12\/26\/dlaczego-przejadamy-sie-swieta\/#primaryimage"},"image":{"@id":"https:\/\/www.welovecycling.com\/pl\/2016\/12\/26\/dlaczego-przejadamy-sie-swieta\/#primaryimage"},"thumbnailUrl":"https:\/\/d2p6e6u75xmxt8.cloudfront.net\/5\/2016\/12\/324442424_2444211342.jpg","datePublished":"2016-12-26T15:10:38+00:00","dateModified":"2017-01-04T22:59:35+00:00","author":{"@id":"https:\/\/www.welovecycling.com\/pl\/#\/schema\/person\/0dba2d39da943db9df3fd8f4687e7f23"},"breadcrumb":{"@id":"https:\/\/www.welovecycling.com\/pl\/2016\/12\/26\/dlaczego-przejadamy-sie-swieta\/#breadcrumb"},"inLanguage":"pl-PL","potentialAction":[{"@type":"ReadAction","target":["https:\/\/www.welovecycling.com\/pl\/2016\/12\/26\/dlaczego-przejadamy-sie-swieta\/"]}]},{"@type":"ImageObject","inLanguage":"pl-PL","@id":"https:\/\/www.welovecycling.com\/pl\/2016\/12\/26\/dlaczego-przejadamy-sie-swieta\/#primaryimage","url":"https:\/\/d2p6e6u75xmxt8.cloudfront.net\/5\/2016\/12\/324442424_2444211342.jpg","contentUrl":"https:\/\/d2p6e6u75xmxt8.cloudfront.net\/5\/2016\/12\/324442424_2444211342.jpg","width":1375,"height":600},{"@type":"BreadcrumbList","@id":"https:\/\/www.welovecycling.com\/pl\/2016\/12\/26\/dlaczego-przejadamy-sie-swieta\/#breadcrumb","itemListElement":[{"@type":"ListItem","position":1,"name":"Home","item":"https:\/\/www.welovecycling.com\/pl\/"},{"@type":"ListItem","position":2,"name":"Dlaczego przejadamy si\u0119 w \u015bwi\u0119ta?"}]},{"@type":"WebSite","@id":"https:\/\/www.welovecycling.com\/pl\/#website","url":"https:\/\/www.welovecycling.com\/pl\/","name":"\u0160koda We Love Cycling - Poland","description":"","potentialAction":[{"@type":"SearchAction","target":{"@type":"EntryPoint","urlTemplate":"https:\/\/www.welovecycling.com\/pl\/?s={search_term_string}"},"query-input":{"@type":"PropertyValueSpecification","valueRequired":true,"valueName":"search_term_string"}}],"inLanguage":"pl-PL"},{"@type":"Person","@id":"https:\/\/www.welovecycling.com\/pl\/#\/schema\/person\/0dba2d39da943db9df3fd8f4687e7f23","name":"piotrboczkowski","image":{"@type":"ImageObject","inLanguage":"pl-PL","@id":"https:\/\/www.welovecycling.com\/pl\/#\/schema\/person\/image\/","url":"https:\/\/secure.gravatar.com\/avatar\/533caccae14752e03a2ce2d3fd62d1b98b93e1393c3195c27819e53344ca1ace?s=96&d=mm&r=g","contentUrl":"https:\/\/secure.gravatar.com\/avatar\/533caccae14752e03a2ce2d3fd62d1b98b93e1393c3195c27819e53344ca1ace?s=96&d=mm&r=g","caption":"piotrboczkowski"},"url":"https:\/\/www.welovecycling.com\/pl\/author\/piotrboczkowski\/"}]}},"_links":{"self":[{"href":"https:\/\/www.welovecycling.com\/pl\/wp-json\/wp\/v2\/posts\/2696","targetHints":{"allow":["GET"]}}],"collection":[{"href":"https:\/\/www.welovecycling.com\/pl\/wp-json\/wp\/v2\/posts"}],"about":[{"href":"https:\/\/www.welovecycling.com\/pl\/wp-json\/wp\/v2\/types\/post"}],"author":[{"embeddable":true,"href":"https:\/\/www.welovecycling.com\/pl\/wp-json\/wp\/v2\/users\/76"}],"replies":[{"embeddable":true,"href":"https:\/\/www.welovecycling.com\/pl\/wp-json\/wp\/v2\/comments?post=2696"}],"version-history":[{"count":2,"href":"https:\/\/www.welovecycling.com\/pl\/wp-json\/wp\/v2\/posts\/2696\/revisions"}],"predecessor-version":[{"id":2699,"href":"https:\/\/www.welovecycling.com\/pl\/wp-json\/wp\/v2\/posts\/2696\/revisions\/2699"}],"wp:featuredmedia":[{"embeddable":true,"href":"https:\/\/www.welovecycling.com\/pl\/wp-json\/wp\/v2\/media\/2700"}],"wp:attachment":[{"href":"https:\/\/www.welovecycling.com\/pl\/wp-json\/wp\/v2\/media?parent=2696"}],"wp:term":[{"taxonomy":"category","embeddable":true,"href":"https:\/\/www.welovecycling.com\/pl\/wp-json\/wp\/v2\/categories?post=2696"},{"taxonomy":"post_tag","embeddable":true,"href":"https:\/\/www.welovecycling.com\/pl\/wp-json\/wp\/v2\/tags?post=2696"},{"taxonomy":"global-categories","embeddable":true,"href":"https:\/\/www.welovecycling.com\/pl\/wp-json\/wp\/v2\/global-categories?post=2696"}],"curies":[{"name":"wp","href":"https:\/\/api.w.org\/{rel}","templated":true}]}}