{"id":2678,"date":"2016-12-21T15:04:27","date_gmt":"2016-12-21T15:04:27","guid":{"rendered":"https:\/\/www.welovecycling.com\/pl\/?p=2678"},"modified":"2017-01-04T23:00:08","modified_gmt":"2017-01-04T23:00:08","slug":"obchodzic-swieta-bez-obzerania-sie","status":"publish","type":"post","link":"https:\/\/www.welovecycling.com\/pl\/2016\/12\/21\/obchodzic-swieta-bez-obzerania-sie\/","title":{"rendered":"Jak obchodzi\u0107 \u015bwi\u0119ta bez ob\u017cerania si\u0119"},"content":{"rendered":"<p style=\"text-align: justify;\">W idealnym \u015bwiecie nie musia\u0142by\u015b u\u017cywa\u0107 takich wym\u00f3wek jak \u201eZabior\u0119 to na p\u00f3\u017aniej\u201d, gdy tak naprawd\u0119 zamierzasz to po prostu wyrzuci\u0107, lub \u201eju\u017c jad\u0142em\u201d, gdy po prostu nie masz ochoty na to, co ci oferuj\u0105 raz za razem. Utrzymywanie zdrowej wagi jest wa\u017cne, a \u015bwi\u0119ta to czas najtrudniejszej pr\u00f3by. Ale czy wiesz, \u017ce jest sprawdzony spos\u00f3b na unikni\u0119cie dodatkowych kilogram\u00f3w, kt\u00f3re zwykle zyskiwa\u0142e\u015b przez \u015bwi\u0119ta? Po prostu obchod\u017a \u015bwi\u0119ta bez ob\u017cerania si\u0119!<!--more--><\/p>\n<p style=\"text-align: justify;\"><strong>Jak to zrobi\u0107?<\/strong><\/p>\n<p style=\"text-align: justify;\">Cz\u0119sto traktujemy jedzenie jak co\u015b, co zajmuje nam r\u0119ce lub co stanowi g\u0142\u00f3wny punkt wieczoru. A nie musi przecie\u017c tak by\u0107! Je\u015bli zaplanujesz \u015bwi\u0119ta z wyprzedzeniem, u\u0142o\u017cysz wiecz\u00f3r w taki spos\u00f3b, by jedzenie nie by\u0142o jego g\u0142\u00f3wnym punktem. Popro\u015b nawet go\u015bci, aby przynie\u015bli swoje jedzenie lub alkohol i przypomnij im, by wzi\u0119li co\u015b na z\u0105b przed przybyciem lub po posi\u0142ku. Wybierz gry i zabawy i spraw by to one by\u0142y g\u0142\u00f3wnym punktem wieczoru. Zbli\u017c twoich przyjaci\u00f3\u0142 lub rodzin\u0119 do siebie, robi\u0105c co\u015b nowego, zajmuj\u0105cego, zamiast tylko je\u015b\u0107, rozmawia\u0107 i siedzie\u0107. Poni\u017cej kilka pomys\u0142\u00f3w, jak to zrobi\u0107.<\/p>\n<p style=\"text-align: justify;\"><strong>Wybierz si\u0119 na pe\u0142n\u0105 przyg\u00f3d przeja\u017cd\u017ck\u0119 rowerow\u0105 \/ spacer w \u015bniegu<\/strong><\/p>\n<p style=\"text-align: justify;\">Sp\u0119dzanie czasu na zewn\u0105trz, w ruchu, to zawsze dobry pomys\u0142, szczeg\u00f3lnie w czasie \u015bwi\u0105t. Zbierz grup\u0119 amator\u00f3w kolarstwa i wybierzcie si\u0119 na \u015bnie\u017cn\u0105 przeja\u017cd\u017ck\u0119. B\u0119dzie pe\u0142na przyg\u00f3d, zapomnisz o li\u015bcie rzeczy do zrobienia, no i na pewno nie b\u0119dzie ci\u0119 prze\u015bladowa\u0142a my\u015bl o jedzeniu. Innym dobrym pomys\u0142em jest spacer \u2013 gdy ziemi\u0119 pokrywa warstwa \u015bniegu zobaczysz \u015blady zwierz\u0105t, a znajome miejsca b\u0119d\u0105 wygl\u0105da\u0142y inaczej, ubrane na bia\u0142o. Spraw, \u017ce wyprawa po choink\u0119 b\u0119dzie ciekaw\u0105 przygod\u0105, a nie kolejnym zadaniem do wykonania.<\/p>\n<p>https:\/\/www.instagram.com\/p\/BFn6IV5iljo\/<\/p>\n<p style=\"text-align: justify;\"><strong>Id\u017a na \u0142y\u017cwy<\/strong><\/p>\n<p style=\"text-align: justify;\">Jazda na \u0142y\u017cwach jest \u015bwietn\u0105 form\u0105 aktywno\u015bci. Idealnie pasuje do romantycznego popo\u0142udnia, jako rozrywka dla rodziny albo dla grupy przyjaci\u00f3\u0142. Nie ma znaczenia, jak dobrze je\u017adzisz, wszyscy b\u0119d\u0105 mieli wielki u\u015bmiech na ustach, \u015blizgaj\u0105c si\u0119 po \u015bliskiej powierzchni. Je\u015bli b\u0119dziesz mia\u0142 szcz\u0119\u015bcie, mo\u017cesz trafi\u0107 na lodowisko w klimacie \u015bwi\u0105tecznym, z kolorowymi lampkami i kol\u0119dami.<\/p>\n<p style=\"text-align: justify;\"><strong>Dekorujcie dom razem<\/strong><\/p>\n<p style=\"text-align: justify;\">Niekt\u00f3rzy ludzie lubi\u0105 dekorowa\u0107 dom i choink\u0119, natomiast inni traktuj\u0105 to jak prac\u0119. Jedno jest pewne, zawsze lepiej robi\u0107 to z tymi, kt\u00f3rych lubisz. Zagrajcie w gr\u0119 karcian\u0105 lub planszow\u0105, aby zorganizowa\u0107 przyjemny wiecz\u00f3r. To \u015bwietny spos\u00f3b na zaj\u0119cie r\u0105k, aby nie podjada\u0107.<\/p>\n<p style=\"text-align: justify;\"><strong>Wyjd\u017a na zewn\u0105trz<\/strong><\/p>\n<p style=\"text-align: justify;\">Wyjd\u017a na \u015bpiewanie kol\u0119d, p\u00f3jd\u017a na przedstawienie, albo po prostu do kina. \u015awi\u0119ta s\u0105 zawsze wype\u0142nione interesuj\u0105cymi wydarzeniami w okolicy. Sprawd\u017a je, a zdziwisz si\u0119, co znajdziesz. Pami\u0119taj tylko, degustacje ser\u00f3w i win to nie jest wydarzenie, kt\u00f3re mamy na my\u015bli.<\/p>\n<p><iframe loading=\"lazy\" src=\"https:\/\/www.youtube-nocookie.com\/embed\/x84GKqcpY4E\" width=\"782\" height=\"465\" frameborder=\"0\" allowfullscreen=\"allowfullscreen\"><\/iframe><\/p>\n","protected":false},"excerpt":{"rendered":"<p>W idealnym \u015bwiecie nie musia\u0142by\u015b u\u017cywa\u0107 takich wym\u00f3wek jak \u201eZabior\u0119 to na p\u00f3\u017aniej\u201d, gdy tak naprawd\u0119 zamierzasz to po prostu [&hellip;]<\/p>\n","protected":false},"author":1,"featured_media":2679,"comment_status":"open","ping_status":"open","sticky":false,"template":"","format":"standard","meta":{"footnotes":""},"categories":[1],"tags":[62],"global-categories":[],"class_list":["post-2678","post","type-post","status-publish","format-standard","has-post-thumbnail","hentry","category-uncategorized","tag-porady"],"yoast_head":"<!-- This site is optimized with the Yoast SEO Premium plugin v25.3 (Yoast SEO v25.9) - https:\/\/yoast.com\/wordpress\/plugins\/seo\/ -->\n<title>Jak obchodzi\u0107 \u015bwi\u0119ta bez ob\u017cerania si\u0119 - \u0160koda We Love Cycling - Poland<\/title>\n<meta name=\"robots\" content=\"index, follow, max-snippet:-1, max-image-preview:large, max-video-preview:-1\" \/>\n<link rel=\"canonical\" href=\"https:\/\/www.welovecycling.com\/pl\/2016\/12\/21\/obchodzic-swieta-bez-obzerania-sie\/\" \/>\n<meta property=\"og:locale\" content=\"pl_PL\" \/>\n<meta property=\"og:type\" content=\"article\" \/>\n<meta property=\"og:title\" content=\"Jak obchodzi\u0107 \u015bwi\u0119ta bez ob\u017cerania si\u0119\" \/>\n<meta property=\"og:description\" content=\"W idealnym \u015bwiecie nie musia\u0142by\u015b u\u017cywa\u0107 takich wym\u00f3wek jak \u201eZabior\u0119 to na p\u00f3\u017aniej\u201d, gdy tak naprawd\u0119 zamierzasz to po prostu [&hellip;]\" \/>\n<meta property=\"og:url\" content=\"https:\/\/www.welovecycling.com\/pl\/2016\/12\/21\/obchodzic-swieta-bez-obzerania-sie\/\" \/>\n<meta property=\"og:site_name\" content=\"\u0160koda We Love Cycling - Poland\" \/>\n<meta property=\"article:published_time\" content=\"2016-12-21T15:04:27+00:00\" \/>\n<meta property=\"article:modified_time\" content=\"2017-01-04T23:00:08+00:00\" \/>\n<meta property=\"og:image\" content=\"https:\/\/d2p6e6u75xmxt8.cloudfront.net\/5\/2016\/12\/3311331_313113.jpg\" \/>\n\t<meta property=\"og:image:width\" content=\"1375\" \/>\n\t<meta property=\"og:image:height\" content=\"600\" \/>\n\t<meta property=\"og:image:type\" content=\"image\/jpeg\" \/>\n<meta name=\"author\" content=\"WeLoveCycling\" \/>\n<meta name=\"twitter:card\" content=\"summary_large_image\" \/>\n<meta name=\"twitter:label1\" content=\"Written by\" \/>\n\t<meta name=\"twitter:data1\" content=\"WeLoveCycling\" \/>\n\t<meta name=\"twitter:label2\" content=\"Est. reading time\" \/>\n\t<meta name=\"twitter:data2\" content=\"3 minutes\" \/>\n<script type=\"application\/ld+json\" class=\"yoast-schema-graph\">{\"@context\":\"https:\/\/schema.org\",\"@graph\":[{\"@type\":\"WebPage\",\"@id\":\"https:\/\/www.welovecycling.com\/pl\/2016\/12\/21\/obchodzic-swieta-bez-obzerania-sie\/\",\"url\":\"https:\/\/www.welovecycling.com\/pl\/2016\/12\/21\/obchodzic-swieta-bez-obzerania-sie\/\",\"name\":\"Jak obchodzi\u0107 \u015bwi\u0119ta bez ob\u017cerania si\u0119 - \u0160koda We Love Cycling - Poland\",\"isPartOf\":{\"@id\":\"https:\/\/www.welovecycling.com\/pl\/#website\"},\"primaryImageOfPage\":{\"@id\":\"https:\/\/www.welovecycling.com\/pl\/2016\/12\/21\/obchodzic-swieta-bez-obzerania-sie\/#primaryimage\"},\"image\":{\"@id\":\"https:\/\/www.welovecycling.com\/pl\/2016\/12\/21\/obchodzic-swieta-bez-obzerania-sie\/#primaryimage\"},\"thumbnailUrl\":\"https:\/\/d2p6e6u75xmxt8.cloudfront.net\/5\/2016\/12\/3311331_313113.jpg\",\"datePublished\":\"2016-12-21T15:04:27+00:00\",\"dateModified\":\"2017-01-04T23:00:08+00:00\",\"author\":{\"@id\":\"https:\/\/www.welovecycling.com\/pl\/#\/schema\/person\/e5187c9cac8dd619ebc7b41bd73c2fd9\"},\"breadcrumb\":{\"@id\":\"https:\/\/www.welovecycling.com\/pl\/2016\/12\/21\/obchodzic-swieta-bez-obzerania-sie\/#breadcrumb\"},\"inLanguage\":\"pl-PL\",\"potentialAction\":[{\"@type\":\"ReadAction\",\"target\":[\"https:\/\/www.welovecycling.com\/pl\/2016\/12\/21\/obchodzic-swieta-bez-obzerania-sie\/\"]}]},{\"@type\":\"ImageObject\",\"inLanguage\":\"pl-PL\",\"@id\":\"https:\/\/www.welovecycling.com\/pl\/2016\/12\/21\/obchodzic-swieta-bez-obzerania-sie\/#primaryimage\",\"url\":\"https:\/\/d2p6e6u75xmxt8.cloudfront.net\/5\/2016\/12\/3311331_313113.jpg\",\"contentUrl\":\"https:\/\/d2p6e6u75xmxt8.cloudfront.net\/5\/2016\/12\/3311331_313113.jpg\",\"width\":1375,\"height\":600},{\"@type\":\"BreadcrumbList\",\"@id\":\"https:\/\/www.welovecycling.com\/pl\/2016\/12\/21\/obchodzic-swieta-bez-obzerania-sie\/#breadcrumb\",\"itemListElement\":[{\"@type\":\"ListItem\",\"position\":1,\"name\":\"Home\",\"item\":\"https:\/\/www.welovecycling.com\/pl\/\"},{\"@type\":\"ListItem\",\"position\":2,\"name\":\"Jak obchodzi\u0107 \u015bwi\u0119ta bez ob\u017cerania si\u0119\"}]},{\"@type\":\"WebSite\",\"@id\":\"https:\/\/www.welovecycling.com\/pl\/#website\",\"url\":\"https:\/\/www.welovecycling.com\/pl\/\",\"name\":\"\u0160koda We Love Cycling - Poland\",\"description\":\"\",\"potentialAction\":[{\"@type\":\"SearchAction\",\"target\":{\"@type\":\"EntryPoint\",\"urlTemplate\":\"https:\/\/www.welovecycling.com\/pl\/?s={search_term_string}\"},\"query-input\":{\"@type\":\"PropertyValueSpecification\",\"valueRequired\":true,\"valueName\":\"search_term_string\"}}],\"inLanguage\":\"pl-PL\"},{\"@type\":\"Person\",\"@id\":\"https:\/\/www.welovecycling.com\/pl\/#\/schema\/person\/e5187c9cac8dd619ebc7b41bd73c2fd9\",\"name\":\"WeLoveCycling\",\"image\":{\"@type\":\"ImageObject\",\"inLanguage\":\"pl-PL\",\"@id\":\"https:\/\/www.welovecycling.com\/pl\/#\/schema\/person\/image\/\",\"url\":\"https:\/\/secure.gravatar.com\/avatar\/7e1ee0ecc5e294b19ef32b9f6086e0afbb9da00c3cb0d465ba4695331f4a9187?s=96&d=mm&r=g\",\"contentUrl\":\"https:\/\/secure.gravatar.com\/avatar\/7e1ee0ecc5e294b19ef32b9f6086e0afbb9da00c3cb0d465ba4695331f4a9187?s=96&d=mm&r=g\",\"caption\":\"WeLoveCycling\"},\"url\":\"https:\/\/www.welovecycling.com\/pl\/author\/lukascech\/\"}]}<\/script>\n<!-- \/ Yoast SEO Premium plugin. -->","yoast_head_json":{"title":"Jak obchodzi\u0107 \u015bwi\u0119ta bez ob\u017cerania si\u0119 - \u0160koda We Love Cycling - Poland","robots":{"index":"index","follow":"follow","max-snippet":"max-snippet:-1","max-image-preview":"max-image-preview:large","max-video-preview":"max-video-preview:-1"},"canonical":"https:\/\/www.welovecycling.com\/pl\/2016\/12\/21\/obchodzic-swieta-bez-obzerania-sie\/","og_locale":"pl_PL","og_type":"article","og_title":"Jak obchodzi\u0107 \u015bwi\u0119ta bez ob\u017cerania si\u0119","og_description":"W idealnym \u015bwiecie nie musia\u0142by\u015b u\u017cywa\u0107 takich wym\u00f3wek jak \u201eZabior\u0119 to na p\u00f3\u017aniej\u201d, gdy tak naprawd\u0119 zamierzasz to po prostu [&hellip;]","og_url":"https:\/\/www.welovecycling.com\/pl\/2016\/12\/21\/obchodzic-swieta-bez-obzerania-sie\/","og_site_name":"\u0160koda We Love Cycling - Poland","article_published_time":"2016-12-21T15:04:27+00:00","article_modified_time":"2017-01-04T23:00:08+00:00","og_image":[{"width":1375,"height":600,"url":"https:\/\/d2p6e6u75xmxt8.cloudfront.net\/5\/2016\/12\/3311331_313113.jpg","type":"image\/jpeg"}],"author":"WeLoveCycling","twitter_card":"summary_large_image","twitter_misc":{"Written by":"WeLoveCycling","Est. reading time":"3 minutes"},"schema":{"@context":"https:\/\/schema.org","@graph":[{"@type":"WebPage","@id":"https:\/\/www.welovecycling.com\/pl\/2016\/12\/21\/obchodzic-swieta-bez-obzerania-sie\/","url":"https:\/\/www.welovecycling.com\/pl\/2016\/12\/21\/obchodzic-swieta-bez-obzerania-sie\/","name":"Jak obchodzi\u0107 \u015bwi\u0119ta bez ob\u017cerania si\u0119 - \u0160koda We Love Cycling - Poland","isPartOf":{"@id":"https:\/\/www.welovecycling.com\/pl\/#website"},"primaryImageOfPage":{"@id":"https:\/\/www.welovecycling.com\/pl\/2016\/12\/21\/obchodzic-swieta-bez-obzerania-sie\/#primaryimage"},"image":{"@id":"https:\/\/www.welovecycling.com\/pl\/2016\/12\/21\/obchodzic-swieta-bez-obzerania-sie\/#primaryimage"},"thumbnailUrl":"https:\/\/d2p6e6u75xmxt8.cloudfront.net\/5\/2016\/12\/3311331_313113.jpg","datePublished":"2016-12-21T15:04:27+00:00","dateModified":"2017-01-04T23:00:08+00:00","author":{"@id":"https:\/\/www.welovecycling.com\/pl\/#\/schema\/person\/e5187c9cac8dd619ebc7b41bd73c2fd9"},"breadcrumb":{"@id":"https:\/\/www.welovecycling.com\/pl\/2016\/12\/21\/obchodzic-swieta-bez-obzerania-sie\/#breadcrumb"},"inLanguage":"pl-PL","potentialAction":[{"@type":"ReadAction","target":["https:\/\/www.welovecycling.com\/pl\/2016\/12\/21\/obchodzic-swieta-bez-obzerania-sie\/"]}]},{"@type":"ImageObject","inLanguage":"pl-PL","@id":"https:\/\/www.welovecycling.com\/pl\/2016\/12\/21\/obchodzic-swieta-bez-obzerania-sie\/#primaryimage","url":"https:\/\/d2p6e6u75xmxt8.cloudfront.net\/5\/2016\/12\/3311331_313113.jpg","contentUrl":"https:\/\/d2p6e6u75xmxt8.cloudfront.net\/5\/2016\/12\/3311331_313113.jpg","width":1375,"height":600},{"@type":"BreadcrumbList","@id":"https:\/\/www.welovecycling.com\/pl\/2016\/12\/21\/obchodzic-swieta-bez-obzerania-sie\/#breadcrumb","itemListElement":[{"@type":"ListItem","position":1,"name":"Home","item":"https:\/\/www.welovecycling.com\/pl\/"},{"@type":"ListItem","position":2,"name":"Jak obchodzi\u0107 \u015bwi\u0119ta bez ob\u017cerania si\u0119"}]},{"@type":"WebSite","@id":"https:\/\/www.welovecycling.com\/pl\/#website","url":"https:\/\/www.welovecycling.com\/pl\/","name":"\u0160koda We Love Cycling - Poland","description":"","potentialAction":[{"@type":"SearchAction","target":{"@type":"EntryPoint","urlTemplate":"https:\/\/www.welovecycling.com\/pl\/?s={search_term_string}"},"query-input":{"@type":"PropertyValueSpecification","valueRequired":true,"valueName":"search_term_string"}}],"inLanguage":"pl-PL"},{"@type":"Person","@id":"https:\/\/www.welovecycling.com\/pl\/#\/schema\/person\/e5187c9cac8dd619ebc7b41bd73c2fd9","name":"WeLoveCycling","image":{"@type":"ImageObject","inLanguage":"pl-PL","@id":"https:\/\/www.welovecycling.com\/pl\/#\/schema\/person\/image\/","url":"https:\/\/secure.gravatar.com\/avatar\/7e1ee0ecc5e294b19ef32b9f6086e0afbb9da00c3cb0d465ba4695331f4a9187?s=96&d=mm&r=g","contentUrl":"https:\/\/secure.gravatar.com\/avatar\/7e1ee0ecc5e294b19ef32b9f6086e0afbb9da00c3cb0d465ba4695331f4a9187?s=96&d=mm&r=g","caption":"WeLoveCycling"},"url":"https:\/\/www.welovecycling.com\/pl\/author\/lukascech\/"}]}},"_links":{"self":[{"href":"https:\/\/www.welovecycling.com\/pl\/wp-json\/wp\/v2\/posts\/2678","targetHints":{"allow":["GET"]}}],"collection":[{"href":"https:\/\/www.welovecycling.com\/pl\/wp-json\/wp\/v2\/posts"}],"about":[{"href":"https:\/\/www.welovecycling.com\/pl\/wp-json\/wp\/v2\/types\/post"}],"author":[{"embeddable":true,"href":"https:\/\/www.welovecycling.com\/pl\/wp-json\/wp\/v2\/users\/1"}],"replies":[{"embeddable":true,"href":"https:\/\/www.welovecycling.com\/pl\/wp-json\/wp\/v2\/comments?post=2678"}],"version-history":[{"count":1,"href":"https:\/\/www.welovecycling.com\/pl\/wp-json\/wp\/v2\/posts\/2678\/revisions"}],"predecessor-version":[{"id":2680,"href":"https:\/\/www.welovecycling.com\/pl\/wp-json\/wp\/v2\/posts\/2678\/revisions\/2680"}],"wp:featuredmedia":[{"embeddable":true,"href":"https:\/\/www.welovecycling.com\/pl\/wp-json\/wp\/v2\/media\/2679"}],"wp:attachment":[{"href":"https:\/\/www.welovecycling.com\/pl\/wp-json\/wp\/v2\/media?parent=2678"}],"wp:term":[{"taxonomy":"category","embeddable":true,"href":"https:\/\/www.welovecycling.com\/pl\/wp-json\/wp\/v2\/categories?post=2678"},{"taxonomy":"post_tag","embeddable":true,"href":"https:\/\/www.welovecycling.com\/pl\/wp-json\/wp\/v2\/tags?post=2678"},{"taxonomy":"global-categories","embeddable":true,"href":"https:\/\/www.welovecycling.com\/pl\/wp-json\/wp\/v2\/global-categories?post=2678"}],"curies":[{"name":"wp","href":"https:\/\/api.w.org\/{rel}","templated":true}]}}