{"id":2660,"date":"2016-12-09T07:24:53","date_gmt":"2016-12-09T07:24:53","guid":{"rendered":"https:\/\/www.welovecycling.com\/pl\/?p=2660"},"modified":"2017-01-04T23:01:26","modified_gmt":"2017-01-04T23:01:26","slug":"zostac-adaptujacym-tluszcze-cyklista-styl-zycia","status":"publish","type":"post","link":"https:\/\/www.welovecycling.com\/pl\/2016\/12\/09\/zostac-adaptujacym-tluszcze-cyklista-styl-zycia\/","title":{"rendered":"Dieta t\u0142uszczowa dla kolarzy: Styl \u017cycia"},"content":{"rendered":"<p style=\"text-align: justify;\">Jak zosta\u0107 atlet\u0105 adaptuj\u0105cym t\u0142uszcze? D\u0142ugoterminowe zdrowie, wydajno\u015b\u0107 metaboliczna i jasno\u015b\u0107 umys\u0142owa brzmi\u0105 bardzo dobrze, ale co zrobi\u0107, by je uzyska\u0107? Istnieje kilka obszar\u00f3w, na kt\u00f3rych musisz si\u0119 skupi\u0107. G\u0142\u00f3wnymi z nich s\u0105: dieta, trening i styl \u017cycia.<!--more--><br \/>\nPo pierwsze, nie jeste\u015bmy w stanie trenowa\u0107 cia\u0142a, aby u\u017cywa\u0142 t\u0142uszczu jako energii, gdy jeste\u015bmy zawsze blisko granicy beztlenowej. To samo tyczy si\u0119 spo\u017cywania w\u0119glowodan\u00f3w jako \u017ar\u00f3d\u0142a energii. Porozmawiamy o konkretnych zmianach, kt\u00f3re mo\u017cemy wprowadzi\u0107 w diecie i treningach. Sp\u00f3jrzmy teraz na og\u00f3lne zwyczaje zwi\u0105zane ze stylem \u017cycia, kt\u00f3re wp\u0142ywaj\u0105 na nasz\u0105 umiej\u0119tno\u015b\u0107 pomy\u015blnego spalania t\u0142uszcz\u00f3w jako paliwa, oraz na zmiany, kt\u00f3re mo\u017cemy w tej sferze wprowadzi\u0107.<\/p>\n<p style=\"text-align: justify;\">Radzenie sobie z przewlek\u0142ym stresem<\/p>\n<p style=\"text-align: justify;\">Zwi\u0105zki, praca, finanse, \u015brodowisko, \u0107wiczenia \u2013 istnieje wiele potencjalnych czynnik\u00f3w stresogennych w naszym \u017cyciu. Musimy nauczy\u0107 si\u0119, jak radzi\u0107 sobie z tymi, kt\u00f3re mog\u0105 sta\u0107 si\u0119 przewlek\u0142e. Wydzielanie kortyzolu w reakcji na powtarzaj\u0105c\u0105 si\u0119 sytuacj\u0119 stresow\u0105 mo\u017ce zniweczy\u0107 nasze wysi\u0142ki wprowadzenia zmiany w stylu \u017cycia, szczeg\u00f3lnie w zakresie metabolizmu. Powinni\u015bmy uznawa\u0107 stres za co\u015b, co pomaga nam osi\u0105ga\u0107 lepsze wyniki, nie jako co\u015b niebezpiecznego. Je\u015bli jednak stres wywo\u0142ywany przez jeden czynnik wyst\u0119puje zbyt cz\u0119sto, musimy dokona\u0107 zmian.<\/p>\n<p style=\"text-align: justify;\">Wa\u017cne, by zrozumie\u0107, \u017ce zmiana jest sama w sobie czynnikiem stresowym dla organizmu. Dlatego sugerujemy rozwag\u0119 i s\u0142uchanie w\u0142asnego cia\u0142a zamiast bezmy\u015blnego liczenia kalorii i odbywania zaplanowanych z g\u00f3ry sesji treningowych, na kt\u00f3re nie jeste\u015b jeszcze gotowy.<\/p>\n<p style=\"text-align: justify;\">Doce\u0144 sen i okres odzyskiwania si\u0142<\/p>\n<p style=\"text-align: justify;\">Przemiana w stron\u0119 adaptacji t\u0142uszcz\u00f3w oznacza wprowadzenie zmian na poziomie kom\u00f3rkowym. T\u0142uszcz wymaga wi\u0119cej tlenu ni\u017c w\u0119glowodan, aby przeistoczy\u0107 si\u0119 w energi\u0119, wi\u0119c twoje cia\u0142o b\u0119dzie musia\u0142o stworzy\u0107 wi\u0119cej mitochondri\u00f3w, aby nad\u0105\u017cy\u0107 za zapotrzebowaniem. To dlatego prawid\u0142owa regeneracja jest tak istotna.<\/p>\n<p style=\"text-align: justify;\">Podstawowym czynnikiem regeneracji jest dobrej jako\u015bci, g\u0142\u0119boki sen. Spr\u00f3buj wyeliminowa\u0107 niebieskie \u015bwiat\u0142o (ekrany ka\u017cdego rodzaju) na 2 godziny przed snem. Zmniejsz temperatur\u0119 w pokoju i zga\u015b \u015bwiat\u0142o. Po\u0142\u00f3\u017c si\u0119 do spania w spokoju. Aktywne techniki regeneracji, takie jak sauna, leje wodne, masa\u017ce i uzupe\u0142niaj\u0105 aktywno\u015b\u0107 fizyczna, takie jak p\u0142ywanie i joga, s\u0105 r\u00f3wnie\u017c przydatne.<\/p>\n<p style=\"text-align: justify;\">Poczekaj<\/p>\n<p style=\"text-align: justify;\">Pami\u0119taj, \u017ce genetyka jest r\u00f3wnie\u017c wa\u017cnym czynnikiem. Niekt\u00f3rzy lepiej radz\u0105 sobie ze spalaniem t\u0142uszcz\u00f3w, w przeciwie\u0144stwie do spalania w\u0119glowodan\u00f3w. Mimo, \u017ce na proces ten wp\u0142ywa styl \u017cycia, dieta i \u0107wiczenia, mo\u017ce to zaj\u0105\u0107 troch\u0119 czasu. Podstawowy proces adaptacji t\u0142uszcz\u00f3w zwykle zajmuje cztery tygodnie, ale do osi\u0105gni\u0119cia pe\u0142nych rezultat\u00f3w mo\u017ce min\u0105\u0107 nawet kilka lat. B\u0105d\u017a cierpliwy.<\/p>\n<p style=\"text-align: justify;\">(\u017ar\u00f3d\u0142o zdj\u0119\u0107: welovecycling.com)<\/p>\n","protected":false},"excerpt":{"rendered":"<p>Jak zosta\u0107 atlet\u0105 adaptuj\u0105cym t\u0142uszcze? D\u0142ugoterminowe zdrowie, wydajno\u015b\u0107 metaboliczna i jasno\u015b\u0107 umys\u0142owa brzmi\u0105 bardzo dobrze, ale co zrobi\u0107, by je [&hellip;]<\/p>\n","protected":false},"author":1,"featured_media":2665,"comment_status":"open","ping_status":"open","sticky":false,"template":"","format":"standard","meta":{"footnotes":""},"categories":[4],"tags":[16],"global-categories":[],"class_list":["post-2660","post","type-post","status-publish","format-standard","has-post-thumbnail","hentry","category-zdrowie-i-trening","tag-zdrowie"],"yoast_head":"<!-- This site is optimized with the Yoast SEO Premium plugin v25.3 (Yoast SEO v25.9) - https:\/\/yoast.com\/wordpress\/plugins\/seo\/ -->\n<title>Dieta t\u0142uszczowa dla kolarzy: Styl \u017cycia - \u0160koda We Love Cycling - Poland<\/title>\n<meta name=\"robots\" content=\"index, follow, max-snippet:-1, max-image-preview:large, max-video-preview:-1\" \/>\n<link rel=\"canonical\" href=\"https:\/\/www.welovecycling.com\/pl\/2016\/12\/09\/zostac-adaptujacym-tluszcze-cyklista-styl-zycia\/\" \/>\n<meta property=\"og:locale\" content=\"pl_PL\" \/>\n<meta property=\"og:type\" content=\"article\" \/>\n<meta property=\"og:title\" content=\"Dieta t\u0142uszczowa dla kolarzy: Styl \u017cycia\" \/>\n<meta property=\"og:description\" content=\"Jak zosta\u0107 atlet\u0105 adaptuj\u0105cym t\u0142uszcze? D\u0142ugoterminowe zdrowie, wydajno\u015b\u0107 metaboliczna i jasno\u015b\u0107 umys\u0142owa brzmi\u0105 bardzo dobrze, ale co zrobi\u0107, by je [&hellip;]\" \/>\n<meta property=\"og:url\" content=\"https:\/\/www.welovecycling.com\/pl\/2016\/12\/09\/zostac-adaptujacym-tluszcze-cyklista-styl-zycia\/\" \/>\n<meta property=\"og:site_name\" content=\"\u0160koda We Love Cycling - Poland\" \/>\n<meta property=\"article:published_time\" content=\"2016-12-09T07:24:53+00:00\" \/>\n<meta property=\"article:modified_time\" content=\"2017-01-04T23:01:26+00:00\" \/>\n<meta property=\"og:image\" content=\"https:\/\/d2p6e6u75xmxt8.cloudfront.net\/5\/2016\/12\/jpg.jpg\" \/>\n\t<meta property=\"og:image:width\" content=\"1375\" \/>\n\t<meta property=\"og:image:height\" content=\"600\" \/>\n\t<meta property=\"og:image:type\" content=\"image\/jpeg\" \/>\n<meta name=\"author\" content=\"WeLoveCycling\" \/>\n<meta name=\"twitter:card\" content=\"summary_large_image\" \/>\n<meta name=\"twitter:label1\" content=\"Written by\" \/>\n\t<meta name=\"twitter:data1\" content=\"WeLoveCycling\" \/>\n\t<meta name=\"twitter:label2\" content=\"Est. reading time\" \/>\n\t<meta name=\"twitter:data2\" content=\"2 minutes\" \/>\n<script type=\"application\/ld+json\" class=\"yoast-schema-graph\">{\"@context\":\"https:\/\/schema.org\",\"@graph\":[{\"@type\":\"WebPage\",\"@id\":\"https:\/\/www.welovecycling.com\/pl\/2016\/12\/09\/zostac-adaptujacym-tluszcze-cyklista-styl-zycia\/\",\"url\":\"https:\/\/www.welovecycling.com\/pl\/2016\/12\/09\/zostac-adaptujacym-tluszcze-cyklista-styl-zycia\/\",\"name\":\"Dieta t\u0142uszczowa dla kolarzy: Styl \u017cycia - \u0160koda We Love Cycling - Poland\",\"isPartOf\":{\"@id\":\"https:\/\/www.welovecycling.com\/pl\/#website\"},\"primaryImageOfPage\":{\"@id\":\"https:\/\/www.welovecycling.com\/pl\/2016\/12\/09\/zostac-adaptujacym-tluszcze-cyklista-styl-zycia\/#primaryimage\"},\"image\":{\"@id\":\"https:\/\/www.welovecycling.com\/pl\/2016\/12\/09\/zostac-adaptujacym-tluszcze-cyklista-styl-zycia\/#primaryimage\"},\"thumbnailUrl\":\"https:\/\/d2p6e6u75xmxt8.cloudfront.net\/5\/2016\/12\/jpg.jpg\",\"datePublished\":\"2016-12-09T07:24:53+00:00\",\"dateModified\":\"2017-01-04T23:01:26+00:00\",\"author\":{\"@id\":\"https:\/\/www.welovecycling.com\/pl\/#\/schema\/person\/e5187c9cac8dd619ebc7b41bd73c2fd9\"},\"breadcrumb\":{\"@id\":\"https:\/\/www.welovecycling.com\/pl\/2016\/12\/09\/zostac-adaptujacym-tluszcze-cyklista-styl-zycia\/#breadcrumb\"},\"inLanguage\":\"pl-PL\",\"potentialAction\":[{\"@type\":\"ReadAction\",\"target\":[\"https:\/\/www.welovecycling.com\/pl\/2016\/12\/09\/zostac-adaptujacym-tluszcze-cyklista-styl-zycia\/\"]}]},{\"@type\":\"ImageObject\",\"inLanguage\":\"pl-PL\",\"@id\":\"https:\/\/www.welovecycling.com\/pl\/2016\/12\/09\/zostac-adaptujacym-tluszcze-cyklista-styl-zycia\/#primaryimage\",\"url\":\"https:\/\/d2p6e6u75xmxt8.cloudfront.net\/5\/2016\/12\/jpg.jpg\",\"contentUrl\":\"https:\/\/d2p6e6u75xmxt8.cloudfront.net\/5\/2016\/12\/jpg.jpg\",\"width\":1375,\"height\":600},{\"@type\":\"BreadcrumbList\",\"@id\":\"https:\/\/www.welovecycling.com\/pl\/2016\/12\/09\/zostac-adaptujacym-tluszcze-cyklista-styl-zycia\/#breadcrumb\",\"itemListElement\":[{\"@type\":\"ListItem\",\"position\":1,\"name\":\"Home\",\"item\":\"https:\/\/www.welovecycling.com\/pl\/\"},{\"@type\":\"ListItem\",\"position\":2,\"name\":\"Dieta t\u0142uszczowa dla kolarzy: Styl \u017cycia\"}]},{\"@type\":\"WebSite\",\"@id\":\"https:\/\/www.welovecycling.com\/pl\/#website\",\"url\":\"https:\/\/www.welovecycling.com\/pl\/\",\"name\":\"\u0160koda We Love Cycling - Poland\",\"description\":\"\",\"potentialAction\":[{\"@type\":\"SearchAction\",\"target\":{\"@type\":\"EntryPoint\",\"urlTemplate\":\"https:\/\/www.welovecycling.com\/pl\/?s={search_term_string}\"},\"query-input\":{\"@type\":\"PropertyValueSpecification\",\"valueRequired\":true,\"valueName\":\"search_term_string\"}}],\"inLanguage\":\"pl-PL\"},{\"@type\":\"Person\",\"@id\":\"https:\/\/www.welovecycling.com\/pl\/#\/schema\/person\/e5187c9cac8dd619ebc7b41bd73c2fd9\",\"name\":\"WeLoveCycling\",\"image\":{\"@type\":\"ImageObject\",\"inLanguage\":\"pl-PL\",\"@id\":\"https:\/\/www.welovecycling.com\/pl\/#\/schema\/person\/image\/\",\"url\":\"https:\/\/secure.gravatar.com\/avatar\/7e1ee0ecc5e294b19ef32b9f6086e0afbb9da00c3cb0d465ba4695331f4a9187?s=96&d=mm&r=g\",\"contentUrl\":\"https:\/\/secure.gravatar.com\/avatar\/7e1ee0ecc5e294b19ef32b9f6086e0afbb9da00c3cb0d465ba4695331f4a9187?s=96&d=mm&r=g\",\"caption\":\"WeLoveCycling\"},\"url\":\"https:\/\/www.welovecycling.com\/pl\/author\/lukascech\/\"}]}<\/script>\n<!-- \/ Yoast SEO Premium plugin. -->","yoast_head_json":{"title":"Dieta t\u0142uszczowa dla kolarzy: Styl \u017cycia - \u0160koda We Love Cycling - Poland","robots":{"index":"index","follow":"follow","max-snippet":"max-snippet:-1","max-image-preview":"max-image-preview:large","max-video-preview":"max-video-preview:-1"},"canonical":"https:\/\/www.welovecycling.com\/pl\/2016\/12\/09\/zostac-adaptujacym-tluszcze-cyklista-styl-zycia\/","og_locale":"pl_PL","og_type":"article","og_title":"Dieta t\u0142uszczowa dla kolarzy: Styl \u017cycia","og_description":"Jak zosta\u0107 atlet\u0105 adaptuj\u0105cym t\u0142uszcze? D\u0142ugoterminowe zdrowie, wydajno\u015b\u0107 metaboliczna i jasno\u015b\u0107 umys\u0142owa brzmi\u0105 bardzo dobrze, ale co zrobi\u0107, by je [&hellip;]","og_url":"https:\/\/www.welovecycling.com\/pl\/2016\/12\/09\/zostac-adaptujacym-tluszcze-cyklista-styl-zycia\/","og_site_name":"\u0160koda We Love Cycling - Poland","article_published_time":"2016-12-09T07:24:53+00:00","article_modified_time":"2017-01-04T23:01:26+00:00","og_image":[{"width":1375,"height":600,"url":"https:\/\/d2p6e6u75xmxt8.cloudfront.net\/5\/2016\/12\/jpg.jpg","type":"image\/jpeg"}],"author":"WeLoveCycling","twitter_card":"summary_large_image","twitter_misc":{"Written by":"WeLoveCycling","Est. reading time":"2 minutes"},"schema":{"@context":"https:\/\/schema.org","@graph":[{"@type":"WebPage","@id":"https:\/\/www.welovecycling.com\/pl\/2016\/12\/09\/zostac-adaptujacym-tluszcze-cyklista-styl-zycia\/","url":"https:\/\/www.welovecycling.com\/pl\/2016\/12\/09\/zostac-adaptujacym-tluszcze-cyklista-styl-zycia\/","name":"Dieta t\u0142uszczowa dla kolarzy: Styl \u017cycia - \u0160koda We Love Cycling - Poland","isPartOf":{"@id":"https:\/\/www.welovecycling.com\/pl\/#website"},"primaryImageOfPage":{"@id":"https:\/\/www.welovecycling.com\/pl\/2016\/12\/09\/zostac-adaptujacym-tluszcze-cyklista-styl-zycia\/#primaryimage"},"image":{"@id":"https:\/\/www.welovecycling.com\/pl\/2016\/12\/09\/zostac-adaptujacym-tluszcze-cyklista-styl-zycia\/#primaryimage"},"thumbnailUrl":"https:\/\/d2p6e6u75xmxt8.cloudfront.net\/5\/2016\/12\/jpg.jpg","datePublished":"2016-12-09T07:24:53+00:00","dateModified":"2017-01-04T23:01:26+00:00","author":{"@id":"https:\/\/www.welovecycling.com\/pl\/#\/schema\/person\/e5187c9cac8dd619ebc7b41bd73c2fd9"},"breadcrumb":{"@id":"https:\/\/www.welovecycling.com\/pl\/2016\/12\/09\/zostac-adaptujacym-tluszcze-cyklista-styl-zycia\/#breadcrumb"},"inLanguage":"pl-PL","potentialAction":[{"@type":"ReadAction","target":["https:\/\/www.welovecycling.com\/pl\/2016\/12\/09\/zostac-adaptujacym-tluszcze-cyklista-styl-zycia\/"]}]},{"@type":"ImageObject","inLanguage":"pl-PL","@id":"https:\/\/www.welovecycling.com\/pl\/2016\/12\/09\/zostac-adaptujacym-tluszcze-cyklista-styl-zycia\/#primaryimage","url":"https:\/\/d2p6e6u75xmxt8.cloudfront.net\/5\/2016\/12\/jpg.jpg","contentUrl":"https:\/\/d2p6e6u75xmxt8.cloudfront.net\/5\/2016\/12\/jpg.jpg","width":1375,"height":600},{"@type":"BreadcrumbList","@id":"https:\/\/www.welovecycling.com\/pl\/2016\/12\/09\/zostac-adaptujacym-tluszcze-cyklista-styl-zycia\/#breadcrumb","itemListElement":[{"@type":"ListItem","position":1,"name":"Home","item":"https:\/\/www.welovecycling.com\/pl\/"},{"@type":"ListItem","position":2,"name":"Dieta t\u0142uszczowa dla kolarzy: Styl \u017cycia"}]},{"@type":"WebSite","@id":"https:\/\/www.welovecycling.com\/pl\/#website","url":"https:\/\/www.welovecycling.com\/pl\/","name":"\u0160koda We Love Cycling - Poland","description":"","potentialAction":[{"@type":"SearchAction","target":{"@type":"EntryPoint","urlTemplate":"https:\/\/www.welovecycling.com\/pl\/?s={search_term_string}"},"query-input":{"@type":"PropertyValueSpecification","valueRequired":true,"valueName":"search_term_string"}}],"inLanguage":"pl-PL"},{"@type":"Person","@id":"https:\/\/www.welovecycling.com\/pl\/#\/schema\/person\/e5187c9cac8dd619ebc7b41bd73c2fd9","name":"WeLoveCycling","image":{"@type":"ImageObject","inLanguage":"pl-PL","@id":"https:\/\/www.welovecycling.com\/pl\/#\/schema\/person\/image\/","url":"https:\/\/secure.gravatar.com\/avatar\/7e1ee0ecc5e294b19ef32b9f6086e0afbb9da00c3cb0d465ba4695331f4a9187?s=96&d=mm&r=g","contentUrl":"https:\/\/secure.gravatar.com\/avatar\/7e1ee0ecc5e294b19ef32b9f6086e0afbb9da00c3cb0d465ba4695331f4a9187?s=96&d=mm&r=g","caption":"WeLoveCycling"},"url":"https:\/\/www.welovecycling.com\/pl\/author\/lukascech\/"}]}},"_links":{"self":[{"href":"https:\/\/www.welovecycling.com\/pl\/wp-json\/wp\/v2\/posts\/2660","targetHints":{"allow":["GET"]}}],"collection":[{"href":"https:\/\/www.welovecycling.com\/pl\/wp-json\/wp\/v2\/posts"}],"about":[{"href":"https:\/\/www.welovecycling.com\/pl\/wp-json\/wp\/v2\/types\/post"}],"author":[{"embeddable":true,"href":"https:\/\/www.welovecycling.com\/pl\/wp-json\/wp\/v2\/users\/1"}],"replies":[{"embeddable":true,"href":"https:\/\/www.welovecycling.com\/pl\/wp-json\/wp\/v2\/comments?post=2660"}],"version-history":[{"count":2,"href":"https:\/\/www.welovecycling.com\/pl\/wp-json\/wp\/v2\/posts\/2660\/revisions"}],"predecessor-version":[{"id":2671,"href":"https:\/\/www.welovecycling.com\/pl\/wp-json\/wp\/v2\/posts\/2660\/revisions\/2671"}],"wp:featuredmedia":[{"embeddable":true,"href":"https:\/\/www.welovecycling.com\/pl\/wp-json\/wp\/v2\/media\/2665"}],"wp:attachment":[{"href":"https:\/\/www.welovecycling.com\/pl\/wp-json\/wp\/v2\/media?parent=2660"}],"wp:term":[{"taxonomy":"category","embeddable":true,"href":"https:\/\/www.welovecycling.com\/pl\/wp-json\/wp\/v2\/categories?post=2660"},{"taxonomy":"post_tag","embeddable":true,"href":"https:\/\/www.welovecycling.com\/pl\/wp-json\/wp\/v2\/tags?post=2660"},{"taxonomy":"global-categories","embeddable":true,"href":"https:\/\/www.welovecycling.com\/pl\/wp-json\/wp\/v2\/global-categories?post=2660"}],"curies":[{"name":"wp","href":"https:\/\/api.w.org\/{rel}","templated":true}]}}