{"id":2613,"date":"2016-12-05T14:22:56","date_gmt":"2016-12-05T14:22:56","guid":{"rendered":"https:\/\/www.welovecycling.com\/pl\/?p=2613"},"modified":"2018-04-03T09:25:57","modified_gmt":"2018-04-03T09:25:57","slug":"przygotowac-rower-zimy-sprawdz-robi-bloger-roweroweporady-pl","status":"publish","type":"post","link":"https:\/\/www.welovecycling.com\/pl\/2016\/12\/05\/przygotowac-rower-zimy-sprawdz-robi-bloger-roweroweporady-pl\/","title":{"rendered":"Jak przygotowa\u0107 rower do zimy? Sprawd\u017a jak robi to bloger roweroweporady.pl"},"content":{"rendered":"<p style=\"text-align: justify;\">Sezon rowerowy nigdy si\u0119 nie ko\u0144czy &#8211; on trwa ca\u0142y rok. Mamy coraz lepsz\u0105 infrastruktur\u0119 rowerow\u0105, a kierowcy zwracaj\u0105 na nas wi\u0119ksz\u0105 uwag\u0119 (w ko\u0144cu wi\u0119kszo\u015b\u0107 z nich te\u017c je\u017adzi na rowerach). Warto jednak dobrze przygotowa\u0107 sw\u00f3j rower do jazdy zim\u0105. Warunki pogodowe nie zawsze s\u0105 sprzyjaj\u0105ce i potrafi\u0105 zmieni\u0107 si\u0119 w mgnieniu oka. Nie jest to szczeg\u00f3lnie trudne, ani kosztowne, g\u0142\u00f3wnie wymaga wi\u0119cej czasu ni\u017c latem. Ale je\u017celi po\u015bwi\u0119cimy go na zadbanie o rower, na wiosn\u0119 odwdzi\u0119czy si\u0119 nam bezproblemowym dzia\u0142aniem.<!--more--><\/p>\n<p style=\"text-align: justify;\">W zimie najgorsze nie jest wcale zimno, b\u0142oto po\u015bniegowe czy warstwy lodu pod \u015bniegiem. Najgorsza jest s\u00f3l drogowa. Oczywi\u015bcie z jednej strony jest bardzo potrzebna, poniewa\u017c dzi\u0119ki niej \u015bnieg szybciej topnieje i nie zamarza ponownie. Ale z drugiej strony, wp\u0142ywa niszczycielsko na wiele element\u00f3w w rowerze.<\/p>\n<p style=\"text-align: justify;\"><img loading=\"lazy\" decoding=\"async\" class=\"alignnone size-large wp-image-2272\" src=\"http:\/\/skoda-rowery.pl\/wp-content\/uploads\/2016\/12\/blotniki-rowerowe-1024x683.jpg\" alt=\"blotniki-rowerowe\" width=\"1024\" height=\"683\" \/><\/p>\n<p style=\"text-align: justify;\">Jak w takim razie zabezpieczy\u0107 si\u0119 przed sol\u0105? W pierwszej kolejno\u015bci warto za\u0142o\u017cy\u0107 b\u0142otniki. Nawet je\u017celi w lato je\u017adzisz bez, dobrze jest si\u0119 z nimi przeprosi\u0107 przynajmniej na zim\u0119. Najlepiej aby by\u0142y to pe\u0142ne, jak najd\u0142u\u017csze b\u0142otniki, z dodatkowymi chlapaczami na ko\u0144cach. Dzi\u0119ki nim mniej soli i b\u0142ota b\u0119dzie lecia\u0142o na Ciebie oraz Tw\u00f3j rower.\u00a0Bardzo wa\u017cne jest tak\u017ce cz\u0119stsze mycie roweru. Tak naprawd\u0119 \u0142a\u0144cuch, przerzutki, kaset\u0119 i korb\u0119 powinno si\u0119 przemy\u0107 przynajmniej ciep\u0142\u0105 wod\u0105 po ka\u017cdej przeja\u017cd\u017cce. A co jaki\u015b czas przemy\u0107 nap\u0119d odt\u0142uszczaczem. I oczywi\u015bcie dobrze nasmarowa\u0107 \u0142a\u0144cuch, najlepiej specjaln\u0105 oliwk\u0105.<\/p>\n<p style=\"text-align: justify;\">Je\u017celi masz dro\u017cszy rower, warto zastanowi\u0107 si\u0119 nad zakupem drugiego, ta\u0144szego &#8211; do jazdy zim\u0105. By\u0107 mo\u017ce wyjdzie to taniej, ni\u017c tymczasowa wymiana amortyzatora na sztywny widelec (amortyzatory bardzo nie lubi\u0105 soli) czy drogiego nap\u0119du na ta\u0144szy. Mo\u017cesz tak\u017ce pomy\u015ble\u0107 w\u0142a\u015bnie o wymianie najbardziej\u00a0newralgicznych element\u00f3w, ale nie zawsze jest to mo\u017cliwe.<\/p>\n<p style=\"text-align: justify;\"><img loading=\"lazy\" decoding=\"async\" class=\"alignnone size-large wp-image-2273\" src=\"http:\/\/skoda-rowery.pl\/wp-content\/uploads\/2016\/12\/lampki-rowerowe-1024x683.jpg\" alt=\"lampki-rowerowe\" width=\"1024\" height=\"683\" \/><\/p>\n<p style=\"text-align: justify;\">Podstawow\u0105 rzecz\u0105 jest tak\u017ce o\u015bwietlenie. Najlepiej w\u0142\u0105czone zawsze gdy jedziesz, nawet w dzie\u0144. Zim\u0105 przejrzysto\u015b\u0107 powietrza bywa gorsza ni\u017c latem, o wiele szybciej robi si\u0119 te\u017c ciemno. Wystarczy, \u017ce zacznie pada\u0107 \u015bnieg i staniesz si\u0119 ledwie widoczny. Pami\u0119taj te\u017c o bateriach w lampkach &#8211; gdy jest zimno, wyczerpuj\u0105 si\u0119 o wiele szybciej. Dobrze jest te\u017c porzuci\u0107 typowo zimow\u0105 kolorystyk\u0119. Czarny mo\u017ce i jest elegancki, ale tak\u017ce s\u0142abo widoczny. Nie musisz zak\u0142ada\u0107 kamizelki odblaskowej, wystarczy kolorowa kurtka, aby rzuca\u0107 si\u0119 w oczy.<\/p>\n<p style=\"text-align: justify;\"><img loading=\"lazy\" decoding=\"async\" class=\"alignnone size-large wp-image-2274\" src=\"http:\/\/skoda-rowery.pl\/wp-content\/uploads\/2016\/12\/opona-rowerowa-1024x683.jpg\" alt=\"opona-rowerowa\" width=\"1024\" height=\"683\" \/><\/p>\n<p style=\"text-align: justify;\">Kolejn\u0105 spraw\u0105 s\u0105 opony &#8211; zapomnij o g\u0142adkim, szosowym bie\u017cniku. B\u0119dzie Ci si\u0119 na nim dobrze je\u017adzi\u0142o, do czasu, gdy nie b\u0119dziesz musia\u0142 awaryjnie hamowa\u0107 na \u015bliskiej kostce. Na zim\u0119 najlepiej za\u0142o\u017cy\u0107 opony z bardziej terenowym, g\u0119stym bie\u017cnikiem (takim jak na zdj\u0119ciu, albo jeszcze bardziej agresywnym). I pompowa\u0107 je do minimalnego ci\u015bnienia, kt\u00f3re zaleca producent. To poprawi przyczepno\u015b\u0107 podczas jazdy.\u00a0Od kilku lat w Polsce mo\u017cna legalnie je\u017adzi\u0107 na oponach wyposa\u017conych w kolce. Jest to ciekawe rozwi\u0105zanie, ale tylko w przypadku, gdy je\u017adzisz non stop po nawierzchniach pokrytych \u015bniegiem czy lodem. Na asfalcie kolce bardzo szybko si\u0119 niszcz\u0105.<\/p>\n<p style=\"text-align: justify;\"><img loading=\"lazy\" decoding=\"async\" class=\"alignnone size-large wp-image-2275\" src=\"http:\/\/skoda-rowery.pl\/wp-content\/uploads\/2016\/12\/klocek-hamulcowy-1024x683.jpg\" alt=\"klocek-hamulcowy\" width=\"1024\" height=\"683\" \/><\/p>\n<p style=\"text-align: justify;\">Nie musz\u0119 chyba dodawa\u0107, \u017ce warto sprawdzi\u0107 stan klock\u00f3w hamulcowych. Oczywi\u015bcie trzeba to robi\u0107 przez ca\u0142y rok, ale zim\u0105, gdy spada przyczepno\u015b\u0107 oraz jest du\u017ca wilgo\u0107, jest to szczeg\u00f3lnie istotne. Klocki nie s\u0105 drogie, a wymieni\u0107 mo\u017cna je w domowym zaciszu. Je\u017celi masz hamulce szcz\u0119kowe, a na klockach nie widzisz ju\u017c rowk\u00f3w do odprowadzania wody &#8211; to znak, \u017ce trzeba je natychmiast wymieni\u0107.<\/p>\n<p style=\"text-align: justify;\">Dobrze jest tak\u017ce zadba\u0107 o ciep\u0142e miejsce do przechowywania roweru. Najlepiej trzyma\u0107 go w mieszkaniu lub suchej piwnicy. Je\u017celi nie masz miejsca w pokoju, pomy\u015bl nad zakupem wieszaka na rower, dzi\u0119ki kt\u00f3remu powiesisz go na \u015bcianie lub suficie. Trzymanie roweru na balkonie nie jest najszcz\u0119\u015bliwszym rozwi\u0105zaniem. Ale je\u017celi nie masz ju\u017c wyj\u015bcia, przynajmniej zadbaj o to, aby by\u0142 suchy i schowany do szczelnego pokrowca, kt\u00f3ry b\u0119dzie chroni\u0142 rower przed wilgoci\u0105.<\/p>\n<p style=\"text-align: justify;\">Dobre przygotowanie roweru do zimy to ju\u017c po\u0142owa sukcesu. Warto je\u017adzi\u0107 ca\u0142y rok &#8211; organizm si\u0119 hartuje, a rower nie stoi bezczynnie.<\/p>\n<p style=\"text-align: justify;\">(\u017ar\u00f3d\u0142o zdj\u0119\u0107: roweroweporady.pl)<\/p>\n<p style=\"text-align: justify;\">\n","protected":false},"excerpt":{"rendered":"<p>Sezon rowerowy nigdy si\u0119 nie ko\u0144czy &#8211; on trwa ca\u0142y rok. Mamy coraz lepsz\u0105 infrastruktur\u0119 rowerow\u0105, a kierowcy zwracaj\u0105 na [&hellip;]<\/p>\n","protected":false},"author":1,"featured_media":2621,"comment_status":"open","ping_status":"open","sticky":false,"template":"","format":"standard","meta":{"footnotes":""},"categories":[4],"tags":[62],"global-categories":[],"class_list":["post-2613","post","type-post","status-publish","format-standard","has-post-thumbnail","hentry","category-zdrowie-i-trening","tag-porady"],"yoast_head":"<!-- This site is optimized with the Yoast SEO Premium plugin v25.3 (Yoast SEO v25.9) - https:\/\/yoast.com\/wordpress\/plugins\/seo\/ -->\n<title>Jak przygotowa\u0107 rower do zimy? Sprawd\u017a jak robi to bloger roweroweporady.pl - \u0160koda We Love Cycling - Poland<\/title>\n<meta name=\"robots\" content=\"index, follow, max-snippet:-1, max-image-preview:large, max-video-preview:-1\" \/>\n<link rel=\"canonical\" href=\"https:\/\/www.welovecycling.com\/pl\/2016\/12\/05\/przygotowac-rower-zimy-sprawdz-robi-bloger-roweroweporady-pl\/\" \/>\n<meta property=\"og:locale\" content=\"pl_PL\" \/>\n<meta property=\"og:type\" content=\"article\" \/>\n<meta property=\"og:title\" content=\"Jak przygotowa\u0107 rower do zimy? Sprawd\u017a jak robi to bloger roweroweporady.pl\" \/>\n<meta property=\"og:description\" content=\"Sezon rowerowy nigdy si\u0119 nie ko\u0144czy &#8211; on trwa ca\u0142y rok. Mamy coraz lepsz\u0105 infrastruktur\u0119 rowerow\u0105, a kierowcy zwracaj\u0105 na [&hellip;]\" \/>\n<meta property=\"og:url\" content=\"https:\/\/www.welovecycling.com\/pl\/2016\/12\/05\/przygotowac-rower-zimy-sprawdz-robi-bloger-roweroweporady-pl\/\" \/>\n<meta property=\"og:site_name\" content=\"\u0160koda We Love Cycling - Poland\" \/>\n<meta property=\"article:published_time\" content=\"2016-12-05T14:22:56+00:00\" \/>\n<meta property=\"article:modified_time\" content=\"2018-04-03T09:25:57+00:00\" \/>\n<meta property=\"og:image\" content=\"https:\/\/d2p6e6u75xmxt8.cloudfront.net\/5\/2016\/12\/skoda1-1024x682.png\" \/>\n\t<meta property=\"og:image:width\" content=\"1024\" \/>\n\t<meta property=\"og:image:height\" content=\"682\" \/>\n\t<meta property=\"og:image:type\" content=\"image\/png\" \/>\n<meta name=\"author\" content=\"WeLoveCycling\" \/>\n<meta name=\"twitter:card\" content=\"summary_large_image\" \/>\n<meta name=\"twitter:label1\" content=\"Written by\" \/>\n\t<meta name=\"twitter:data1\" content=\"WeLoveCycling\" \/>\n\t<meta name=\"twitter:label2\" content=\"Est. reading time\" \/>\n\t<meta name=\"twitter:data2\" content=\"4 minutes\" \/>\n<script type=\"application\/ld+json\" class=\"yoast-schema-graph\">{\"@context\":\"https:\/\/schema.org\",\"@graph\":[{\"@type\":\"WebPage\",\"@id\":\"https:\/\/www.welovecycling.com\/pl\/2016\/12\/05\/przygotowac-rower-zimy-sprawdz-robi-bloger-roweroweporady-pl\/\",\"url\":\"https:\/\/www.welovecycling.com\/pl\/2016\/12\/05\/przygotowac-rower-zimy-sprawdz-robi-bloger-roweroweporady-pl\/\",\"name\":\"Jak przygotowa\u0107 rower do zimy? Sprawd\u017a jak robi to bloger roweroweporady.pl - \u0160koda We Love Cycling - Poland\",\"isPartOf\":{\"@id\":\"https:\/\/www.welovecycling.com\/pl\/#website\"},\"primaryImageOfPage\":{\"@id\":\"https:\/\/www.welovecycling.com\/pl\/2016\/12\/05\/przygotowac-rower-zimy-sprawdz-robi-bloger-roweroweporady-pl\/#primaryimage\"},\"image\":{\"@id\":\"https:\/\/www.welovecycling.com\/pl\/2016\/12\/05\/przygotowac-rower-zimy-sprawdz-robi-bloger-roweroweporady-pl\/#primaryimage\"},\"thumbnailUrl\":\"https:\/\/d2p6e6u75xmxt8.cloudfront.net\/5\/2016\/12\/skoda1.png\",\"datePublished\":\"2016-12-05T14:22:56+00:00\",\"dateModified\":\"2018-04-03T09:25:57+00:00\",\"author\":{\"@id\":\"https:\/\/www.welovecycling.com\/pl\/#\/schema\/person\/e5187c9cac8dd619ebc7b41bd73c2fd9\"},\"breadcrumb\":{\"@id\":\"https:\/\/www.welovecycling.com\/pl\/2016\/12\/05\/przygotowac-rower-zimy-sprawdz-robi-bloger-roweroweporady-pl\/#breadcrumb\"},\"inLanguage\":\"pl-PL\",\"potentialAction\":[{\"@type\":\"ReadAction\",\"target\":[\"https:\/\/www.welovecycling.com\/pl\/2016\/12\/05\/przygotowac-rower-zimy-sprawdz-robi-bloger-roweroweporady-pl\/\"]}]},{\"@type\":\"ImageObject\",\"inLanguage\":\"pl-PL\",\"@id\":\"https:\/\/www.welovecycling.com\/pl\/2016\/12\/05\/przygotowac-rower-zimy-sprawdz-robi-bloger-roweroweporady-pl\/#primaryimage\",\"url\":\"https:\/\/d2p6e6u75xmxt8.cloudfront.net\/5\/2016\/12\/skoda1.png\",\"contentUrl\":\"https:\/\/d2p6e6u75xmxt8.cloudfront.net\/5\/2016\/12\/skoda1.png\",\"width\":3301,\"height\":2200},{\"@type\":\"BreadcrumbList\",\"@id\":\"https:\/\/www.welovecycling.com\/pl\/2016\/12\/05\/przygotowac-rower-zimy-sprawdz-robi-bloger-roweroweporady-pl\/#breadcrumb\",\"itemListElement\":[{\"@type\":\"ListItem\",\"position\":1,\"name\":\"Home\",\"item\":\"https:\/\/www.welovecycling.com\/pl\/\"},{\"@type\":\"ListItem\",\"position\":2,\"name\":\"Jak przygotowa\u0107 rower do zimy? Sprawd\u017a jak robi to bloger roweroweporady.pl\"}]},{\"@type\":\"WebSite\",\"@id\":\"https:\/\/www.welovecycling.com\/pl\/#website\",\"url\":\"https:\/\/www.welovecycling.com\/pl\/\",\"name\":\"\u0160koda We Love Cycling - Poland\",\"description\":\"\",\"potentialAction\":[{\"@type\":\"SearchAction\",\"target\":{\"@type\":\"EntryPoint\",\"urlTemplate\":\"https:\/\/www.welovecycling.com\/pl\/?s={search_term_string}\"},\"query-input\":{\"@type\":\"PropertyValueSpecification\",\"valueRequired\":true,\"valueName\":\"search_term_string\"}}],\"inLanguage\":\"pl-PL\"},{\"@type\":\"Person\",\"@id\":\"https:\/\/www.welovecycling.com\/pl\/#\/schema\/person\/e5187c9cac8dd619ebc7b41bd73c2fd9\",\"name\":\"WeLoveCycling\",\"image\":{\"@type\":\"ImageObject\",\"inLanguage\":\"pl-PL\",\"@id\":\"https:\/\/www.welovecycling.com\/pl\/#\/schema\/person\/image\/\",\"url\":\"https:\/\/secure.gravatar.com\/avatar\/7e1ee0ecc5e294b19ef32b9f6086e0afbb9da00c3cb0d465ba4695331f4a9187?s=96&d=mm&r=g\",\"contentUrl\":\"https:\/\/secure.gravatar.com\/avatar\/7e1ee0ecc5e294b19ef32b9f6086e0afbb9da00c3cb0d465ba4695331f4a9187?s=96&d=mm&r=g\",\"caption\":\"WeLoveCycling\"},\"url\":\"https:\/\/www.welovecycling.com\/pl\/author\/lukascech\/\"}]}<\/script>\n<!-- \/ Yoast SEO Premium plugin. -->","yoast_head_json":{"title":"Jak przygotowa\u0107 rower do zimy? Sprawd\u017a jak robi to bloger roweroweporady.pl - \u0160koda We Love Cycling - Poland","robots":{"index":"index","follow":"follow","max-snippet":"max-snippet:-1","max-image-preview":"max-image-preview:large","max-video-preview":"max-video-preview:-1"},"canonical":"https:\/\/www.welovecycling.com\/pl\/2016\/12\/05\/przygotowac-rower-zimy-sprawdz-robi-bloger-roweroweporady-pl\/","og_locale":"pl_PL","og_type":"article","og_title":"Jak przygotowa\u0107 rower do zimy? Sprawd\u017a jak robi to bloger roweroweporady.pl","og_description":"Sezon rowerowy nigdy si\u0119 nie ko\u0144czy &#8211; on trwa ca\u0142y rok. Mamy coraz lepsz\u0105 infrastruktur\u0119 rowerow\u0105, a kierowcy zwracaj\u0105 na [&hellip;]","og_url":"https:\/\/www.welovecycling.com\/pl\/2016\/12\/05\/przygotowac-rower-zimy-sprawdz-robi-bloger-roweroweporady-pl\/","og_site_name":"\u0160koda We Love Cycling - Poland","article_published_time":"2016-12-05T14:22:56+00:00","article_modified_time":"2018-04-03T09:25:57+00:00","og_image":[{"width":1024,"height":682,"url":"https:\/\/d2p6e6u75xmxt8.cloudfront.net\/5\/2016\/12\/skoda1-1024x682.png","type":"image\/png"}],"author":"WeLoveCycling","twitter_card":"summary_large_image","twitter_misc":{"Written by":"WeLoveCycling","Est. reading time":"4 minutes"},"schema":{"@context":"https:\/\/schema.org","@graph":[{"@type":"WebPage","@id":"https:\/\/www.welovecycling.com\/pl\/2016\/12\/05\/przygotowac-rower-zimy-sprawdz-robi-bloger-roweroweporady-pl\/","url":"https:\/\/www.welovecycling.com\/pl\/2016\/12\/05\/przygotowac-rower-zimy-sprawdz-robi-bloger-roweroweporady-pl\/","name":"Jak przygotowa\u0107 rower do zimy? Sprawd\u017a jak robi to bloger roweroweporady.pl - \u0160koda We Love Cycling - Poland","isPartOf":{"@id":"https:\/\/www.welovecycling.com\/pl\/#website"},"primaryImageOfPage":{"@id":"https:\/\/www.welovecycling.com\/pl\/2016\/12\/05\/przygotowac-rower-zimy-sprawdz-robi-bloger-roweroweporady-pl\/#primaryimage"},"image":{"@id":"https:\/\/www.welovecycling.com\/pl\/2016\/12\/05\/przygotowac-rower-zimy-sprawdz-robi-bloger-roweroweporady-pl\/#primaryimage"},"thumbnailUrl":"https:\/\/d2p6e6u75xmxt8.cloudfront.net\/5\/2016\/12\/skoda1.png","datePublished":"2016-12-05T14:22:56+00:00","dateModified":"2018-04-03T09:25:57+00:00","author":{"@id":"https:\/\/www.welovecycling.com\/pl\/#\/schema\/person\/e5187c9cac8dd619ebc7b41bd73c2fd9"},"breadcrumb":{"@id":"https:\/\/www.welovecycling.com\/pl\/2016\/12\/05\/przygotowac-rower-zimy-sprawdz-robi-bloger-roweroweporady-pl\/#breadcrumb"},"inLanguage":"pl-PL","potentialAction":[{"@type":"ReadAction","target":["https:\/\/www.welovecycling.com\/pl\/2016\/12\/05\/przygotowac-rower-zimy-sprawdz-robi-bloger-roweroweporady-pl\/"]}]},{"@type":"ImageObject","inLanguage":"pl-PL","@id":"https:\/\/www.welovecycling.com\/pl\/2016\/12\/05\/przygotowac-rower-zimy-sprawdz-robi-bloger-roweroweporady-pl\/#primaryimage","url":"https:\/\/d2p6e6u75xmxt8.cloudfront.net\/5\/2016\/12\/skoda1.png","contentUrl":"https:\/\/d2p6e6u75xmxt8.cloudfront.net\/5\/2016\/12\/skoda1.png","width":3301,"height":2200},{"@type":"BreadcrumbList","@id":"https:\/\/www.welovecycling.com\/pl\/2016\/12\/05\/przygotowac-rower-zimy-sprawdz-robi-bloger-roweroweporady-pl\/#breadcrumb","itemListElement":[{"@type":"ListItem","position":1,"name":"Home","item":"https:\/\/www.welovecycling.com\/pl\/"},{"@type":"ListItem","position":2,"name":"Jak przygotowa\u0107 rower do zimy? Sprawd\u017a jak robi to bloger roweroweporady.pl"}]},{"@type":"WebSite","@id":"https:\/\/www.welovecycling.com\/pl\/#website","url":"https:\/\/www.welovecycling.com\/pl\/","name":"\u0160koda We Love Cycling - Poland","description":"","potentialAction":[{"@type":"SearchAction","target":{"@type":"EntryPoint","urlTemplate":"https:\/\/www.welovecycling.com\/pl\/?s={search_term_string}"},"query-input":{"@type":"PropertyValueSpecification","valueRequired":true,"valueName":"search_term_string"}}],"inLanguage":"pl-PL"},{"@type":"Person","@id":"https:\/\/www.welovecycling.com\/pl\/#\/schema\/person\/e5187c9cac8dd619ebc7b41bd73c2fd9","name":"WeLoveCycling","image":{"@type":"ImageObject","inLanguage":"pl-PL","@id":"https:\/\/www.welovecycling.com\/pl\/#\/schema\/person\/image\/","url":"https:\/\/secure.gravatar.com\/avatar\/7e1ee0ecc5e294b19ef32b9f6086e0afbb9da00c3cb0d465ba4695331f4a9187?s=96&d=mm&r=g","contentUrl":"https:\/\/secure.gravatar.com\/avatar\/7e1ee0ecc5e294b19ef32b9f6086e0afbb9da00c3cb0d465ba4695331f4a9187?s=96&d=mm&r=g","caption":"WeLoveCycling"},"url":"https:\/\/www.welovecycling.com\/pl\/author\/lukascech\/"}]}},"_links":{"self":[{"href":"https:\/\/www.welovecycling.com\/pl\/wp-json\/wp\/v2\/posts\/2613","targetHints":{"allow":["GET"]}}],"collection":[{"href":"https:\/\/www.welovecycling.com\/pl\/wp-json\/wp\/v2\/posts"}],"about":[{"href":"https:\/\/www.welovecycling.com\/pl\/wp-json\/wp\/v2\/types\/post"}],"author":[{"embeddable":true,"href":"https:\/\/www.welovecycling.com\/pl\/wp-json\/wp\/v2\/users\/1"}],"replies":[{"embeddable":true,"href":"https:\/\/www.welovecycling.com\/pl\/wp-json\/wp\/v2\/comments?post=2613"}],"version-history":[{"count":1,"href":"https:\/\/www.welovecycling.com\/pl\/wp-json\/wp\/v2\/posts\/2613\/revisions"}],"predecessor-version":[{"id":2616,"href":"https:\/\/www.welovecycling.com\/pl\/wp-json\/wp\/v2\/posts\/2613\/revisions\/2616"}],"wp:featuredmedia":[{"embeddable":true,"href":"https:\/\/www.welovecycling.com\/pl\/wp-json\/wp\/v2\/media\/2621"}],"wp:attachment":[{"href":"https:\/\/www.welovecycling.com\/pl\/wp-json\/wp\/v2\/media?parent=2613"}],"wp:term":[{"taxonomy":"category","embeddable":true,"href":"https:\/\/www.welovecycling.com\/pl\/wp-json\/wp\/v2\/categories?post=2613"},{"taxonomy":"post_tag","embeddable":true,"href":"https:\/\/www.welovecycling.com\/pl\/wp-json\/wp\/v2\/tags?post=2613"},{"taxonomy":"global-categories","embeddable":true,"href":"https:\/\/www.welovecycling.com\/pl\/wp-json\/wp\/v2\/global-categories?post=2613"}],"curies":[{"name":"wp","href":"https:\/\/api.w.org\/{rel}","templated":true}]}}