{"id":2610,"date":"2016-12-05T14:19:17","date_gmt":"2016-12-05T14:19:17","guid":{"rendered":"https:\/\/www.welovecycling.com\/pl\/?p=2610"},"modified":"2016-12-05T14:29:52","modified_gmt":"2016-12-05T14:29:52","slug":"skoda-napedza-bryksy-cross-2016","status":"publish","type":"post","link":"https:\/\/www.welovecycling.com\/pl\/2016\/12\/05\/skoda-napedza-bryksy-cross-2016\/","title":{"rendered":"\u0160koda nap\u0119dza Bryksy Cross 2016"},"content":{"rendered":"<p style=\"text-align: justify;\">Wyposa\u017ceni w kaski i siln\u0105 wol\u0119 po raz 23. wjechali na jedn\u0105 z najtrudniejszych tras prze\u0142ajowych w Polsce \u2013 deszcz, \u015bnieg, grad i temperatura bliska zeru nie przestraszy\u0142a uczestnik\u00f3w BRYKSY CROSS, kt\u00f3rych po raz kolejny nap\u0119dza\u0142a \u0160koda.<!--more--><br \/>\n27 listopada na starcie stan\u0119li zar\u00f3wno profesjonali\u015bci jak i amatorzy we wszystkich grupach wiekowych. Wy\u015bcig w Go\u015bci\u0119cinie na Opolszczy\u017anie ma rang\u0119 Superpucharu Polski. Mo\u017cna by\u0142o na nim spotka\u0107 najlepszych kolarzy z Polski, Czech oraz ze S\u0142owacji.<\/p>\n<p style=\"text-align: justify;\"><strong>\u00a0<img loading=\"lazy\" decoding=\"async\" class=\"alignnone size-large wp-image-2265\" src=\"http:\/\/skoda-rowery.pl\/wp-content\/uploads\/2016\/11\/IMG-20161127-WA0061-1024x576.jpg\" alt=\"img-20161127-wa0061\" width=\"1024\" height=\"576\" \/><br \/>\n<strong>\u00a0<\/strong><\/strong><br \/>\nTegoroczna edycja wy\u015bcigu by\u0142a wspierana przez\u00a0\u0160KOD\u0118 i firm\u0119 LELLEK KO\u0179LE po raz si\u00f3dmy. Z tej okazji uczestnicy, jak i widzowie mogli skorzysta\u0107 z szeregu oko\u0142orowerowych atrakcji. Ekipa LELLEK postara\u0142a si\u0119, by impreza mia\u0142a r\u00f3wnie\u017c wymiar rozrywkowy: uda\u0142o si\u0119 zorganizowa\u0107 mini jarmark \u015bwi\u0105teczny, biesiad\u0119 przy pajdzie ze smalcem, pocz\u0119stunek w postaci tradycyjnych \u015bl\u0105skich ko\u0142aczy, bookcrossing, koncert orkiestry symfonicznej oraz konkursy z atrakcyjnymi kolarskimi nagrodami od\u00a0\u0160KODY.<\/p>\n<p style=\"text-align: justify;\">Do zobaczenia za rok!<\/p>\n<p style=\"text-align: justify;\"><img loading=\"lazy\" decoding=\"async\" class=\"alignnone size-large wp-image-2266\" src=\"http:\/\/skoda-rowery.pl\/wp-content\/uploads\/2016\/11\/IMG-20161127-WA0021-1024x576.jpeg\" alt=\"img-20161127-wa0021\" width=\"1024\" height=\"576\" \/><\/p>\n<p style=\"text-align: justify;\"><img loading=\"lazy\" decoding=\"async\" class=\"alignnone size-large wp-image-2268\" src=\"http:\/\/skoda-rowery.pl\/wp-content\/uploads\/2016\/11\/IMG-20161127-WA0011-1024x576.jpeg\" alt=\"img-20161127-wa0011\" width=\"1024\" height=\"576\" \/><\/p>\n<p style=\"text-align: justify;\">(\u017ar\u00f3d\u0142o zdj\u0119\u0107: LELLEK KO\u0179LE)<\/p>\n","protected":false},"excerpt":{"rendered":"<p>Wyposa\u017ceni w kaski i siln\u0105 wol\u0119 po raz 23. wjechali na jedn\u0105 z najtrudniejszych tras prze\u0142ajowych w Polsce \u2013 deszcz, [&hellip;]<\/p>\n","protected":false},"author":1,"featured_media":2611,"comment_status":"open","ping_status":"open","sticky":false,"template":"","format":"standard","meta":{"footnotes":""},"categories":[1],"tags":[66],"global-categories":[],"class_list":["post-2610","post","type-post","status-publish","format-standard","has-post-thumbnail","hentry","category-uncategorized","tag-skodanapedzarowery"],"yoast_head":"<!-- This site is optimized with the Yoast SEO Premium plugin v25.3 (Yoast SEO v25.9) - https:\/\/yoast.com\/wordpress\/plugins\/seo\/ -->\n<title>\u0160koda nap\u0119dza Bryksy Cross 2016 - \u0160koda We Love Cycling - Poland<\/title>\n<meta name=\"robots\" content=\"index, follow, max-snippet:-1, max-image-preview:large, max-video-preview:-1\" \/>\n<link rel=\"canonical\" href=\"https:\/\/www.welovecycling.com\/pl\/2016\/12\/05\/skoda-napedza-bryksy-cross-2016\/\" \/>\n<meta property=\"og:locale\" content=\"pl_PL\" \/>\n<meta property=\"og:type\" content=\"article\" \/>\n<meta property=\"og:title\" content=\"\u0160koda nap\u0119dza Bryksy Cross 2016\" \/>\n<meta property=\"og:description\" content=\"Wyposa\u017ceni w kaski i siln\u0105 wol\u0119 po raz 23. wjechali na jedn\u0105 z najtrudniejszych tras prze\u0142ajowych w Polsce \u2013 deszcz, [&hellip;]\" \/>\n<meta property=\"og:url\" content=\"https:\/\/www.welovecycling.com\/pl\/2016\/12\/05\/skoda-napedza-bryksy-cross-2016\/\" \/>\n<meta property=\"og:site_name\" content=\"\u0160koda We Love Cycling - Poland\" \/>\n<meta property=\"article:published_time\" content=\"2016-12-05T14:19:17+00:00\" \/>\n<meta property=\"article:modified_time\" content=\"2016-12-05T14:29:52+00:00\" \/>\n<meta property=\"og:image\" content=\"https:\/\/d2p6e6u75xmxt8.cloudfront.net\/5\/2016\/12\/20161127_114817.jpg\" \/>\n\t<meta property=\"og:image:width\" content=\"3264\" \/>\n\t<meta property=\"og:image:height\" content=\"1836\" \/>\n\t<meta property=\"og:image:type\" content=\"image\/jpeg\" \/>\n<meta name=\"author\" content=\"WeLoveCycling\" \/>\n<meta name=\"twitter:card\" content=\"summary_large_image\" \/>\n<meta name=\"twitter:label1\" content=\"Written by\" \/>\n\t<meta name=\"twitter:data1\" content=\"WeLoveCycling\" \/>\n\t<meta name=\"twitter:label2\" content=\"Est. reading time\" \/>\n\t<meta name=\"twitter:data2\" content=\"1 minute\" \/>\n<script type=\"application\/ld+json\" class=\"yoast-schema-graph\">{\"@context\":\"https:\/\/schema.org\",\"@graph\":[{\"@type\":\"WebPage\",\"@id\":\"https:\/\/www.welovecycling.com\/pl\/2016\/12\/05\/skoda-napedza-bryksy-cross-2016\/\",\"url\":\"https:\/\/www.welovecycling.com\/pl\/2016\/12\/05\/skoda-napedza-bryksy-cross-2016\/\",\"name\":\"\u0160koda nap\u0119dza Bryksy Cross 2016 - \u0160koda We Love Cycling - Poland\",\"isPartOf\":{\"@id\":\"https:\/\/www.welovecycling.com\/pl\/#website\"},\"primaryImageOfPage\":{\"@id\":\"https:\/\/www.welovecycling.com\/pl\/2016\/12\/05\/skoda-napedza-bryksy-cross-2016\/#primaryimage\"},\"image\":{\"@id\":\"https:\/\/www.welovecycling.com\/pl\/2016\/12\/05\/skoda-napedza-bryksy-cross-2016\/#primaryimage\"},\"thumbnailUrl\":\"https:\/\/d2p6e6u75xmxt8.cloudfront.net\/5\/2016\/12\/20161127_114817.jpg\",\"datePublished\":\"2016-12-05T14:19:17+00:00\",\"dateModified\":\"2016-12-05T14:29:52+00:00\",\"author\":{\"@id\":\"https:\/\/www.welovecycling.com\/pl\/#\/schema\/person\/e5187c9cac8dd619ebc7b41bd73c2fd9\"},\"breadcrumb\":{\"@id\":\"https:\/\/www.welovecycling.com\/pl\/2016\/12\/05\/skoda-napedza-bryksy-cross-2016\/#breadcrumb\"},\"inLanguage\":\"pl-PL\",\"potentialAction\":[{\"@type\":\"ReadAction\",\"target\":[\"https:\/\/www.welovecycling.com\/pl\/2016\/12\/05\/skoda-napedza-bryksy-cross-2016\/\"]}]},{\"@type\":\"ImageObject\",\"inLanguage\":\"pl-PL\",\"@id\":\"https:\/\/www.welovecycling.com\/pl\/2016\/12\/05\/skoda-napedza-bryksy-cross-2016\/#primaryimage\",\"url\":\"https:\/\/d2p6e6u75xmxt8.cloudfront.net\/5\/2016\/12\/20161127_114817.jpg\",\"contentUrl\":\"https:\/\/d2p6e6u75xmxt8.cloudfront.net\/5\/2016\/12\/20161127_114817.jpg\",\"width\":3264,\"height\":1836},{\"@type\":\"BreadcrumbList\",\"@id\":\"https:\/\/www.welovecycling.com\/pl\/2016\/12\/05\/skoda-napedza-bryksy-cross-2016\/#breadcrumb\",\"itemListElement\":[{\"@type\":\"ListItem\",\"position\":1,\"name\":\"Home\",\"item\":\"https:\/\/www.welovecycling.com\/pl\/\"},{\"@type\":\"ListItem\",\"position\":2,\"name\":\"\u0160koda nap\u0119dza Bryksy Cross 2016\"}]},{\"@type\":\"WebSite\",\"@id\":\"https:\/\/www.welovecycling.com\/pl\/#website\",\"url\":\"https:\/\/www.welovecycling.com\/pl\/\",\"name\":\"\u0160koda We Love Cycling - Poland\",\"description\":\"\",\"potentialAction\":[{\"@type\":\"SearchAction\",\"target\":{\"@type\":\"EntryPoint\",\"urlTemplate\":\"https:\/\/www.welovecycling.com\/pl\/?s={search_term_string}\"},\"query-input\":{\"@type\":\"PropertyValueSpecification\",\"valueRequired\":true,\"valueName\":\"search_term_string\"}}],\"inLanguage\":\"pl-PL\"},{\"@type\":\"Person\",\"@id\":\"https:\/\/www.welovecycling.com\/pl\/#\/schema\/person\/e5187c9cac8dd619ebc7b41bd73c2fd9\",\"name\":\"WeLoveCycling\",\"image\":{\"@type\":\"ImageObject\",\"inLanguage\":\"pl-PL\",\"@id\":\"https:\/\/www.welovecycling.com\/pl\/#\/schema\/person\/image\/\",\"url\":\"https:\/\/secure.gravatar.com\/avatar\/7e1ee0ecc5e294b19ef32b9f6086e0afbb9da00c3cb0d465ba4695331f4a9187?s=96&d=mm&r=g\",\"contentUrl\":\"https:\/\/secure.gravatar.com\/avatar\/7e1ee0ecc5e294b19ef32b9f6086e0afbb9da00c3cb0d465ba4695331f4a9187?s=96&d=mm&r=g\",\"caption\":\"WeLoveCycling\"},\"url\":\"https:\/\/www.welovecycling.com\/pl\/author\/lukascech\/\"}]}<\/script>\n<!-- \/ Yoast SEO Premium plugin. -->","yoast_head_json":{"title":"\u0160koda nap\u0119dza Bryksy Cross 2016 - \u0160koda We Love Cycling - Poland","robots":{"index":"index","follow":"follow","max-snippet":"max-snippet:-1","max-image-preview":"max-image-preview:large","max-video-preview":"max-video-preview:-1"},"canonical":"https:\/\/www.welovecycling.com\/pl\/2016\/12\/05\/skoda-napedza-bryksy-cross-2016\/","og_locale":"pl_PL","og_type":"article","og_title":"\u0160koda nap\u0119dza Bryksy Cross 2016","og_description":"Wyposa\u017ceni w kaski i siln\u0105 wol\u0119 po raz 23. wjechali na jedn\u0105 z najtrudniejszych tras prze\u0142ajowych w Polsce \u2013 deszcz, [&hellip;]","og_url":"https:\/\/www.welovecycling.com\/pl\/2016\/12\/05\/skoda-napedza-bryksy-cross-2016\/","og_site_name":"\u0160koda We Love Cycling - Poland","article_published_time":"2016-12-05T14:19:17+00:00","article_modified_time":"2016-12-05T14:29:52+00:00","og_image":[{"width":3264,"height":1836,"url":"https:\/\/d2p6e6u75xmxt8.cloudfront.net\/5\/2016\/12\/20161127_114817.jpg","type":"image\/jpeg"}],"author":"WeLoveCycling","twitter_card":"summary_large_image","twitter_misc":{"Written by":"WeLoveCycling","Est. reading time":"1 minute"},"schema":{"@context":"https:\/\/schema.org","@graph":[{"@type":"WebPage","@id":"https:\/\/www.welovecycling.com\/pl\/2016\/12\/05\/skoda-napedza-bryksy-cross-2016\/","url":"https:\/\/www.welovecycling.com\/pl\/2016\/12\/05\/skoda-napedza-bryksy-cross-2016\/","name":"\u0160koda nap\u0119dza Bryksy Cross 2016 - \u0160koda We Love Cycling - Poland","isPartOf":{"@id":"https:\/\/www.welovecycling.com\/pl\/#website"},"primaryImageOfPage":{"@id":"https:\/\/www.welovecycling.com\/pl\/2016\/12\/05\/skoda-napedza-bryksy-cross-2016\/#primaryimage"},"image":{"@id":"https:\/\/www.welovecycling.com\/pl\/2016\/12\/05\/skoda-napedza-bryksy-cross-2016\/#primaryimage"},"thumbnailUrl":"https:\/\/d2p6e6u75xmxt8.cloudfront.net\/5\/2016\/12\/20161127_114817.jpg","datePublished":"2016-12-05T14:19:17+00:00","dateModified":"2016-12-05T14:29:52+00:00","author":{"@id":"https:\/\/www.welovecycling.com\/pl\/#\/schema\/person\/e5187c9cac8dd619ebc7b41bd73c2fd9"},"breadcrumb":{"@id":"https:\/\/www.welovecycling.com\/pl\/2016\/12\/05\/skoda-napedza-bryksy-cross-2016\/#breadcrumb"},"inLanguage":"pl-PL","potentialAction":[{"@type":"ReadAction","target":["https:\/\/www.welovecycling.com\/pl\/2016\/12\/05\/skoda-napedza-bryksy-cross-2016\/"]}]},{"@type":"ImageObject","inLanguage":"pl-PL","@id":"https:\/\/www.welovecycling.com\/pl\/2016\/12\/05\/skoda-napedza-bryksy-cross-2016\/#primaryimage","url":"https:\/\/d2p6e6u75xmxt8.cloudfront.net\/5\/2016\/12\/20161127_114817.jpg","contentUrl":"https:\/\/d2p6e6u75xmxt8.cloudfront.net\/5\/2016\/12\/20161127_114817.jpg","width":3264,"height":1836},{"@type":"BreadcrumbList","@id":"https:\/\/www.welovecycling.com\/pl\/2016\/12\/05\/skoda-napedza-bryksy-cross-2016\/#breadcrumb","itemListElement":[{"@type":"ListItem","position":1,"name":"Home","item":"https:\/\/www.welovecycling.com\/pl\/"},{"@type":"ListItem","position":2,"name":"\u0160koda nap\u0119dza Bryksy Cross 2016"}]},{"@type":"WebSite","@id":"https:\/\/www.welovecycling.com\/pl\/#website","url":"https:\/\/www.welovecycling.com\/pl\/","name":"\u0160koda We Love Cycling - Poland","description":"","potentialAction":[{"@type":"SearchAction","target":{"@type":"EntryPoint","urlTemplate":"https:\/\/www.welovecycling.com\/pl\/?s={search_term_string}"},"query-input":{"@type":"PropertyValueSpecification","valueRequired":true,"valueName":"search_term_string"}}],"inLanguage":"pl-PL"},{"@type":"Person","@id":"https:\/\/www.welovecycling.com\/pl\/#\/schema\/person\/e5187c9cac8dd619ebc7b41bd73c2fd9","name":"WeLoveCycling","image":{"@type":"ImageObject","inLanguage":"pl-PL","@id":"https:\/\/www.welovecycling.com\/pl\/#\/schema\/person\/image\/","url":"https:\/\/secure.gravatar.com\/avatar\/7e1ee0ecc5e294b19ef32b9f6086e0afbb9da00c3cb0d465ba4695331f4a9187?s=96&d=mm&r=g","contentUrl":"https:\/\/secure.gravatar.com\/avatar\/7e1ee0ecc5e294b19ef32b9f6086e0afbb9da00c3cb0d465ba4695331f4a9187?s=96&d=mm&r=g","caption":"WeLoveCycling"},"url":"https:\/\/www.welovecycling.com\/pl\/author\/lukascech\/"}]}},"_links":{"self":[{"href":"https:\/\/www.welovecycling.com\/pl\/wp-json\/wp\/v2\/posts\/2610","targetHints":{"allow":["GET"]}}],"collection":[{"href":"https:\/\/www.welovecycling.com\/pl\/wp-json\/wp\/v2\/posts"}],"about":[{"href":"https:\/\/www.welovecycling.com\/pl\/wp-json\/wp\/v2\/types\/post"}],"author":[{"embeddable":true,"href":"https:\/\/www.welovecycling.com\/pl\/wp-json\/wp\/v2\/users\/1"}],"replies":[{"embeddable":true,"href":"https:\/\/www.welovecycling.com\/pl\/wp-json\/wp\/v2\/comments?post=2610"}],"version-history":[{"count":1,"href":"https:\/\/www.welovecycling.com\/pl\/wp-json\/wp\/v2\/posts\/2610\/revisions"}],"predecessor-version":[{"id":2612,"href":"https:\/\/www.welovecycling.com\/pl\/wp-json\/wp\/v2\/posts\/2610\/revisions\/2612"}],"wp:featuredmedia":[{"embeddable":true,"href":"https:\/\/www.welovecycling.com\/pl\/wp-json\/wp\/v2\/media\/2611"}],"wp:attachment":[{"href":"https:\/\/www.welovecycling.com\/pl\/wp-json\/wp\/v2\/media?parent=2610"}],"wp:term":[{"taxonomy":"category","embeddable":true,"href":"https:\/\/www.welovecycling.com\/pl\/wp-json\/wp\/v2\/categories?post=2610"},{"taxonomy":"post_tag","embeddable":true,"href":"https:\/\/www.welovecycling.com\/pl\/wp-json\/wp\/v2\/tags?post=2610"},{"taxonomy":"global-categories","embeddable":true,"href":"https:\/\/www.welovecycling.com\/pl\/wp-json\/wp\/v2\/global-categories?post=2610"}],"curies":[{"name":"wp","href":"https:\/\/api.w.org\/{rel}","templated":true}]}}