{"id":2600,"date":"2016-12-05T14:15:31","date_gmt":"2016-12-05T14:15:31","guid":{"rendered":"https:\/\/www.welovecycling.com\/pl\/?p=2600"},"modified":"2016-12-05T14:23:38","modified_gmt":"2016-12-05T14:23:38","slug":"nauczycielka-zainstalowala-pedaly-biurkami-uczniow-aby-pomoc-im-nauce","status":"publish","type":"post","link":"https:\/\/www.welovecycling.com\/pl\/2016\/12\/05\/nauczycielka-zainstalowala-pedaly-biurkami-uczniow-aby-pomoc-im-nauce\/","title":{"rendered":"Nauczycielka zainstalowa\u0142a peda\u0142y pod biurkami uczni\u00f3w, aby pom\u00f3c im w nauce"},"content":{"rendered":"<p style=\"text-align: justify;\">Uczniowie bardzo \u0142atwo dekoncentruj\u0105 si\u0119, a nikt nie wie tego lepiej, ni\u017c nauczyciel matematyki! To dlatego Bethany Lambert, kt\u00f3ra uczy matematyki w szkole Martin Middle School w Raleigh w P\u00f3\u0142nocnej Karolinie, wpad\u0142a na nowy i kreatywny spos\u00f3b na wiercenie si\u0119 uczni\u00f3w podczas lekcji. Zainstalowa\u0142a peda\u0142y rowerowe pod biurkiem ka\u017cdego z uczni\u00f3w w ramach niezwyk\u0142ego eksperymentu. Lambert stwierdzi\u0142a, \u017ce b\u0119dzie to dobry spos\u00f3b na skanalizowanie nadmiaru energii uczni\u00f3w i na uzyskanie lepszego skupienia na lekcji. Eksperyment zadzia\u0142a\u0142!<!--more--><\/p>\n<p style=\"text-align: justify;\">\u201eJak tylko je zainstalowali\u015bmy, dzieciaki je pokocha\u0142y! Wiele uczni\u00f3w ma problemy ze skupieniem podczas lekcji \u2013 mo\u017ce to by\u0107 koniec dnia, mog\u0105 by\u0107 zm\u0119czeni, albo wr\u0119cz odwrotnie \u2013 u\u015bpieni przez brak aktywno\u015bci fizycznej. Niekt\u00f3rzy z nich maj\u0105 ADD\/ADHD i maj\u0105 trudno\u015bci z koncentracj\u0105. Przedtem stukali w biurka, dotykali innych uczni\u00f3w, generalnie wiercili si\u0119 \u2013 ale ju\u017c tego nie robi\u0105\u201d, m\u00f3wi Lambert, kt\u00f3ra uczy ju\u017c od siedmiu lat.<\/p>\n<p style=\"text-align: justify;\"><img loading=\"lazy\" decoding=\"async\" class=\"alignnone size-full wp-image-2260\" src=\"http:\/\/skoda-rowery.pl\/wp-content\/uploads\/2016\/11\/1451515.jpg\" alt=\"1451515\" width=\"633\" height=\"374\" \/><\/p>\n<p style=\"text-align: justify;\">Od kiedy zainstalowali\u015bmy peda\u0142y, ich stopnie poprawi\u0142y si\u0119. Wydaje si\u0119, \u017ce pomys\u0142 zadzia\u0142a\u0142. Kolarstwo to pi\u0119kna rzecz\u2026 Lambert zyska\u0142a przychylno\u015b\u0107 rodzic\u00f3w, kt\u00f3rzy zobaczyli, \u017ce ich dzieci garn\u0105 si\u0119 do nauki matematyki, w przeciwie\u0144stwie do ich wcze\u015bniejszych do\u015bwiadcze\u0144.<\/p>\n<p style=\"text-align: justify;\"><img loading=\"lazy\" decoding=\"async\" class=\"alignnone size-full wp-image-2261\" src=\"http:\/\/skoda-rowery.pl\/wp-content\/uploads\/2016\/11\/11515151.jpg\" alt=\"11515151\" width=\"626\" height=\"368\" \/><\/p>\n<p style=\"text-align: justify;\">Bethany Lambert uczy matematyki w szkole Martin Middle School w Raleigh w P\u00f3\u0142nocnej Karolinie.<\/p>\n<p style=\"text-align: justify;\">\u201eNajpierw ka\u017cdy chce sprawdzi\u0107, czy uczniowie nie rozpraszaj\u0105 si\u0119, poniewa\u017c nie s\u0105 do tego przyzwyczajeni \u2013 ale w rzeczywisto\u015bci efekt jest odwrotny. Dzieci nie zaczepiaj\u0105 si\u0119 nawzajem, nie wierc\u0105 si\u0119, nie chodz\u0105 i nie badaj\u0105 otoczenia \u2013 energi\u0119 czerpi\u0105 z roweru i wykonuj\u0105 ca\u0142\u0105 prac\u0119, kt\u00f3r\u0105 maj\u0105 do wykonania. \u015awiat si\u0119 zmienia, a dzieci potrzebuj\u0105 dodatkowej stymulacji. Na pewno zachowam peda\u0142y w klasie na sta\u0142e!\u201d powiedzia\u0142a Lambert w wywiadzie dla DailyMail.<\/p>\n<p style=\"text-align: justify;\"><img loading=\"lazy\" decoding=\"async\" class=\"alignnone size-full wp-image-2262\" src=\"http:\/\/skoda-rowery.pl\/wp-content\/uploads\/2016\/11\/1561615.jpg\" alt=\"1561615\" width=\"627\" height=\"363\" \/><\/p>\n<p style=\"text-align: justify;\">My\u015blimy, \u017ce jedynym sposobem na ulepszenie tego pomys\u0142u jest pod\u0142\u0105czenie peda\u0142\u00f3w i produkcja pr\u0105du za ich pomoc\u0105!<\/p>\n<p style=\"text-align: justify;\">(\u017ar\u00f3d\u0142o zdje\u0107: welovecycling.com)<\/p>\n","protected":false},"excerpt":{"rendered":"<p>Uczniowie bardzo \u0142atwo dekoncentruj\u0105 si\u0119, a nikt nie wie tego lepiej, ni\u017c nauczyciel matematyki! To dlatego Bethany Lambert, kt\u00f3ra uczy [&hellip;]<\/p>\n","protected":false},"author":1,"featured_media":2608,"comment_status":"open","ping_status":"open","sticky":false,"template":"","format":"standard","meta":{"footnotes":""},"categories":[1],"tags":[86],"global-categories":[],"class_list":["post-2600","post","type-post","status-publish","format-standard","has-post-thumbnail","hentry","category-uncategorized","tag-ciekawostki"],"yoast_head":"<!-- This site is optimized with the Yoast SEO Premium plugin v25.3 (Yoast SEO v25.9) - https:\/\/yoast.com\/wordpress\/plugins\/seo\/ -->\n<title>Nauczycielka zainstalowa\u0142a peda\u0142y pod biurkami uczni\u00f3w, aby pom\u00f3c im w nauce - \u0160koda We Love Cycling - Poland<\/title>\n<meta name=\"robots\" content=\"index, follow, max-snippet:-1, max-image-preview:large, max-video-preview:-1\" \/>\n<link rel=\"canonical\" href=\"https:\/\/www.welovecycling.com\/pl\/2016\/12\/05\/nauczycielka-zainstalowala-pedaly-biurkami-uczniow-aby-pomoc-im-nauce\/\" \/>\n<meta property=\"og:locale\" content=\"pl_PL\" \/>\n<meta property=\"og:type\" content=\"article\" \/>\n<meta property=\"og:title\" content=\"Nauczycielka zainstalowa\u0142a peda\u0142y pod biurkami uczni\u00f3w, aby pom\u00f3c im w nauce\" \/>\n<meta property=\"og:description\" content=\"Uczniowie bardzo \u0142atwo dekoncentruj\u0105 si\u0119, a nikt nie wie tego lepiej, ni\u017c nauczyciel matematyki! To dlatego Bethany Lambert, kt\u00f3ra uczy [&hellip;]\" \/>\n<meta property=\"og:url\" content=\"https:\/\/www.welovecycling.com\/pl\/2016\/12\/05\/nauczycielka-zainstalowala-pedaly-biurkami-uczniow-aby-pomoc-im-nauce\/\" \/>\n<meta property=\"og:site_name\" content=\"\u0160koda We Love Cycling - Poland\" \/>\n<meta property=\"article:published_time\" content=\"2016-12-05T14:15:31+00:00\" \/>\n<meta property=\"article:modified_time\" content=\"2016-12-05T14:23:38+00:00\" \/>\n<meta property=\"og:image\" content=\"https:\/\/d2p6e6u75xmxt8.cloudfront.net\/5\/2016\/12\/12345567.jpg\" \/>\n\t<meta property=\"og:image:width\" content=\"1375\" \/>\n\t<meta property=\"og:image:height\" content=\"600\" \/>\n\t<meta property=\"og:image:type\" content=\"image\/jpeg\" \/>\n<meta name=\"author\" content=\"WeLoveCycling\" \/>\n<meta name=\"twitter:card\" content=\"summary_large_image\" \/>\n<meta name=\"twitter:label1\" content=\"Written by\" \/>\n\t<meta name=\"twitter:data1\" content=\"WeLoveCycling\" \/>\n\t<meta name=\"twitter:label2\" content=\"Est. reading time\" \/>\n\t<meta name=\"twitter:data2\" content=\"2 minutes\" \/>\n<script type=\"application\/ld+json\" class=\"yoast-schema-graph\">{\"@context\":\"https:\/\/schema.org\",\"@graph\":[{\"@type\":\"WebPage\",\"@id\":\"https:\/\/www.welovecycling.com\/pl\/2016\/12\/05\/nauczycielka-zainstalowala-pedaly-biurkami-uczniow-aby-pomoc-im-nauce\/\",\"url\":\"https:\/\/www.welovecycling.com\/pl\/2016\/12\/05\/nauczycielka-zainstalowala-pedaly-biurkami-uczniow-aby-pomoc-im-nauce\/\",\"name\":\"Nauczycielka zainstalowa\u0142a peda\u0142y pod biurkami uczni\u00f3w, aby pom\u00f3c im w nauce - \u0160koda We Love Cycling - Poland\",\"isPartOf\":{\"@id\":\"https:\/\/www.welovecycling.com\/pl\/#website\"},\"primaryImageOfPage\":{\"@id\":\"https:\/\/www.welovecycling.com\/pl\/2016\/12\/05\/nauczycielka-zainstalowala-pedaly-biurkami-uczniow-aby-pomoc-im-nauce\/#primaryimage\"},\"image\":{\"@id\":\"https:\/\/www.welovecycling.com\/pl\/2016\/12\/05\/nauczycielka-zainstalowala-pedaly-biurkami-uczniow-aby-pomoc-im-nauce\/#primaryimage\"},\"thumbnailUrl\":\"https:\/\/d2p6e6u75xmxt8.cloudfront.net\/5\/2016\/12\/12345567.jpg\",\"datePublished\":\"2016-12-05T14:15:31+00:00\",\"dateModified\":\"2016-12-05T14:23:38+00:00\",\"author\":{\"@id\":\"https:\/\/www.welovecycling.com\/pl\/#\/schema\/person\/e5187c9cac8dd619ebc7b41bd73c2fd9\"},\"breadcrumb\":{\"@id\":\"https:\/\/www.welovecycling.com\/pl\/2016\/12\/05\/nauczycielka-zainstalowala-pedaly-biurkami-uczniow-aby-pomoc-im-nauce\/#breadcrumb\"},\"inLanguage\":\"pl-PL\",\"potentialAction\":[{\"@type\":\"ReadAction\",\"target\":[\"https:\/\/www.welovecycling.com\/pl\/2016\/12\/05\/nauczycielka-zainstalowala-pedaly-biurkami-uczniow-aby-pomoc-im-nauce\/\"]}]},{\"@type\":\"ImageObject\",\"inLanguage\":\"pl-PL\",\"@id\":\"https:\/\/www.welovecycling.com\/pl\/2016\/12\/05\/nauczycielka-zainstalowala-pedaly-biurkami-uczniow-aby-pomoc-im-nauce\/#primaryimage\",\"url\":\"https:\/\/d2p6e6u75xmxt8.cloudfront.net\/5\/2016\/12\/12345567.jpg\",\"contentUrl\":\"https:\/\/d2p6e6u75xmxt8.cloudfront.net\/5\/2016\/12\/12345567.jpg\",\"width\":1375,\"height\":600},{\"@type\":\"BreadcrumbList\",\"@id\":\"https:\/\/www.welovecycling.com\/pl\/2016\/12\/05\/nauczycielka-zainstalowala-pedaly-biurkami-uczniow-aby-pomoc-im-nauce\/#breadcrumb\",\"itemListElement\":[{\"@type\":\"ListItem\",\"position\":1,\"name\":\"Home\",\"item\":\"https:\/\/www.welovecycling.com\/pl\/\"},{\"@type\":\"ListItem\",\"position\":2,\"name\":\"Nauczycielka zainstalowa\u0142a peda\u0142y pod biurkami uczni\u00f3w, aby pom\u00f3c im w nauce\"}]},{\"@type\":\"WebSite\",\"@id\":\"https:\/\/www.welovecycling.com\/pl\/#website\",\"url\":\"https:\/\/www.welovecycling.com\/pl\/\",\"name\":\"\u0160koda We Love Cycling - Poland\",\"description\":\"\",\"potentialAction\":[{\"@type\":\"SearchAction\",\"target\":{\"@type\":\"EntryPoint\",\"urlTemplate\":\"https:\/\/www.welovecycling.com\/pl\/?s={search_term_string}\"},\"query-input\":{\"@type\":\"PropertyValueSpecification\",\"valueRequired\":true,\"valueName\":\"search_term_string\"}}],\"inLanguage\":\"pl-PL\"},{\"@type\":\"Person\",\"@id\":\"https:\/\/www.welovecycling.com\/pl\/#\/schema\/person\/e5187c9cac8dd619ebc7b41bd73c2fd9\",\"name\":\"WeLoveCycling\",\"image\":{\"@type\":\"ImageObject\",\"inLanguage\":\"pl-PL\",\"@id\":\"https:\/\/www.welovecycling.com\/pl\/#\/schema\/person\/image\/\",\"url\":\"https:\/\/secure.gravatar.com\/avatar\/7e1ee0ecc5e294b19ef32b9f6086e0afbb9da00c3cb0d465ba4695331f4a9187?s=96&d=mm&r=g\",\"contentUrl\":\"https:\/\/secure.gravatar.com\/avatar\/7e1ee0ecc5e294b19ef32b9f6086e0afbb9da00c3cb0d465ba4695331f4a9187?s=96&d=mm&r=g\",\"caption\":\"WeLoveCycling\"},\"url\":\"https:\/\/www.welovecycling.com\/pl\/author\/lukascech\/\"}]}<\/script>\n<!-- \/ Yoast SEO Premium plugin. -->","yoast_head_json":{"title":"Nauczycielka zainstalowa\u0142a peda\u0142y pod biurkami uczni\u00f3w, aby pom\u00f3c im w nauce - \u0160koda We Love Cycling - Poland","robots":{"index":"index","follow":"follow","max-snippet":"max-snippet:-1","max-image-preview":"max-image-preview:large","max-video-preview":"max-video-preview:-1"},"canonical":"https:\/\/www.welovecycling.com\/pl\/2016\/12\/05\/nauczycielka-zainstalowala-pedaly-biurkami-uczniow-aby-pomoc-im-nauce\/","og_locale":"pl_PL","og_type":"article","og_title":"Nauczycielka zainstalowa\u0142a peda\u0142y pod biurkami uczni\u00f3w, aby pom\u00f3c im w nauce","og_description":"Uczniowie bardzo \u0142atwo dekoncentruj\u0105 si\u0119, a nikt nie wie tego lepiej, ni\u017c nauczyciel matematyki! To dlatego Bethany Lambert, kt\u00f3ra uczy [&hellip;]","og_url":"https:\/\/www.welovecycling.com\/pl\/2016\/12\/05\/nauczycielka-zainstalowala-pedaly-biurkami-uczniow-aby-pomoc-im-nauce\/","og_site_name":"\u0160koda We Love Cycling - Poland","article_published_time":"2016-12-05T14:15:31+00:00","article_modified_time":"2016-12-05T14:23:38+00:00","og_image":[{"width":1375,"height":600,"url":"https:\/\/d2p6e6u75xmxt8.cloudfront.net\/5\/2016\/12\/12345567.jpg","type":"image\/jpeg"}],"author":"WeLoveCycling","twitter_card":"summary_large_image","twitter_misc":{"Written by":"WeLoveCycling","Est. reading time":"2 minutes"},"schema":{"@context":"https:\/\/schema.org","@graph":[{"@type":"WebPage","@id":"https:\/\/www.welovecycling.com\/pl\/2016\/12\/05\/nauczycielka-zainstalowala-pedaly-biurkami-uczniow-aby-pomoc-im-nauce\/","url":"https:\/\/www.welovecycling.com\/pl\/2016\/12\/05\/nauczycielka-zainstalowala-pedaly-biurkami-uczniow-aby-pomoc-im-nauce\/","name":"Nauczycielka zainstalowa\u0142a peda\u0142y pod biurkami uczni\u00f3w, aby pom\u00f3c im w nauce - \u0160koda We Love Cycling - Poland","isPartOf":{"@id":"https:\/\/www.welovecycling.com\/pl\/#website"},"primaryImageOfPage":{"@id":"https:\/\/www.welovecycling.com\/pl\/2016\/12\/05\/nauczycielka-zainstalowala-pedaly-biurkami-uczniow-aby-pomoc-im-nauce\/#primaryimage"},"image":{"@id":"https:\/\/www.welovecycling.com\/pl\/2016\/12\/05\/nauczycielka-zainstalowala-pedaly-biurkami-uczniow-aby-pomoc-im-nauce\/#primaryimage"},"thumbnailUrl":"https:\/\/d2p6e6u75xmxt8.cloudfront.net\/5\/2016\/12\/12345567.jpg","datePublished":"2016-12-05T14:15:31+00:00","dateModified":"2016-12-05T14:23:38+00:00","author":{"@id":"https:\/\/www.welovecycling.com\/pl\/#\/schema\/person\/e5187c9cac8dd619ebc7b41bd73c2fd9"},"breadcrumb":{"@id":"https:\/\/www.welovecycling.com\/pl\/2016\/12\/05\/nauczycielka-zainstalowala-pedaly-biurkami-uczniow-aby-pomoc-im-nauce\/#breadcrumb"},"inLanguage":"pl-PL","potentialAction":[{"@type":"ReadAction","target":["https:\/\/www.welovecycling.com\/pl\/2016\/12\/05\/nauczycielka-zainstalowala-pedaly-biurkami-uczniow-aby-pomoc-im-nauce\/"]}]},{"@type":"ImageObject","inLanguage":"pl-PL","@id":"https:\/\/www.welovecycling.com\/pl\/2016\/12\/05\/nauczycielka-zainstalowala-pedaly-biurkami-uczniow-aby-pomoc-im-nauce\/#primaryimage","url":"https:\/\/d2p6e6u75xmxt8.cloudfront.net\/5\/2016\/12\/12345567.jpg","contentUrl":"https:\/\/d2p6e6u75xmxt8.cloudfront.net\/5\/2016\/12\/12345567.jpg","width":1375,"height":600},{"@type":"BreadcrumbList","@id":"https:\/\/www.welovecycling.com\/pl\/2016\/12\/05\/nauczycielka-zainstalowala-pedaly-biurkami-uczniow-aby-pomoc-im-nauce\/#breadcrumb","itemListElement":[{"@type":"ListItem","position":1,"name":"Home","item":"https:\/\/www.welovecycling.com\/pl\/"},{"@type":"ListItem","position":2,"name":"Nauczycielka zainstalowa\u0142a peda\u0142y pod biurkami uczni\u00f3w, aby pom\u00f3c im w nauce"}]},{"@type":"WebSite","@id":"https:\/\/www.welovecycling.com\/pl\/#website","url":"https:\/\/www.welovecycling.com\/pl\/","name":"\u0160koda We Love Cycling - Poland","description":"","potentialAction":[{"@type":"SearchAction","target":{"@type":"EntryPoint","urlTemplate":"https:\/\/www.welovecycling.com\/pl\/?s={search_term_string}"},"query-input":{"@type":"PropertyValueSpecification","valueRequired":true,"valueName":"search_term_string"}}],"inLanguage":"pl-PL"},{"@type":"Person","@id":"https:\/\/www.welovecycling.com\/pl\/#\/schema\/person\/e5187c9cac8dd619ebc7b41bd73c2fd9","name":"WeLoveCycling","image":{"@type":"ImageObject","inLanguage":"pl-PL","@id":"https:\/\/www.welovecycling.com\/pl\/#\/schema\/person\/image\/","url":"https:\/\/secure.gravatar.com\/avatar\/7e1ee0ecc5e294b19ef32b9f6086e0afbb9da00c3cb0d465ba4695331f4a9187?s=96&d=mm&r=g","contentUrl":"https:\/\/secure.gravatar.com\/avatar\/7e1ee0ecc5e294b19ef32b9f6086e0afbb9da00c3cb0d465ba4695331f4a9187?s=96&d=mm&r=g","caption":"WeLoveCycling"},"url":"https:\/\/www.welovecycling.com\/pl\/author\/lukascech\/"}]}},"_links":{"self":[{"href":"https:\/\/www.welovecycling.com\/pl\/wp-json\/wp\/v2\/posts\/2600","targetHints":{"allow":["GET"]}}],"collection":[{"href":"https:\/\/www.welovecycling.com\/pl\/wp-json\/wp\/v2\/posts"}],"about":[{"href":"https:\/\/www.welovecycling.com\/pl\/wp-json\/wp\/v2\/types\/post"}],"author":[{"embeddable":true,"href":"https:\/\/www.welovecycling.com\/pl\/wp-json\/wp\/v2\/users\/1"}],"replies":[{"embeddable":true,"href":"https:\/\/www.welovecycling.com\/pl\/wp-json\/wp\/v2\/comments?post=2600"}],"version-history":[{"count":1,"href":"https:\/\/www.welovecycling.com\/pl\/wp-json\/wp\/v2\/posts\/2600\/revisions"}],"predecessor-version":[{"id":2609,"href":"https:\/\/www.welovecycling.com\/pl\/wp-json\/wp\/v2\/posts\/2600\/revisions\/2609"}],"wp:featuredmedia":[{"embeddable":true,"href":"https:\/\/www.welovecycling.com\/pl\/wp-json\/wp\/v2\/media\/2608"}],"wp:attachment":[{"href":"https:\/\/www.welovecycling.com\/pl\/wp-json\/wp\/v2\/media?parent=2600"}],"wp:term":[{"taxonomy":"category","embeddable":true,"href":"https:\/\/www.welovecycling.com\/pl\/wp-json\/wp\/v2\/categories?post=2600"},{"taxonomy":"post_tag","embeddable":true,"href":"https:\/\/www.welovecycling.com\/pl\/wp-json\/wp\/v2\/tags?post=2600"},{"taxonomy":"global-categories","embeddable":true,"href":"https:\/\/www.welovecycling.com\/pl\/wp-json\/wp\/v2\/global-categories?post=2600"}],"curies":[{"name":"wp","href":"https:\/\/api.w.org\/{rel}","templated":true}]}}