{"id":2589,"date":"2016-12-05T14:05:28","date_gmt":"2016-12-05T14:05:28","guid":{"rendered":"https:\/\/www.welovecycling.com\/pl\/?p=2589"},"modified":"2016-12-05T14:06:07","modified_gmt":"2016-12-05T14:06:07","slug":"2589","status":"publish","type":"post","link":"https:\/\/www.welovecycling.com\/pl\/2016\/12\/05\/2589\/","title":{"rendered":"Przygotowywanie roweru do jazdy zim\u0105"},"content":{"rendered":"<p style=\"text-align: justify;\">Jazda na rowerze w okresie zimowym mo\u017ce by\u0107 doskona\u0142\u0105 zabaw\u0105 ale r\u00f3wnie\u017c zapor\u0105, oddzielaj\u0105c\u0105 wytrzyma\u0142ych cyklist\u00f3w od zmarzluch\u00f3w. Aby cieszy\u0107 si\u0119 jazd\u0105, gdy temperatury spadn\u0105 poni\u017cej zera, musisz nie tylko mie\u0107 dobr\u0105 kondycj\u0119, ale te\u017c przygotowa\u0107 sw\u00f3j rower do przemierzania za\u015bnie\u017conych ulic. Je\u015bli nie chcesz straci\u0107 wi\u0119kszo\u015bci roku, poniewa\u017c warunki na zewn\u0105trz s\u0105 niesprzyjaj\u0105ce, ten artyku\u0142 pomo\u017ce ci doprowadzi\u0107 tw\u00f3j rower do dobrej kondycji na zim\u0119. <!--more--><\/p>\n<p style=\"text-align: justify;\"><strong>Przygotuj rower z wyprzedzeniem<\/strong><\/p>\n<p style=\"text-align: justify;\">Zapobieganie jest lepsze ni\u017c leczenie. Przy czym g\u0142\u00f3wnym problemem nie jest mo\u017cliwa korozja ramy, ale brud, chlapa i korozja, kt\u00f3re szkod\u0105 hamulcom, kablom, prze\u017cytkom i innym ruchomym cz\u0119\u015bciom. Powierzchnie styku, takie jak sztyca, pokr\u0119t\u0142o i mechanizm suportu rowerowego powinny by\u0107 nasmarowane lub pokryte \u015brodkiem zapobiegaj\u0105cym zatarciom i zapiekom przed rozpocz\u0119ciem zimy.<\/p>\n<p style=\"text-align: justify;\"><img loading=\"lazy\" decoding=\"async\" class=\"alignnone  wp-image-2226\" src=\"http:\/\/skoda-rowery.pl\/wp-content\/uploads\/2016\/11\/55cfd6114438704078fcc84fc24281b6.jpg\" alt=\"55cfd6114438704078fcc84fc24281b6\" width=\"437\" height=\"655\" \/><\/p>\n<p style=\"text-align: justify;\"><img loading=\"lazy\" decoding=\"async\" class=\"alignnone wp-image-2228\" src=\"http:\/\/skoda-rowery.pl\/wp-content\/uploads\/2016\/11\/7959132dd8b0a413ba8424bcf04ae938.jpg\" alt=\"7959132dd8b0a413ba8424bcf04ae938\" width=\"434\" height=\"650\" \/><\/p>\n<p style=\"text-align: justify;\"><strong>Utrzymuj rower w czysto\u015bci<br \/>\n<\/strong><br \/>\nKolarstwo zimowe zak\u0142ada dwa g\u0142\u00f3wne czynniki \u2013 tw\u00f3j rower b\u0119dzie brudny i b\u0119dzie na tym cierpia\u0142. Wszystkie z jego ruchomych cz\u0119\u015bci musz\u0105 przetrwa\u0107 kontakt ze s\u0142onymi i mokrymi drogami. Nieoczyszczona, s\u00f3l rozpocznie korozj\u0119 i rdzewienie twojego pi\u0119knego roweru. To zaskakuj\u0105ce, jak szybko \u0142a\u0144cuch mo\u017ce przybra\u0107 kolor pomara\u0144czowy zim\u0105. Znane nam dobrze wiadro z wod\u0105 z myd\u0142em na pewno pomo\u017ce, ale istnieje r\u00f3wnie\u017c wiele produkt\u00f3w czyszcz\u0105cych przeznaczonych do piel\u0119gnacji roweru, kt\u00f3re dadz\u0105 lepszy efekt. \u015arodek odt\u0142uszczaj\u0105cy i mycie \u0142a\u0144cucha z \u0142atwo\u015bci\u0105 wyczyszcz\u0105 zab\u0142ocone elementy. Je\u015bli nie masz gara\u017cu, ale nie chcesz my\u0107 roweru pod prysznicem, wypr\u00f3buj wyroby czyszcz\u0105ce niezawieraj\u0105ce wody.<\/p>\n<p style=\"text-align: justify;\"><img loading=\"lazy\" decoding=\"async\" class=\"alignnone wp-image-2229\" src=\"http:\/\/skoda-rowery.pl\/wp-content\/uploads\/2016\/11\/AG9C5701-1024x683.jpg\" alt=\"ag9c5701\" width=\"864\" height=\"576\" \/><\/p>\n<p style=\"text-align: justify;\"><strong>Smaruj \u0142a\u0144cuch<br \/>\n<\/strong><br \/>\nW okresie zimowym sugeruje si\u0119 czyszczenie i smarowanie \u0142a\u0144cucha, najlepiej po ka\u017cdej przeja\u017cd\u017cce, w zale\u017cno\u015bci od tego, gdzie je\u017adzi\u0142e\u015b. U\u017cyj szmatki do wysuszenia \u0142a\u0144cucha i przestrzeni pomi\u0119dzy ko\u0142ami z\u0119batymi na tylnej kasecie, a nast\u0119pnie spryskaj \u0142a\u0144cuch cienk\u0105 warstw\u0105 smaru, przekr\u0119\u0107 peda\u0142ami, zmieniaj\u0105c jednocze\u015bnie przerzutki, dzi\u0119ki czemu \u0142a\u0144cuch przesunie si\u0119 w d\u00f3\u0142 i w g\u00f3r\u0119 kasety, rozprowadzaj\u0105c sprej. Wytrzyj nadmiar smaru szmatk\u0105.<\/p>\n<p style=\"text-align: justify;\"><img loading=\"lazy\" decoding=\"async\" class=\"alignnone size-large wp-image-2230\" src=\"http:\/\/skoda-rowery.pl\/wp-content\/uploads\/2016\/11\/profimedia-0257608551-1024x683-1024x683.jpg\" alt=\"profimedia-0257608551-1024x683\" width=\"1024\" height=\"683\" \/><\/p>\n<p><img loading=\"lazy\" decoding=\"async\" class=\"size-large wp-image-2231\" src=\"http:\/\/skoda-rowery.pl\/wp-content\/uploads\/2016\/11\/profimedia-0255520087-1024x683.jpg\" alt=\"Close-up Of Person Hands Lubricating Bike Chain, Image: 255520087, License: Royalty-free, Restrictions: , Model Release: yes, Credit line: Profimedia, Stock Budget\" width=\"1024\" height=\"683\" \/><\/p>\n<p style=\"text-align: justify;\"><strong>Za\u0142\u00f3\u017c zimowe opony<br \/>\n<\/strong><br \/>\nZim\u0105, drogi bywaj\u0105 mokre i zab\u0142ocone, przez co twoja przeja\u017cd\u017cka mo\u017ce si\u0119 przerodzi\u0107 w koszmar. Opony zimowe s\u0105 generalnie odrobin\u0119 ci\u0119\u017csze i posiadaj\u0105 wi\u0119kszy op\u00f3r toczny ni\u017c opony stosowane latem. S\u0105 za to bardziej trwa\u0142e i oferuj\u0105 wi\u0119ksz\u0105 odporno\u015b\u0107 na przebicie. Preferowana szeroko\u015b\u0107 opony zale\u017cy od warunk\u00f3w. W\u0105skie opony przebijaj\u0105 mi\u0119kki, \u015bwie\u017cy \u015bnieg i spoczywaj\u0105 pewnie na powierzchni pod nim. Szersze opony natomiast poruszaj\u0105 si\u0119 po zbitym \u015bniegu i oferuj\u0105 wi\u0119ksz\u0105 stabilno\u015b\u0107 na nier\u00f3wnych powierzchniach.<\/p>\n<p style=\"text-align: justify;\"><img loading=\"lazy\" decoding=\"async\" class=\"alignnone size-full wp-image-2232\" src=\"http:\/\/skoda-rowery.pl\/wp-content\/uploads\/2016\/11\/75a3f283702f8f01f234aa20490a711d.jpg\" alt=\"75a3f283702f8f01f234aa20490a711d\" width=\"564\" height=\"564\" \/><\/p>\n<p style=\"text-align: justify;\"><img loading=\"lazy\" decoding=\"async\" class=\"alignnone size-large wp-image-2233\" src=\"http:\/\/skoda-rowery.pl\/wp-content\/uploads\/2016\/11\/ab5e89e85ab26ebac2af61fc4a1540e7.jpg\" alt=\"ab5e89e85ab26ebac2af61fc4a1540e7\" width=\"564\" height=\"564\" \/><\/p>\n<p style=\"text-align: justify;\"><strong>Za\u0142\u00f3\u017c b\u0142otniki<br \/>\n<\/strong><br \/>\nMo\u017cesz je kocha\u0107 albo nienawidzi\u0107, ale b\u0142otniki to obowi\u0105zkowy element zimowego wyposa\u017cenia roweru. Dzi\u0119ki nim twoje po\u015bladki, \u0142ydki i stopy pozostan\u0105 suche, a twoja jazda \u2013 bardziej komfortowa. Ponadto, je\u015bli poruszasz si\u0119 w grupie, ochroni\u0105 osoby poruszaj\u0105ce si\u0119 z tob\u0105 przed zimn\u0105 i brudn\u0105 wod\u0105 wydostaj\u0105c\u0105 si\u0119 spod twoich opon.<\/p>\n<p style=\"text-align: justify;\"><img loading=\"lazy\" decoding=\"async\" class=\"alignnone size-full wp-image-2234\" src=\"http:\/\/skoda-rowery.pl\/wp-content\/uploads\/2016\/11\/prod25793_Black_NE_01.jpg\" alt=\"prod25793_black_ne_01\" width=\"500\" height=\"505\" \/><\/p>\n<p style=\"text-align: justify;\"><img loading=\"lazy\" decoding=\"async\" class=\"alignnone wp-image-2235\" src=\"http:\/\/skoda-rowery.pl\/wp-content\/uploads\/2016\/11\/sks-chromo-mudguards-zoom.jpg\" alt=\"sks-chromo-mudguards-zoom\" width=\"701\" height=\"701\" \/><\/p>\n<p style=\"text-align: justify;\"><strong>W\u0142\u0105czaj lampki przez ca\u0142\u0105 zim\u0119<br \/>\n<\/strong><br \/>\nCiemniejsze noce sprawiaj\u0105, \u017ce podr\u00f3\u017cowanie rowerem jest bardziej niebezpieczne. Ale przy mnogo\u015bci innowacyjnych rozwi\u0105za\u0144 dla o\u015bwietlenia roweru, dost\u0119pnych na rynku, zachowanie bezpiecze\u0144stwa na drodze jest o wiele \u0142atwiejsze. Sugerujemy monta\u017c o\u015bwietlenia na rowerze i pozostawienie go tam przez ca\u0142\u0105 zim\u0119, co zapewni dobr\u0105 widoczno\u015b\u0107 nawet za dnia. Nawet je\u015bli nie podr\u00f3\u017cujesz po zmroku, powiniene\u015b posiada\u0107 ma\u0142y zestaw lampek awaryjnych, dzi\u0119ki kt\u00f3remu unikniesz wielu nieprzyjemnych sytuacji.<\/p>\n","protected":false},"excerpt":{"rendered":"<p>Jazda na rowerze w okresie zimowym mo\u017ce by\u0107 doskona\u0142\u0105 zabaw\u0105 ale r\u00f3wnie\u017c zapor\u0105, oddzielaj\u0105c\u0105 wytrzyma\u0142ych cyklist\u00f3w od zmarzluch\u00f3w. Aby cieszy\u0107 [&hellip;]<\/p>\n","protected":false},"author":1,"featured_media":2592,"comment_status":"open","ping_status":"open","sticky":false,"template":"","format":"standard","meta":{"footnotes":""},"categories":[1],"tags":[41],"global-categories":[],"class_list":["post-2589","post","type-post","status-publish","format-standard","has-post-thumbnail","hentry","category-uncategorized","tag-cycling"],"yoast_head":"<!-- This site is optimized with the Yoast SEO Premium plugin v25.3 (Yoast SEO v25.9) - https:\/\/yoast.com\/wordpress\/plugins\/seo\/ -->\n<title>Przygotowywanie roweru do jazdy zim\u0105 - \u0160koda We Love Cycling - Poland<\/title>\n<meta name=\"robots\" content=\"index, follow, max-snippet:-1, max-image-preview:large, max-video-preview:-1\" \/>\n<link rel=\"canonical\" href=\"https:\/\/www.welovecycling.com\/pl\/2016\/12\/05\/2589\/\" \/>\n<meta property=\"og:locale\" content=\"pl_PL\" \/>\n<meta property=\"og:type\" content=\"article\" \/>\n<meta property=\"og:title\" content=\"Przygotowywanie roweru do jazdy zim\u0105\" \/>\n<meta property=\"og:description\" content=\"Jazda na rowerze w okresie zimowym mo\u017ce by\u0107 doskona\u0142\u0105 zabaw\u0105 ale r\u00f3wnie\u017c zapor\u0105, oddzielaj\u0105c\u0105 wytrzyma\u0142ych cyklist\u00f3w od zmarzluch\u00f3w. Aby cieszy\u0107 [&hellip;]\" \/>\n<meta property=\"og:url\" content=\"https:\/\/www.welovecycling.com\/pl\/2016\/12\/05\/2589\/\" \/>\n<meta property=\"og:site_name\" content=\"\u0160koda We Love Cycling - Poland\" \/>\n<meta property=\"article:published_time\" content=\"2016-12-05T14:05:28+00:00\" \/>\n<meta property=\"article:modified_time\" content=\"2016-12-05T14:06:07+00:00\" \/>\n<meta property=\"og:image\" content=\"https:\/\/d2p6e6u75xmxt8.cloudfront.net\/5\/2016\/12\/4224444_44244.jpg\" \/>\n\t<meta property=\"og:image:width\" content=\"1375\" \/>\n\t<meta property=\"og:image:height\" content=\"600\" \/>\n\t<meta property=\"og:image:type\" content=\"image\/jpeg\" \/>\n<meta name=\"author\" content=\"WeLoveCycling\" \/>\n<meta name=\"twitter:card\" content=\"summary_large_image\" \/>\n<meta name=\"twitter:label1\" content=\"Written by\" \/>\n\t<meta name=\"twitter:data1\" content=\"WeLoveCycling\" \/>\n\t<meta name=\"twitter:label2\" content=\"Est. reading time\" \/>\n\t<meta name=\"twitter:data2\" content=\"3 minutes\" \/>\n<script type=\"application\/ld+json\" class=\"yoast-schema-graph\">{\"@context\":\"https:\/\/schema.org\",\"@graph\":[{\"@type\":\"WebPage\",\"@id\":\"https:\/\/www.welovecycling.com\/pl\/2016\/12\/05\/2589\/\",\"url\":\"https:\/\/www.welovecycling.com\/pl\/2016\/12\/05\/2589\/\",\"name\":\"Przygotowywanie roweru do jazdy zim\u0105 - \u0160koda We Love Cycling - Poland\",\"isPartOf\":{\"@id\":\"https:\/\/www.welovecycling.com\/pl\/#website\"},\"primaryImageOfPage\":{\"@id\":\"https:\/\/www.welovecycling.com\/pl\/2016\/12\/05\/2589\/#primaryimage\"},\"image\":{\"@id\":\"https:\/\/www.welovecycling.com\/pl\/2016\/12\/05\/2589\/#primaryimage\"},\"thumbnailUrl\":\"https:\/\/d2p6e6u75xmxt8.cloudfront.net\/5\/2016\/12\/4224444_44244.jpg\",\"datePublished\":\"2016-12-05T14:05:28+00:00\",\"dateModified\":\"2016-12-05T14:06:07+00:00\",\"author\":{\"@id\":\"https:\/\/www.welovecycling.com\/pl\/#\/schema\/person\/e5187c9cac8dd619ebc7b41bd73c2fd9\"},\"breadcrumb\":{\"@id\":\"https:\/\/www.welovecycling.com\/pl\/2016\/12\/05\/2589\/#breadcrumb\"},\"inLanguage\":\"pl-PL\",\"potentialAction\":[{\"@type\":\"ReadAction\",\"target\":[\"https:\/\/www.welovecycling.com\/pl\/2016\/12\/05\/2589\/\"]}]},{\"@type\":\"ImageObject\",\"inLanguage\":\"pl-PL\",\"@id\":\"https:\/\/www.welovecycling.com\/pl\/2016\/12\/05\/2589\/#primaryimage\",\"url\":\"https:\/\/d2p6e6u75xmxt8.cloudfront.net\/5\/2016\/12\/4224444_44244.jpg\",\"contentUrl\":\"https:\/\/d2p6e6u75xmxt8.cloudfront.net\/5\/2016\/12\/4224444_44244.jpg\",\"width\":1375,\"height\":600},{\"@type\":\"BreadcrumbList\",\"@id\":\"https:\/\/www.welovecycling.com\/pl\/2016\/12\/05\/2589\/#breadcrumb\",\"itemListElement\":[{\"@type\":\"ListItem\",\"position\":1,\"name\":\"Home\",\"item\":\"https:\/\/www.welovecycling.com\/pl\/\"},{\"@type\":\"ListItem\",\"position\":2,\"name\":\"Przygotowywanie roweru do jazdy zim\u0105\"}]},{\"@type\":\"WebSite\",\"@id\":\"https:\/\/www.welovecycling.com\/pl\/#website\",\"url\":\"https:\/\/www.welovecycling.com\/pl\/\",\"name\":\"\u0160koda We Love Cycling - Poland\",\"description\":\"\",\"potentialAction\":[{\"@type\":\"SearchAction\",\"target\":{\"@type\":\"EntryPoint\",\"urlTemplate\":\"https:\/\/www.welovecycling.com\/pl\/?s={search_term_string}\"},\"query-input\":{\"@type\":\"PropertyValueSpecification\",\"valueRequired\":true,\"valueName\":\"search_term_string\"}}],\"inLanguage\":\"pl-PL\"},{\"@type\":\"Person\",\"@id\":\"https:\/\/www.welovecycling.com\/pl\/#\/schema\/person\/e5187c9cac8dd619ebc7b41bd73c2fd9\",\"name\":\"WeLoveCycling\",\"image\":{\"@type\":\"ImageObject\",\"inLanguage\":\"pl-PL\",\"@id\":\"https:\/\/www.welovecycling.com\/pl\/#\/schema\/person\/image\/\",\"url\":\"https:\/\/secure.gravatar.com\/avatar\/7e1ee0ecc5e294b19ef32b9f6086e0afbb9da00c3cb0d465ba4695331f4a9187?s=96&d=mm&r=g\",\"contentUrl\":\"https:\/\/secure.gravatar.com\/avatar\/7e1ee0ecc5e294b19ef32b9f6086e0afbb9da00c3cb0d465ba4695331f4a9187?s=96&d=mm&r=g\",\"caption\":\"WeLoveCycling\"},\"url\":\"https:\/\/www.welovecycling.com\/pl\/author\/lukascech\/\"}]}<\/script>\n<!-- \/ Yoast SEO Premium plugin. -->","yoast_head_json":{"title":"Przygotowywanie roweru do jazdy zim\u0105 - \u0160koda We Love Cycling - Poland","robots":{"index":"index","follow":"follow","max-snippet":"max-snippet:-1","max-image-preview":"max-image-preview:large","max-video-preview":"max-video-preview:-1"},"canonical":"https:\/\/www.welovecycling.com\/pl\/2016\/12\/05\/2589\/","og_locale":"pl_PL","og_type":"article","og_title":"Przygotowywanie roweru do jazdy zim\u0105","og_description":"Jazda na rowerze w okresie zimowym mo\u017ce by\u0107 doskona\u0142\u0105 zabaw\u0105 ale r\u00f3wnie\u017c zapor\u0105, oddzielaj\u0105c\u0105 wytrzyma\u0142ych cyklist\u00f3w od zmarzluch\u00f3w. Aby cieszy\u0107 [&hellip;]","og_url":"https:\/\/www.welovecycling.com\/pl\/2016\/12\/05\/2589\/","og_site_name":"\u0160koda We Love Cycling - Poland","article_published_time":"2016-12-05T14:05:28+00:00","article_modified_time":"2016-12-05T14:06:07+00:00","og_image":[{"width":1375,"height":600,"url":"https:\/\/d2p6e6u75xmxt8.cloudfront.net\/5\/2016\/12\/4224444_44244.jpg","type":"image\/jpeg"}],"author":"WeLoveCycling","twitter_card":"summary_large_image","twitter_misc":{"Written by":"WeLoveCycling","Est. reading time":"3 minutes"},"schema":{"@context":"https:\/\/schema.org","@graph":[{"@type":"WebPage","@id":"https:\/\/www.welovecycling.com\/pl\/2016\/12\/05\/2589\/","url":"https:\/\/www.welovecycling.com\/pl\/2016\/12\/05\/2589\/","name":"Przygotowywanie roweru do jazdy zim\u0105 - \u0160koda We Love Cycling - Poland","isPartOf":{"@id":"https:\/\/www.welovecycling.com\/pl\/#website"},"primaryImageOfPage":{"@id":"https:\/\/www.welovecycling.com\/pl\/2016\/12\/05\/2589\/#primaryimage"},"image":{"@id":"https:\/\/www.welovecycling.com\/pl\/2016\/12\/05\/2589\/#primaryimage"},"thumbnailUrl":"https:\/\/d2p6e6u75xmxt8.cloudfront.net\/5\/2016\/12\/4224444_44244.jpg","datePublished":"2016-12-05T14:05:28+00:00","dateModified":"2016-12-05T14:06:07+00:00","author":{"@id":"https:\/\/www.welovecycling.com\/pl\/#\/schema\/person\/e5187c9cac8dd619ebc7b41bd73c2fd9"},"breadcrumb":{"@id":"https:\/\/www.welovecycling.com\/pl\/2016\/12\/05\/2589\/#breadcrumb"},"inLanguage":"pl-PL","potentialAction":[{"@type":"ReadAction","target":["https:\/\/www.welovecycling.com\/pl\/2016\/12\/05\/2589\/"]}]},{"@type":"ImageObject","inLanguage":"pl-PL","@id":"https:\/\/www.welovecycling.com\/pl\/2016\/12\/05\/2589\/#primaryimage","url":"https:\/\/d2p6e6u75xmxt8.cloudfront.net\/5\/2016\/12\/4224444_44244.jpg","contentUrl":"https:\/\/d2p6e6u75xmxt8.cloudfront.net\/5\/2016\/12\/4224444_44244.jpg","width":1375,"height":600},{"@type":"BreadcrumbList","@id":"https:\/\/www.welovecycling.com\/pl\/2016\/12\/05\/2589\/#breadcrumb","itemListElement":[{"@type":"ListItem","position":1,"name":"Home","item":"https:\/\/www.welovecycling.com\/pl\/"},{"@type":"ListItem","position":2,"name":"Przygotowywanie roweru do jazdy zim\u0105"}]},{"@type":"WebSite","@id":"https:\/\/www.welovecycling.com\/pl\/#website","url":"https:\/\/www.welovecycling.com\/pl\/","name":"\u0160koda We Love Cycling - Poland","description":"","potentialAction":[{"@type":"SearchAction","target":{"@type":"EntryPoint","urlTemplate":"https:\/\/www.welovecycling.com\/pl\/?s={search_term_string}"},"query-input":{"@type":"PropertyValueSpecification","valueRequired":true,"valueName":"search_term_string"}}],"inLanguage":"pl-PL"},{"@type":"Person","@id":"https:\/\/www.welovecycling.com\/pl\/#\/schema\/person\/e5187c9cac8dd619ebc7b41bd73c2fd9","name":"WeLoveCycling","image":{"@type":"ImageObject","inLanguage":"pl-PL","@id":"https:\/\/www.welovecycling.com\/pl\/#\/schema\/person\/image\/","url":"https:\/\/secure.gravatar.com\/avatar\/7e1ee0ecc5e294b19ef32b9f6086e0afbb9da00c3cb0d465ba4695331f4a9187?s=96&d=mm&r=g","contentUrl":"https:\/\/secure.gravatar.com\/avatar\/7e1ee0ecc5e294b19ef32b9f6086e0afbb9da00c3cb0d465ba4695331f4a9187?s=96&d=mm&r=g","caption":"WeLoveCycling"},"url":"https:\/\/www.welovecycling.com\/pl\/author\/lukascech\/"}]}},"_links":{"self":[{"href":"https:\/\/www.welovecycling.com\/pl\/wp-json\/wp\/v2\/posts\/2589","targetHints":{"allow":["GET"]}}],"collection":[{"href":"https:\/\/www.welovecycling.com\/pl\/wp-json\/wp\/v2\/posts"}],"about":[{"href":"https:\/\/www.welovecycling.com\/pl\/wp-json\/wp\/v2\/types\/post"}],"author":[{"embeddable":true,"href":"https:\/\/www.welovecycling.com\/pl\/wp-json\/wp\/v2\/users\/1"}],"replies":[{"embeddable":true,"href":"https:\/\/www.welovecycling.com\/pl\/wp-json\/wp\/v2\/comments?post=2589"}],"version-history":[{"count":2,"href":"https:\/\/www.welovecycling.com\/pl\/wp-json\/wp\/v2\/posts\/2589\/revisions"}],"predecessor-version":[{"id":2594,"href":"https:\/\/www.welovecycling.com\/pl\/wp-json\/wp\/v2\/posts\/2589\/revisions\/2594"}],"wp:featuredmedia":[{"embeddable":true,"href":"https:\/\/www.welovecycling.com\/pl\/wp-json\/wp\/v2\/media\/2592"}],"wp:attachment":[{"href":"https:\/\/www.welovecycling.com\/pl\/wp-json\/wp\/v2\/media?parent=2589"}],"wp:term":[{"taxonomy":"category","embeddable":true,"href":"https:\/\/www.welovecycling.com\/pl\/wp-json\/wp\/v2\/categories?post=2589"},{"taxonomy":"post_tag","embeddable":true,"href":"https:\/\/www.welovecycling.com\/pl\/wp-json\/wp\/v2\/tags?post=2589"},{"taxonomy":"global-categories","embeddable":true,"href":"https:\/\/www.welovecycling.com\/pl\/wp-json\/wp\/v2\/global-categories?post=2589"}],"curies":[{"name":"wp","href":"https:\/\/api.w.org\/{rel}","templated":true}]}}