{"id":2343,"date":"2016-11-16T17:06:08","date_gmt":"2016-11-16T17:06:08","guid":{"rendered":"http:\/\/skoda-rowery.pl\/?p=2197"},"modified":"2016-12-01T12:54:49","modified_gmt":"2016-12-01T12:54:49","slug":"dzieki-tym-swiatelkom-zauwaza-cie-wszyscy","status":"publish","type":"post","link":"https:\/\/www.welovecycling.com\/pl\/2016\/11\/16\/dzieki-tym-swiatelkom-zauwaza-cie-wszyscy\/","title":{"rendered":"Dzi\u0119ki tym \u015bwiate\u0142kom zauwa\u017c\u0105 Ci\u0119 wszyscy!"},"content":{"rendered":"<p style=\"text-align: justify\">Bycie widocznym na rowerze jest bardzo wa\u017cne dla Twojego bezpiecze\u0144stwa podczas jazdy niezale\u017cnie od tego, czy wolisz szos\u0119, MTB, czy rower miejski. Dbanie o bezpiecze\u0144stwo nie wyklucza si\u0119 z oryginalnym wygl\u0105dem! Odkryj 7 nowoczesnych rozwi\u0105za\u0144, dzi\u0119ki kt\u00f3rym b\u0119dziesz zauwa\u017calny przez wszystkich u\u017cytkownik\u00f3w drogi.<!--more--><\/p>\n<p style=\"text-align: justify\"><strong>LightSKIN<\/strong><\/p>\n<p style=\"text-align: justify\">\nCo powiesz na wbudowan\u0105 lampk\u0119 tyln\u0105?<\/p>\n<p style=\"text-align: justify\"><img loading=\"lazy\" decoding=\"async\" class=\"alignnone size-large wp-image-2199\" src=\"https:\/\/d2p6e6u75xmxt8.cloudfront.net\/5\/2016\/11\/ee7b13620c3c26ccf2330134f4bade71-1-1024x683.jpg\" alt=\"ee7b13620c3c26ccf2330134f4bade71-1\" width=\"1024\" height=\"683\" \/><\/p>\n<p style=\"text-align: justify\"><img loading=\"lazy\" decoding=\"async\" class=\"alignnone size-large wp-image-2200\" src=\"https:\/\/d2p6e6u75xmxt8.cloudfront.net\/5\/2016\/11\/SAM_1640-1024x702.jpg\" alt=\"sam_1640\" width=\"1024\" height=\"702\" \/><\/p>\n<p style=\"text-align: justify\"><strong>Kask z wbudowan\u0105 latark\u0105<\/strong><\/p>\n<p style=\"text-align: justify\">\nJak Ci si\u0119 podoba kask z wbudowan\u0105 latark\u0105? Takie rozwi\u0105zanie zapewnia widoczno\u015b\u0107 i bezpiecze\u0144stwo o ka\u017cdej porze roku.<\/p>\n<p style=\"text-align: justify\"><img loading=\"lazy\" decoding=\"async\" class=\"alignnone size-large wp-image-2201\" src=\"https:\/\/d2p6e6u75xmxt8.cloudfront.net\/5\/2016\/11\/10454265_520063921432955_3473436196571283526_o-1024x683.jpg\" alt=\"10454265_520063921432955_3473436196571283526_o\" width=\"1024\" height=\"683\" \/><\/p>\n<p style=\"text-align: justify\"><strong>Magnetyczne \u015bwiat\u0142o<\/strong><\/p>\n<p style=\"text-align: justify\">\nNie mo\u017cesz znale\u017a\u0107 \u015bwiate\u0142ka, kt\u00f3re pasuje do Twojego designerskiego roweru? W\u0142a\u015bnie znalaz\u0142e\u015b! To sprytne \u015bwiate\u0142ko przyczepia si\u0119 na magnes.<\/p>\n<p style=\"text-align: justify\">\n<img loading=\"lazy\" decoding=\"async\" class=\"alignnone size-large wp-image-2202\" src=\"http:\/\/skoda-rowery.pl\/wp-content\/uploads\/2016\/11\/Clipboard01_789468a3-8fdd-424c-b274-5b9030f0e95a_1024x1024-1024x757.jpg\" alt=\"clipboard01_789468a3-8fdd-424c-b274-5b9030f0e95a_1024x1024\" width=\"1024\" height=\"757\" \/><\/p>\n<p style=\"text-align: justify\"><strong>Bezprzewodowy kierunkowskaz rowerowy<\/strong><\/p>\n<p style=\"text-align: justify\">\nPoka\u017c innym, w kt\u00f3r\u0105 stron\u0119 zamierzasz skr\u0119ci\u0107 bez \u015bci\u0105gania r\u0105k z kierownicy.<\/p>\n<p style=\"text-align: justify\"><img loading=\"lazy\" decoding=\"async\" class=\"alignnone size-full wp-image-2203\" src=\"https:\/\/d2p6e6u75xmxt8.cloudfront.net\/5\/2016\/11\/BL-3-Turn.jpg\" alt=\"bl-3-turn\" width=\"645\" height=\"443\" \/><\/p>\n<p style=\"text-align: justify\"><strong>Laserowa \u015bcie\u017cka rowerowa<\/strong><\/p>\n<p style=\"text-align: justify\">\nDzi\u0119ki przeno\u015bnej \u015bcie\u017cce zawsze i wsz\u0119dzie mo\u017cesz czu\u0107 si\u0119 bezpiecznie, nawet na bezdro\u017cach.<\/p>\n<p style=\"text-align: justify\"><img loading=\"lazy\" decoding=\"async\" class=\"alignnone size-full wp-image-2204\" src=\"https:\/\/d2p6e6u75xmxt8.cloudfront.net\/5\/2016\/11\/BL-1-Lane.jpg\" alt=\"bl-1-lane\" width=\"645\" height=\"644\" \/><\/p>\n<p><strong>Monkey Light<\/strong><\/p>\n<p style=\"text-align: justify\">Instalujesz Monkey Light i ju\u017c nikt Ci nie powie, \u017ce nie wida\u0107 Ci\u0119 na jezdni!<\/p>\n<p><strong>Revolights<\/strong><\/p>\n<p>Sprytne lampki LED to bardzo przysz\u0142o\u015bciowe rozwi\u0105zanie, kt\u00f3re umo\u017cliwi Ci bycie widzianym i o\u015bwietlanie drogi.<\/p>\n<p style=\"text-align: justify\"><img loading=\"lazy\" decoding=\"async\" class=\"alignnone size-full wp-image-2205\" src=\"https:\/\/d2p6e6u75xmxt8.cloudfront.net\/5\/2016\/11\/1511.jpg\" alt=\"1511\" width=\"645\" height=\"408\" \/><\/p>\n<p style=\"text-align: justify\">(\u017ar\u00f3d\u0142o: welovecycling.com)<\/p>\n","protected":false},"excerpt":{"rendered":"<p>Bycie widocznym na rowerze jest bardzo wa\u017cne dla Twojego bezpiecze\u0144stwa podczas jazdy niezale\u017cnie od tego, czy wolisz szos\u0119, MTB, czy [&hellip;]<\/p>\n","protected":false},"author":1,"featured_media":2217,"comment_status":"open","ping_status":"closed","sticky":false,"template":"","format":"standard","meta":{"footnotes":""},"categories":[7],"tags":[],"global-categories":[],"class_list":["post-2343","post","type-post","status-publish","format-standard","has-post-thumbnail","hentry","category-bezpieczenstwo"],"yoast_head":"<!-- This site is optimized with the Yoast SEO Premium plugin v25.3 (Yoast SEO v25.9) - https:\/\/yoast.com\/wordpress\/plugins\/seo\/ -->\n<title>Dzi\u0119ki tym \u015bwiate\u0142kom zauwa\u017c\u0105 Ci\u0119 wszyscy! - \u0160koda We Love Cycling - Poland<\/title>\n<meta name=\"robots\" content=\"index, follow, max-snippet:-1, max-image-preview:large, max-video-preview:-1\" \/>\n<link rel=\"canonical\" href=\"https:\/\/www.welovecycling.com\/pl\/2016\/11\/16\/dzieki-tym-swiatelkom-zauwaza-cie-wszyscy\/\" \/>\n<meta property=\"og:locale\" content=\"pl_PL\" \/>\n<meta property=\"og:type\" content=\"article\" \/>\n<meta property=\"og:title\" content=\"Dzi\u0119ki tym \u015bwiate\u0142kom zauwa\u017c\u0105 Ci\u0119 wszyscy!\" \/>\n<meta property=\"og:description\" content=\"Bycie widocznym na rowerze jest bardzo wa\u017cne dla Twojego bezpiecze\u0144stwa podczas jazdy niezale\u017cnie od tego, czy wolisz szos\u0119, MTB, czy [&hellip;]\" \/>\n<meta property=\"og:url\" content=\"https:\/\/www.welovecycling.com\/pl\/2016\/11\/16\/dzieki-tym-swiatelkom-zauwaza-cie-wszyscy\/\" \/>\n<meta property=\"og:site_name\" content=\"\u0160koda We Love Cycling - Poland\" \/>\n<meta property=\"article:published_time\" content=\"2016-11-16T17:06:08+00:00\" \/>\n<meta property=\"article:modified_time\" content=\"2016-12-01T12:54:49+00:00\" \/>\n<meta property=\"og:image\" content=\"https:\/\/d2p6e6u75xmxt8.cloudfront.net\/5\/2016\/11\/85418484_4885485.jpg\" \/>\n\t<meta property=\"og:image:width\" content=\"1375\" \/>\n\t<meta property=\"og:image:height\" content=\"600\" \/>\n\t<meta property=\"og:image:type\" content=\"image\/jpeg\" \/>\n<meta name=\"author\" content=\"WeLoveCycling\" \/>\n<meta name=\"twitter:card\" content=\"summary_large_image\" \/>\n<meta name=\"twitter:label1\" content=\"Written by\" \/>\n\t<meta name=\"twitter:data1\" content=\"WeLoveCycling\" \/>\n\t<meta name=\"twitter:label2\" content=\"Est. reading time\" \/>\n\t<meta name=\"twitter:data2\" content=\"1 minute\" \/>\n<script type=\"application\/ld+json\" class=\"yoast-schema-graph\">{\"@context\":\"https:\/\/schema.org\",\"@graph\":[{\"@type\":\"WebPage\",\"@id\":\"https:\/\/www.welovecycling.com\/pl\/2016\/11\/16\/dzieki-tym-swiatelkom-zauwaza-cie-wszyscy\/\",\"url\":\"https:\/\/www.welovecycling.com\/pl\/2016\/11\/16\/dzieki-tym-swiatelkom-zauwaza-cie-wszyscy\/\",\"name\":\"Dzi\u0119ki tym \u015bwiate\u0142kom zauwa\u017c\u0105 Ci\u0119 wszyscy! - \u0160koda We Love Cycling - Poland\",\"isPartOf\":{\"@id\":\"https:\/\/www.welovecycling.com\/pl\/#website\"},\"primaryImageOfPage\":{\"@id\":\"https:\/\/www.welovecycling.com\/pl\/2016\/11\/16\/dzieki-tym-swiatelkom-zauwaza-cie-wszyscy\/#primaryimage\"},\"image\":{\"@id\":\"https:\/\/www.welovecycling.com\/pl\/2016\/11\/16\/dzieki-tym-swiatelkom-zauwaza-cie-wszyscy\/#primaryimage\"},\"thumbnailUrl\":\"https:\/\/d2p6e6u75xmxt8.cloudfront.net\/5\/2016\/11\/85418484_4885485.jpg\",\"datePublished\":\"2016-11-16T17:06:08+00:00\",\"dateModified\":\"2016-12-01T12:54:49+00:00\",\"author\":{\"@id\":\"https:\/\/www.welovecycling.com\/pl\/#\/schema\/person\/e5187c9cac8dd619ebc7b41bd73c2fd9\"},\"breadcrumb\":{\"@id\":\"https:\/\/www.welovecycling.com\/pl\/2016\/11\/16\/dzieki-tym-swiatelkom-zauwaza-cie-wszyscy\/#breadcrumb\"},\"inLanguage\":\"pl-PL\",\"potentialAction\":[{\"@type\":\"ReadAction\",\"target\":[\"https:\/\/www.welovecycling.com\/pl\/2016\/11\/16\/dzieki-tym-swiatelkom-zauwaza-cie-wszyscy\/\"]}]},{\"@type\":\"ImageObject\",\"inLanguage\":\"pl-PL\",\"@id\":\"https:\/\/www.welovecycling.com\/pl\/2016\/11\/16\/dzieki-tym-swiatelkom-zauwaza-cie-wszyscy\/#primaryimage\",\"url\":\"https:\/\/d2p6e6u75xmxt8.cloudfront.net\/5\/2016\/11\/85418484_4885485.jpg\",\"contentUrl\":\"https:\/\/d2p6e6u75xmxt8.cloudfront.net\/5\/2016\/11\/85418484_4885485.jpg\",\"width\":1375,\"height\":600},{\"@type\":\"BreadcrumbList\",\"@id\":\"https:\/\/www.welovecycling.com\/pl\/2016\/11\/16\/dzieki-tym-swiatelkom-zauwaza-cie-wszyscy\/#breadcrumb\",\"itemListElement\":[{\"@type\":\"ListItem\",\"position\":1,\"name\":\"Home\",\"item\":\"https:\/\/www.welovecycling.com\/pl\/\"},{\"@type\":\"ListItem\",\"position\":2,\"name\":\"Dzi\u0119ki tym \u015bwiate\u0142kom zauwa\u017c\u0105 Ci\u0119 wszyscy!\"}]},{\"@type\":\"WebSite\",\"@id\":\"https:\/\/www.welovecycling.com\/pl\/#website\",\"url\":\"https:\/\/www.welovecycling.com\/pl\/\",\"name\":\"\u0160koda We Love Cycling - Poland\",\"description\":\"\",\"potentialAction\":[{\"@type\":\"SearchAction\",\"target\":{\"@type\":\"EntryPoint\",\"urlTemplate\":\"https:\/\/www.welovecycling.com\/pl\/?s={search_term_string}\"},\"query-input\":{\"@type\":\"PropertyValueSpecification\",\"valueRequired\":true,\"valueName\":\"search_term_string\"}}],\"inLanguage\":\"pl-PL\"},{\"@type\":\"Person\",\"@id\":\"https:\/\/www.welovecycling.com\/pl\/#\/schema\/person\/e5187c9cac8dd619ebc7b41bd73c2fd9\",\"name\":\"WeLoveCycling\",\"image\":{\"@type\":\"ImageObject\",\"inLanguage\":\"pl-PL\",\"@id\":\"https:\/\/www.welovecycling.com\/pl\/#\/schema\/person\/image\/\",\"url\":\"https:\/\/secure.gravatar.com\/avatar\/7e1ee0ecc5e294b19ef32b9f6086e0afbb9da00c3cb0d465ba4695331f4a9187?s=96&d=mm&r=g\",\"contentUrl\":\"https:\/\/secure.gravatar.com\/avatar\/7e1ee0ecc5e294b19ef32b9f6086e0afbb9da00c3cb0d465ba4695331f4a9187?s=96&d=mm&r=g\",\"caption\":\"WeLoveCycling\"},\"url\":\"https:\/\/www.welovecycling.com\/pl\/author\/lukascech\/\"}]}<\/script>\n<!-- \/ Yoast SEO Premium plugin. -->","yoast_head_json":{"title":"Dzi\u0119ki tym \u015bwiate\u0142kom zauwa\u017c\u0105 Ci\u0119 wszyscy! - \u0160koda We Love Cycling - Poland","robots":{"index":"index","follow":"follow","max-snippet":"max-snippet:-1","max-image-preview":"max-image-preview:large","max-video-preview":"max-video-preview:-1"},"canonical":"https:\/\/www.welovecycling.com\/pl\/2016\/11\/16\/dzieki-tym-swiatelkom-zauwaza-cie-wszyscy\/","og_locale":"pl_PL","og_type":"article","og_title":"Dzi\u0119ki tym \u015bwiate\u0142kom zauwa\u017c\u0105 Ci\u0119 wszyscy!","og_description":"Bycie widocznym na rowerze jest bardzo wa\u017cne dla Twojego bezpiecze\u0144stwa podczas jazdy niezale\u017cnie od tego, czy wolisz szos\u0119, MTB, czy [&hellip;]","og_url":"https:\/\/www.welovecycling.com\/pl\/2016\/11\/16\/dzieki-tym-swiatelkom-zauwaza-cie-wszyscy\/","og_site_name":"\u0160koda We Love Cycling - Poland","article_published_time":"2016-11-16T17:06:08+00:00","article_modified_time":"2016-12-01T12:54:49+00:00","og_image":[{"width":1375,"height":600,"url":"https:\/\/d2p6e6u75xmxt8.cloudfront.net\/5\/2016\/11\/85418484_4885485.jpg","type":"image\/jpeg"}],"author":"WeLoveCycling","twitter_card":"summary_large_image","twitter_misc":{"Written by":"WeLoveCycling","Est. reading time":"1 minute"},"schema":{"@context":"https:\/\/schema.org","@graph":[{"@type":"WebPage","@id":"https:\/\/www.welovecycling.com\/pl\/2016\/11\/16\/dzieki-tym-swiatelkom-zauwaza-cie-wszyscy\/","url":"https:\/\/www.welovecycling.com\/pl\/2016\/11\/16\/dzieki-tym-swiatelkom-zauwaza-cie-wszyscy\/","name":"Dzi\u0119ki tym \u015bwiate\u0142kom zauwa\u017c\u0105 Ci\u0119 wszyscy! - \u0160koda We Love Cycling - Poland","isPartOf":{"@id":"https:\/\/www.welovecycling.com\/pl\/#website"},"primaryImageOfPage":{"@id":"https:\/\/www.welovecycling.com\/pl\/2016\/11\/16\/dzieki-tym-swiatelkom-zauwaza-cie-wszyscy\/#primaryimage"},"image":{"@id":"https:\/\/www.welovecycling.com\/pl\/2016\/11\/16\/dzieki-tym-swiatelkom-zauwaza-cie-wszyscy\/#primaryimage"},"thumbnailUrl":"https:\/\/d2p6e6u75xmxt8.cloudfront.net\/5\/2016\/11\/85418484_4885485.jpg","datePublished":"2016-11-16T17:06:08+00:00","dateModified":"2016-12-01T12:54:49+00:00","author":{"@id":"https:\/\/www.welovecycling.com\/pl\/#\/schema\/person\/e5187c9cac8dd619ebc7b41bd73c2fd9"},"breadcrumb":{"@id":"https:\/\/www.welovecycling.com\/pl\/2016\/11\/16\/dzieki-tym-swiatelkom-zauwaza-cie-wszyscy\/#breadcrumb"},"inLanguage":"pl-PL","potentialAction":[{"@type":"ReadAction","target":["https:\/\/www.welovecycling.com\/pl\/2016\/11\/16\/dzieki-tym-swiatelkom-zauwaza-cie-wszyscy\/"]}]},{"@type":"ImageObject","inLanguage":"pl-PL","@id":"https:\/\/www.welovecycling.com\/pl\/2016\/11\/16\/dzieki-tym-swiatelkom-zauwaza-cie-wszyscy\/#primaryimage","url":"https:\/\/d2p6e6u75xmxt8.cloudfront.net\/5\/2016\/11\/85418484_4885485.jpg","contentUrl":"https:\/\/d2p6e6u75xmxt8.cloudfront.net\/5\/2016\/11\/85418484_4885485.jpg","width":1375,"height":600},{"@type":"BreadcrumbList","@id":"https:\/\/www.welovecycling.com\/pl\/2016\/11\/16\/dzieki-tym-swiatelkom-zauwaza-cie-wszyscy\/#breadcrumb","itemListElement":[{"@type":"ListItem","position":1,"name":"Home","item":"https:\/\/www.welovecycling.com\/pl\/"},{"@type":"ListItem","position":2,"name":"Dzi\u0119ki tym \u015bwiate\u0142kom zauwa\u017c\u0105 Ci\u0119 wszyscy!"}]},{"@type":"WebSite","@id":"https:\/\/www.welovecycling.com\/pl\/#website","url":"https:\/\/www.welovecycling.com\/pl\/","name":"\u0160koda We Love Cycling - Poland","description":"","potentialAction":[{"@type":"SearchAction","target":{"@type":"EntryPoint","urlTemplate":"https:\/\/www.welovecycling.com\/pl\/?s={search_term_string}"},"query-input":{"@type":"PropertyValueSpecification","valueRequired":true,"valueName":"search_term_string"}}],"inLanguage":"pl-PL"},{"@type":"Person","@id":"https:\/\/www.welovecycling.com\/pl\/#\/schema\/person\/e5187c9cac8dd619ebc7b41bd73c2fd9","name":"WeLoveCycling","image":{"@type":"ImageObject","inLanguage":"pl-PL","@id":"https:\/\/www.welovecycling.com\/pl\/#\/schema\/person\/image\/","url":"https:\/\/secure.gravatar.com\/avatar\/7e1ee0ecc5e294b19ef32b9f6086e0afbb9da00c3cb0d465ba4695331f4a9187?s=96&d=mm&r=g","contentUrl":"https:\/\/secure.gravatar.com\/avatar\/7e1ee0ecc5e294b19ef32b9f6086e0afbb9da00c3cb0d465ba4695331f4a9187?s=96&d=mm&r=g","caption":"WeLoveCycling"},"url":"https:\/\/www.welovecycling.com\/pl\/author\/lukascech\/"}]}},"_links":{"self":[{"href":"https:\/\/www.welovecycling.com\/pl\/wp-json\/wp\/v2\/posts\/2343","targetHints":{"allow":["GET"]}}],"collection":[{"href":"https:\/\/www.welovecycling.com\/pl\/wp-json\/wp\/v2\/posts"}],"about":[{"href":"https:\/\/www.welovecycling.com\/pl\/wp-json\/wp\/v2\/types\/post"}],"author":[{"embeddable":true,"href":"https:\/\/www.welovecycling.com\/pl\/wp-json\/wp\/v2\/users\/1"}],"replies":[{"embeddable":true,"href":"https:\/\/www.welovecycling.com\/pl\/wp-json\/wp\/v2\/comments?post=2343"}],"version-history":[{"count":1,"href":"https:\/\/www.welovecycling.com\/pl\/wp-json\/wp\/v2\/posts\/2343\/revisions"}],"predecessor-version":[{"id":2352,"href":"https:\/\/www.welovecycling.com\/pl\/wp-json\/wp\/v2\/posts\/2343\/revisions\/2352"}],"wp:featuredmedia":[{"embeddable":true,"href":"https:\/\/www.welovecycling.com\/pl\/wp-json\/wp\/v2\/media\/2217"}],"wp:attachment":[{"href":"https:\/\/www.welovecycling.com\/pl\/wp-json\/wp\/v2\/media?parent=2343"}],"wp:term":[{"taxonomy":"category","embeddable":true,"href":"https:\/\/www.welovecycling.com\/pl\/wp-json\/wp\/v2\/categories?post=2343"},{"taxonomy":"post_tag","embeddable":true,"href":"https:\/\/www.welovecycling.com\/pl\/wp-json\/wp\/v2\/tags?post=2343"},{"taxonomy":"global-categories","embeddable":true,"href":"https:\/\/www.welovecycling.com\/pl\/wp-json\/wp\/v2\/global-categories?post=2343"}],"curies":[{"name":"wp","href":"https:\/\/api.w.org\/{rel}","templated":true}]}}