{"id":2342,"date":"2016-11-14T16:55:02","date_gmt":"2016-11-14T16:55:02","guid":{"rendered":"http:\/\/skoda-rowery.pl\/?p=2188"},"modified":"2016-12-01T12:54:38","modified_gmt":"2016-12-01T12:54:38","slug":"wiktorianska-para-przybywa-z-powrotem-do-przyszlosci","status":"publish","type":"post","link":"https:\/\/www.welovecycling.com\/pl\/2016\/11\/14\/wiktorianska-para-przybywa-z-powrotem-do-przyszlosci\/","title":{"rendered":"Wiktoria\u0144ska para przybywa z powrotem do przysz\u0142o\u015bci"},"content":{"rendered":"<p style=\"text-align: justify\">Je\u015bli pisa\u0142bym to w 1890 roku, opisa\u0142bym Chrisman\u00f3w jako bardzo nowoczesn\u0105 par\u0119. W moim opisie podr\u00f3\u017cowaliby na swoich rowerach z olbrzymimi przednimi ko\u0142ami \u2013 Pan Chrisman ma na sobie sw\u00f3j we\u0142niany garnitur, a Pani Chrisman \u2013 d\u0142ug\u0105 sukni\u0119 i \u017cakiet. Replika wehiku\u0142u czasu DeLorean sugeruje, \u017ce przybyli do przysz\u0142o\u015bci.<!--more--><\/p>\n<p style=\"text-align: justify\">W zgodzie z otoczeniem<\/p>\n<p style=\"text-align: justify\">Pa\u0144stwo Chrisman mieszkaj\u0105 w Port Townsend w stanie Waszyngton, a ich rowery nie odstaj\u0105 od miasta znanego z budynk\u00f3w wiktoria\u0144skich. Dzielnica Historyczna prawdopodobnie potrzebuje jeszcze kilku entuzjast\u00f3w tych osobliwych jedno\u015blad\u00f3w.<\/p>\n<p style=\"text-align: justify\"><img loading=\"lazy\" decoding=\"async\" class=\"alignnone size-full wp-image-2190\" src=\"https:\/\/d2p6e6u75xmxt8.cloudfront.net\/5\/2016\/11\/victorianlife23-930x621.jpg\" alt=\"victorianlife23-930x621\" width=\"930\" height=\"621\" \/><\/p>\n<p style=\"text-align: justify\">Wiedza historyczna Pana Chrismana<\/p>\n<p style=\"text-align: justify\">Wsp\u00f3\u0142czesne rowery dzia\u0142aj\u0105 mniej wi\u0119cej na tej samej zasadzie, co ich wiktoria\u0144scy przodkowie, wi\u0119c praca Pana Chrismana w warsztacie rowerowym idealnie pasuje do ich stylu \u017cycia. Zakres oferowanych rower\u00f3w idealnie odzwierciedla dzisiejsze trendy, czy to ostre ko\u0142o lub inne, bardziej archaiczne.<\/p>\n<p style=\"text-align: justify\">Peda\u0142uj jak dama<\/p>\n<p style=\"text-align: justify\">Sarah Chrisan lubi, by jej ubrania by\u0142y praktyczne i autentycznie wiktoria\u0144skie, wi\u0119c \u017cadnych spodni! Poniewa\u017c wiktoria\u0144skie kobiety preferowa\u0142y d\u0142ugie, eleganckie sp\u00f3dnice, \u00f3wcze\u015bni budowniczy rower\u00f3w stworzyli tr\u00f3jko\u0142owce z wysokim ko\u0142em. Wysokie ko\u0142o po jednej stronie siedzenia i dwa mniejsze ko\u0142a po drugiej oferowa\u0142y zaskakuj\u0105c\u0105 wygod\u0119 jazdy \u2013 na swoim blogu Sarah zaznacza, \u017ce pewna wiktoria\u0144ska kobieta pokonywa\u0142a 250 mil miesi\u0119cznie na swoim rowerze.<\/p>\n<p style=\"text-align: justify\"><img loading=\"lazy\" decoding=\"async\" class=\"alignnone size-full wp-image-2191\" src=\"https:\/\/d2p6e6u75xmxt8.cloudfront.net\/5\/2016\/11\/victorianlife27-930x698.jpg\" alt=\"victorianlife27-930x698\" width=\"930\" height=\"698\" \/><\/p>\n<p style=\"text-align: justify\"><img loading=\"lazy\" decoding=\"async\" class=\"alignnone size-large wp-image-2192\" src=\"https:\/\/d2p6e6u75xmxt8.cloudfront.net\/5\/2016\/11\/victorianlife-930x698.jpg\" alt=\"victorianlife-930x698\" width=\"930\" height=\"698\" \/><\/p>\n<p style=\"text-align: justify\">Regulacja skrojona na miar\u0119<\/p>\n<p style=\"text-align: justify\">Rower z wysokim ko\u0142em Gabriela jest dostosowany do jego d\u0142ugo\u015bci nogi \u2013 je\u015bli ko\u0142o by\u0142oby zbyt du\u017ce, nie si\u0119gn\u0105\u0142by peda\u0142\u00f3w. Je\u015bli by\u0142oby zbyt kr\u00f3tkie, obija\u0142by kolana o kierownic\u0119. Z jednej strony rowery by\u0142y dostosowywane do sylwetki ich w\u0142a\u015bcicieli, ale oni za to musieli dostosowa\u0107 swoje ubrania do maszyny. W szwy sp\u00f3dnicy Sarah wszyto elementy sk\u00f3rzane, kt\u00f3re uniemo\u017cliwiaj\u0105 jej podwiewanie przez wiatr.<\/p>\n<p style=\"text-align: justify\">Zr\u00f3wnowa\u017cony styl \u017cycia<\/p>\n<p style=\"text-align: justify\">Wiktoria\u0144ski styl \u017cycia ma swoje zalety \u2013 ubrania by\u0142y projektowane w taki spos\u00f3b, aby zapewni\u0107 komfort w czasach, w kt\u00f3rych ogrzewanie budynk\u00f3w by\u0142o ograniczone. Rower to tani \u015brodek transportu, kt\u00f3ry sprawia r\u00f3wnie\u017c, \u017ce jeste\u015b zdrowszy i bardziej szcz\u0119\u015bliwy. Ale ta podr\u00f3\u017cuj\u0105ca w czasie para lubi to, co najlepsze z obu okres\u00f3w \u2013 je\u015bli mogliby podr\u00f3\u017cowa\u0107 w czasie do 1890 roku, pewnie zabraliby sw\u00f3j samoch\u00f3d i Internet!<\/p>\n<p style=\"text-align: justify\"><img loading=\"lazy\" decoding=\"async\" class=\"alignnone size-full wp-image-2193\" src=\"https:\/\/d2p6e6u75xmxt8.cloudfront.net\/5\/2016\/11\/victorianlife3-1.jpg\" alt=\"victorianlife3\" width=\"720\" height=\"960\" \/><\/p>\n<p style=\"text-align: justify\"><img loading=\"lazy\" decoding=\"async\" class=\"alignnone size-large wp-image-2194\" src=\"https:\/\/d2p6e6u75xmxt8.cloudfront.net\/5\/2016\/11\/victorianlife6-1.jpg\" alt=\"victorianlife6\" width=\"599\" height=\"900\" \/><\/p>\n<p style=\"text-align: justify\">Autor: Christopher Ashley<\/p>\n<p style=\"text-align: justify\">(\u017ar\u00f3d\u0142o zdj\u0119\u0107: welovecycling.com)<\/p>\n","protected":false},"excerpt":{"rendered":"<p>Je\u015bli pisa\u0142bym to w 1890 roku, opisa\u0142bym Chrisman\u00f3w jako bardzo nowoczesn\u0105 par\u0119. W moim opisie podr\u00f3\u017cowaliby na swoich rowerach z [&hellip;]<\/p>\n","protected":false},"author":1,"featured_media":2206,"comment_status":"open","ping_status":"closed","sticky":false,"template":"","format":"standard","meta":{"footnotes":""},"categories":[1],"tags":[],"global-categories":[],"class_list":["post-2342","post","type-post","status-publish","format-standard","has-post-thumbnail","hentry","category-uncategorized"],"yoast_head":"<!-- This site is optimized with the Yoast SEO Premium plugin v25.3 (Yoast SEO v25.9) - https:\/\/yoast.com\/wordpress\/plugins\/seo\/ -->\n<title>Wiktoria\u0144ska para przybywa z powrotem do przysz\u0142o\u015bci - \u0160koda We Love Cycling - Poland<\/title>\n<meta name=\"robots\" content=\"index, follow, max-snippet:-1, max-image-preview:large, max-video-preview:-1\" \/>\n<link rel=\"canonical\" href=\"https:\/\/www.welovecycling.com\/pl\/2016\/11\/14\/wiktorianska-para-przybywa-z-powrotem-do-przyszlosci\/\" \/>\n<meta property=\"og:locale\" content=\"pl_PL\" \/>\n<meta property=\"og:type\" content=\"article\" \/>\n<meta property=\"og:title\" content=\"Wiktoria\u0144ska para przybywa z powrotem do przysz\u0142o\u015bci\" \/>\n<meta property=\"og:description\" content=\"Je\u015bli pisa\u0142bym to w 1890 roku, opisa\u0142bym Chrisman\u00f3w jako bardzo nowoczesn\u0105 par\u0119. W moim opisie podr\u00f3\u017cowaliby na swoich rowerach z [&hellip;]\" \/>\n<meta property=\"og:url\" content=\"https:\/\/www.welovecycling.com\/pl\/2016\/11\/14\/wiktorianska-para-przybywa-z-powrotem-do-przyszlosci\/\" \/>\n<meta property=\"og:site_name\" content=\"\u0160koda We Love Cycling - Poland\" \/>\n<meta property=\"article:published_time\" content=\"2016-11-14T16:55:02+00:00\" \/>\n<meta property=\"article:modified_time\" content=\"2016-12-01T12:54:38+00:00\" \/>\n<meta property=\"og:image\" content=\"https:\/\/d2p6e6u75xmxt8.cloudfront.net\/5\/2016\/11\/42422442_2424244.jpg\" \/>\n\t<meta property=\"og:image:width\" content=\"1375\" \/>\n\t<meta property=\"og:image:height\" content=\"600\" \/>\n\t<meta property=\"og:image:type\" content=\"image\/jpeg\" \/>\n<meta name=\"author\" content=\"WeLoveCycling\" \/>\n<meta name=\"twitter:card\" content=\"summary_large_image\" \/>\n<meta name=\"twitter:label1\" content=\"Written by\" \/>\n\t<meta name=\"twitter:data1\" content=\"WeLoveCycling\" \/>\n\t<meta name=\"twitter:label2\" content=\"Est. reading time\" \/>\n\t<meta name=\"twitter:data2\" content=\"2 minutes\" \/>\n<script type=\"application\/ld+json\" class=\"yoast-schema-graph\">{\"@context\":\"https:\/\/schema.org\",\"@graph\":[{\"@type\":\"WebPage\",\"@id\":\"https:\/\/www.welovecycling.com\/pl\/2016\/11\/14\/wiktorianska-para-przybywa-z-powrotem-do-przyszlosci\/\",\"url\":\"https:\/\/www.welovecycling.com\/pl\/2016\/11\/14\/wiktorianska-para-przybywa-z-powrotem-do-przyszlosci\/\",\"name\":\"Wiktoria\u0144ska para przybywa z powrotem do przysz\u0142o\u015bci - \u0160koda We Love Cycling - Poland\",\"isPartOf\":{\"@id\":\"https:\/\/www.welovecycling.com\/pl\/#website\"},\"primaryImageOfPage\":{\"@id\":\"https:\/\/www.welovecycling.com\/pl\/2016\/11\/14\/wiktorianska-para-przybywa-z-powrotem-do-przyszlosci\/#primaryimage\"},\"image\":{\"@id\":\"https:\/\/www.welovecycling.com\/pl\/2016\/11\/14\/wiktorianska-para-przybywa-z-powrotem-do-przyszlosci\/#primaryimage\"},\"thumbnailUrl\":\"https:\/\/d2p6e6u75xmxt8.cloudfront.net\/5\/2016\/11\/42422442_2424244.jpg\",\"datePublished\":\"2016-11-14T16:55:02+00:00\",\"dateModified\":\"2016-12-01T12:54:38+00:00\",\"author\":{\"@id\":\"https:\/\/www.welovecycling.com\/pl\/#\/schema\/person\/e5187c9cac8dd619ebc7b41bd73c2fd9\"},\"breadcrumb\":{\"@id\":\"https:\/\/www.welovecycling.com\/pl\/2016\/11\/14\/wiktorianska-para-przybywa-z-powrotem-do-przyszlosci\/#breadcrumb\"},\"inLanguage\":\"pl-PL\",\"potentialAction\":[{\"@type\":\"ReadAction\",\"target\":[\"https:\/\/www.welovecycling.com\/pl\/2016\/11\/14\/wiktorianska-para-przybywa-z-powrotem-do-przyszlosci\/\"]}]},{\"@type\":\"ImageObject\",\"inLanguage\":\"pl-PL\",\"@id\":\"https:\/\/www.welovecycling.com\/pl\/2016\/11\/14\/wiktorianska-para-przybywa-z-powrotem-do-przyszlosci\/#primaryimage\",\"url\":\"https:\/\/d2p6e6u75xmxt8.cloudfront.net\/5\/2016\/11\/42422442_2424244.jpg\",\"contentUrl\":\"https:\/\/d2p6e6u75xmxt8.cloudfront.net\/5\/2016\/11\/42422442_2424244.jpg\",\"width\":1375,\"height\":600},{\"@type\":\"BreadcrumbList\",\"@id\":\"https:\/\/www.welovecycling.com\/pl\/2016\/11\/14\/wiktorianska-para-przybywa-z-powrotem-do-przyszlosci\/#breadcrumb\",\"itemListElement\":[{\"@type\":\"ListItem\",\"position\":1,\"name\":\"Home\",\"item\":\"https:\/\/www.welovecycling.com\/pl\/\"},{\"@type\":\"ListItem\",\"position\":2,\"name\":\"Wiktoria\u0144ska para przybywa z powrotem do przysz\u0142o\u015bci\"}]},{\"@type\":\"WebSite\",\"@id\":\"https:\/\/www.welovecycling.com\/pl\/#website\",\"url\":\"https:\/\/www.welovecycling.com\/pl\/\",\"name\":\"\u0160koda We Love Cycling - Poland\",\"description\":\"\",\"potentialAction\":[{\"@type\":\"SearchAction\",\"target\":{\"@type\":\"EntryPoint\",\"urlTemplate\":\"https:\/\/www.welovecycling.com\/pl\/?s={search_term_string}\"},\"query-input\":{\"@type\":\"PropertyValueSpecification\",\"valueRequired\":true,\"valueName\":\"search_term_string\"}}],\"inLanguage\":\"pl-PL\"},{\"@type\":\"Person\",\"@id\":\"https:\/\/www.welovecycling.com\/pl\/#\/schema\/person\/e5187c9cac8dd619ebc7b41bd73c2fd9\",\"name\":\"WeLoveCycling\",\"image\":{\"@type\":\"ImageObject\",\"inLanguage\":\"pl-PL\",\"@id\":\"https:\/\/www.welovecycling.com\/pl\/#\/schema\/person\/image\/\",\"url\":\"https:\/\/secure.gravatar.com\/avatar\/7e1ee0ecc5e294b19ef32b9f6086e0afbb9da00c3cb0d465ba4695331f4a9187?s=96&d=mm&r=g\",\"contentUrl\":\"https:\/\/secure.gravatar.com\/avatar\/7e1ee0ecc5e294b19ef32b9f6086e0afbb9da00c3cb0d465ba4695331f4a9187?s=96&d=mm&r=g\",\"caption\":\"WeLoveCycling\"},\"url\":\"https:\/\/www.welovecycling.com\/pl\/author\/lukascech\/\"}]}<\/script>\n<!-- \/ Yoast SEO Premium plugin. -->","yoast_head_json":{"title":"Wiktoria\u0144ska para przybywa z powrotem do przysz\u0142o\u015bci - \u0160koda We Love Cycling - Poland","robots":{"index":"index","follow":"follow","max-snippet":"max-snippet:-1","max-image-preview":"max-image-preview:large","max-video-preview":"max-video-preview:-1"},"canonical":"https:\/\/www.welovecycling.com\/pl\/2016\/11\/14\/wiktorianska-para-przybywa-z-powrotem-do-przyszlosci\/","og_locale":"pl_PL","og_type":"article","og_title":"Wiktoria\u0144ska para przybywa z powrotem do przysz\u0142o\u015bci","og_description":"Je\u015bli pisa\u0142bym to w 1890 roku, opisa\u0142bym Chrisman\u00f3w jako bardzo nowoczesn\u0105 par\u0119. W moim opisie podr\u00f3\u017cowaliby na swoich rowerach z [&hellip;]","og_url":"https:\/\/www.welovecycling.com\/pl\/2016\/11\/14\/wiktorianska-para-przybywa-z-powrotem-do-przyszlosci\/","og_site_name":"\u0160koda We Love Cycling - Poland","article_published_time":"2016-11-14T16:55:02+00:00","article_modified_time":"2016-12-01T12:54:38+00:00","og_image":[{"width":1375,"height":600,"url":"https:\/\/d2p6e6u75xmxt8.cloudfront.net\/5\/2016\/11\/42422442_2424244.jpg","type":"image\/jpeg"}],"author":"WeLoveCycling","twitter_card":"summary_large_image","twitter_misc":{"Written by":"WeLoveCycling","Est. reading time":"2 minutes"},"schema":{"@context":"https:\/\/schema.org","@graph":[{"@type":"WebPage","@id":"https:\/\/www.welovecycling.com\/pl\/2016\/11\/14\/wiktorianska-para-przybywa-z-powrotem-do-przyszlosci\/","url":"https:\/\/www.welovecycling.com\/pl\/2016\/11\/14\/wiktorianska-para-przybywa-z-powrotem-do-przyszlosci\/","name":"Wiktoria\u0144ska para przybywa z powrotem do przysz\u0142o\u015bci - \u0160koda We Love Cycling - Poland","isPartOf":{"@id":"https:\/\/www.welovecycling.com\/pl\/#website"},"primaryImageOfPage":{"@id":"https:\/\/www.welovecycling.com\/pl\/2016\/11\/14\/wiktorianska-para-przybywa-z-powrotem-do-przyszlosci\/#primaryimage"},"image":{"@id":"https:\/\/www.welovecycling.com\/pl\/2016\/11\/14\/wiktorianska-para-przybywa-z-powrotem-do-przyszlosci\/#primaryimage"},"thumbnailUrl":"https:\/\/d2p6e6u75xmxt8.cloudfront.net\/5\/2016\/11\/42422442_2424244.jpg","datePublished":"2016-11-14T16:55:02+00:00","dateModified":"2016-12-01T12:54:38+00:00","author":{"@id":"https:\/\/www.welovecycling.com\/pl\/#\/schema\/person\/e5187c9cac8dd619ebc7b41bd73c2fd9"},"breadcrumb":{"@id":"https:\/\/www.welovecycling.com\/pl\/2016\/11\/14\/wiktorianska-para-przybywa-z-powrotem-do-przyszlosci\/#breadcrumb"},"inLanguage":"pl-PL","potentialAction":[{"@type":"ReadAction","target":["https:\/\/www.welovecycling.com\/pl\/2016\/11\/14\/wiktorianska-para-przybywa-z-powrotem-do-przyszlosci\/"]}]},{"@type":"ImageObject","inLanguage":"pl-PL","@id":"https:\/\/www.welovecycling.com\/pl\/2016\/11\/14\/wiktorianska-para-przybywa-z-powrotem-do-przyszlosci\/#primaryimage","url":"https:\/\/d2p6e6u75xmxt8.cloudfront.net\/5\/2016\/11\/42422442_2424244.jpg","contentUrl":"https:\/\/d2p6e6u75xmxt8.cloudfront.net\/5\/2016\/11\/42422442_2424244.jpg","width":1375,"height":600},{"@type":"BreadcrumbList","@id":"https:\/\/www.welovecycling.com\/pl\/2016\/11\/14\/wiktorianska-para-przybywa-z-powrotem-do-przyszlosci\/#breadcrumb","itemListElement":[{"@type":"ListItem","position":1,"name":"Home","item":"https:\/\/www.welovecycling.com\/pl\/"},{"@type":"ListItem","position":2,"name":"Wiktoria\u0144ska para przybywa z powrotem do przysz\u0142o\u015bci"}]},{"@type":"WebSite","@id":"https:\/\/www.welovecycling.com\/pl\/#website","url":"https:\/\/www.welovecycling.com\/pl\/","name":"\u0160koda We Love Cycling - Poland","description":"","potentialAction":[{"@type":"SearchAction","target":{"@type":"EntryPoint","urlTemplate":"https:\/\/www.welovecycling.com\/pl\/?s={search_term_string}"},"query-input":{"@type":"PropertyValueSpecification","valueRequired":true,"valueName":"search_term_string"}}],"inLanguage":"pl-PL"},{"@type":"Person","@id":"https:\/\/www.welovecycling.com\/pl\/#\/schema\/person\/e5187c9cac8dd619ebc7b41bd73c2fd9","name":"WeLoveCycling","image":{"@type":"ImageObject","inLanguage":"pl-PL","@id":"https:\/\/www.welovecycling.com\/pl\/#\/schema\/person\/image\/","url":"https:\/\/secure.gravatar.com\/avatar\/7e1ee0ecc5e294b19ef32b9f6086e0afbb9da00c3cb0d465ba4695331f4a9187?s=96&d=mm&r=g","contentUrl":"https:\/\/secure.gravatar.com\/avatar\/7e1ee0ecc5e294b19ef32b9f6086e0afbb9da00c3cb0d465ba4695331f4a9187?s=96&d=mm&r=g","caption":"WeLoveCycling"},"url":"https:\/\/www.welovecycling.com\/pl\/author\/lukascech\/"}]}},"_links":{"self":[{"href":"https:\/\/www.welovecycling.com\/pl\/wp-json\/wp\/v2\/posts\/2342","targetHints":{"allow":["GET"]}}],"collection":[{"href":"https:\/\/www.welovecycling.com\/pl\/wp-json\/wp\/v2\/posts"}],"about":[{"href":"https:\/\/www.welovecycling.com\/pl\/wp-json\/wp\/v2\/types\/post"}],"author":[{"embeddable":true,"href":"https:\/\/www.welovecycling.com\/pl\/wp-json\/wp\/v2\/users\/1"}],"replies":[{"embeddable":true,"href":"https:\/\/www.welovecycling.com\/pl\/wp-json\/wp\/v2\/comments?post=2342"}],"version-history":[{"count":1,"href":"https:\/\/www.welovecycling.com\/pl\/wp-json\/wp\/v2\/posts\/2342\/revisions"}],"predecessor-version":[{"id":2353,"href":"https:\/\/www.welovecycling.com\/pl\/wp-json\/wp\/v2\/posts\/2342\/revisions\/2353"}],"wp:featuredmedia":[{"embeddable":true,"href":"https:\/\/www.welovecycling.com\/pl\/wp-json\/wp\/v2\/media\/2206"}],"wp:attachment":[{"href":"https:\/\/www.welovecycling.com\/pl\/wp-json\/wp\/v2\/media?parent=2342"}],"wp:term":[{"taxonomy":"category","embeddable":true,"href":"https:\/\/www.welovecycling.com\/pl\/wp-json\/wp\/v2\/categories?post=2342"},{"taxonomy":"post_tag","embeddable":true,"href":"https:\/\/www.welovecycling.com\/pl\/wp-json\/wp\/v2\/tags?post=2342"},{"taxonomy":"global-categories","embeddable":true,"href":"https:\/\/www.welovecycling.com\/pl\/wp-json\/wp\/v2\/global-categories?post=2342"}],"curies":[{"name":"wp","href":"https:\/\/api.w.org\/{rel}","templated":true}]}}