{"id":2339,"date":"2016-11-07T17:08:14","date_gmt":"2016-11-07T17:08:14","guid":{"rendered":"http:\/\/skoda-rowery.pl\/?p=2155"},"modified":"2016-12-01T12:54:00","modified_gmt":"2016-12-01T12:54:00","slug":"holendrzy-zbudowali-rondo-tylko-dla-rowerow","status":"publish","type":"post","link":"https:\/\/www.welovecycling.com\/pl\/2016\/11\/07\/holendrzy-zbudowali-rondo-tylko-dla-rowerow\/","title":{"rendered":"Holendrzy zbudowali rondo tylko dla rower\u00f3w\u00a0\u00a0\u00a0\u00a0\u00a0\u00a0\u00a0"},"content":{"rendered":"<p>Holandi\u0119 uznaje si\u0119 za niebo na Ziemi dla rowerzyst\u00f3w. Teraz nar\u00f3d ten dostarczy\u0142 nam jeszcze wi\u0119cej argument\u00f3w, aby w to uwierzy\u0107. Podczas, gdy wi\u0119kszo\u015b\u0107 Europejskich miast nadal zastanawia si\u0119, w jaki spos\u00f3b w\u0142\u0105czy\u0107 ruch rowerowy w plany miejskie, Holendrzy mniej gadaj\u0105, a wi\u0119cej robi\u0105.<\/p>\n<p style=\"text-align: justify\"><!--more--><\/p>\n<p style=\"text-align: justify\">Sp\u00f3jrzmy na ten stalowy spodek, kt\u00f3ry u\u0142atwia cyklistom pokonywanie ruchliwego skrzy\u017cowania w miastach Eindhoven i Veldhoven. Zwane Hovenring, to stylowe rondo zast\u0105pi\u0142o wyst\u0119puj\u0105ce tu klasyczne skrzy\u017cowanie, kt\u00f3re nie radzi\u0142o sobie ze stale rosn\u0105cym nat\u0119\u017ceniem ruchu. Poniewa\u017c miasto Eindhoven generalnie unika budowania przejazd\u00f3w podziemnych, a w tym przypadku chcia\u0142o r\u00f3wnie\u017c unikn\u0105\u0107 ronda jednopoziomowego, jego w\u0142adze poprosi\u0142y holenderskiego budowniczego most\u00f3w, ipv Delfta, aby poszuka\u0142 mo\u017cliwych rozwi\u0105za\u0144. Okr\u0105g\u0142y most linowy wydawa\u0142 si\u0119 by\u0107 najlepsz\u0105 opcj\u0105.<\/p>\n<p style=\"text-align: justify\"><img loading=\"lazy\" decoding=\"async\" class=\"alignnone size-full wp-image-2157\" src=\"https:\/\/d2p6e6u75xmxt8.cloudfront.net\/5\/2016\/11\/hovenring-eindhoven-ipv-delft-001.jpg\" alt=\"hovenring-eindhoven-ipv-delft-001\" width=\"700\" height=\"700\" \/><\/p>\n<p style=\"text-align: justify\"><img loading=\"lazy\" decoding=\"async\" class=\"alignnone size-large wp-image-2158\" src=\"https:\/\/d2p6e6u75xmxt8.cloudfront.net\/5\/2016\/11\/hovenring-eindhoven-ipv-delft-004.jpg\" alt=\"hovenring-eindhoven-ipv-delft-004\" width=\"700\" height=\"700\" \/><\/p>\n<p style=\"text-align: justify\">Most zawiera 70-metrowy pylon, 24 liny stalowe i okr\u0105g\u0142y pok\u0142ad mostu. Wykonano go z oko\u0142o 1.000 ton stali. Konstrukcj\u0119 uko\u0144czono w grudniu 2011 roku, ale ze wzgl\u0119du na nieoczekiwane wibracje wywo\u0142ane przez wiatr, musia\u0142 zosta\u0107 zamkni\u0119ty. Po rozwi\u0105zaniu problem\u00f3w z wibracjami lin, most otwarto ponownie w 2012 roku.<\/p>\n<p style=\"text-align: justify\"><img loading=\"lazy\" decoding=\"async\" class=\"alignnone size-full wp-image-2159\" src=\"https:\/\/d2p6e6u75xmxt8.cloudfront.net\/5\/2016\/11\/worlds-first-suspended-bicycle-roundabout-hovenring-by-ipv-delft-netherlands-1.jpg\" alt=\"worlds-first-suspended-bicycle-roundabout-hovenring-by-ipv-delft-netherlands-1\" width=\"800\" height=\"533\" \/><\/p>\n<p style=\"text-align: justify\">Aby uwzgl\u0119dni\u0107 to\u017csamo\u015b\u0107 miasta, zwanego \u201emiastem \u015bwiat\u0142a\u201d (Eindhoven to siedziba firmy Philips), ipv Delft stworzy\u0142 r\u00f3wnie\u017c projekt o\u015bwietlenia dla Hovenring. Przestrze\u0144 pomi\u0119dzy przeciwwag\u0105 a pok\u0142adem zosta\u0142a wyposa\u017cona w lamele aluminiowe, blach\u0119 p\u00f3\u0142przezroczyst\u0105 i o\u015bwietlenie rurowe, dzi\u0119ki czemu stworzono widoczny pier\u015bcie\u0144 \u015bwietlny. Wraz z pod\u015bwietlonym pylonem pier\u015bcie\u0144 ten tworzy noc\u0105 niesamowity efekt wizualny. O\u015bwietlenie funkcjonalne jest zintegrowane z balustradami. Lampy LED-owe pod\u015bwietlaj\u0105 pok\u0142ad mostu, co umo\u017cliwia rozpoznawanie twarzy u\u017cytkownik\u00f3w mostu.<\/p>\n<p style=\"text-align: justify\"><img loading=\"lazy\" decoding=\"async\" class=\"alignnone size-full wp-image-2160\" src=\"https:\/\/d2p6e6u75xmxt8.cloudfront.net\/5\/2016\/11\/hovenring-eindhoven-ipv-delft-008.jpg\" alt=\"hovenring-eindhoven-ipv-delft-008\" width=\"700\" height=\"700\" \/><\/p>\n<p style=\"text-align: justify\"><img loading=\"lazy\" decoding=\"async\" class=\"alignnone size-full wp-image-2161\" src=\"https:\/\/d2p6e6u75xmxt8.cloudfront.net\/5\/2016\/11\/hovenring-eindhoven-ipv-delft-012-1.jpg\" alt=\"hovenring-eindhoven-ipv-delft-012\" width=\"700\" height=\"700\" \/><\/p>\n<p style=\"text-align: justify\">Je\u015bli planujesz podr\u00f3\u017c do Holandii, nie przegap mo\u017cliwo\u015bci przejechania przez jedn\u0105 z naj\u0142adniejszych konstrukcji przeznaczonych dla cyklist\u00f3w!<\/p>\n<p style=\"text-align: justify\">(\u017ar\u00f3d\u0142o zdj\u0119\u0107: welovecycling.com)<\/p>\n","protected":false},"excerpt":{"rendered":"<p>Holandi\u0119 uznaje si\u0119 za niebo na Ziemi dla rowerzyst\u00f3w. Teraz nar\u00f3d ten dostarczy\u0142 nam jeszcze wi\u0119cej argument\u00f3w, aby w to [&hellip;]<\/p>\n","protected":false},"author":1,"featured_media":2174,"comment_status":"open","ping_status":"closed","sticky":false,"template":"","format":"standard","meta":{"footnotes":""},"categories":[1],"tags":[],"global-categories":[],"class_list":["post-2339","post","type-post","status-publish","format-standard","has-post-thumbnail","hentry","category-uncategorized"],"yoast_head":"<!-- This site is optimized with the Yoast SEO Premium plugin v25.3 (Yoast SEO v25.9) - https:\/\/yoast.com\/wordpress\/plugins\/seo\/ -->\n<title>Holendrzy zbudowali rondo tylko dla rower\u00f3w\u00a0\u00a0\u00a0\u00a0\u00a0\u00a0\u00a0 - \u0160koda We Love Cycling - Poland<\/title>\n<meta name=\"robots\" content=\"index, follow, max-snippet:-1, max-image-preview:large, max-video-preview:-1\" \/>\n<link rel=\"canonical\" href=\"https:\/\/www.welovecycling.com\/pl\/2016\/11\/07\/holendrzy-zbudowali-rondo-tylko-dla-rowerow\/\" \/>\n<meta property=\"og:locale\" content=\"pl_PL\" \/>\n<meta property=\"og:type\" content=\"article\" \/>\n<meta property=\"og:title\" content=\"Holendrzy zbudowali rondo tylko dla rower\u00f3w\u00a0\u00a0\u00a0\u00a0\u00a0\u00a0\u00a0\" \/>\n<meta property=\"og:description\" content=\"Holandi\u0119 uznaje si\u0119 za niebo na Ziemi dla rowerzyst\u00f3w. Teraz nar\u00f3d ten dostarczy\u0142 nam jeszcze wi\u0119cej argument\u00f3w, aby w to [&hellip;]\" \/>\n<meta property=\"og:url\" content=\"https:\/\/www.welovecycling.com\/pl\/2016\/11\/07\/holendrzy-zbudowali-rondo-tylko-dla-rowerow\/\" \/>\n<meta property=\"og:site_name\" content=\"\u0160koda We Love Cycling - Poland\" \/>\n<meta property=\"article:published_time\" content=\"2016-11-07T17:08:14+00:00\" \/>\n<meta property=\"article:modified_time\" content=\"2016-12-01T12:54:00+00:00\" \/>\n<meta property=\"og:image\" content=\"https:\/\/d2p6e6u75xmxt8.cloudfront.net\/5\/2016\/11\/32322332_32332232.jpg\" \/>\n\t<meta property=\"og:image:width\" content=\"1189\" \/>\n\t<meta property=\"og:image:height\" content=\"519\" \/>\n\t<meta property=\"og:image:type\" content=\"image\/jpeg\" \/>\n<meta name=\"author\" content=\"WeLoveCycling\" \/>\n<meta name=\"twitter:card\" content=\"summary_large_image\" \/>\n<meta name=\"twitter:label1\" content=\"Written by\" \/>\n\t<meta name=\"twitter:data1\" content=\"WeLoveCycling\" \/>\n\t<meta name=\"twitter:label2\" content=\"Est. reading time\" \/>\n\t<meta name=\"twitter:data2\" content=\"2 minutes\" \/>\n<script type=\"application\/ld+json\" class=\"yoast-schema-graph\">{\"@context\":\"https:\/\/schema.org\",\"@graph\":[{\"@type\":\"WebPage\",\"@id\":\"https:\/\/www.welovecycling.com\/pl\/2016\/11\/07\/holendrzy-zbudowali-rondo-tylko-dla-rowerow\/\",\"url\":\"https:\/\/www.welovecycling.com\/pl\/2016\/11\/07\/holendrzy-zbudowali-rondo-tylko-dla-rowerow\/\",\"name\":\"Holendrzy zbudowali rondo tylko dla rower\u00f3w\u00a0\u00a0\u00a0\u00a0\u00a0\u00a0\u00a0 - \u0160koda We Love Cycling - Poland\",\"isPartOf\":{\"@id\":\"https:\/\/www.welovecycling.com\/pl\/#website\"},\"primaryImageOfPage\":{\"@id\":\"https:\/\/www.welovecycling.com\/pl\/2016\/11\/07\/holendrzy-zbudowali-rondo-tylko-dla-rowerow\/#primaryimage\"},\"image\":{\"@id\":\"https:\/\/www.welovecycling.com\/pl\/2016\/11\/07\/holendrzy-zbudowali-rondo-tylko-dla-rowerow\/#primaryimage\"},\"thumbnailUrl\":\"https:\/\/d2p6e6u75xmxt8.cloudfront.net\/5\/2016\/11\/32322332_32332232.jpg\",\"datePublished\":\"2016-11-07T17:08:14+00:00\",\"dateModified\":\"2016-12-01T12:54:00+00:00\",\"author\":{\"@id\":\"https:\/\/www.welovecycling.com\/pl\/#\/schema\/person\/e5187c9cac8dd619ebc7b41bd73c2fd9\"},\"breadcrumb\":{\"@id\":\"https:\/\/www.welovecycling.com\/pl\/2016\/11\/07\/holendrzy-zbudowali-rondo-tylko-dla-rowerow\/#breadcrumb\"},\"inLanguage\":\"pl-PL\",\"potentialAction\":[{\"@type\":\"ReadAction\",\"target\":[\"https:\/\/www.welovecycling.com\/pl\/2016\/11\/07\/holendrzy-zbudowali-rondo-tylko-dla-rowerow\/\"]}]},{\"@type\":\"ImageObject\",\"inLanguage\":\"pl-PL\",\"@id\":\"https:\/\/www.welovecycling.com\/pl\/2016\/11\/07\/holendrzy-zbudowali-rondo-tylko-dla-rowerow\/#primaryimage\",\"url\":\"https:\/\/d2p6e6u75xmxt8.cloudfront.net\/5\/2016\/11\/32322332_32332232.jpg\",\"contentUrl\":\"https:\/\/d2p6e6u75xmxt8.cloudfront.net\/5\/2016\/11\/32322332_32332232.jpg\",\"width\":1189,\"height\":519},{\"@type\":\"BreadcrumbList\",\"@id\":\"https:\/\/www.welovecycling.com\/pl\/2016\/11\/07\/holendrzy-zbudowali-rondo-tylko-dla-rowerow\/#breadcrumb\",\"itemListElement\":[{\"@type\":\"ListItem\",\"position\":1,\"name\":\"Home\",\"item\":\"https:\/\/www.welovecycling.com\/pl\/\"},{\"@type\":\"ListItem\",\"position\":2,\"name\":\"Holendrzy zbudowali rondo tylko dla rower\u00f3w\u00a0\u00a0\u00a0\u00a0\u00a0\u00a0\u00a0\"}]},{\"@type\":\"WebSite\",\"@id\":\"https:\/\/www.welovecycling.com\/pl\/#website\",\"url\":\"https:\/\/www.welovecycling.com\/pl\/\",\"name\":\"\u0160koda We Love Cycling - Poland\",\"description\":\"\",\"potentialAction\":[{\"@type\":\"SearchAction\",\"target\":{\"@type\":\"EntryPoint\",\"urlTemplate\":\"https:\/\/www.welovecycling.com\/pl\/?s={search_term_string}\"},\"query-input\":{\"@type\":\"PropertyValueSpecification\",\"valueRequired\":true,\"valueName\":\"search_term_string\"}}],\"inLanguage\":\"pl-PL\"},{\"@type\":\"Person\",\"@id\":\"https:\/\/www.welovecycling.com\/pl\/#\/schema\/person\/e5187c9cac8dd619ebc7b41bd73c2fd9\",\"name\":\"WeLoveCycling\",\"image\":{\"@type\":\"ImageObject\",\"inLanguage\":\"pl-PL\",\"@id\":\"https:\/\/www.welovecycling.com\/pl\/#\/schema\/person\/image\/\",\"url\":\"https:\/\/secure.gravatar.com\/avatar\/7e1ee0ecc5e294b19ef32b9f6086e0afbb9da00c3cb0d465ba4695331f4a9187?s=96&d=mm&r=g\",\"contentUrl\":\"https:\/\/secure.gravatar.com\/avatar\/7e1ee0ecc5e294b19ef32b9f6086e0afbb9da00c3cb0d465ba4695331f4a9187?s=96&d=mm&r=g\",\"caption\":\"WeLoveCycling\"},\"url\":\"https:\/\/www.welovecycling.com\/pl\/author\/lukascech\/\"}]}<\/script>\n<!-- \/ Yoast SEO Premium plugin. -->","yoast_head_json":{"title":"Holendrzy zbudowali rondo tylko dla rower\u00f3w\u00a0\u00a0\u00a0\u00a0\u00a0\u00a0\u00a0 - \u0160koda We Love Cycling - Poland","robots":{"index":"index","follow":"follow","max-snippet":"max-snippet:-1","max-image-preview":"max-image-preview:large","max-video-preview":"max-video-preview:-1"},"canonical":"https:\/\/www.welovecycling.com\/pl\/2016\/11\/07\/holendrzy-zbudowali-rondo-tylko-dla-rowerow\/","og_locale":"pl_PL","og_type":"article","og_title":"Holendrzy zbudowali rondo tylko dla rower\u00f3w\u00a0\u00a0\u00a0\u00a0\u00a0\u00a0\u00a0","og_description":"Holandi\u0119 uznaje si\u0119 za niebo na Ziemi dla rowerzyst\u00f3w. Teraz nar\u00f3d ten dostarczy\u0142 nam jeszcze wi\u0119cej argument\u00f3w, aby w to [&hellip;]","og_url":"https:\/\/www.welovecycling.com\/pl\/2016\/11\/07\/holendrzy-zbudowali-rondo-tylko-dla-rowerow\/","og_site_name":"\u0160koda We Love Cycling - Poland","article_published_time":"2016-11-07T17:08:14+00:00","article_modified_time":"2016-12-01T12:54:00+00:00","og_image":[{"width":1189,"height":519,"url":"https:\/\/d2p6e6u75xmxt8.cloudfront.net\/5\/2016\/11\/32322332_32332232.jpg","type":"image\/jpeg"}],"author":"WeLoveCycling","twitter_card":"summary_large_image","twitter_misc":{"Written by":"WeLoveCycling","Est. reading time":"2 minutes"},"schema":{"@context":"https:\/\/schema.org","@graph":[{"@type":"WebPage","@id":"https:\/\/www.welovecycling.com\/pl\/2016\/11\/07\/holendrzy-zbudowali-rondo-tylko-dla-rowerow\/","url":"https:\/\/www.welovecycling.com\/pl\/2016\/11\/07\/holendrzy-zbudowali-rondo-tylko-dla-rowerow\/","name":"Holendrzy zbudowali rondo tylko dla rower\u00f3w\u00a0\u00a0\u00a0\u00a0\u00a0\u00a0\u00a0 - \u0160koda We Love Cycling - Poland","isPartOf":{"@id":"https:\/\/www.welovecycling.com\/pl\/#website"},"primaryImageOfPage":{"@id":"https:\/\/www.welovecycling.com\/pl\/2016\/11\/07\/holendrzy-zbudowali-rondo-tylko-dla-rowerow\/#primaryimage"},"image":{"@id":"https:\/\/www.welovecycling.com\/pl\/2016\/11\/07\/holendrzy-zbudowali-rondo-tylko-dla-rowerow\/#primaryimage"},"thumbnailUrl":"https:\/\/d2p6e6u75xmxt8.cloudfront.net\/5\/2016\/11\/32322332_32332232.jpg","datePublished":"2016-11-07T17:08:14+00:00","dateModified":"2016-12-01T12:54:00+00:00","author":{"@id":"https:\/\/www.welovecycling.com\/pl\/#\/schema\/person\/e5187c9cac8dd619ebc7b41bd73c2fd9"},"breadcrumb":{"@id":"https:\/\/www.welovecycling.com\/pl\/2016\/11\/07\/holendrzy-zbudowali-rondo-tylko-dla-rowerow\/#breadcrumb"},"inLanguage":"pl-PL","potentialAction":[{"@type":"ReadAction","target":["https:\/\/www.welovecycling.com\/pl\/2016\/11\/07\/holendrzy-zbudowali-rondo-tylko-dla-rowerow\/"]}]},{"@type":"ImageObject","inLanguage":"pl-PL","@id":"https:\/\/www.welovecycling.com\/pl\/2016\/11\/07\/holendrzy-zbudowali-rondo-tylko-dla-rowerow\/#primaryimage","url":"https:\/\/d2p6e6u75xmxt8.cloudfront.net\/5\/2016\/11\/32322332_32332232.jpg","contentUrl":"https:\/\/d2p6e6u75xmxt8.cloudfront.net\/5\/2016\/11\/32322332_32332232.jpg","width":1189,"height":519},{"@type":"BreadcrumbList","@id":"https:\/\/www.welovecycling.com\/pl\/2016\/11\/07\/holendrzy-zbudowali-rondo-tylko-dla-rowerow\/#breadcrumb","itemListElement":[{"@type":"ListItem","position":1,"name":"Home","item":"https:\/\/www.welovecycling.com\/pl\/"},{"@type":"ListItem","position":2,"name":"Holendrzy zbudowali rondo tylko dla rower\u00f3w\u00a0\u00a0\u00a0\u00a0\u00a0\u00a0\u00a0"}]},{"@type":"WebSite","@id":"https:\/\/www.welovecycling.com\/pl\/#website","url":"https:\/\/www.welovecycling.com\/pl\/","name":"\u0160koda We Love Cycling - Poland","description":"","potentialAction":[{"@type":"SearchAction","target":{"@type":"EntryPoint","urlTemplate":"https:\/\/www.welovecycling.com\/pl\/?s={search_term_string}"},"query-input":{"@type":"PropertyValueSpecification","valueRequired":true,"valueName":"search_term_string"}}],"inLanguage":"pl-PL"},{"@type":"Person","@id":"https:\/\/www.welovecycling.com\/pl\/#\/schema\/person\/e5187c9cac8dd619ebc7b41bd73c2fd9","name":"WeLoveCycling","image":{"@type":"ImageObject","inLanguage":"pl-PL","@id":"https:\/\/www.welovecycling.com\/pl\/#\/schema\/person\/image\/","url":"https:\/\/secure.gravatar.com\/avatar\/7e1ee0ecc5e294b19ef32b9f6086e0afbb9da00c3cb0d465ba4695331f4a9187?s=96&d=mm&r=g","contentUrl":"https:\/\/secure.gravatar.com\/avatar\/7e1ee0ecc5e294b19ef32b9f6086e0afbb9da00c3cb0d465ba4695331f4a9187?s=96&d=mm&r=g","caption":"WeLoveCycling"},"url":"https:\/\/www.welovecycling.com\/pl\/author\/lukascech\/"}]}},"_links":{"self":[{"href":"https:\/\/www.welovecycling.com\/pl\/wp-json\/wp\/v2\/posts\/2339","targetHints":{"allow":["GET"]}}],"collection":[{"href":"https:\/\/www.welovecycling.com\/pl\/wp-json\/wp\/v2\/posts"}],"about":[{"href":"https:\/\/www.welovecycling.com\/pl\/wp-json\/wp\/v2\/types\/post"}],"author":[{"embeddable":true,"href":"https:\/\/www.welovecycling.com\/pl\/wp-json\/wp\/v2\/users\/1"}],"replies":[{"embeddable":true,"href":"https:\/\/www.welovecycling.com\/pl\/wp-json\/wp\/v2\/comments?post=2339"}],"version-history":[{"count":1,"href":"https:\/\/www.welovecycling.com\/pl\/wp-json\/wp\/v2\/posts\/2339\/revisions"}],"predecessor-version":[{"id":2356,"href":"https:\/\/www.welovecycling.com\/pl\/wp-json\/wp\/v2\/posts\/2339\/revisions\/2356"}],"wp:featuredmedia":[{"embeddable":true,"href":"https:\/\/www.welovecycling.com\/pl\/wp-json\/wp\/v2\/media\/2174"}],"wp:attachment":[{"href":"https:\/\/www.welovecycling.com\/pl\/wp-json\/wp\/v2\/media?parent=2339"}],"wp:term":[{"taxonomy":"category","embeddable":true,"href":"https:\/\/www.welovecycling.com\/pl\/wp-json\/wp\/v2\/categories?post=2339"},{"taxonomy":"post_tag","embeddable":true,"href":"https:\/\/www.welovecycling.com\/pl\/wp-json\/wp\/v2\/tags?post=2339"},{"taxonomy":"global-categories","embeddable":true,"href":"https:\/\/www.welovecycling.com\/pl\/wp-json\/wp\/v2\/global-categories?post=2339"}],"curies":[{"name":"wp","href":"https:\/\/api.w.org\/{rel}","templated":true}]}}