{"id":2337,"date":"2016-11-02T17:03:44","date_gmt":"2016-11-02T17:03:44","guid":{"rendered":"http:\/\/skoda-rowery.pl\/?p=2145"},"modified":"2016-12-01T12:55:38","modified_gmt":"2016-12-01T12:55:38","slug":"trasa-tour-de-france-2017-bol-tempo-akcja","status":"publish","type":"post","link":"https:\/\/www.welovecycling.com\/pl\/2016\/11\/02\/trasa-tour-de-france-2017-bol-tempo-akcja\/","title":{"rendered":"Trasa Tour de France 2017 \u2013 B\u00f3l, tempo, akcja"},"content":{"rendered":"<p style=\"text-align: justify\">Je\u015bli Tour de France 2016 by\u0142o niesamowite, to trasa Tour 2017 ju\u017c przechodzi do historii. Nieobecno\u015b\u0107 Mont Ventoux jest zauwa\u017calna, szczeg\u00f3lnie w kontek\u015bcie 50. rocznicy \u015bmierci Toma \u201eMajora\u201d Simpsona. Przysz\u0142oroczna edycja b\u0119dzie r\u00f3wnie\u017c mniej angielska \u2013 mo\u017cemy wy\u0142\u0105cznie domniemywa\u0107, dlaczego jazdy indywidualne na czas s\u0105 tak kr\u00f3tkie, \u017ce trac\u0105 znaczenie dla wy\u015bcigu. Co edycja 2017 ma zatem do zaoferowania entuzja\u015bcie kolarstwa?<!--more--><\/p>\n<p style=\"text-align: justify\">B\u00f3l<\/p>\n<p style=\"text-align: justify\">Nie pozw\u00f3l, by brak wspinaczek kategorii 1 i 2 ci\u0119 zmyli\u0142, edycja 2017 b\u0119dzie pe\u0142na b\u00f3lu. Wygl\u0105da na to, \u017ce organizator tour, Christian Prudhomme poprosi\u0142 koordynatora tras, Gouvenou, aby ten znalaz\u0142 podjazdy stanowi\u0105ce pr\u00f3b\u0119 dla zespo\u0142\u00f3w, a nie pojedynczych kolarzy.<\/p>\n<p style=\"text-align: justify\">Fazy wy\u015bcigu ustanowiono we wszystkich pi\u0119ciu z g\u0142\u00f3wnych \u0142a\u0144cuchach g\u00f3rskich przecinaj\u0105cych Francj\u0119 \u2013 po raz pierwszy od 25 lat. Faza 18 b\u0119dzie zak\u0142ada\u0142a finisz na szczycie g\u00f3ry Col D\u2019Izoard. Na tym skalistym i wrogim terenie znanym cyklistom, ale nieprzyjaznym wszystkim innym, ustanowiona zostanie p\u0119tla prowadz\u0105ca do Ventoux.<\/p>\n<p style=\"text-align: justify\">Tempo<\/p>\n<p style=\"text-align: justify\">Je\u015bli chcesz zobaczy\u0107, jak tworzy si\u0119 historia, w\u0142\u0105cz Tour do France 2017. W ci\u0105gu ostatnich dw\u00f3ch lat liczba finisz\u00f3w sprinterskich zwi\u0119kszy\u0142a si\u0119 o 2, a trend ten si\u0119 utrzymuje. W nast\u0119pnym roku wy\u015bcig b\u0119dzie zawiera\u0142 9 faz na tyle p\u0142askich, by przyci\u0105gn\u0119\u0142y takie nazwiska jak Cavendish. Cho\u0107 Cavendish znajduje si\u0119 u szczytu wielko\u015bci, ma Kanibala w zasi\u0119gu r\u0119ki oraz b\u0119dzie musia\u0142 mie\u0107 oko na takich m\u0142odych pretendent\u00f3w jak Sagan, kt\u00f3rzy mocno pracuj\u0105 na swoje nazwisko.<\/p>\n<p style=\"text-align: justify\">Akcja<\/p>\n<p style=\"text-align: justify\">Podjazdy w ramach 2017 wy\u015bcigu wymagaj\u0105, by teamy ze sob\u0105 \u015bci\u015ble wsp\u00f3\u0142pracowa\u0142y, unikaj\u0105c peletonu. Jest to ulubiona taktyka Team Sky. Rozs\u0105dnym wyborem w tym sezonie jest Quintana i Movisar, dla kt\u00f3rych sezon 2016 wydawa\u0142 si\u0119 przebiega\u0107 zgodnie z planem, kosztem Chrisa Froome\u2019a i teamu Vuelta.<\/p>\n<p style=\"text-align: justify\"><img loading=\"lazy\" decoding=\"async\" class=\"alignnone size-large wp-image-2147\" src=\"https:\/\/d2p6e6u75xmxt8.cloudfront.net\/5\/2016\/11\/242442_42424244-1-1024x596.jpg\" alt=\"242442_42424244\" width=\"1024\" height=\"596\" \/><\/p>\n<p style=\"text-align: justify\">Tour do France 2017 wymaga planowania i przede wszystkim, cierpliwo\u015bci. Richie Porte z BMC skomentowa\u0142 tras\u0119 w nast\u0119puj\u0105cy spos\u00f3b: \u201ePraca domowa i treningi zaczynaj\u0105 si\u0119 ju\u017c teraz\u201d. Podczas wy\u015bcigu, dla kt\u00f3rego wi\u0119kszo\u015b\u0107 terenu jest nieopisana, je\u015bli nie odrobisz pracy domowej, odpadniesz szybciej ni\u017c Cavs na podje\u017adzie.<\/p>\n<p style=\"text-align: justify\">(\u017ar\u00f3d\u0142o zdj\u0119\u0107: welovecycling.com)<\/p>\n","protected":false},"excerpt":{"rendered":"<p>Je\u015bli Tour de France 2016 by\u0142o niesamowite, to trasa Tour 2017 ju\u017c przechodzi do historii. Nieobecno\u015b\u0107 Mont Ventoux jest zauwa\u017calna, [&hellip;]<\/p>\n","protected":false},"author":1,"featured_media":2169,"comment_status":"open","ping_status":"closed","sticky":false,"template":"","format":"standard","meta":{"footnotes":""},"categories":[1],"tags":[66],"global-categories":[],"class_list":["post-2337","post","type-post","status-publish","format-standard","has-post-thumbnail","hentry","category-uncategorized","tag-skodanapedzarowery"],"yoast_head":"<!-- This site is optimized with the Yoast SEO Premium plugin v25.3 (Yoast SEO v25.9) - https:\/\/yoast.com\/wordpress\/plugins\/seo\/ -->\n<title>Trasa Tour de France 2017 \u2013 B\u00f3l, tempo, akcja - \u0160koda We Love Cycling - Poland<\/title>\n<meta name=\"robots\" content=\"index, follow, max-snippet:-1, max-image-preview:large, max-video-preview:-1\" \/>\n<link rel=\"canonical\" href=\"https:\/\/www.welovecycling.com\/pl\/2016\/11\/02\/trasa-tour-de-france-2017-bol-tempo-akcja\/\" \/>\n<meta property=\"og:locale\" content=\"pl_PL\" \/>\n<meta property=\"og:type\" content=\"article\" \/>\n<meta property=\"og:title\" content=\"Trasa Tour de France 2017 \u2013 B\u00f3l, tempo, akcja\" \/>\n<meta property=\"og:description\" content=\"Je\u015bli Tour de France 2016 by\u0142o niesamowite, to trasa Tour 2017 ju\u017c przechodzi do historii. Nieobecno\u015b\u0107 Mont Ventoux jest zauwa\u017calna, [&hellip;]\" \/>\n<meta property=\"og:url\" content=\"https:\/\/www.welovecycling.com\/pl\/2016\/11\/02\/trasa-tour-de-france-2017-bol-tempo-akcja\/\" \/>\n<meta property=\"og:site_name\" content=\"\u0160koda We Love Cycling - Poland\" \/>\n<meta property=\"article:published_time\" content=\"2016-11-02T17:03:44+00:00\" \/>\n<meta property=\"article:modified_time\" content=\"2016-12-01T12:55:38+00:00\" \/>\n<meta property=\"og:image\" content=\"https:\/\/d2p6e6u75xmxt8.cloudfront.net\/5\/2016\/11\/890989899_898799779.jpg\" \/>\n\t<meta property=\"og:image:width\" content=\"1375\" \/>\n\t<meta property=\"og:image:height\" content=\"600\" \/>\n\t<meta property=\"og:image:type\" content=\"image\/jpeg\" \/>\n<meta name=\"author\" content=\"WeLoveCycling\" \/>\n<meta name=\"twitter:card\" content=\"summary_large_image\" \/>\n<meta name=\"twitter:label1\" content=\"Written by\" \/>\n\t<meta name=\"twitter:data1\" content=\"WeLoveCycling\" \/>\n\t<meta name=\"twitter:label2\" content=\"Est. reading time\" \/>\n\t<meta name=\"twitter:data2\" content=\"2 minutes\" \/>\n<script type=\"application\/ld+json\" class=\"yoast-schema-graph\">{\"@context\":\"https:\/\/schema.org\",\"@graph\":[{\"@type\":\"WebPage\",\"@id\":\"https:\/\/www.welovecycling.com\/pl\/2016\/11\/02\/trasa-tour-de-france-2017-bol-tempo-akcja\/\",\"url\":\"https:\/\/www.welovecycling.com\/pl\/2016\/11\/02\/trasa-tour-de-france-2017-bol-tempo-akcja\/\",\"name\":\"Trasa Tour de France 2017 \u2013 B\u00f3l, tempo, akcja - \u0160koda We Love Cycling - Poland\",\"isPartOf\":{\"@id\":\"https:\/\/www.welovecycling.com\/pl\/#website\"},\"primaryImageOfPage\":{\"@id\":\"https:\/\/www.welovecycling.com\/pl\/2016\/11\/02\/trasa-tour-de-france-2017-bol-tempo-akcja\/#primaryimage\"},\"image\":{\"@id\":\"https:\/\/www.welovecycling.com\/pl\/2016\/11\/02\/trasa-tour-de-france-2017-bol-tempo-akcja\/#primaryimage\"},\"thumbnailUrl\":\"https:\/\/d2p6e6u75xmxt8.cloudfront.net\/5\/2016\/11\/890989899_898799779.jpg\",\"datePublished\":\"2016-11-02T17:03:44+00:00\",\"dateModified\":\"2016-12-01T12:55:38+00:00\",\"author\":{\"@id\":\"https:\/\/www.welovecycling.com\/pl\/#\/schema\/person\/e5187c9cac8dd619ebc7b41bd73c2fd9\"},\"breadcrumb\":{\"@id\":\"https:\/\/www.welovecycling.com\/pl\/2016\/11\/02\/trasa-tour-de-france-2017-bol-tempo-akcja\/#breadcrumb\"},\"inLanguage\":\"pl-PL\",\"potentialAction\":[{\"@type\":\"ReadAction\",\"target\":[\"https:\/\/www.welovecycling.com\/pl\/2016\/11\/02\/trasa-tour-de-france-2017-bol-tempo-akcja\/\"]}]},{\"@type\":\"ImageObject\",\"inLanguage\":\"pl-PL\",\"@id\":\"https:\/\/www.welovecycling.com\/pl\/2016\/11\/02\/trasa-tour-de-france-2017-bol-tempo-akcja\/#primaryimage\",\"url\":\"https:\/\/d2p6e6u75xmxt8.cloudfront.net\/5\/2016\/11\/890989899_898799779.jpg\",\"contentUrl\":\"https:\/\/d2p6e6u75xmxt8.cloudfront.net\/5\/2016\/11\/890989899_898799779.jpg\",\"width\":1375,\"height\":600},{\"@type\":\"BreadcrumbList\",\"@id\":\"https:\/\/www.welovecycling.com\/pl\/2016\/11\/02\/trasa-tour-de-france-2017-bol-tempo-akcja\/#breadcrumb\",\"itemListElement\":[{\"@type\":\"ListItem\",\"position\":1,\"name\":\"Home\",\"item\":\"https:\/\/www.welovecycling.com\/pl\/\"},{\"@type\":\"ListItem\",\"position\":2,\"name\":\"Trasa Tour de France 2017 \u2013 B\u00f3l, tempo, akcja\"}]},{\"@type\":\"WebSite\",\"@id\":\"https:\/\/www.welovecycling.com\/pl\/#website\",\"url\":\"https:\/\/www.welovecycling.com\/pl\/\",\"name\":\"\u0160koda We Love Cycling - Poland\",\"description\":\"\",\"potentialAction\":[{\"@type\":\"SearchAction\",\"target\":{\"@type\":\"EntryPoint\",\"urlTemplate\":\"https:\/\/www.welovecycling.com\/pl\/?s={search_term_string}\"},\"query-input\":{\"@type\":\"PropertyValueSpecification\",\"valueRequired\":true,\"valueName\":\"search_term_string\"}}],\"inLanguage\":\"pl-PL\"},{\"@type\":\"Person\",\"@id\":\"https:\/\/www.welovecycling.com\/pl\/#\/schema\/person\/e5187c9cac8dd619ebc7b41bd73c2fd9\",\"name\":\"WeLoveCycling\",\"image\":{\"@type\":\"ImageObject\",\"inLanguage\":\"pl-PL\",\"@id\":\"https:\/\/www.welovecycling.com\/pl\/#\/schema\/person\/image\/\",\"url\":\"https:\/\/secure.gravatar.com\/avatar\/7e1ee0ecc5e294b19ef32b9f6086e0afbb9da00c3cb0d465ba4695331f4a9187?s=96&d=mm&r=g\",\"contentUrl\":\"https:\/\/secure.gravatar.com\/avatar\/7e1ee0ecc5e294b19ef32b9f6086e0afbb9da00c3cb0d465ba4695331f4a9187?s=96&d=mm&r=g\",\"caption\":\"WeLoveCycling\"},\"url\":\"https:\/\/www.welovecycling.com\/pl\/author\/lukascech\/\"}]}<\/script>\n<!-- \/ Yoast SEO Premium plugin. -->","yoast_head_json":{"title":"Trasa Tour de France 2017 \u2013 B\u00f3l, tempo, akcja - \u0160koda We Love Cycling - Poland","robots":{"index":"index","follow":"follow","max-snippet":"max-snippet:-1","max-image-preview":"max-image-preview:large","max-video-preview":"max-video-preview:-1"},"canonical":"https:\/\/www.welovecycling.com\/pl\/2016\/11\/02\/trasa-tour-de-france-2017-bol-tempo-akcja\/","og_locale":"pl_PL","og_type":"article","og_title":"Trasa Tour de France 2017 \u2013 B\u00f3l, tempo, akcja","og_description":"Je\u015bli Tour de France 2016 by\u0142o niesamowite, to trasa Tour 2017 ju\u017c przechodzi do historii. Nieobecno\u015b\u0107 Mont Ventoux jest zauwa\u017calna, [&hellip;]","og_url":"https:\/\/www.welovecycling.com\/pl\/2016\/11\/02\/trasa-tour-de-france-2017-bol-tempo-akcja\/","og_site_name":"\u0160koda We Love Cycling - Poland","article_published_time":"2016-11-02T17:03:44+00:00","article_modified_time":"2016-12-01T12:55:38+00:00","og_image":[{"width":1375,"height":600,"url":"https:\/\/d2p6e6u75xmxt8.cloudfront.net\/5\/2016\/11\/890989899_898799779.jpg","type":"image\/jpeg"}],"author":"WeLoveCycling","twitter_card":"summary_large_image","twitter_misc":{"Written by":"WeLoveCycling","Est. reading time":"2 minutes"},"schema":{"@context":"https:\/\/schema.org","@graph":[{"@type":"WebPage","@id":"https:\/\/www.welovecycling.com\/pl\/2016\/11\/02\/trasa-tour-de-france-2017-bol-tempo-akcja\/","url":"https:\/\/www.welovecycling.com\/pl\/2016\/11\/02\/trasa-tour-de-france-2017-bol-tempo-akcja\/","name":"Trasa Tour de France 2017 \u2013 B\u00f3l, tempo, akcja - \u0160koda We Love Cycling - Poland","isPartOf":{"@id":"https:\/\/www.welovecycling.com\/pl\/#website"},"primaryImageOfPage":{"@id":"https:\/\/www.welovecycling.com\/pl\/2016\/11\/02\/trasa-tour-de-france-2017-bol-tempo-akcja\/#primaryimage"},"image":{"@id":"https:\/\/www.welovecycling.com\/pl\/2016\/11\/02\/trasa-tour-de-france-2017-bol-tempo-akcja\/#primaryimage"},"thumbnailUrl":"https:\/\/d2p6e6u75xmxt8.cloudfront.net\/5\/2016\/11\/890989899_898799779.jpg","datePublished":"2016-11-02T17:03:44+00:00","dateModified":"2016-12-01T12:55:38+00:00","author":{"@id":"https:\/\/www.welovecycling.com\/pl\/#\/schema\/person\/e5187c9cac8dd619ebc7b41bd73c2fd9"},"breadcrumb":{"@id":"https:\/\/www.welovecycling.com\/pl\/2016\/11\/02\/trasa-tour-de-france-2017-bol-tempo-akcja\/#breadcrumb"},"inLanguage":"pl-PL","potentialAction":[{"@type":"ReadAction","target":["https:\/\/www.welovecycling.com\/pl\/2016\/11\/02\/trasa-tour-de-france-2017-bol-tempo-akcja\/"]}]},{"@type":"ImageObject","inLanguage":"pl-PL","@id":"https:\/\/www.welovecycling.com\/pl\/2016\/11\/02\/trasa-tour-de-france-2017-bol-tempo-akcja\/#primaryimage","url":"https:\/\/d2p6e6u75xmxt8.cloudfront.net\/5\/2016\/11\/890989899_898799779.jpg","contentUrl":"https:\/\/d2p6e6u75xmxt8.cloudfront.net\/5\/2016\/11\/890989899_898799779.jpg","width":1375,"height":600},{"@type":"BreadcrumbList","@id":"https:\/\/www.welovecycling.com\/pl\/2016\/11\/02\/trasa-tour-de-france-2017-bol-tempo-akcja\/#breadcrumb","itemListElement":[{"@type":"ListItem","position":1,"name":"Home","item":"https:\/\/www.welovecycling.com\/pl\/"},{"@type":"ListItem","position":2,"name":"Trasa Tour de France 2017 \u2013 B\u00f3l, tempo, akcja"}]},{"@type":"WebSite","@id":"https:\/\/www.welovecycling.com\/pl\/#website","url":"https:\/\/www.welovecycling.com\/pl\/","name":"\u0160koda We Love Cycling - Poland","description":"","potentialAction":[{"@type":"SearchAction","target":{"@type":"EntryPoint","urlTemplate":"https:\/\/www.welovecycling.com\/pl\/?s={search_term_string}"},"query-input":{"@type":"PropertyValueSpecification","valueRequired":true,"valueName":"search_term_string"}}],"inLanguage":"pl-PL"},{"@type":"Person","@id":"https:\/\/www.welovecycling.com\/pl\/#\/schema\/person\/e5187c9cac8dd619ebc7b41bd73c2fd9","name":"WeLoveCycling","image":{"@type":"ImageObject","inLanguage":"pl-PL","@id":"https:\/\/www.welovecycling.com\/pl\/#\/schema\/person\/image\/","url":"https:\/\/secure.gravatar.com\/avatar\/7e1ee0ecc5e294b19ef32b9f6086e0afbb9da00c3cb0d465ba4695331f4a9187?s=96&d=mm&r=g","contentUrl":"https:\/\/secure.gravatar.com\/avatar\/7e1ee0ecc5e294b19ef32b9f6086e0afbb9da00c3cb0d465ba4695331f4a9187?s=96&d=mm&r=g","caption":"WeLoveCycling"},"url":"https:\/\/www.welovecycling.com\/pl\/author\/lukascech\/"}]}},"_links":{"self":[{"href":"https:\/\/www.welovecycling.com\/pl\/wp-json\/wp\/v2\/posts\/2337","targetHints":{"allow":["GET"]}}],"collection":[{"href":"https:\/\/www.welovecycling.com\/pl\/wp-json\/wp\/v2\/posts"}],"about":[{"href":"https:\/\/www.welovecycling.com\/pl\/wp-json\/wp\/v2\/types\/post"}],"author":[{"embeddable":true,"href":"https:\/\/www.welovecycling.com\/pl\/wp-json\/wp\/v2\/users\/1"}],"replies":[{"embeddable":true,"href":"https:\/\/www.welovecycling.com\/pl\/wp-json\/wp\/v2\/comments?post=2337"}],"version-history":[{"count":1,"href":"https:\/\/www.welovecycling.com\/pl\/wp-json\/wp\/v2\/posts\/2337\/revisions"}],"predecessor-version":[{"id":2358,"href":"https:\/\/www.welovecycling.com\/pl\/wp-json\/wp\/v2\/posts\/2337\/revisions\/2358"}],"wp:featuredmedia":[{"embeddable":true,"href":"https:\/\/www.welovecycling.com\/pl\/wp-json\/wp\/v2\/media\/2169"}],"wp:attachment":[{"href":"https:\/\/www.welovecycling.com\/pl\/wp-json\/wp\/v2\/media?parent=2337"}],"wp:term":[{"taxonomy":"category","embeddable":true,"href":"https:\/\/www.welovecycling.com\/pl\/wp-json\/wp\/v2\/categories?post=2337"},{"taxonomy":"post_tag","embeddable":true,"href":"https:\/\/www.welovecycling.com\/pl\/wp-json\/wp\/v2\/tags?post=2337"},{"taxonomy":"global-categories","embeddable":true,"href":"https:\/\/www.welovecycling.com\/pl\/wp-json\/wp\/v2\/global-categories?post=2337"}],"curies":[{"name":"wp","href":"https:\/\/api.w.org\/{rel}","templated":true}]}}