{"id":2336,"date":"2016-10-31T12:04:38","date_gmt":"2016-10-31T12:04:38","guid":{"rendered":"http:\/\/skoda-rowery.pl\/?p=2140"},"modified":"2016-12-01T12:56:04","modified_gmt":"2016-12-01T12:56:04","slug":"kaski-rowerowe-znacznie-redukuja-ryzyko-powaznych-obrazen-glowy","status":"publish","type":"post","link":"https:\/\/www.welovecycling.com\/pl\/2016\/10\/31\/kaski-rowerowe-znacznie-redukuja-ryzyko-powaznych-obrazen-glowy\/","title":{"rendered":"Kaski Rowerowe Znacznie Redukuj\u0105 Ryzyko Powa\u017cnych Obra\u017ce\u0144 G\u0142owy"},"content":{"rendered":"<p style=\"text-align: justify\">Obowi\u0105zek zak\u0142adania kask\u00f3w stanowi \u017ar\u00f3d\u0142o frustracji dla australijskich cyklist\u00f3w ju\u017c od d\u0142u\u017cszego czasu. Osoby sprzeciwiaj\u0105ce si\u0119 temu obowi\u0105zkowi twierdz\u0105, \u017ce noszenie kasku zach\u0119ca cyklist\u00f3w do podejmowania niebezpiecznych zachowa\u0144 i w rzeczywisto\u015bci nie zmniejszaj\u0105 ryzyka obra\u017ce\u0144 g\u0142owy i m\u00f3zgu. Ostatnie badania wykonane przez Australijczyk\u00f3w twierdz\u0105 jednak inaczej.<!--more--><\/p>\n<p style=\"text-align: justify\">Badacze z Uniwersytetu New South Wales przeprowadzili badanie z udzia\u0142em ponad 64.000 rowerzyst\u00f3w. Jego wyniki s\u0105 jasne. Zgodnie z opiniami Australijczyk\u00f3w kaski zmniejszaj\u0105 ryzyko powa\u017cnych obra\u017ce\u0144 g\u0142owy o niemal 70 procent. Szanse odniesienia \u015bmiertelnych obra\u017ce\u0144 g\u0142owy spadaj\u0105 o 65 procent, gdy rowerzysta ma na g\u0142owie kask. Jednak\u017ce badacze uwa\u017caj\u0105, \u017ce kaski rowerowe nie maj\u0105 \u017cadnego wp\u0142ywu na obra\u017cenia szyi i okolic.<\/p>\n<p style=\"text-align: justify\"><img loading=\"lazy\" decoding=\"async\" class=\"size-large wp-image-2143\" src=\"https:\/\/d2p6e6u75xmxt8.cloudfront.net\/5\/2016\/10\/profimedia-0297436025-1024x682.jpg\" alt=\"Revda, Russia - July 31, 2016: general plan rider a cyclist riding along a forest trail during Regional competitions on cross-country bike, Image: 297436025, License: Rights-managed, Restrictions: , Model Release: no, Credit line: Profimedia, Alamy\" width=\"1024\" height=\"682\" \/><\/p>\n<p style=\"text-align: justify\">\u201eWyniki sugeruj\u0105, \u017ce strategie maj\u0105ce na celu zwi\u0119kszenie u\u017cycia kask\u00f3w rowerowych powinny by\u0107 promowane wraz z innymi strategiami maj\u0105cymi na celu ograniczenie obra\u017ce\u0144 cia\u0142a w ramach pe\u0142nych plan\u00f3w bezpiecze\u0144stwa rowerowego. Bez wzgl\u0119du na przesz\u0142e badania, wyniki tej oceny nie potwierdzaj\u0105 argument\u00f3w przeciwnych obowi\u0105zkowi noszenia kask\u00f3w z perspektywy zapobiegania obra\u017ceniom cia\u0142a\u201d, stwierdzili badacze podczas konwencji dotycz\u0105cej bezpiecze\u0144stwa, kt\u00f3ra odby\u0142a si\u0119 w tym tygodniu w Finlandii.<\/p>\n<p style=\"text-align: justify\">Mimo tego, krytycy nie s\u0105 nadal przekonani. Twierdz\u0105, \u017ce obowi\u0105zkowe u\u017cycie kask\u00f3w zniech\u0119ca ludzi do jazdy na rowerze i wywo\u0142uje problemy zdrowotne zwi\u0105zane z wag\u0105.<\/p>\n<p style=\"text-align: justify\"><img loading=\"lazy\" decoding=\"async\" class=\"size-large wp-image-2142\" src=\"https:\/\/d2p6e6u75xmxt8.cloudfront.net\/5\/2016\/10\/profimedia-0299883673-1024x683.jpg\" alt=\"Kielder Forest, Kielder, Northumberland, UK. 11th September 2016. Mountain bikers compete in the Northern Downhill time trial event in Kielder Forest., Image: 299883673, License: Rights-managed, Restrictions: , Model Release: no, Credit line: Profimedia, Alamy\" width=\"1024\" height=\"683\" \/><\/p>\n<p style=\"text-align: justify\">\u201eKaski to bariera dla nowych rowerzyst\u00f3w, szczeg\u00f3lnie tych rekreacyjnych. Obowi\u0105zek noszenia kasku wzmacnia sygna\u0142, \u017ce jazda na rowerze jest niebezpieczna.\u201d \u2013 twierdzi Chris Rissel, profesor zdrowia publicznego na Uniwersytecie w Sydney.<\/p>\n<p style=\"text-align: justify\">Niestety debaty na temat kask\u00f3w nie wida\u0107 ko\u0144ca. O Australijczykach bez kask\u00f3w pisali\u015bmy r\u00f3wnie\u017c\u00a0<a href=\"http:\/\/skoda-rowery.pl\/index.php\/2016\/03\/08\/australijczycy-bez-kaskow\/\">tutaj<\/a>.<\/p>\n<p style=\"text-align: justify\">(\u017ar\u00f3d\u0142o zdj\u0119\u0107: welovecycling.com)<\/p>\n","protected":false},"excerpt":{"rendered":"<p>Obowi\u0105zek zak\u0142adania kask\u00f3w stanowi \u017ar\u00f3d\u0142o frustracji dla australijskich cyklist\u00f3w ju\u017c od d\u0142u\u017cszego czasu. Osoby sprzeciwiaj\u0105ce si\u0119 temu obowi\u0105zkowi twierdz\u0105, \u017ce [&hellip;]<\/p>\n","protected":false},"author":1,"featured_media":2162,"comment_status":"open","ping_status":"closed","sticky":false,"template":"","format":"standard","meta":{"footnotes":""},"categories":[7],"tags":[41],"global-categories":[],"class_list":["post-2336","post","type-post","status-publish","format-standard","has-post-thumbnail","hentry","category-bezpieczenstwo","tag-cycling"],"yoast_head":"<!-- This site is optimized with the Yoast SEO Premium plugin v25.3 (Yoast SEO v25.9) - https:\/\/yoast.com\/wordpress\/plugins\/seo\/ -->\n<title>Kaski Rowerowe Znacznie Redukuj\u0105 Ryzyko Powa\u017cnych Obra\u017ce\u0144 G\u0142owy - \u0160koda We Love Cycling - Poland<\/title>\n<meta name=\"robots\" content=\"index, follow, max-snippet:-1, max-image-preview:large, max-video-preview:-1\" \/>\n<link rel=\"canonical\" href=\"https:\/\/www.welovecycling.com\/pl\/2016\/10\/31\/kaski-rowerowe-znacznie-redukuja-ryzyko-powaznych-obrazen-glowy\/\" \/>\n<meta property=\"og:locale\" content=\"pl_PL\" \/>\n<meta property=\"og:type\" content=\"article\" \/>\n<meta property=\"og:title\" content=\"Kaski Rowerowe Znacznie Redukuj\u0105 Ryzyko Powa\u017cnych Obra\u017ce\u0144 G\u0142owy\" \/>\n<meta property=\"og:description\" content=\"Obowi\u0105zek zak\u0142adania kask\u00f3w stanowi \u017ar\u00f3d\u0142o frustracji dla australijskich cyklist\u00f3w ju\u017c od d\u0142u\u017cszego czasu. Osoby sprzeciwiaj\u0105ce si\u0119 temu obowi\u0105zkowi twierdz\u0105, \u017ce [&hellip;]\" \/>\n<meta property=\"og:url\" content=\"https:\/\/www.welovecycling.com\/pl\/2016\/10\/31\/kaski-rowerowe-znacznie-redukuja-ryzyko-powaznych-obrazen-glowy\/\" \/>\n<meta property=\"og:site_name\" content=\"\u0160koda We Love Cycling - Poland\" \/>\n<meta property=\"article:published_time\" content=\"2016-10-31T12:04:38+00:00\" \/>\n<meta property=\"article:modified_time\" content=\"2016-12-01T12:56:04+00:00\" \/>\n<meta property=\"og:image\" content=\"https:\/\/d2p6e6u75xmxt8.cloudfront.net\/5\/2016\/10\/874874874_4489489486.jpg\" \/>\n\t<meta property=\"og:image:width\" content=\"1100\" \/>\n\t<meta property=\"og:image:height\" content=\"480\" \/>\n\t<meta property=\"og:image:type\" content=\"image\/jpeg\" \/>\n<meta name=\"author\" content=\"WeLoveCycling\" \/>\n<meta name=\"twitter:card\" content=\"summary_large_image\" \/>\n<meta name=\"twitter:label1\" content=\"Written by\" \/>\n\t<meta name=\"twitter:data1\" content=\"WeLoveCycling\" \/>\n\t<meta name=\"twitter:label2\" content=\"Est. reading time\" \/>\n\t<meta name=\"twitter:data2\" content=\"2 minutes\" \/>\n<script type=\"application\/ld+json\" class=\"yoast-schema-graph\">{\"@context\":\"https:\/\/schema.org\",\"@graph\":[{\"@type\":\"WebPage\",\"@id\":\"https:\/\/www.welovecycling.com\/pl\/2016\/10\/31\/kaski-rowerowe-znacznie-redukuja-ryzyko-powaznych-obrazen-glowy\/\",\"url\":\"https:\/\/www.welovecycling.com\/pl\/2016\/10\/31\/kaski-rowerowe-znacznie-redukuja-ryzyko-powaznych-obrazen-glowy\/\",\"name\":\"Kaski Rowerowe Znacznie Redukuj\u0105 Ryzyko Powa\u017cnych Obra\u017ce\u0144 G\u0142owy - \u0160koda We Love Cycling - Poland\",\"isPartOf\":{\"@id\":\"https:\/\/www.welovecycling.com\/pl\/#website\"},\"primaryImageOfPage\":{\"@id\":\"https:\/\/www.welovecycling.com\/pl\/2016\/10\/31\/kaski-rowerowe-znacznie-redukuja-ryzyko-powaznych-obrazen-glowy\/#primaryimage\"},\"image\":{\"@id\":\"https:\/\/www.welovecycling.com\/pl\/2016\/10\/31\/kaski-rowerowe-znacznie-redukuja-ryzyko-powaznych-obrazen-glowy\/#primaryimage\"},\"thumbnailUrl\":\"https:\/\/d2p6e6u75xmxt8.cloudfront.net\/5\/2016\/10\/874874874_4489489486.jpg\",\"datePublished\":\"2016-10-31T12:04:38+00:00\",\"dateModified\":\"2016-12-01T12:56:04+00:00\",\"author\":{\"@id\":\"https:\/\/www.welovecycling.com\/pl\/#\/schema\/person\/e5187c9cac8dd619ebc7b41bd73c2fd9\"},\"breadcrumb\":{\"@id\":\"https:\/\/www.welovecycling.com\/pl\/2016\/10\/31\/kaski-rowerowe-znacznie-redukuja-ryzyko-powaznych-obrazen-glowy\/#breadcrumb\"},\"inLanguage\":\"pl-PL\",\"potentialAction\":[{\"@type\":\"ReadAction\",\"target\":[\"https:\/\/www.welovecycling.com\/pl\/2016\/10\/31\/kaski-rowerowe-znacznie-redukuja-ryzyko-powaznych-obrazen-glowy\/\"]}]},{\"@type\":\"ImageObject\",\"inLanguage\":\"pl-PL\",\"@id\":\"https:\/\/www.welovecycling.com\/pl\/2016\/10\/31\/kaski-rowerowe-znacznie-redukuja-ryzyko-powaznych-obrazen-glowy\/#primaryimage\",\"url\":\"https:\/\/d2p6e6u75xmxt8.cloudfront.net\/5\/2016\/10\/874874874_4489489486.jpg\",\"contentUrl\":\"https:\/\/d2p6e6u75xmxt8.cloudfront.net\/5\/2016\/10\/874874874_4489489486.jpg\",\"width\":1100,\"height\":480},{\"@type\":\"BreadcrumbList\",\"@id\":\"https:\/\/www.welovecycling.com\/pl\/2016\/10\/31\/kaski-rowerowe-znacznie-redukuja-ryzyko-powaznych-obrazen-glowy\/#breadcrumb\",\"itemListElement\":[{\"@type\":\"ListItem\",\"position\":1,\"name\":\"Home\",\"item\":\"https:\/\/www.welovecycling.com\/pl\/\"},{\"@type\":\"ListItem\",\"position\":2,\"name\":\"Kaski Rowerowe Znacznie Redukuj\u0105 Ryzyko Powa\u017cnych Obra\u017ce\u0144 G\u0142owy\"}]},{\"@type\":\"WebSite\",\"@id\":\"https:\/\/www.welovecycling.com\/pl\/#website\",\"url\":\"https:\/\/www.welovecycling.com\/pl\/\",\"name\":\"\u0160koda We Love Cycling - Poland\",\"description\":\"\",\"potentialAction\":[{\"@type\":\"SearchAction\",\"target\":{\"@type\":\"EntryPoint\",\"urlTemplate\":\"https:\/\/www.welovecycling.com\/pl\/?s={search_term_string}\"},\"query-input\":{\"@type\":\"PropertyValueSpecification\",\"valueRequired\":true,\"valueName\":\"search_term_string\"}}],\"inLanguage\":\"pl-PL\"},{\"@type\":\"Person\",\"@id\":\"https:\/\/www.welovecycling.com\/pl\/#\/schema\/person\/e5187c9cac8dd619ebc7b41bd73c2fd9\",\"name\":\"WeLoveCycling\",\"image\":{\"@type\":\"ImageObject\",\"inLanguage\":\"pl-PL\",\"@id\":\"https:\/\/www.welovecycling.com\/pl\/#\/schema\/person\/image\/\",\"url\":\"https:\/\/secure.gravatar.com\/avatar\/7e1ee0ecc5e294b19ef32b9f6086e0afbb9da00c3cb0d465ba4695331f4a9187?s=96&d=mm&r=g\",\"contentUrl\":\"https:\/\/secure.gravatar.com\/avatar\/7e1ee0ecc5e294b19ef32b9f6086e0afbb9da00c3cb0d465ba4695331f4a9187?s=96&d=mm&r=g\",\"caption\":\"WeLoveCycling\"},\"url\":\"https:\/\/www.welovecycling.com\/pl\/author\/lukascech\/\"}]}<\/script>\n<!-- \/ Yoast SEO Premium plugin. -->","yoast_head_json":{"title":"Kaski Rowerowe Znacznie Redukuj\u0105 Ryzyko Powa\u017cnych Obra\u017ce\u0144 G\u0142owy - \u0160koda We Love Cycling - Poland","robots":{"index":"index","follow":"follow","max-snippet":"max-snippet:-1","max-image-preview":"max-image-preview:large","max-video-preview":"max-video-preview:-1"},"canonical":"https:\/\/www.welovecycling.com\/pl\/2016\/10\/31\/kaski-rowerowe-znacznie-redukuja-ryzyko-powaznych-obrazen-glowy\/","og_locale":"pl_PL","og_type":"article","og_title":"Kaski Rowerowe Znacznie Redukuj\u0105 Ryzyko Powa\u017cnych Obra\u017ce\u0144 G\u0142owy","og_description":"Obowi\u0105zek zak\u0142adania kask\u00f3w stanowi \u017ar\u00f3d\u0142o frustracji dla australijskich cyklist\u00f3w ju\u017c od d\u0142u\u017cszego czasu. Osoby sprzeciwiaj\u0105ce si\u0119 temu obowi\u0105zkowi twierdz\u0105, \u017ce [&hellip;]","og_url":"https:\/\/www.welovecycling.com\/pl\/2016\/10\/31\/kaski-rowerowe-znacznie-redukuja-ryzyko-powaznych-obrazen-glowy\/","og_site_name":"\u0160koda We Love Cycling - Poland","article_published_time":"2016-10-31T12:04:38+00:00","article_modified_time":"2016-12-01T12:56:04+00:00","og_image":[{"width":1100,"height":480,"url":"https:\/\/d2p6e6u75xmxt8.cloudfront.net\/5\/2016\/10\/874874874_4489489486.jpg","type":"image\/jpeg"}],"author":"WeLoveCycling","twitter_card":"summary_large_image","twitter_misc":{"Written by":"WeLoveCycling","Est. reading time":"2 minutes"},"schema":{"@context":"https:\/\/schema.org","@graph":[{"@type":"WebPage","@id":"https:\/\/www.welovecycling.com\/pl\/2016\/10\/31\/kaski-rowerowe-znacznie-redukuja-ryzyko-powaznych-obrazen-glowy\/","url":"https:\/\/www.welovecycling.com\/pl\/2016\/10\/31\/kaski-rowerowe-znacznie-redukuja-ryzyko-powaznych-obrazen-glowy\/","name":"Kaski Rowerowe Znacznie Redukuj\u0105 Ryzyko Powa\u017cnych Obra\u017ce\u0144 G\u0142owy - \u0160koda We Love Cycling - Poland","isPartOf":{"@id":"https:\/\/www.welovecycling.com\/pl\/#website"},"primaryImageOfPage":{"@id":"https:\/\/www.welovecycling.com\/pl\/2016\/10\/31\/kaski-rowerowe-znacznie-redukuja-ryzyko-powaznych-obrazen-glowy\/#primaryimage"},"image":{"@id":"https:\/\/www.welovecycling.com\/pl\/2016\/10\/31\/kaski-rowerowe-znacznie-redukuja-ryzyko-powaznych-obrazen-glowy\/#primaryimage"},"thumbnailUrl":"https:\/\/d2p6e6u75xmxt8.cloudfront.net\/5\/2016\/10\/874874874_4489489486.jpg","datePublished":"2016-10-31T12:04:38+00:00","dateModified":"2016-12-01T12:56:04+00:00","author":{"@id":"https:\/\/www.welovecycling.com\/pl\/#\/schema\/person\/e5187c9cac8dd619ebc7b41bd73c2fd9"},"breadcrumb":{"@id":"https:\/\/www.welovecycling.com\/pl\/2016\/10\/31\/kaski-rowerowe-znacznie-redukuja-ryzyko-powaznych-obrazen-glowy\/#breadcrumb"},"inLanguage":"pl-PL","potentialAction":[{"@type":"ReadAction","target":["https:\/\/www.welovecycling.com\/pl\/2016\/10\/31\/kaski-rowerowe-znacznie-redukuja-ryzyko-powaznych-obrazen-glowy\/"]}]},{"@type":"ImageObject","inLanguage":"pl-PL","@id":"https:\/\/www.welovecycling.com\/pl\/2016\/10\/31\/kaski-rowerowe-znacznie-redukuja-ryzyko-powaznych-obrazen-glowy\/#primaryimage","url":"https:\/\/d2p6e6u75xmxt8.cloudfront.net\/5\/2016\/10\/874874874_4489489486.jpg","contentUrl":"https:\/\/d2p6e6u75xmxt8.cloudfront.net\/5\/2016\/10\/874874874_4489489486.jpg","width":1100,"height":480},{"@type":"BreadcrumbList","@id":"https:\/\/www.welovecycling.com\/pl\/2016\/10\/31\/kaski-rowerowe-znacznie-redukuja-ryzyko-powaznych-obrazen-glowy\/#breadcrumb","itemListElement":[{"@type":"ListItem","position":1,"name":"Home","item":"https:\/\/www.welovecycling.com\/pl\/"},{"@type":"ListItem","position":2,"name":"Kaski Rowerowe Znacznie Redukuj\u0105 Ryzyko Powa\u017cnych Obra\u017ce\u0144 G\u0142owy"}]},{"@type":"WebSite","@id":"https:\/\/www.welovecycling.com\/pl\/#website","url":"https:\/\/www.welovecycling.com\/pl\/","name":"\u0160koda We Love Cycling - Poland","description":"","potentialAction":[{"@type":"SearchAction","target":{"@type":"EntryPoint","urlTemplate":"https:\/\/www.welovecycling.com\/pl\/?s={search_term_string}"},"query-input":{"@type":"PropertyValueSpecification","valueRequired":true,"valueName":"search_term_string"}}],"inLanguage":"pl-PL"},{"@type":"Person","@id":"https:\/\/www.welovecycling.com\/pl\/#\/schema\/person\/e5187c9cac8dd619ebc7b41bd73c2fd9","name":"WeLoveCycling","image":{"@type":"ImageObject","inLanguage":"pl-PL","@id":"https:\/\/www.welovecycling.com\/pl\/#\/schema\/person\/image\/","url":"https:\/\/secure.gravatar.com\/avatar\/7e1ee0ecc5e294b19ef32b9f6086e0afbb9da00c3cb0d465ba4695331f4a9187?s=96&d=mm&r=g","contentUrl":"https:\/\/secure.gravatar.com\/avatar\/7e1ee0ecc5e294b19ef32b9f6086e0afbb9da00c3cb0d465ba4695331f4a9187?s=96&d=mm&r=g","caption":"WeLoveCycling"},"url":"https:\/\/www.welovecycling.com\/pl\/author\/lukascech\/"}]}},"_links":{"self":[{"href":"https:\/\/www.welovecycling.com\/pl\/wp-json\/wp\/v2\/posts\/2336","targetHints":{"allow":["GET"]}}],"collection":[{"href":"https:\/\/www.welovecycling.com\/pl\/wp-json\/wp\/v2\/posts"}],"about":[{"href":"https:\/\/www.welovecycling.com\/pl\/wp-json\/wp\/v2\/types\/post"}],"author":[{"embeddable":true,"href":"https:\/\/www.welovecycling.com\/pl\/wp-json\/wp\/v2\/users\/1"}],"replies":[{"embeddable":true,"href":"https:\/\/www.welovecycling.com\/pl\/wp-json\/wp\/v2\/comments?post=2336"}],"version-history":[{"count":1,"href":"https:\/\/www.welovecycling.com\/pl\/wp-json\/wp\/v2\/posts\/2336\/revisions"}],"predecessor-version":[{"id":2359,"href":"https:\/\/www.welovecycling.com\/pl\/wp-json\/wp\/v2\/posts\/2336\/revisions\/2359"}],"wp:featuredmedia":[{"embeddable":true,"href":"https:\/\/www.welovecycling.com\/pl\/wp-json\/wp\/v2\/media\/2162"}],"wp:attachment":[{"href":"https:\/\/www.welovecycling.com\/pl\/wp-json\/wp\/v2\/media?parent=2336"}],"wp:term":[{"taxonomy":"category","embeddable":true,"href":"https:\/\/www.welovecycling.com\/pl\/wp-json\/wp\/v2\/categories?post=2336"},{"taxonomy":"post_tag","embeddable":true,"href":"https:\/\/www.welovecycling.com\/pl\/wp-json\/wp\/v2\/tags?post=2336"},{"taxonomy":"global-categories","embeddable":true,"href":"https:\/\/www.welovecycling.com\/pl\/wp-json\/wp\/v2\/global-categories?post=2336"}],"curies":[{"name":"wp","href":"https:\/\/api.w.org\/{rel}","templated":true}]}}