{"id":2334,"date":"2016-10-27T11:10:59","date_gmt":"2016-10-27T11:10:59","guid":{"rendered":"http:\/\/skoda-rowery.pl\/?p=2121"},"modified":"2016-12-01T12:58:58","modified_gmt":"2016-12-01T12:58:58","slug":"10-najbardziej-pomyslowych-akcesoriow-rowerowych-o-ktorych-jeszcze-nie-slyszales","status":"publish","type":"post","link":"https:\/\/www.welovecycling.com\/pl\/2016\/10\/27\/10-najbardziej-pomyslowych-akcesoriow-rowerowych-o-ktorych-jeszcze-nie-slyszales\/","title":{"rendered":"10 najbardziej pomys\u0142owych akcesori\u00f3w rowerowych, o kt\u00f3rych jeszcze nie s\u0142ysza\u0142e\u015b"},"content":{"rendered":"<p style=\"text-align: justify\">Wreszcie co\u015b dla mi\u0142o\u015bnik\u00f3w rowerowych gad\u017cet\u00f3w \u2013 gwarantujemy, \u017ce na li\u015bcie jest co najmniej kilka akcesori\u00f3w, o kt\u00f3rych jeszcze nie s\u0142ysza\u0142e\u015b. Mo\u017ce to ju\u017c czas napisa\u0107 list do \u015bw. Miko\u0142aja?<!--more--><\/p>\n<ol style=\"text-align: justify\">\n<li>Pompka Mobo Pocket 4\u201d<\/li>\n<\/ol>\n<p style=\"text-align: justify\"><img loading=\"lazy\" decoding=\"async\" class=\"alignnone size-full wp-image-2122\" src=\"http:\/\/skoda-rowery.pl\/wp-content\/uploads\/2016\/10\/ZT-702R-3.jpg\" alt=\"zt-702r-3\" width=\"600\" height=\"400\" \/><\/p>\n<p style=\"text-align: justify\">Zawsze dobrze mie\u0107 j\u0105 pod r\u0119k\u0105. Mie\u015bci si\u0119 w kieszeni.<\/p>\n<ol style=\"text-align: justify\" start=\"2\">\n<li>Odblaskowe skarpety<\/li>\n<\/ol>\n<p style=\"text-align: justify\"><img loading=\"lazy\" decoding=\"async\" class=\"alignnone size-full wp-image-2123\" src=\"https:\/\/d2p6e6u75xmxt8.cloudfront.net\/5\/2016\/10\/WideStripeSocks1_1000pxsq_grande-1.jpg\" alt=\"widestripesocks1_1000pxsq_grande\" width=\"600\" height=\"600\" \/><\/p>\n<ol style=\"text-align: justify\" start=\"3\">\n<li>The Cricket<\/li>\n<\/ol>\n<p style=\"text-align: justify\"><img loading=\"lazy\" decoding=\"async\" class=\"alignnone size-full wp-image-2124\" src=\"https:\/\/d2p6e6u75xmxt8.cloudfront.net\/5\/2016\/10\/484854185-1.jpg\" alt=\"484854185\" width=\"904\" height=\"385\" \/><\/p>\n<p style=\"text-align: justify\">Specjalny nadajnik The Cricket zawiadomi Tw\u00f3j telefon, gdy wykryje niespodziewany ruch pozostawionego przez Ciebie roweru.<\/p>\n<ol style=\"text-align: justify\" start=\"4\">\n<li>Przeno\u015bna \u015bwiec\u0105ca \u015bcie\u017cka rowerowa<\/li>\n<\/ol>\n<p style=\"text-align: justify\"><img loading=\"lazy\" decoding=\"async\" class=\"alignnone size-full wp-image-2126\" src=\"https:\/\/d2p6e6u75xmxt8.cloudfront.net\/5\/2016\/10\/bikelante-street-04.jpg\" alt=\"bikelante-street-04\" width=\"800\" height=\"532\" \/><\/p>\n<p style=\"text-align: justify\">Mo\u017cesz sobie j\u0105 roz\u0142o\u017cy\u0107 gdzie chcesz, a w dodatku \u0142aduje si\u0119 przez USB.<\/p>\n<ol style=\"text-align: justify\" start=\"5\">\n<li>Uchwyt na kubek<\/li>\n<\/ol>\n<p style=\"text-align: justify\"><img loading=\"lazy\" decoding=\"async\" class=\"alignnone size-large wp-image-2128\" src=\"https:\/\/d2p6e6u75xmxt8.cloudfront.net\/5\/2016\/10\/red_small_onbike-1024x683-1024x683.jpg\" alt=\"red_small_onbike-1024x683\" width=\"1024\" height=\"683\" \/><\/p>\n<p style=\"text-align: justify\">Sprytne, prawda? Uchwyt na kubek to gad\u017cet dla tych, kt\u00f3rzy nie maj\u0105 rano czasu na dopicie kawy.<\/p>\n<ol style=\"text-align: justify\" start=\"6\">\n<li>Kosz z pasami<\/li>\n<\/ol>\n<p style=\"text-align: justify\"><img loading=\"lazy\" decoding=\"async\" class=\"alignnone size-full wp-image-2129\" src=\"https:\/\/d2p6e6u75xmxt8.cloudfront.net\/5\/2016\/10\/home-left-right-image-2-1.png\" alt=\"home-left-right-image-2\" width=\"700\" height=\"597\" \/><\/p>\n<p style=\"text-align: justify\">Oboj\u0119tnie, czy chcesz przewozi\u0107 w nim butelki, czy ksi\u0105\u017cki i laptopa \u2013 Tw\u00f3j baga\u017c na pewno b\u0119dzie dobrze zabezpieczony.<\/p>\n<ol style=\"text-align: justify\" start=\"7\">\n<li>The Buckshot<\/li>\n<\/ol>\n<p style=\"text-align: justify\"><img loading=\"lazy\" decoding=\"async\" class=\"alignnone size-full wp-image-2130\" src=\"http:\/\/skoda-rowery.pl\/wp-content\/uploads\/2016\/10\/54154185.jpg\" alt=\"54154185\" width=\"555\" height=\"449\" \/><\/p>\n<p style=\"text-align: justify\">Bezprzewodowy g\u0142o\u015bnik, lampka, latarka i powerbank w jednym.<\/p>\n<ol style=\"text-align: justify\" start=\"8\">\n<li>\u015awiec\u0105ca kurtka<\/li>\n<\/ol>\n<p style=\"text-align: justify\"><img loading=\"lazy\" decoding=\"async\" class=\"alignnone size-full wp-image-2131\" src=\"https:\/\/d2p6e6u75xmxt8.cloudfront.net\/5\/2016\/10\/4848484.jpg\" alt=\"4848484\" width=\"529\" height=\"428\" \/><\/p>\n<p style=\"text-align: justify\">Popraw swoje bezpiecze\u0144stwo, nie tylko w czasie jazdy na rowerze.<\/p>\n<p style=\"text-align: justify\">\n<ol style=\"text-align: justify\" start=\"9\">\n<li>PatchnRide<\/li>\n<\/ol>\n<p style=\"text-align: justify\"><img loading=\"lazy\" decoding=\"async\" class=\"alignnone size-full wp-image-2132\" src=\"https:\/\/d2p6e6u75xmxt8.cloudfront.net\/5\/2016\/10\/48484847.jpg\" alt=\"48484847\" width=\"712\" height=\"358\" \/><\/p>\n<p style=\"text-align: justify\">Dzi\u0119ki temu produktowi za\u0142atasz d\u0119tk\u0119 w mniej ni\u017c minut\u0119.<\/p>\n<ol style=\"text-align: justify\" start=\"10\">\n<li>Ko\u0142o LED<\/li>\n<\/ol>\n<p style=\"text-align: justify\"><img loading=\"lazy\" decoding=\"async\" class=\"alignnone size-full wp-image-2133\" src=\"https:\/\/d2p6e6u75xmxt8.cloudfront.net\/5\/2016\/10\/8448.jpg\" alt=\"8448\" width=\"640\" height=\"427\" \/><\/p>\n<p style=\"text-align: justify\">Twarde i wodoodporne ko\u0142o z systemem LED nie tylko o\u015bwietli Ci drog\u0119, ale r\u00f3wnie\u017c przyci\u0105gnie uwag\u0119 swoimi kolorami.<\/p>\n<p style=\"text-align: justify\">(\u017ar\u00f3d\u0142o zdj\u0119\u0107: welovecycling.com)<\/p>\n","protected":false},"excerpt":{"rendered":"<p>Wreszcie co\u015b dla mi\u0142o\u015bnik\u00f3w rowerowych gad\u017cet\u00f3w \u2013 gwarantujemy, \u017ce na li\u015bcie jest co najmniej kilka akcesori\u00f3w, o kt\u00f3rych jeszcze nie [&hellip;]<\/p>\n","protected":false},"author":1,"featured_media":2150,"comment_status":"open","ping_status":"closed","sticky":false,"template":"","format":"standard","meta":{"footnotes":""},"categories":[7],"tags":[],"global-categories":[],"class_list":["post-2334","post","type-post","status-publish","format-standard","has-post-thumbnail","hentry","category-bezpieczenstwo"],"yoast_head":"<!-- This site is optimized with the Yoast SEO Premium plugin v25.3 (Yoast SEO v25.9) - https:\/\/yoast.com\/wordpress\/plugins\/seo\/ -->\n<title>10 najbardziej pomys\u0142owych akcesori\u00f3w rowerowych, o kt\u00f3rych jeszcze nie s\u0142ysza\u0142e\u015b - \u0160koda We Love Cycling - Poland<\/title>\n<meta name=\"robots\" content=\"index, follow, max-snippet:-1, max-image-preview:large, max-video-preview:-1\" \/>\n<link rel=\"canonical\" href=\"https:\/\/www.welovecycling.com\/pl\/2016\/10\/27\/10-najbardziej-pomyslowych-akcesoriow-rowerowych-o-ktorych-jeszcze-nie-slyszales\/\" \/>\n<meta property=\"og:locale\" content=\"pl_PL\" \/>\n<meta property=\"og:type\" content=\"article\" \/>\n<meta property=\"og:title\" content=\"10 najbardziej pomys\u0142owych akcesori\u00f3w rowerowych, o kt\u00f3rych jeszcze nie s\u0142ysza\u0142e\u015b\" \/>\n<meta property=\"og:description\" content=\"Wreszcie co\u015b dla mi\u0142o\u015bnik\u00f3w rowerowych gad\u017cet\u00f3w \u2013 gwarantujemy, \u017ce na li\u015bcie jest co najmniej kilka akcesori\u00f3w, o kt\u00f3rych jeszcze nie [&hellip;]\" \/>\n<meta property=\"og:url\" content=\"https:\/\/www.welovecycling.com\/pl\/2016\/10\/27\/10-najbardziej-pomyslowych-akcesoriow-rowerowych-o-ktorych-jeszcze-nie-slyszales\/\" \/>\n<meta property=\"og:site_name\" content=\"\u0160koda We Love Cycling - Poland\" \/>\n<meta property=\"article:published_time\" content=\"2016-10-27T11:10:59+00:00\" \/>\n<meta property=\"article:modified_time\" content=\"2016-12-01T12:58:58+00:00\" \/>\n<meta property=\"og:image\" content=\"https:\/\/d2p6e6u75xmxt8.cloudfront.net\/5\/2016\/10\/585895984_44848478-1.jpg\" \/>\n\t<meta property=\"og:image:width\" content=\"1375\" \/>\n\t<meta property=\"og:image:height\" content=\"600\" \/>\n\t<meta property=\"og:image:type\" content=\"image\/jpeg\" \/>\n<meta name=\"author\" content=\"WeLoveCycling\" \/>\n<meta name=\"twitter:card\" content=\"summary_large_image\" \/>\n<meta name=\"twitter:label1\" content=\"Written by\" \/>\n\t<meta name=\"twitter:data1\" content=\"WeLoveCycling\" \/>\n\t<meta name=\"twitter:label2\" content=\"Est. reading time\" \/>\n\t<meta name=\"twitter:data2\" content=\"1 minute\" \/>\n<script type=\"application\/ld+json\" class=\"yoast-schema-graph\">{\"@context\":\"https:\/\/schema.org\",\"@graph\":[{\"@type\":\"WebPage\",\"@id\":\"https:\/\/www.welovecycling.com\/pl\/2016\/10\/27\/10-najbardziej-pomyslowych-akcesoriow-rowerowych-o-ktorych-jeszcze-nie-slyszales\/\",\"url\":\"https:\/\/www.welovecycling.com\/pl\/2016\/10\/27\/10-najbardziej-pomyslowych-akcesoriow-rowerowych-o-ktorych-jeszcze-nie-slyszales\/\",\"name\":\"10 najbardziej pomys\u0142owych akcesori\u00f3w rowerowych, o kt\u00f3rych jeszcze nie s\u0142ysza\u0142e\u015b - \u0160koda We Love Cycling - Poland\",\"isPartOf\":{\"@id\":\"https:\/\/www.welovecycling.com\/pl\/#website\"},\"primaryImageOfPage\":{\"@id\":\"https:\/\/www.welovecycling.com\/pl\/2016\/10\/27\/10-najbardziej-pomyslowych-akcesoriow-rowerowych-o-ktorych-jeszcze-nie-slyszales\/#primaryimage\"},\"image\":{\"@id\":\"https:\/\/www.welovecycling.com\/pl\/2016\/10\/27\/10-najbardziej-pomyslowych-akcesoriow-rowerowych-o-ktorych-jeszcze-nie-slyszales\/#primaryimage\"},\"thumbnailUrl\":\"https:\/\/d2p6e6u75xmxt8.cloudfront.net\/5\/2016\/10\/585895984_44848478-1.jpg\",\"datePublished\":\"2016-10-27T11:10:59+00:00\",\"dateModified\":\"2016-12-01T12:58:58+00:00\",\"author\":{\"@id\":\"https:\/\/www.welovecycling.com\/pl\/#\/schema\/person\/e5187c9cac8dd619ebc7b41bd73c2fd9\"},\"breadcrumb\":{\"@id\":\"https:\/\/www.welovecycling.com\/pl\/2016\/10\/27\/10-najbardziej-pomyslowych-akcesoriow-rowerowych-o-ktorych-jeszcze-nie-slyszales\/#breadcrumb\"},\"inLanguage\":\"pl-PL\",\"potentialAction\":[{\"@type\":\"ReadAction\",\"target\":[\"https:\/\/www.welovecycling.com\/pl\/2016\/10\/27\/10-najbardziej-pomyslowych-akcesoriow-rowerowych-o-ktorych-jeszcze-nie-slyszales\/\"]}]},{\"@type\":\"ImageObject\",\"inLanguage\":\"pl-PL\",\"@id\":\"https:\/\/www.welovecycling.com\/pl\/2016\/10\/27\/10-najbardziej-pomyslowych-akcesoriow-rowerowych-o-ktorych-jeszcze-nie-slyszales\/#primaryimage\",\"url\":\"https:\/\/d2p6e6u75xmxt8.cloudfront.net\/5\/2016\/10\/585895984_44848478-1.jpg\",\"contentUrl\":\"https:\/\/d2p6e6u75xmxt8.cloudfront.net\/5\/2016\/10\/585895984_44848478-1.jpg\",\"width\":1375,\"height\":600},{\"@type\":\"BreadcrumbList\",\"@id\":\"https:\/\/www.welovecycling.com\/pl\/2016\/10\/27\/10-najbardziej-pomyslowych-akcesoriow-rowerowych-o-ktorych-jeszcze-nie-slyszales\/#breadcrumb\",\"itemListElement\":[{\"@type\":\"ListItem\",\"position\":1,\"name\":\"Home\",\"item\":\"https:\/\/www.welovecycling.com\/pl\/\"},{\"@type\":\"ListItem\",\"position\":2,\"name\":\"10 najbardziej pomys\u0142owych akcesori\u00f3w rowerowych, o kt\u00f3rych jeszcze nie s\u0142ysza\u0142e\u015b\"}]},{\"@type\":\"WebSite\",\"@id\":\"https:\/\/www.welovecycling.com\/pl\/#website\",\"url\":\"https:\/\/www.welovecycling.com\/pl\/\",\"name\":\"\u0160koda We Love Cycling - Poland\",\"description\":\"\",\"potentialAction\":[{\"@type\":\"SearchAction\",\"target\":{\"@type\":\"EntryPoint\",\"urlTemplate\":\"https:\/\/www.welovecycling.com\/pl\/?s={search_term_string}\"},\"query-input\":{\"@type\":\"PropertyValueSpecification\",\"valueRequired\":true,\"valueName\":\"search_term_string\"}}],\"inLanguage\":\"pl-PL\"},{\"@type\":\"Person\",\"@id\":\"https:\/\/www.welovecycling.com\/pl\/#\/schema\/person\/e5187c9cac8dd619ebc7b41bd73c2fd9\",\"name\":\"WeLoveCycling\",\"image\":{\"@type\":\"ImageObject\",\"inLanguage\":\"pl-PL\",\"@id\":\"https:\/\/www.welovecycling.com\/pl\/#\/schema\/person\/image\/\",\"url\":\"https:\/\/secure.gravatar.com\/avatar\/7e1ee0ecc5e294b19ef32b9f6086e0afbb9da00c3cb0d465ba4695331f4a9187?s=96&d=mm&r=g\",\"contentUrl\":\"https:\/\/secure.gravatar.com\/avatar\/7e1ee0ecc5e294b19ef32b9f6086e0afbb9da00c3cb0d465ba4695331f4a9187?s=96&d=mm&r=g\",\"caption\":\"WeLoveCycling\"},\"url\":\"https:\/\/www.welovecycling.com\/pl\/author\/lukascech\/\"}]}<\/script>\n<!-- \/ Yoast SEO Premium plugin. -->","yoast_head_json":{"title":"10 najbardziej pomys\u0142owych akcesori\u00f3w rowerowych, o kt\u00f3rych jeszcze nie s\u0142ysza\u0142e\u015b - \u0160koda We Love Cycling - Poland","robots":{"index":"index","follow":"follow","max-snippet":"max-snippet:-1","max-image-preview":"max-image-preview:large","max-video-preview":"max-video-preview:-1"},"canonical":"https:\/\/www.welovecycling.com\/pl\/2016\/10\/27\/10-najbardziej-pomyslowych-akcesoriow-rowerowych-o-ktorych-jeszcze-nie-slyszales\/","og_locale":"pl_PL","og_type":"article","og_title":"10 najbardziej pomys\u0142owych akcesori\u00f3w rowerowych, o kt\u00f3rych jeszcze nie s\u0142ysza\u0142e\u015b","og_description":"Wreszcie co\u015b dla mi\u0142o\u015bnik\u00f3w rowerowych gad\u017cet\u00f3w \u2013 gwarantujemy, \u017ce na li\u015bcie jest co najmniej kilka akcesori\u00f3w, o kt\u00f3rych jeszcze nie [&hellip;]","og_url":"https:\/\/www.welovecycling.com\/pl\/2016\/10\/27\/10-najbardziej-pomyslowych-akcesoriow-rowerowych-o-ktorych-jeszcze-nie-slyszales\/","og_site_name":"\u0160koda We Love Cycling - Poland","article_published_time":"2016-10-27T11:10:59+00:00","article_modified_time":"2016-12-01T12:58:58+00:00","og_image":[{"width":1375,"height":600,"url":"https:\/\/d2p6e6u75xmxt8.cloudfront.net\/5\/2016\/10\/585895984_44848478-1.jpg","type":"image\/jpeg"}],"author":"WeLoveCycling","twitter_card":"summary_large_image","twitter_misc":{"Written by":"WeLoveCycling","Est. reading time":"1 minute"},"schema":{"@context":"https:\/\/schema.org","@graph":[{"@type":"WebPage","@id":"https:\/\/www.welovecycling.com\/pl\/2016\/10\/27\/10-najbardziej-pomyslowych-akcesoriow-rowerowych-o-ktorych-jeszcze-nie-slyszales\/","url":"https:\/\/www.welovecycling.com\/pl\/2016\/10\/27\/10-najbardziej-pomyslowych-akcesoriow-rowerowych-o-ktorych-jeszcze-nie-slyszales\/","name":"10 najbardziej pomys\u0142owych akcesori\u00f3w rowerowych, o kt\u00f3rych jeszcze nie s\u0142ysza\u0142e\u015b - \u0160koda We Love Cycling - Poland","isPartOf":{"@id":"https:\/\/www.welovecycling.com\/pl\/#website"},"primaryImageOfPage":{"@id":"https:\/\/www.welovecycling.com\/pl\/2016\/10\/27\/10-najbardziej-pomyslowych-akcesoriow-rowerowych-o-ktorych-jeszcze-nie-slyszales\/#primaryimage"},"image":{"@id":"https:\/\/www.welovecycling.com\/pl\/2016\/10\/27\/10-najbardziej-pomyslowych-akcesoriow-rowerowych-o-ktorych-jeszcze-nie-slyszales\/#primaryimage"},"thumbnailUrl":"https:\/\/d2p6e6u75xmxt8.cloudfront.net\/5\/2016\/10\/585895984_44848478-1.jpg","datePublished":"2016-10-27T11:10:59+00:00","dateModified":"2016-12-01T12:58:58+00:00","author":{"@id":"https:\/\/www.welovecycling.com\/pl\/#\/schema\/person\/e5187c9cac8dd619ebc7b41bd73c2fd9"},"breadcrumb":{"@id":"https:\/\/www.welovecycling.com\/pl\/2016\/10\/27\/10-najbardziej-pomyslowych-akcesoriow-rowerowych-o-ktorych-jeszcze-nie-slyszales\/#breadcrumb"},"inLanguage":"pl-PL","potentialAction":[{"@type":"ReadAction","target":["https:\/\/www.welovecycling.com\/pl\/2016\/10\/27\/10-najbardziej-pomyslowych-akcesoriow-rowerowych-o-ktorych-jeszcze-nie-slyszales\/"]}]},{"@type":"ImageObject","inLanguage":"pl-PL","@id":"https:\/\/www.welovecycling.com\/pl\/2016\/10\/27\/10-najbardziej-pomyslowych-akcesoriow-rowerowych-o-ktorych-jeszcze-nie-slyszales\/#primaryimage","url":"https:\/\/d2p6e6u75xmxt8.cloudfront.net\/5\/2016\/10\/585895984_44848478-1.jpg","contentUrl":"https:\/\/d2p6e6u75xmxt8.cloudfront.net\/5\/2016\/10\/585895984_44848478-1.jpg","width":1375,"height":600},{"@type":"BreadcrumbList","@id":"https:\/\/www.welovecycling.com\/pl\/2016\/10\/27\/10-najbardziej-pomyslowych-akcesoriow-rowerowych-o-ktorych-jeszcze-nie-slyszales\/#breadcrumb","itemListElement":[{"@type":"ListItem","position":1,"name":"Home","item":"https:\/\/www.welovecycling.com\/pl\/"},{"@type":"ListItem","position":2,"name":"10 najbardziej pomys\u0142owych akcesori\u00f3w rowerowych, o kt\u00f3rych jeszcze nie s\u0142ysza\u0142e\u015b"}]},{"@type":"WebSite","@id":"https:\/\/www.welovecycling.com\/pl\/#website","url":"https:\/\/www.welovecycling.com\/pl\/","name":"\u0160koda We Love Cycling - Poland","description":"","potentialAction":[{"@type":"SearchAction","target":{"@type":"EntryPoint","urlTemplate":"https:\/\/www.welovecycling.com\/pl\/?s={search_term_string}"},"query-input":{"@type":"PropertyValueSpecification","valueRequired":true,"valueName":"search_term_string"}}],"inLanguage":"pl-PL"},{"@type":"Person","@id":"https:\/\/www.welovecycling.com\/pl\/#\/schema\/person\/e5187c9cac8dd619ebc7b41bd73c2fd9","name":"WeLoveCycling","image":{"@type":"ImageObject","inLanguage":"pl-PL","@id":"https:\/\/www.welovecycling.com\/pl\/#\/schema\/person\/image\/","url":"https:\/\/secure.gravatar.com\/avatar\/7e1ee0ecc5e294b19ef32b9f6086e0afbb9da00c3cb0d465ba4695331f4a9187?s=96&d=mm&r=g","contentUrl":"https:\/\/secure.gravatar.com\/avatar\/7e1ee0ecc5e294b19ef32b9f6086e0afbb9da00c3cb0d465ba4695331f4a9187?s=96&d=mm&r=g","caption":"WeLoveCycling"},"url":"https:\/\/www.welovecycling.com\/pl\/author\/lukascech\/"}]}},"_links":{"self":[{"href":"https:\/\/www.welovecycling.com\/pl\/wp-json\/wp\/v2\/posts\/2334","targetHints":{"allow":["GET"]}}],"collection":[{"href":"https:\/\/www.welovecycling.com\/pl\/wp-json\/wp\/v2\/posts"}],"about":[{"href":"https:\/\/www.welovecycling.com\/pl\/wp-json\/wp\/v2\/types\/post"}],"author":[{"embeddable":true,"href":"https:\/\/www.welovecycling.com\/pl\/wp-json\/wp\/v2\/users\/1"}],"replies":[{"embeddable":true,"href":"https:\/\/www.welovecycling.com\/pl\/wp-json\/wp\/v2\/comments?post=2334"}],"version-history":[{"count":1,"href":"https:\/\/www.welovecycling.com\/pl\/wp-json\/wp\/v2\/posts\/2334\/revisions"}],"predecessor-version":[{"id":2361,"href":"https:\/\/www.welovecycling.com\/pl\/wp-json\/wp\/v2\/posts\/2334\/revisions\/2361"}],"wp:featuredmedia":[{"embeddable":true,"href":"https:\/\/www.welovecycling.com\/pl\/wp-json\/wp\/v2\/media\/2150"}],"wp:attachment":[{"href":"https:\/\/www.welovecycling.com\/pl\/wp-json\/wp\/v2\/media?parent=2334"}],"wp:term":[{"taxonomy":"category","embeddable":true,"href":"https:\/\/www.welovecycling.com\/pl\/wp-json\/wp\/v2\/categories?post=2334"},{"taxonomy":"post_tag","embeddable":true,"href":"https:\/\/www.welovecycling.com\/pl\/wp-json\/wp\/v2\/tags?post=2334"},{"taxonomy":"global-categories","embeddable":true,"href":"https:\/\/www.welovecycling.com\/pl\/wp-json\/wp\/v2\/global-categories?post=2334"}],"curies":[{"name":"wp","href":"https:\/\/api.w.org\/{rel}","templated":true}]}}