{"id":2332,"date":"2016-10-21T16:47:44","date_gmt":"2016-10-21T16:47:44","guid":{"rendered":"http:\/\/skoda-rowery.pl\/?p=2088"},"modified":"2016-12-01T12:59:56","modified_gmt":"2016-12-01T12:59:56","slug":"15-pomyslow-na-rowerowe-wnetrze","status":"publish","type":"post","link":"https:\/\/www.welovecycling.com\/pl\/2016\/10\/21\/15-pomyslow-na-rowerowe-wnetrze\/","title":{"rendered":"15 pomys\u0142\u00f3w na rowerowe wn\u0119trze"},"content":{"rendered":"<p style=\"text-align: justify\">Czy Twoja mi\u0142o\u015b\u0107 do kolarstwa ma swoje odzwierciedlenie w wystroju wn\u0119trza Twojego mieszkania? Nie wstyd\u017a si\u0119 swojej pasji! Zobacz jak zaakcentowa\u0107 mi\u0142o\u015b\u0107 do dw\u00f3ch k\u00f3\u0142ek w swoim wn\u0119trzu.<!--more--><\/p>\n<p style=\"text-align: justify\">Niekt\u00f3rzy mog\u0105 sobie pozwoli\u0107 nawet na specjalny gara\u017c rowerowy.<\/p>\n<p style=\"text-align: justify\"><img loading=\"lazy\" decoding=\"async\" class=\"alignnone size-full wp-image-2089\" src=\"https:\/\/d2p6e6u75xmxt8.cloudfront.net\/5\/2016\/10\/484848555.png\" alt=\"484848555\" width=\"445\" height=\"425\" \/><\/p>\n<p style=\"text-align: justify\">Je\u015bli posiadasz par\u0119 rower\u00f3w przydadz\u0105 Ci si\u0119 specjalne wieszaki.<\/p>\n<p style=\"text-align: justify\"><img loading=\"lazy\" decoding=\"async\" class=\"alignnone size-full wp-image-2090\" src=\"https:\/\/d2p6e6u75xmxt8.cloudfront.net\/5\/2016\/10\/489787.png\" alt=\"489787\" width=\"533\" height=\"380\" \/><\/p>\n<p style=\"text-align: justify\">Rowery mog\u0105 by\u0107 r\u00f3wnie\u017c doskona\u0142\u0105 dekoracj\u0105.<\/p>\n<p style=\"text-align: justify\"><img loading=\"lazy\" decoding=\"async\" class=\"alignnone size-full wp-image-2091\" src=\"http:\/\/skoda-rowery.pl\/wp-content\/uploads\/2016\/10\/8487487-600x429.png\" alt=\"8487487-600x429\" width=\"600\" height=\"429\" \/><\/p>\n<p style=\"text-align: justify\">Sorry, ja \u015bpi\u0119 na dole!<\/p>\n<p style=\"text-align: justify\"><img loading=\"lazy\" decoding=\"async\" class=\"alignnone size-full wp-image-2092\" src=\"https:\/\/d2p6e6u75xmxt8.cloudfront.net\/5\/2016\/10\/45484-600x403.png\" alt=\"45484-600x403\" width=\"600\" height=\"403\" \/><\/p>\n<p style=\"text-align: justify\">W tym miejscu rowery na pewno nie b\u0119d\u0105 zawadza\u0107!<\/p>\n<p style=\"text-align: justify\"><img loading=\"lazy\" decoding=\"async\" class=\"alignnone size-full wp-image-2093\" src=\"http:\/\/skoda-rowery.pl\/wp-content\/uploads\/2016\/10\/87487.png\" alt=\"87487\" width=\"380\" height=\"492\" \/><\/p>\n<p style=\"text-align: justify\">Rower czy telewizor? Co teraz b\u0119dziesz ogl\u0105da\u0107?<\/p>\n<p style=\"text-align: justify\"><img loading=\"lazy\" decoding=\"async\" class=\"alignnone size-full wp-image-2094\" src=\"https:\/\/d2p6e6u75xmxt8.cloudfront.net\/5\/2016\/10\/48484854.png\" alt=\"48484854\" width=\"380\" height=\"493\" \/><\/p>\n<p style=\"text-align: justify\">Rowerowe dodatki doskonale sprawdz\u0105 si\u0119 r\u00f3wnie\u017c w przestrzeni kuchennej.<\/p>\n<p style=\"text-align: justify\"><img loading=\"lazy\" decoding=\"async\" class=\"alignnone size-full wp-image-2095\" src=\"https:\/\/d2p6e6u75xmxt8.cloudfront.net\/5\/2016\/10\/54545454-1.png\" alt=\"54545454\" width=\"565\" height=\"486\" \/><\/p>\n<p style=\"text-align: justify\">Simply Clever!<\/p>\n<p style=\"text-align: justify\"><img loading=\"lazy\" decoding=\"async\" class=\"alignnone size-full wp-image-2096\" src=\"https:\/\/d2p6e6u75xmxt8.cloudfront.net\/5\/2016\/10\/748784854-1.png\" alt=\"748784854\" width=\"471\" height=\"493\" \/><\/p>\n<p style=\"text-align: justify\">Pok\u00f3j rowerowy?<\/p>\n<p style=\"text-align: justify\"><img loading=\"lazy\" decoding=\"async\" class=\"alignnone size-full wp-image-2097\" src=\"https:\/\/d2p6e6u75xmxt8.cloudfront.net\/5\/2016\/10\/4545454441-1.png\" alt=\"4545454441\" width=\"374\" height=\"490\" \/><\/p>\n<p style=\"text-align: justify\">Co tam widok za oknem!<\/p>\n<p style=\"text-align: justify\"><img loading=\"lazy\" decoding=\"async\" class=\"alignnone size-full wp-image-2098\" src=\"https:\/\/d2p6e6u75xmxt8.cloudfront.net\/5\/2016\/10\/7878455-1.png\" alt=\"7878455\" width=\"357\" height=\"489\" \/><\/p>\n<p style=\"text-align: justify\">Bujany fotel dla roweru.<\/p>\n<p style=\"text-align: justify\"><img loading=\"lazy\" decoding=\"async\" class=\"alignnone size-full wp-image-2099\" src=\"https:\/\/d2p6e6u75xmxt8.cloudfront.net\/5\/2016\/10\/878544541-1.png\" alt=\"878544541\" width=\"323\" height=\"490\" \/><\/p>\n<p style=\"text-align: justify\">Kto\u015b tu jest uzale\u017cniony.<\/p>\n<p style=\"text-align: justify\"><img loading=\"lazy\" decoding=\"async\" class=\"alignnone size-full wp-image-2100\" src=\"https:\/\/d2p6e6u75xmxt8.cloudfront.net\/5\/2016\/10\/151545-600x420-1.png\" alt=\"151545-600x420\" width=\"600\" height=\"420\" \/><\/p>\n<p style=\"text-align: justify\">Nie wyrzucaj starego roweru! Przyda si\u0119 do \u0142azienki.<\/p>\n<p style=\"text-align: justify\"><img loading=\"lazy\" decoding=\"async\" class=\"alignnone size-full wp-image-2101\" src=\"http:\/\/skoda-rowery.pl\/wp-content\/uploads\/2016\/10\/484841451.png\" alt=\"484841451\" width=\"311\" height=\"469\" \/><\/p>\n<p style=\"text-align: justify\">Co powiesz na taniec na rurze?<\/p>\n<p style=\"text-align: justify\"><img loading=\"lazy\" decoding=\"async\" class=\"alignnone size-full wp-image-2102\" src=\"https:\/\/d2p6e6u75xmxt8.cloudfront.net\/5\/2016\/10\/7848484-1.png\" alt=\"7848484\" width=\"480\" height=\"495\" \/><\/p>\n<p style=\"text-align: justify\">Zamiast akwarium.<\/p>\n<p style=\"text-align: justify\"><img loading=\"lazy\" decoding=\"async\" class=\"alignnone size-full wp-image-2103\" src=\"https:\/\/d2p6e6u75xmxt8.cloudfront.net\/5\/2016\/10\/4848485-1.png\" alt=\"4848485\" width=\"481\" height=\"315\" \/><\/p>\n<p style=\"text-align: justify\">Zainspiruj si\u0119 naszymi pomys\u0142ami &#8211; pami\u0119taj, \u017ce rower to najlepszy przyjaciel cz\u0142owieka!<\/p>\n<p style=\"text-align: justify\">(\u017ar\u00f3d\u0142o zdj\u0119\u0107: welovecycling.com)<\/p>\n","protected":false},"excerpt":{"rendered":"<p>Czy Twoja mi\u0142o\u015b\u0107 do kolarstwa ma swoje odzwierciedlenie w wystroju wn\u0119trza Twojego mieszkania? Nie wstyd\u017a si\u0119 swojej pasji! Zobacz jak [&hellip;]<\/p>\n","protected":false},"author":1,"featured_media":2132,"comment_status":"open","ping_status":"closed","sticky":false,"template":"","format":"standard","meta":{"footnotes":""},"categories":[5],"tags":[44,66],"global-categories":[],"class_list":["post-2332","post","type-post","status-publish","format-standard","has-post-thumbnail","hentry","category-outdoormtb","tag-design","tag-skodanapedzarowery"],"yoast_head":"<!-- This site is optimized with the Yoast SEO Premium plugin v25.3 (Yoast SEO v25.9) - https:\/\/yoast.com\/wordpress\/plugins\/seo\/ -->\n<title>15 pomys\u0142\u00f3w na rowerowe wn\u0119trze - \u0160koda We Love Cycling - Poland<\/title>\n<meta name=\"robots\" content=\"index, follow, max-snippet:-1, max-image-preview:large, max-video-preview:-1\" \/>\n<link rel=\"canonical\" href=\"https:\/\/www.welovecycling.com\/pl\/2016\/10\/21\/15-pomyslow-na-rowerowe-wnetrze\/\" \/>\n<meta property=\"og:locale\" content=\"pl_PL\" \/>\n<meta property=\"og:type\" content=\"article\" \/>\n<meta property=\"og:title\" content=\"15 pomys\u0142\u00f3w na rowerowe wn\u0119trze\" \/>\n<meta property=\"og:description\" content=\"Czy Twoja mi\u0142o\u015b\u0107 do kolarstwa ma swoje odzwierciedlenie w wystroju wn\u0119trza Twojego mieszkania? Nie wstyd\u017a si\u0119 swojej pasji! Zobacz jak [&hellip;]\" \/>\n<meta property=\"og:url\" content=\"https:\/\/www.welovecycling.com\/pl\/2016\/10\/21\/15-pomyslow-na-rowerowe-wnetrze\/\" \/>\n<meta property=\"og:site_name\" content=\"\u0160koda We Love Cycling - Poland\" \/>\n<meta property=\"article:published_time\" content=\"2016-10-21T16:47:44+00:00\" \/>\n<meta property=\"article:modified_time\" content=\"2016-12-01T12:59:56+00:00\" \/>\n<meta property=\"og:image\" content=\"https:\/\/d2p6e6u75xmxt8.cloudfront.net\/5\/2016\/10\/Isterarasdfmage1-1-2-1.jpg\" \/>\n\t<meta property=\"og:image:width\" content=\"1254\" \/>\n\t<meta property=\"og:image:height\" content=\"462\" \/>\n\t<meta property=\"og:image:type\" content=\"image\/jpeg\" \/>\n<meta name=\"author\" content=\"WeLoveCycling\" \/>\n<meta name=\"twitter:card\" content=\"summary_large_image\" \/>\n<meta name=\"twitter:label1\" content=\"Written by\" \/>\n\t<meta name=\"twitter:data1\" content=\"WeLoveCycling\" \/>\n\t<meta name=\"twitter:label2\" content=\"Est. reading time\" \/>\n\t<meta name=\"twitter:data2\" content=\"1 minute\" \/>\n<script type=\"application\/ld+json\" class=\"yoast-schema-graph\">{\"@context\":\"https:\/\/schema.org\",\"@graph\":[{\"@type\":\"WebPage\",\"@id\":\"https:\/\/www.welovecycling.com\/pl\/2016\/10\/21\/15-pomyslow-na-rowerowe-wnetrze\/\",\"url\":\"https:\/\/www.welovecycling.com\/pl\/2016\/10\/21\/15-pomyslow-na-rowerowe-wnetrze\/\",\"name\":\"15 pomys\u0142\u00f3w na rowerowe wn\u0119trze - \u0160koda We Love Cycling - Poland\",\"isPartOf\":{\"@id\":\"https:\/\/www.welovecycling.com\/pl\/#website\"},\"primaryImageOfPage\":{\"@id\":\"https:\/\/www.welovecycling.com\/pl\/2016\/10\/21\/15-pomyslow-na-rowerowe-wnetrze\/#primaryimage\"},\"image\":{\"@id\":\"https:\/\/www.welovecycling.com\/pl\/2016\/10\/21\/15-pomyslow-na-rowerowe-wnetrze\/#primaryimage\"},\"thumbnailUrl\":\"https:\/\/d2p6e6u75xmxt8.cloudfront.net\/5\/2016\/10\/Isterarasdfmage1-1-2-1.jpg\",\"datePublished\":\"2016-10-21T16:47:44+00:00\",\"dateModified\":\"2016-12-01T12:59:56+00:00\",\"author\":{\"@id\":\"https:\/\/www.welovecycling.com\/pl\/#\/schema\/person\/e5187c9cac8dd619ebc7b41bd73c2fd9\"},\"breadcrumb\":{\"@id\":\"https:\/\/www.welovecycling.com\/pl\/2016\/10\/21\/15-pomyslow-na-rowerowe-wnetrze\/#breadcrumb\"},\"inLanguage\":\"pl-PL\",\"potentialAction\":[{\"@type\":\"ReadAction\",\"target\":[\"https:\/\/www.welovecycling.com\/pl\/2016\/10\/21\/15-pomyslow-na-rowerowe-wnetrze\/\"]}]},{\"@type\":\"ImageObject\",\"inLanguage\":\"pl-PL\",\"@id\":\"https:\/\/www.welovecycling.com\/pl\/2016\/10\/21\/15-pomyslow-na-rowerowe-wnetrze\/#primaryimage\",\"url\":\"https:\/\/d2p6e6u75xmxt8.cloudfront.net\/5\/2016\/10\/Isterarasdfmage1-1-2-1.jpg\",\"contentUrl\":\"https:\/\/d2p6e6u75xmxt8.cloudfront.net\/5\/2016\/10\/Isterarasdfmage1-1-2-1.jpg\",\"width\":1254,\"height\":462},{\"@type\":\"BreadcrumbList\",\"@id\":\"https:\/\/www.welovecycling.com\/pl\/2016\/10\/21\/15-pomyslow-na-rowerowe-wnetrze\/#breadcrumb\",\"itemListElement\":[{\"@type\":\"ListItem\",\"position\":1,\"name\":\"Home\",\"item\":\"https:\/\/www.welovecycling.com\/pl\/\"},{\"@type\":\"ListItem\",\"position\":2,\"name\":\"15 pomys\u0142\u00f3w na rowerowe wn\u0119trze\"}]},{\"@type\":\"WebSite\",\"@id\":\"https:\/\/www.welovecycling.com\/pl\/#website\",\"url\":\"https:\/\/www.welovecycling.com\/pl\/\",\"name\":\"\u0160koda We Love Cycling - Poland\",\"description\":\"\",\"potentialAction\":[{\"@type\":\"SearchAction\",\"target\":{\"@type\":\"EntryPoint\",\"urlTemplate\":\"https:\/\/www.welovecycling.com\/pl\/?s={search_term_string}\"},\"query-input\":{\"@type\":\"PropertyValueSpecification\",\"valueRequired\":true,\"valueName\":\"search_term_string\"}}],\"inLanguage\":\"pl-PL\"},{\"@type\":\"Person\",\"@id\":\"https:\/\/www.welovecycling.com\/pl\/#\/schema\/person\/e5187c9cac8dd619ebc7b41bd73c2fd9\",\"name\":\"WeLoveCycling\",\"image\":{\"@type\":\"ImageObject\",\"inLanguage\":\"pl-PL\",\"@id\":\"https:\/\/www.welovecycling.com\/pl\/#\/schema\/person\/image\/\",\"url\":\"https:\/\/secure.gravatar.com\/avatar\/7e1ee0ecc5e294b19ef32b9f6086e0afbb9da00c3cb0d465ba4695331f4a9187?s=96&d=mm&r=g\",\"contentUrl\":\"https:\/\/secure.gravatar.com\/avatar\/7e1ee0ecc5e294b19ef32b9f6086e0afbb9da00c3cb0d465ba4695331f4a9187?s=96&d=mm&r=g\",\"caption\":\"WeLoveCycling\"},\"url\":\"https:\/\/www.welovecycling.com\/pl\/author\/lukascech\/\"}]}<\/script>\n<!-- \/ Yoast SEO Premium plugin. -->","yoast_head_json":{"title":"15 pomys\u0142\u00f3w na rowerowe wn\u0119trze - \u0160koda We Love Cycling - Poland","robots":{"index":"index","follow":"follow","max-snippet":"max-snippet:-1","max-image-preview":"max-image-preview:large","max-video-preview":"max-video-preview:-1"},"canonical":"https:\/\/www.welovecycling.com\/pl\/2016\/10\/21\/15-pomyslow-na-rowerowe-wnetrze\/","og_locale":"pl_PL","og_type":"article","og_title":"15 pomys\u0142\u00f3w na rowerowe wn\u0119trze","og_description":"Czy Twoja mi\u0142o\u015b\u0107 do kolarstwa ma swoje odzwierciedlenie w wystroju wn\u0119trza Twojego mieszkania? Nie wstyd\u017a si\u0119 swojej pasji! Zobacz jak [&hellip;]","og_url":"https:\/\/www.welovecycling.com\/pl\/2016\/10\/21\/15-pomyslow-na-rowerowe-wnetrze\/","og_site_name":"\u0160koda We Love Cycling - Poland","article_published_time":"2016-10-21T16:47:44+00:00","article_modified_time":"2016-12-01T12:59:56+00:00","og_image":[{"width":1254,"height":462,"url":"https:\/\/d2p6e6u75xmxt8.cloudfront.net\/5\/2016\/10\/Isterarasdfmage1-1-2-1.jpg","type":"image\/jpeg"}],"author":"WeLoveCycling","twitter_card":"summary_large_image","twitter_misc":{"Written by":"WeLoveCycling","Est. reading time":"1 minute"},"schema":{"@context":"https:\/\/schema.org","@graph":[{"@type":"WebPage","@id":"https:\/\/www.welovecycling.com\/pl\/2016\/10\/21\/15-pomyslow-na-rowerowe-wnetrze\/","url":"https:\/\/www.welovecycling.com\/pl\/2016\/10\/21\/15-pomyslow-na-rowerowe-wnetrze\/","name":"15 pomys\u0142\u00f3w na rowerowe wn\u0119trze - \u0160koda We Love Cycling - Poland","isPartOf":{"@id":"https:\/\/www.welovecycling.com\/pl\/#website"},"primaryImageOfPage":{"@id":"https:\/\/www.welovecycling.com\/pl\/2016\/10\/21\/15-pomyslow-na-rowerowe-wnetrze\/#primaryimage"},"image":{"@id":"https:\/\/www.welovecycling.com\/pl\/2016\/10\/21\/15-pomyslow-na-rowerowe-wnetrze\/#primaryimage"},"thumbnailUrl":"https:\/\/d2p6e6u75xmxt8.cloudfront.net\/5\/2016\/10\/Isterarasdfmage1-1-2-1.jpg","datePublished":"2016-10-21T16:47:44+00:00","dateModified":"2016-12-01T12:59:56+00:00","author":{"@id":"https:\/\/www.welovecycling.com\/pl\/#\/schema\/person\/e5187c9cac8dd619ebc7b41bd73c2fd9"},"breadcrumb":{"@id":"https:\/\/www.welovecycling.com\/pl\/2016\/10\/21\/15-pomyslow-na-rowerowe-wnetrze\/#breadcrumb"},"inLanguage":"pl-PL","potentialAction":[{"@type":"ReadAction","target":["https:\/\/www.welovecycling.com\/pl\/2016\/10\/21\/15-pomyslow-na-rowerowe-wnetrze\/"]}]},{"@type":"ImageObject","inLanguage":"pl-PL","@id":"https:\/\/www.welovecycling.com\/pl\/2016\/10\/21\/15-pomyslow-na-rowerowe-wnetrze\/#primaryimage","url":"https:\/\/d2p6e6u75xmxt8.cloudfront.net\/5\/2016\/10\/Isterarasdfmage1-1-2-1.jpg","contentUrl":"https:\/\/d2p6e6u75xmxt8.cloudfront.net\/5\/2016\/10\/Isterarasdfmage1-1-2-1.jpg","width":1254,"height":462},{"@type":"BreadcrumbList","@id":"https:\/\/www.welovecycling.com\/pl\/2016\/10\/21\/15-pomyslow-na-rowerowe-wnetrze\/#breadcrumb","itemListElement":[{"@type":"ListItem","position":1,"name":"Home","item":"https:\/\/www.welovecycling.com\/pl\/"},{"@type":"ListItem","position":2,"name":"15 pomys\u0142\u00f3w na rowerowe wn\u0119trze"}]},{"@type":"WebSite","@id":"https:\/\/www.welovecycling.com\/pl\/#website","url":"https:\/\/www.welovecycling.com\/pl\/","name":"\u0160koda We Love Cycling - Poland","description":"","potentialAction":[{"@type":"SearchAction","target":{"@type":"EntryPoint","urlTemplate":"https:\/\/www.welovecycling.com\/pl\/?s={search_term_string}"},"query-input":{"@type":"PropertyValueSpecification","valueRequired":true,"valueName":"search_term_string"}}],"inLanguage":"pl-PL"},{"@type":"Person","@id":"https:\/\/www.welovecycling.com\/pl\/#\/schema\/person\/e5187c9cac8dd619ebc7b41bd73c2fd9","name":"WeLoveCycling","image":{"@type":"ImageObject","inLanguage":"pl-PL","@id":"https:\/\/www.welovecycling.com\/pl\/#\/schema\/person\/image\/","url":"https:\/\/secure.gravatar.com\/avatar\/7e1ee0ecc5e294b19ef32b9f6086e0afbb9da00c3cb0d465ba4695331f4a9187?s=96&d=mm&r=g","contentUrl":"https:\/\/secure.gravatar.com\/avatar\/7e1ee0ecc5e294b19ef32b9f6086e0afbb9da00c3cb0d465ba4695331f4a9187?s=96&d=mm&r=g","caption":"WeLoveCycling"},"url":"https:\/\/www.welovecycling.com\/pl\/author\/lukascech\/"}]}},"_links":{"self":[{"href":"https:\/\/www.welovecycling.com\/pl\/wp-json\/wp\/v2\/posts\/2332","targetHints":{"allow":["GET"]}}],"collection":[{"href":"https:\/\/www.welovecycling.com\/pl\/wp-json\/wp\/v2\/posts"}],"about":[{"href":"https:\/\/www.welovecycling.com\/pl\/wp-json\/wp\/v2\/types\/post"}],"author":[{"embeddable":true,"href":"https:\/\/www.welovecycling.com\/pl\/wp-json\/wp\/v2\/users\/1"}],"replies":[{"embeddable":true,"href":"https:\/\/www.welovecycling.com\/pl\/wp-json\/wp\/v2\/comments?post=2332"}],"version-history":[{"count":1,"href":"https:\/\/www.welovecycling.com\/pl\/wp-json\/wp\/v2\/posts\/2332\/revisions"}],"predecessor-version":[{"id":2363,"href":"https:\/\/www.welovecycling.com\/pl\/wp-json\/wp\/v2\/posts\/2332\/revisions\/2363"}],"wp:featuredmedia":[{"embeddable":true,"href":"https:\/\/www.welovecycling.com\/pl\/wp-json\/wp\/v2\/media\/2132"}],"wp:attachment":[{"href":"https:\/\/www.welovecycling.com\/pl\/wp-json\/wp\/v2\/media?parent=2332"}],"wp:term":[{"taxonomy":"category","embeddable":true,"href":"https:\/\/www.welovecycling.com\/pl\/wp-json\/wp\/v2\/categories?post=2332"},{"taxonomy":"post_tag","embeddable":true,"href":"https:\/\/www.welovecycling.com\/pl\/wp-json\/wp\/v2\/tags?post=2332"},{"taxonomy":"global-categories","embeddable":true,"href":"https:\/\/www.welovecycling.com\/pl\/wp-json\/wp\/v2\/global-categories?post=2332"}],"curies":[{"name":"wp","href":"https:\/\/api.w.org\/{rel}","templated":true}]}}