{"id":2328,"date":"2016-10-12T23:30:44","date_gmt":"2016-10-12T23:30:44","guid":{"rendered":"http:\/\/skoda-rowery.pl\/?p=2055"},"modified":"2016-12-05T08:31:37","modified_gmt":"2016-12-05T08:31:37","slug":"czego-sluchac-jezdzac-na-rowerze-tego-wlasnie-zamierzamy-sie-dowiedziec","status":"publish","type":"post","link":"https:\/\/www.welovecycling.com\/pl\/2016\/10\/12\/czego-sluchac-jezdzac-na-rowerze-tego-wlasnie-zamierzamy-sie-dowiedziec\/","title":{"rendered":"Czego s\u0142ucha\u0107, je\u017cd\u017c\u0105c na rowerze? Tego w\u0142a\u015bnie zamierzamy si\u0119 dowiedzie\u0107!"},"content":{"rendered":"<p style=\"text-align: justify\">Przez ostatnie dziesi\u0119ciolecia rowery zacz\u0119\u0142y si\u0119 pojawia\u0107 w teledyskach nie tylko jako \u015brodki transportu. Sta\u0142y si\u0119 inspiracj\u0105 i tematem przewodnim piosenek.<\/p>\n<p style=\"text-align: justify\">Przed wami lista odtwarzania z naszymi ulubionymi teledyskami, dla kt\u00f3rych inspiracj\u0105 by\u0142a jazda na rowerze.<!--more--><\/p>\n<p style=\"text-align: justify\"><strong>Lech Janerka &#8211; Rower<\/strong><\/p>\n<p style=\"text-align: justify\">\n<p>Zaczynamy od jednego z najwi\u0119kszych przeboj\u00f3w polskiej muzyki 2005 roku. Teledysk do \u201eRoweru\u201d zdoby\u0142 Grand Prix publiczno\u015bci na XIV Festiwalu Polskich Wideoklip\u00f3w Yach Film Festival, a sama piosenka zgarn\u0119\u0142a Fryderyka w kategorii \u201epiosenka roku\u201d. S\u0142uchajcie!<\/p>\n<p style=\"text-align: justify\"><strong>Yaro \u2013 Rowery dwa<\/strong><\/p>\n<p style=\"text-align: justify\">\n<p>Kultowa piosenka, kt\u00f3rej nie trzeba nikomu przedstawia\u0107, legendarny hit lata 97\u2019, czyli Yaro w duecie z Reni Jusis. To by\u0142y czasy!<\/p>\n<p style=\"text-align: justify\"><strong>Hey \u2013 mimo wszystko<\/strong><\/p>\n<p style=\"text-align: justify\">\n<p style=\"text-align: justify\">Wyj\u0105tkowy teledysk z rowerem w tle do piosenki Hey \u2013 Mimo wszystko z 2004 roku. Za t\u0119 realizacj\u0119 autorka klipu Anna Maliszewska otrzyma\u0142a nagrod\u0119 Grand Prix. Nic dziwnego \u2013 zobaczcie sami i spr\u00f3bujcie si\u0119 nie wzruszy\u0107.<\/p>\n<p style=\"text-align: justify\"><strong>Jamal \u2013 Peron<\/strong><\/p>\n<p style=\"text-align: justify\">\n<p style=\"text-align: justify\">Drugi po zaskakuj\u0105cym \u201eDefto\u201d singiel z p\u0142yty Mi\u0142o\u015b\u0107. Melancholijny teledysk autorstwa Krzysztofa Ostrowskiego do utworu &#8222;Peron\u201d przez pierwszy wiecz\u00f3r od wrzucenia na fanpage zespo\u0142u obejrza\u0142o ponad 20 tysi\u0119cy fan\u00f3w.<\/p>\n<p style=\"text-align: justify\">Czas na przyk\u0142ady z zagranicy!<\/p>\n<p style=\"text-align: justify\"><strong>The Smiths \u2013 Stop Me If You Think You\u2019ve Heard This One Before<\/strong><\/p>\n<p style=\"text-align: justify\">\n<p style=\"text-align: justify\">\u201eStop Me If You Think You\u2019ve Heard This One Before\u201d to utw\u00f3r grupy The Smiths z 1987 r. The Smiths to brytyjski zesp\u00f3\u0142 rockowy, kt\u00f3ry powsta\u0142 w latach 80. w Manchesterze. Zesp\u00f3\u0142 sk\u0142ada\u0142 si\u0119 z wokalisty Morisseya, gitarzysty Johnny&#8217;ego Marra, basisty Andy&#8217;ego Rourke&#8217;a i perkusisty Mike&#8217;a Joyce&#8217;a, Tim Broad wyre\u017cyserowa\u0142 teledysk rozpoczynaj\u0105cy si\u0119 od uj\u0119cia, w kt\u00f3rym widzimy zdj\u0119cie poety Oscara Wilde&#8217;a zawieszone na \u015bcianie z cegie\u0142. W teledysku pojawia si\u0119 klub Salford Lads Club oraz ulica Deansgate i jej okolice, kt\u00f3re cz\u0142onkowie zespo\u0142u i ich znajomi przemierzaj\u0105 na rowerach. Piosenki przez wiele lat nie wolno by\u0142o puszcza\u0107 w brytyjskich stacjach radiowych ze wzgl\u0119du na kontrowersyjny tekst. Na szcz\u0119\u015bcie teraz mo\u017cemy s\u0142ucha\u0107 jej do woli.<\/p>\n<p style=\"text-align: justify\"><strong>Lily Allen \u2013 LDN<\/strong><\/p>\n<p style=\"text-align: justify\">\n<p style=\"text-align: justify\">Lilly Allen wskakuje na rower i przemierza cz\u0119\u015bci Londynu, w kt\u00f3rych jest pe\u0142no narkoman\u00f3w. Musi jecha\u0107 na rowerze, bo policja zabra\u0142a jej prawo jazdy. Niegrzeczna dziewczyna!<\/p>\n<p style=\"text-align: justify\">Lilly zamie\u015bci\u0142a teledysk o niskiej rozdzielczo\u015bci wykonany technik\u0105 poklatkow\u0105 na swoim kanale w serwisie YouTube. Klip, kt\u00f3ry wygl\u0105da jakby nakr\u0119cono go kamer\u0105 internetow\u0105, natychmiast sta\u0142 si\u0119 hitem sieci, cho\u0107 by\u0142o to na d\u0142ugo przed uruchomieniem londy\u0144skiego odpowiednika sieci Veturilo. Lilly bardzo pokocha\u0142a jazd\u0119 na dw\u00f3ch k\u00f3\u0142kach. Zreszt\u0105 ok\u0142adka jej albumu Alright Still z 2006 r. przedstawia piosenkark\u0119 siedz\u0105c\u0105 na ulubionym rowerze MK2.<\/p>\n<p style=\"text-align: justify\"><strong>Ian Brown \u2013 F.E.A.R.<\/strong><\/p>\n<p style=\"text-align: justify\">\n<p style=\"text-align: justify\">Pozostajemy w Londynie. Tym razem na wypraw\u0119 rowerow\u0105 zabiera nas stary wyjadacz z Manchesteru, Ian Brown, kt\u00f3ry nieco przestraszony przemierza londy\u0144skie dzielnice Soho i China Town. Ian to by\u0142y wokalista alternatywnego zespo\u0142u rockowego Stone Roses, z kt\u00f3rym by\u0142 zwi\u0105zany od pocz\u0105tku istnienia, czyli 1983 r., a\u017c do rozpadu trzyna\u015bcie lat p\u00f3\u017aniej. Solowa kariera Iana okaza\u0142a si\u0119 sukcesem, na co du\u017cy wp\u0142yw z pewno\u015bci\u0105 mia\u0142 jego dobry gust je\u015bli chodzi o rowery. W swoim przeboju \u201eF.E.A.R.\u201d Ian wsiada na ulubiony rower typu lowrider i wygl\u0105da, jakby rozpaczliwie szuka\u0142 muzyk\u00f3w z zaprzyja\u017anionych zespo\u0142\u00f3w rockowych, kt\u00f3rzy gdzie\u015b si\u0119 zgubili po wsp\u00f3lnej szalonej nocy w West End.<\/p>\n<p style=\"text-align: justify\">Zgodnie z informacjami znalezionymi na forum Iana Browna w teledysku wykorzystano rower ze sklepu RideLow znajduj\u0105cego si\u0119 w Manchesterze<\/p>\n<p style=\"text-align: justify\"><strong>Mark Ronson, The Business Intl. \u2013 The Bike Song<\/strong><\/p>\n<p style=\"text-align: justify\">\n<p style=\"text-align: justify\">Niech nie zwiedzie was styl i d\u017awi\u0119k \u2013 ten utw\u00f3r powsta\u0142 w 2010 r., a nie w latach 80. Mog\u0142oby si\u0119 wydawa\u0107, \u017ce mieszka\u0144cy Londynu tak uwielbiaj\u0105 rowery, \u017ce na okr\u0105g\u0142o o nich \u015bpiewaj\u0105.<\/p>\n<p style=\"text-align: justify\">Teledysk w re\u017cyserii Warrena Fu nakr\u0119cono w parku South London. W klipie pojawiaj\u0105 si\u0119 Kyle Falconer i Spank Rock oraz go\u015bcinnie \u017cona Ronsona, aktorka i artystka muzyczna Jos\u00e9phine de La Baume, a tak\u017ce aktorka Felicity Jones oraz Rose Elinor Dougall. Politycy i urz\u0119dnicy uznali, \u017ce piosenka tak bardzo wpada w ucho, \u017ce wykorzystali j\u0105 w filmie promuj\u0105cym jazd\u0119 na rowerze umieszczonym w witrynie Transport For London.<\/p>\n<p style=\"text-align: justify\"><strong>Flight of the Conchords Ep 7 \u2013 Mutha Uckers<\/strong><\/p>\n<p style=\"text-align: justify\">\n<p style=\"text-align: justify\">Utw\u00f3r o \u201ebardzo wymownym\u201d tek\u015bcie. Nowozelandzki duet komediowy Flight of the Conchords to prawdziwi twardziele, kt\u00f3rzy je\u017cd\u017c\u0105 po nowojorskim Bronksie.<\/p>\n<p style=\"text-align: justify\">Ten kawa\u0142ek jest idealny na pi\u0105tek, zw\u0142aszcza je\u015bli szef daje Ci w ko\u015b\u0107, albo czujesz, \u017ce d\u017awigasz ci\u0119\u017car \u015bwiata na swoich barkach. Wskocz na rower i pos\u0142uchaj piosenki komik\u00f3w, a na pewno poczujesz si\u0119 lepiej. Ruszaj zanim wyro\u015bnie Ci broda!<\/p>\n<p style=\"text-align: justify\"><strong>Peter Gabriel \u2013 Solsbury Hill 2003 Live<\/strong><\/p>\n<p style=\"text-align: justify\">\n<p style=\"text-align: justify\">Wi\u0119kszo\u015b\u0107 rowerzyst\u00f3w nie przepada za je\u017cd\u017ceniem pod g\u00f3rk\u0119, ale z Peterem Gabrielem jest inaczej. Podczas wykonywania przeboju z 1977 r., \u201eSolsbury Hill\u201d, artysta wskazuje na rower i kr\u0105\u017cy po scenie. Jestem pod wra\u017ceniem \u2013 musi mie\u0107 bardzo wydolne p\u0142uca. W tym kawa\u0142ku r\u00f3wnie\u017c basista radzi sobie \u015bwietnie.<\/p>\n<p style=\"text-align: justify\"><strong>King Creosote &amp; Jon Hopkins \u2013 Bats In The Attic (Unravelled)<\/strong><\/p>\n<p style=\"text-align: justify\">\n<p style=\"text-align: justify\">John Hopkins i King Creosote wsp\u00f3\u0142pracowali nad kr\u0105\u017ckiem \u201eHonest Words\u201d (i now\u0105 ods\u0142on\u0105 utworu, kt\u00f3ry znalaz\u0142 si\u0119 na p\u0142ycie \u201eDiamond Mine\u201d nominowanej do nagrody Mercury Music Prize). Przepi\u0119kna animacja poklatkowa w teledysku do \u201eBats In The Attic\u201d przedstawia ch\u0142opca, kt\u00f3ry dzi\u0119ki swojemu BMX-owi ucieka od l\u0119k\u00f3w i przenosi si\u0119 w \u015bwiat marze\u0144. To jeden z najpi\u0119kniejszych utwor\u00f3w, kt\u00f3ry powsta\u0142 w wyniku wsp\u00f3\u0142pracy z Hopkinsem. Moim zdaniem teledysk \u015bwietnie si\u0119 sprawdza.<\/p>\n<p style=\"text-align: justify\">Mi\u0142ego s\u0142uchania i ogl\u0105dania!<\/p>\n<p style=\"text-align: justify\">(\u017ar\u00f3d\u0142o zdj\u0119\u0107: welovecycling.com)<\/p>\n","protected":false},"excerpt":{"rendered":"<p>Przez ostatnie dziesi\u0119ciolecia rowery zacz\u0119\u0142y si\u0119 pojawia\u0107 w teledyskach nie tylko jako \u015brodki transportu. Sta\u0142y si\u0119 inspiracj\u0105 i tematem przewodnim [&hellip;]<\/p>\n","protected":false},"author":1,"featured_media":2091,"comment_status":"open","ping_status":"closed","sticky":false,"template":"","format":"standard","meta":{"footnotes":""},"categories":[1],"tags":[],"global-categories":[],"class_list":["post-2328","post","type-post","status-publish","format-standard","has-post-thumbnail","hentry","category-uncategorized"],"yoast_head":"<!-- This site is optimized with the Yoast SEO Premium plugin v25.3 (Yoast SEO v25.9) - https:\/\/yoast.com\/wordpress\/plugins\/seo\/ -->\n<title>Czego s\u0142ucha\u0107, je\u017cd\u017c\u0105c na rowerze? Tego w\u0142a\u015bnie zamierzamy si\u0119 dowiedzie\u0107! - \u0160koda We Love Cycling - Poland<\/title>\n<meta name=\"robots\" content=\"index, follow, max-snippet:-1, max-image-preview:large, max-video-preview:-1\" \/>\n<link rel=\"canonical\" href=\"https:\/\/www.welovecycling.com\/pl\/2016\/10\/12\/czego-sluchac-jezdzac-na-rowerze-tego-wlasnie-zamierzamy-sie-dowiedziec\/\" \/>\n<meta property=\"og:locale\" content=\"pl_PL\" \/>\n<meta property=\"og:type\" content=\"article\" \/>\n<meta property=\"og:title\" content=\"Czego s\u0142ucha\u0107, je\u017cd\u017c\u0105c na rowerze? Tego w\u0142a\u015bnie zamierzamy si\u0119 dowiedzie\u0107!\" \/>\n<meta property=\"og:description\" content=\"Przez ostatnie dziesi\u0119ciolecia rowery zacz\u0119\u0142y si\u0119 pojawia\u0107 w teledyskach nie tylko jako \u015brodki transportu. Sta\u0142y si\u0119 inspiracj\u0105 i tematem przewodnim [&hellip;]\" \/>\n<meta property=\"og:url\" content=\"https:\/\/www.welovecycling.com\/pl\/2016\/10\/12\/czego-sluchac-jezdzac-na-rowerze-tego-wlasnie-zamierzamy-sie-dowiedziec\/\" \/>\n<meta property=\"og:site_name\" content=\"\u0160koda We Love Cycling - Poland\" \/>\n<meta property=\"article:published_time\" content=\"2016-10-12T23:30:44+00:00\" \/>\n<meta property=\"article:modified_time\" content=\"2016-12-05T08:31:37+00:00\" \/>\n<meta property=\"og:image\" content=\"https:\/\/d2p6e6u75xmxt8.cloudfront.net\/5\/2016\/10\/8478478_7784847-1.jpg\" \/>\n\t<meta property=\"og:image:width\" content=\"963\" \/>\n\t<meta property=\"og:image:height\" content=\"420\" \/>\n\t<meta property=\"og:image:type\" content=\"image\/jpeg\" \/>\n<meta name=\"author\" content=\"WeLoveCycling\" \/>\n<meta name=\"twitter:card\" content=\"summary_large_image\" \/>\n<meta name=\"twitter:label1\" content=\"Written by\" \/>\n\t<meta name=\"twitter:data1\" content=\"WeLoveCycling\" \/>\n\t<meta name=\"twitter:label2\" content=\"Est. reading time\" \/>\n\t<meta name=\"twitter:data2\" content=\"5 minutes\" \/>\n<script type=\"application\/ld+json\" class=\"yoast-schema-graph\">{\"@context\":\"https:\/\/schema.org\",\"@graph\":[{\"@type\":\"WebPage\",\"@id\":\"https:\/\/www.welovecycling.com\/pl\/2016\/10\/12\/czego-sluchac-jezdzac-na-rowerze-tego-wlasnie-zamierzamy-sie-dowiedziec\/\",\"url\":\"https:\/\/www.welovecycling.com\/pl\/2016\/10\/12\/czego-sluchac-jezdzac-na-rowerze-tego-wlasnie-zamierzamy-sie-dowiedziec\/\",\"name\":\"Czego s\u0142ucha\u0107, je\u017cd\u017c\u0105c na rowerze? Tego w\u0142a\u015bnie zamierzamy si\u0119 dowiedzie\u0107! - \u0160koda We Love Cycling - Poland\",\"isPartOf\":{\"@id\":\"https:\/\/www.welovecycling.com\/pl\/#website\"},\"primaryImageOfPage\":{\"@id\":\"https:\/\/www.welovecycling.com\/pl\/2016\/10\/12\/czego-sluchac-jezdzac-na-rowerze-tego-wlasnie-zamierzamy-sie-dowiedziec\/#primaryimage\"},\"image\":{\"@id\":\"https:\/\/www.welovecycling.com\/pl\/2016\/10\/12\/czego-sluchac-jezdzac-na-rowerze-tego-wlasnie-zamierzamy-sie-dowiedziec\/#primaryimage\"},\"thumbnailUrl\":\"https:\/\/d2p6e6u75xmxt8.cloudfront.net\/5\/2016\/10\/8478478_7784847-1.jpg\",\"datePublished\":\"2016-10-12T23:30:44+00:00\",\"dateModified\":\"2016-12-05T08:31:37+00:00\",\"author\":{\"@id\":\"https:\/\/www.welovecycling.com\/pl\/#\/schema\/person\/e5187c9cac8dd619ebc7b41bd73c2fd9\"},\"breadcrumb\":{\"@id\":\"https:\/\/www.welovecycling.com\/pl\/2016\/10\/12\/czego-sluchac-jezdzac-na-rowerze-tego-wlasnie-zamierzamy-sie-dowiedziec\/#breadcrumb\"},\"inLanguage\":\"pl-PL\",\"potentialAction\":[{\"@type\":\"ReadAction\",\"target\":[\"https:\/\/www.welovecycling.com\/pl\/2016\/10\/12\/czego-sluchac-jezdzac-na-rowerze-tego-wlasnie-zamierzamy-sie-dowiedziec\/\"]}]},{\"@type\":\"ImageObject\",\"inLanguage\":\"pl-PL\",\"@id\":\"https:\/\/www.welovecycling.com\/pl\/2016\/10\/12\/czego-sluchac-jezdzac-na-rowerze-tego-wlasnie-zamierzamy-sie-dowiedziec\/#primaryimage\",\"url\":\"https:\/\/d2p6e6u75xmxt8.cloudfront.net\/5\/2016\/10\/8478478_7784847-1.jpg\",\"contentUrl\":\"https:\/\/d2p6e6u75xmxt8.cloudfront.net\/5\/2016\/10\/8478478_7784847-1.jpg\",\"width\":963,\"height\":420},{\"@type\":\"BreadcrumbList\",\"@id\":\"https:\/\/www.welovecycling.com\/pl\/2016\/10\/12\/czego-sluchac-jezdzac-na-rowerze-tego-wlasnie-zamierzamy-sie-dowiedziec\/#breadcrumb\",\"itemListElement\":[{\"@type\":\"ListItem\",\"position\":1,\"name\":\"Home\",\"item\":\"https:\/\/www.welovecycling.com\/pl\/\"},{\"@type\":\"ListItem\",\"position\":2,\"name\":\"Czego s\u0142ucha\u0107, je\u017cd\u017c\u0105c na rowerze? Tego w\u0142a\u015bnie zamierzamy si\u0119 dowiedzie\u0107!\"}]},{\"@type\":\"WebSite\",\"@id\":\"https:\/\/www.welovecycling.com\/pl\/#website\",\"url\":\"https:\/\/www.welovecycling.com\/pl\/\",\"name\":\"\u0160koda We Love Cycling - Poland\",\"description\":\"\",\"potentialAction\":[{\"@type\":\"SearchAction\",\"target\":{\"@type\":\"EntryPoint\",\"urlTemplate\":\"https:\/\/www.welovecycling.com\/pl\/?s={search_term_string}\"},\"query-input\":{\"@type\":\"PropertyValueSpecification\",\"valueRequired\":true,\"valueName\":\"search_term_string\"}}],\"inLanguage\":\"pl-PL\"},{\"@type\":\"Person\",\"@id\":\"https:\/\/www.welovecycling.com\/pl\/#\/schema\/person\/e5187c9cac8dd619ebc7b41bd73c2fd9\",\"name\":\"WeLoveCycling\",\"image\":{\"@type\":\"ImageObject\",\"inLanguage\":\"pl-PL\",\"@id\":\"https:\/\/www.welovecycling.com\/pl\/#\/schema\/person\/image\/\",\"url\":\"https:\/\/secure.gravatar.com\/avatar\/7e1ee0ecc5e294b19ef32b9f6086e0afbb9da00c3cb0d465ba4695331f4a9187?s=96&d=mm&r=g\",\"contentUrl\":\"https:\/\/secure.gravatar.com\/avatar\/7e1ee0ecc5e294b19ef32b9f6086e0afbb9da00c3cb0d465ba4695331f4a9187?s=96&d=mm&r=g\",\"caption\":\"WeLoveCycling\"},\"url\":\"https:\/\/www.welovecycling.com\/pl\/author\/lukascech\/\"}]}<\/script>\n<!-- \/ Yoast SEO Premium plugin. -->","yoast_head_json":{"title":"Czego s\u0142ucha\u0107, je\u017cd\u017c\u0105c na rowerze? Tego w\u0142a\u015bnie zamierzamy si\u0119 dowiedzie\u0107! - \u0160koda We Love Cycling - Poland","robots":{"index":"index","follow":"follow","max-snippet":"max-snippet:-1","max-image-preview":"max-image-preview:large","max-video-preview":"max-video-preview:-1"},"canonical":"https:\/\/www.welovecycling.com\/pl\/2016\/10\/12\/czego-sluchac-jezdzac-na-rowerze-tego-wlasnie-zamierzamy-sie-dowiedziec\/","og_locale":"pl_PL","og_type":"article","og_title":"Czego s\u0142ucha\u0107, je\u017cd\u017c\u0105c na rowerze? Tego w\u0142a\u015bnie zamierzamy si\u0119 dowiedzie\u0107!","og_description":"Przez ostatnie dziesi\u0119ciolecia rowery zacz\u0119\u0142y si\u0119 pojawia\u0107 w teledyskach nie tylko jako \u015brodki transportu. Sta\u0142y si\u0119 inspiracj\u0105 i tematem przewodnim [&hellip;]","og_url":"https:\/\/www.welovecycling.com\/pl\/2016\/10\/12\/czego-sluchac-jezdzac-na-rowerze-tego-wlasnie-zamierzamy-sie-dowiedziec\/","og_site_name":"\u0160koda We Love Cycling - Poland","article_published_time":"2016-10-12T23:30:44+00:00","article_modified_time":"2016-12-05T08:31:37+00:00","og_image":[{"width":963,"height":420,"url":"https:\/\/d2p6e6u75xmxt8.cloudfront.net\/5\/2016\/10\/8478478_7784847-1.jpg","type":"image\/jpeg"}],"author":"WeLoveCycling","twitter_card":"summary_large_image","twitter_misc":{"Written by":"WeLoveCycling","Est. reading time":"5 minutes"},"schema":{"@context":"https:\/\/schema.org","@graph":[{"@type":"WebPage","@id":"https:\/\/www.welovecycling.com\/pl\/2016\/10\/12\/czego-sluchac-jezdzac-na-rowerze-tego-wlasnie-zamierzamy-sie-dowiedziec\/","url":"https:\/\/www.welovecycling.com\/pl\/2016\/10\/12\/czego-sluchac-jezdzac-na-rowerze-tego-wlasnie-zamierzamy-sie-dowiedziec\/","name":"Czego s\u0142ucha\u0107, je\u017cd\u017c\u0105c na rowerze? Tego w\u0142a\u015bnie zamierzamy si\u0119 dowiedzie\u0107! - \u0160koda We Love Cycling - Poland","isPartOf":{"@id":"https:\/\/www.welovecycling.com\/pl\/#website"},"primaryImageOfPage":{"@id":"https:\/\/www.welovecycling.com\/pl\/2016\/10\/12\/czego-sluchac-jezdzac-na-rowerze-tego-wlasnie-zamierzamy-sie-dowiedziec\/#primaryimage"},"image":{"@id":"https:\/\/www.welovecycling.com\/pl\/2016\/10\/12\/czego-sluchac-jezdzac-na-rowerze-tego-wlasnie-zamierzamy-sie-dowiedziec\/#primaryimage"},"thumbnailUrl":"https:\/\/d2p6e6u75xmxt8.cloudfront.net\/5\/2016\/10\/8478478_7784847-1.jpg","datePublished":"2016-10-12T23:30:44+00:00","dateModified":"2016-12-05T08:31:37+00:00","author":{"@id":"https:\/\/www.welovecycling.com\/pl\/#\/schema\/person\/e5187c9cac8dd619ebc7b41bd73c2fd9"},"breadcrumb":{"@id":"https:\/\/www.welovecycling.com\/pl\/2016\/10\/12\/czego-sluchac-jezdzac-na-rowerze-tego-wlasnie-zamierzamy-sie-dowiedziec\/#breadcrumb"},"inLanguage":"pl-PL","potentialAction":[{"@type":"ReadAction","target":["https:\/\/www.welovecycling.com\/pl\/2016\/10\/12\/czego-sluchac-jezdzac-na-rowerze-tego-wlasnie-zamierzamy-sie-dowiedziec\/"]}]},{"@type":"ImageObject","inLanguage":"pl-PL","@id":"https:\/\/www.welovecycling.com\/pl\/2016\/10\/12\/czego-sluchac-jezdzac-na-rowerze-tego-wlasnie-zamierzamy-sie-dowiedziec\/#primaryimage","url":"https:\/\/d2p6e6u75xmxt8.cloudfront.net\/5\/2016\/10\/8478478_7784847-1.jpg","contentUrl":"https:\/\/d2p6e6u75xmxt8.cloudfront.net\/5\/2016\/10\/8478478_7784847-1.jpg","width":963,"height":420},{"@type":"BreadcrumbList","@id":"https:\/\/www.welovecycling.com\/pl\/2016\/10\/12\/czego-sluchac-jezdzac-na-rowerze-tego-wlasnie-zamierzamy-sie-dowiedziec\/#breadcrumb","itemListElement":[{"@type":"ListItem","position":1,"name":"Home","item":"https:\/\/www.welovecycling.com\/pl\/"},{"@type":"ListItem","position":2,"name":"Czego s\u0142ucha\u0107, je\u017cd\u017c\u0105c na rowerze? Tego w\u0142a\u015bnie zamierzamy si\u0119 dowiedzie\u0107!"}]},{"@type":"WebSite","@id":"https:\/\/www.welovecycling.com\/pl\/#website","url":"https:\/\/www.welovecycling.com\/pl\/","name":"\u0160koda We Love Cycling - Poland","description":"","potentialAction":[{"@type":"SearchAction","target":{"@type":"EntryPoint","urlTemplate":"https:\/\/www.welovecycling.com\/pl\/?s={search_term_string}"},"query-input":{"@type":"PropertyValueSpecification","valueRequired":true,"valueName":"search_term_string"}}],"inLanguage":"pl-PL"},{"@type":"Person","@id":"https:\/\/www.welovecycling.com\/pl\/#\/schema\/person\/e5187c9cac8dd619ebc7b41bd73c2fd9","name":"WeLoveCycling","image":{"@type":"ImageObject","inLanguage":"pl-PL","@id":"https:\/\/www.welovecycling.com\/pl\/#\/schema\/person\/image\/","url":"https:\/\/secure.gravatar.com\/avatar\/7e1ee0ecc5e294b19ef32b9f6086e0afbb9da00c3cb0d465ba4695331f4a9187?s=96&d=mm&r=g","contentUrl":"https:\/\/secure.gravatar.com\/avatar\/7e1ee0ecc5e294b19ef32b9f6086e0afbb9da00c3cb0d465ba4695331f4a9187?s=96&d=mm&r=g","caption":"WeLoveCycling"},"url":"https:\/\/www.welovecycling.com\/pl\/author\/lukascech\/"}]}},"_links":{"self":[{"href":"https:\/\/www.welovecycling.com\/pl\/wp-json\/wp\/v2\/posts\/2328","targetHints":{"allow":["GET"]}}],"collection":[{"href":"https:\/\/www.welovecycling.com\/pl\/wp-json\/wp\/v2\/posts"}],"about":[{"href":"https:\/\/www.welovecycling.com\/pl\/wp-json\/wp\/v2\/types\/post"}],"author":[{"embeddable":true,"href":"https:\/\/www.welovecycling.com\/pl\/wp-json\/wp\/v2\/users\/1"}],"replies":[{"embeddable":true,"href":"https:\/\/www.welovecycling.com\/pl\/wp-json\/wp\/v2\/comments?post=2328"}],"version-history":[{"count":1,"href":"https:\/\/www.welovecycling.com\/pl\/wp-json\/wp\/v2\/posts\/2328\/revisions"}],"predecessor-version":[{"id":2366,"href":"https:\/\/www.welovecycling.com\/pl\/wp-json\/wp\/v2\/posts\/2328\/revisions\/2366"}],"wp:featuredmedia":[{"embeddable":true,"href":"https:\/\/www.welovecycling.com\/pl\/wp-json\/wp\/v2\/media\/2091"}],"wp:attachment":[{"href":"https:\/\/www.welovecycling.com\/pl\/wp-json\/wp\/v2\/media?parent=2328"}],"wp:term":[{"taxonomy":"category","embeddable":true,"href":"https:\/\/www.welovecycling.com\/pl\/wp-json\/wp\/v2\/categories?post=2328"},{"taxonomy":"post_tag","embeddable":true,"href":"https:\/\/www.welovecycling.com\/pl\/wp-json\/wp\/v2\/tags?post=2328"},{"taxonomy":"global-categories","embeddable":true,"href":"https:\/\/www.welovecycling.com\/pl\/wp-json\/wp\/v2\/global-categories?post=2328"}],"curies":[{"name":"wp","href":"https:\/\/api.w.org\/{rel}","templated":true}]}}