{"id":2324,"date":"2016-10-04T16:56:01","date_gmt":"2016-10-04T16:56:01","guid":{"rendered":"http:\/\/skoda-rowery.pl\/?p=2029"},"modified":"2017-02-20T13:18:00","modified_gmt":"2017-02-20T13:18:00","slug":"swiecaca-sciezka-dla-rowerzystow-bedzie-bezpieczniej","status":"publish","type":"post","link":"https:\/\/www.welovecycling.com\/pl\/2016\/10\/04\/swiecaca-sciezka-dla-rowerzystow-bedzie-bezpieczniej\/","title":{"rendered":"\u015awiec\u0105ca \u015bcie\u017cka dla rowerzyst\u00f3w. B\u0119dzie bezpieczniej!"},"content":{"rendered":"<p style=\"text-align: justify\">Wydawa\u0107 by si\u0119 mog\u0142o, \u017ce widoczno\u015b\u0107 na drodze to sprawa wy\u0142\u0105cznie rowerzysty, kt\u00f3ry powinien zadba\u0107 o odpowiednie o\u015bwietlenie swojego pojazdu, a do jazdy wybiera\u0107 specjaln\u0105 odzie\u017c z elementami odblaskowymi. \u00a0<!--more--><\/p>\n<p style=\"text-align: justify\">Odzie\u017c i lampki z pewno\u015bci\u0105 zwi\u0119kszaj\u0105 bezpiecze\u0144stwo amator\u00f3w dw\u00f3ch k\u00f3\u0142ek i przydaj\u0105 si\u0119 po zmroku, ale eksperci z laboratorium w Pruszkowie poszli o krok dalej i wpadli na rewolucyjny pomys\u0142! Oto przed Wami pierwsza w Polsce \u015bwiec\u0105ca \u015bcie\u017cka rowerowa.<\/p>\n<p style=\"text-align: justify\"><img loading=\"lazy\" decoding=\"async\" class=\"alignnone size-full wp-image-2030\" src=\"https:\/\/d2p6e6u75xmxt8.cloudfront.net\/5\/2016\/10\/z20752011QSwiecaca-sciezka-rowerowa-wyprodukowana-w-laborato.jpg\" alt=\"z20752011qswiecaca-sciezka-rowerowa-wyprodukowana-w-laborato\" width=\"620\" height=\"413\" \/><\/p>\n<p style=\"text-align: justify\">\u015awiec\u0105ca po zmroku \u015bcie\u017cka poprawiaj\u0105ca widoczno\u015b\u0107 rowerzyst\u00f3w powsta\u0142a pod Lidzbarkiem Warmi\u0144skim, na szlaku prowadz\u0105cym nad Jezioro Wielochowskie. Autorem projektu nawierzchni jest laboratorium TPA w Pruszkowie, a wykonawc\u0105 firma STRABAG. Brawo!<\/p>\n<p style=\"text-align: justify\">Jak to dzia\u0142a? \u015acie\u017cka zawiera luminofory, czyli substancje syntetyczne, kt\u00f3re \u0142aduj\u0105 si\u0119 za pomoc\u0105 \u015bwiat\u0142a dziennego, a gdy zapadnie zmrok korzystaj\u0105c z nagromadzonej energii \u015bwiec\u0105 na niebiesko.<\/p>\n<p style=\"text-align: justify\"><em>Materia\u0142, z kt\u00f3rego stworzyli\u015bmy \u015bcie\u017ck\u0119 rowerow\u0105, jest w stanie oddawa\u0107 \u015bwiat\u0142o przez ponad 10 godzin. Oznacza to, \u017ce przez ca\u0142\u0105 noc \u015bcie\u017cka emituje energi\u0119 \u015bwietln\u0105 i ponownie gromadzi j\u0105 nast\u0119pnego dnia <\/em>&#8211; m\u00f3wi dla portalu Wyborcza.pl dr in\u017c. Igor Ruttmar, prezes TPA sp. z o.o.<\/p>\n<p style=\"text-align: justify\">To innowacyjne rozwi\u0105zanie mo\u017ce bardzo poprawi\u0107 bezpiecze\u0144stwo kolarzy w naszym kraju. Czy jest szansa, \u017ce tego typu \u015bcie\u017cki powstan\u0105 w ca\u0142ej Polsce?<\/p>\n<p style=\"text-align: justify\"><em>Temat jest \u015bwie\u017cy, nie mieli\u015bmy jeszcze czasu dok\u0142adniej przeanalizowa\u0107 tego rozwi\u0105zania technicznego. Nieznane s\u0105 nam w\u0142a\u015bciwo\u015bci tego materia\u0142u, np. jego trwa\u0142o\u015b\u0107 i to, czy jest bezpieczny dla przyrody. Czy taki materia\u0142 mo\u017ce by\u0107 u\u017cywany do budowania \u015bcie\u017cek rowerowych w Warszawie<\/em><em>? Kluczow\u0105 kwesti\u0105 jest cena. Je\u017celi z powodu wyboru tej technologii mia\u0142oby powsta\u0107 mniej \u015bcie\u017cek rowerowych, to pewnie by\u015bmy si\u0119 na to nie zdecydowali \u2013 <\/em>m\u00f3wi dla portalu Wyborcza.pl Miko\u0142aj Pie\u0144kos z warszawskiego Zarz\u0105du Dr\u00f3g Miejskich.<\/p>\n<p style=\"text-align: justify\">Trzymamy kciuki za rozwijanie pomys\u0142u i mamy nadziej\u0119, \u017ce takich \u015bcie\u017cek powstanie w Polsce wi\u0119cej!<\/p>\n<p style=\"text-align: justify\">\u0179r\u00f3d\u0142o: Wyborcza.pl<\/p>\n<p style=\"text-align: justify\">Zdj\u0119cia: TPA Sp. z o.o<\/p>\n","protected":false},"excerpt":{"rendered":"<p>Wydawa\u0107 by si\u0119 mog\u0142o, \u017ce widoczno\u015b\u0107 na drodze to sprawa wy\u0142\u0105cznie rowerzysty, kt\u00f3ry powinien zadba\u0107 o odpowiednie o\u015bwietlenie swojego pojazdu, [&hellip;]<\/p>\n","protected":false},"author":1,"featured_media":2071,"comment_status":"open","ping_status":"closed","sticky":false,"template":"","format":"standard","meta":{"footnotes":""},"categories":[7],"tags":[100],"global-categories":[],"class_list":["post-2324","post","type-post","status-publish","format-standard","has-post-thumbnail","hentry","category-bezpieczenstwo","tag-bike-unfriendly"],"yoast_head":"<!-- This site is optimized with the Yoast SEO Premium plugin v25.3 (Yoast SEO v25.9) - https:\/\/yoast.com\/wordpress\/plugins\/seo\/ -->\n<title>\u015awiec\u0105ca \u015bcie\u017cka dla rowerzyst\u00f3w. B\u0119dzie bezpieczniej! - \u0160koda We Love Cycling - Poland<\/title>\n<meta name=\"robots\" content=\"index, follow, max-snippet:-1, max-image-preview:large, max-video-preview:-1\" \/>\n<link rel=\"canonical\" href=\"https:\/\/www.welovecycling.com\/pl\/2016\/10\/04\/swiecaca-sciezka-dla-rowerzystow-bedzie-bezpieczniej\/\" \/>\n<meta property=\"og:locale\" content=\"pl_PL\" \/>\n<meta property=\"og:type\" content=\"article\" \/>\n<meta property=\"og:title\" content=\"\u015awiec\u0105ca \u015bcie\u017cka dla rowerzyst\u00f3w. B\u0119dzie bezpieczniej!\" \/>\n<meta property=\"og:description\" content=\"Wydawa\u0107 by si\u0119 mog\u0142o, \u017ce widoczno\u015b\u0107 na drodze to sprawa wy\u0142\u0105cznie rowerzysty, kt\u00f3ry powinien zadba\u0107 o odpowiednie o\u015bwietlenie swojego pojazdu, [&hellip;]\" \/>\n<meta property=\"og:url\" content=\"https:\/\/www.welovecycling.com\/pl\/2016\/10\/04\/swiecaca-sciezka-dla-rowerzystow-bedzie-bezpieczniej\/\" \/>\n<meta property=\"og:site_name\" content=\"\u0160koda We Love Cycling - Poland\" \/>\n<meta property=\"article:published_time\" content=\"2016-10-04T16:56:01+00:00\" \/>\n<meta property=\"article:modified_time\" content=\"2017-02-20T13:18:00+00:00\" \/>\n<meta property=\"og:image\" content=\"https:\/\/d2p6e6u75xmxt8.cloudfront.net\/5\/2016\/10\/z20752015QSwiecaca-sciezka-rowerowa-wyprodukowana-w-laborato-1.jpg\" \/>\n\t<meta property=\"og:image:width\" content=\"620\" \/>\n\t<meta property=\"og:image:height\" content=\"413\" \/>\n\t<meta property=\"og:image:type\" content=\"image\/jpeg\" \/>\n<meta name=\"author\" content=\"WeLoveCycling\" \/>\n<meta name=\"twitter:card\" content=\"summary_large_image\" \/>\n<meta name=\"twitter:label1\" content=\"Written by\" \/>\n\t<meta name=\"twitter:data1\" content=\"WeLoveCycling\" \/>\n\t<meta name=\"twitter:label2\" content=\"Est. reading time\" \/>\n\t<meta name=\"twitter:data2\" content=\"2 minutes\" \/>\n<script type=\"application\/ld+json\" class=\"yoast-schema-graph\">{\"@context\":\"https:\/\/schema.org\",\"@graph\":[{\"@type\":\"WebPage\",\"@id\":\"https:\/\/www.welovecycling.com\/pl\/2016\/10\/04\/swiecaca-sciezka-dla-rowerzystow-bedzie-bezpieczniej\/\",\"url\":\"https:\/\/www.welovecycling.com\/pl\/2016\/10\/04\/swiecaca-sciezka-dla-rowerzystow-bedzie-bezpieczniej\/\",\"name\":\"\u015awiec\u0105ca \u015bcie\u017cka dla rowerzyst\u00f3w. B\u0119dzie bezpieczniej! - \u0160koda We Love Cycling - Poland\",\"isPartOf\":{\"@id\":\"https:\/\/www.welovecycling.com\/pl\/#website\"},\"primaryImageOfPage\":{\"@id\":\"https:\/\/www.welovecycling.com\/pl\/2016\/10\/04\/swiecaca-sciezka-dla-rowerzystow-bedzie-bezpieczniej\/#primaryimage\"},\"image\":{\"@id\":\"https:\/\/www.welovecycling.com\/pl\/2016\/10\/04\/swiecaca-sciezka-dla-rowerzystow-bedzie-bezpieczniej\/#primaryimage\"},\"thumbnailUrl\":\"https:\/\/d2p6e6u75xmxt8.cloudfront.net\/5\/2016\/10\/z20752015QSwiecaca-sciezka-rowerowa-wyprodukowana-w-laborato-1.jpg\",\"datePublished\":\"2016-10-04T16:56:01+00:00\",\"dateModified\":\"2017-02-20T13:18:00+00:00\",\"author\":{\"@id\":\"https:\/\/www.welovecycling.com\/pl\/#\/schema\/person\/e5187c9cac8dd619ebc7b41bd73c2fd9\"},\"breadcrumb\":{\"@id\":\"https:\/\/www.welovecycling.com\/pl\/2016\/10\/04\/swiecaca-sciezka-dla-rowerzystow-bedzie-bezpieczniej\/#breadcrumb\"},\"inLanguage\":\"pl-PL\",\"potentialAction\":[{\"@type\":\"ReadAction\",\"target\":[\"https:\/\/www.welovecycling.com\/pl\/2016\/10\/04\/swiecaca-sciezka-dla-rowerzystow-bedzie-bezpieczniej\/\"]}]},{\"@type\":\"ImageObject\",\"inLanguage\":\"pl-PL\",\"@id\":\"https:\/\/www.welovecycling.com\/pl\/2016\/10\/04\/swiecaca-sciezka-dla-rowerzystow-bedzie-bezpieczniej\/#primaryimage\",\"url\":\"https:\/\/d2p6e6u75xmxt8.cloudfront.net\/5\/2016\/10\/z20752015QSwiecaca-sciezka-rowerowa-wyprodukowana-w-laborato-1.jpg\",\"contentUrl\":\"https:\/\/d2p6e6u75xmxt8.cloudfront.net\/5\/2016\/10\/z20752015QSwiecaca-sciezka-rowerowa-wyprodukowana-w-laborato-1.jpg\",\"width\":620,\"height\":413},{\"@type\":\"BreadcrumbList\",\"@id\":\"https:\/\/www.welovecycling.com\/pl\/2016\/10\/04\/swiecaca-sciezka-dla-rowerzystow-bedzie-bezpieczniej\/#breadcrumb\",\"itemListElement\":[{\"@type\":\"ListItem\",\"position\":1,\"name\":\"Home\",\"item\":\"https:\/\/www.welovecycling.com\/pl\/\"},{\"@type\":\"ListItem\",\"position\":2,\"name\":\"\u015awiec\u0105ca \u015bcie\u017cka dla rowerzyst\u00f3w. B\u0119dzie bezpieczniej!\"}]},{\"@type\":\"WebSite\",\"@id\":\"https:\/\/www.welovecycling.com\/pl\/#website\",\"url\":\"https:\/\/www.welovecycling.com\/pl\/\",\"name\":\"\u0160koda We Love Cycling - Poland\",\"description\":\"\",\"potentialAction\":[{\"@type\":\"SearchAction\",\"target\":{\"@type\":\"EntryPoint\",\"urlTemplate\":\"https:\/\/www.welovecycling.com\/pl\/?s={search_term_string}\"},\"query-input\":{\"@type\":\"PropertyValueSpecification\",\"valueRequired\":true,\"valueName\":\"search_term_string\"}}],\"inLanguage\":\"pl-PL\"},{\"@type\":\"Person\",\"@id\":\"https:\/\/www.welovecycling.com\/pl\/#\/schema\/person\/e5187c9cac8dd619ebc7b41bd73c2fd9\",\"name\":\"WeLoveCycling\",\"image\":{\"@type\":\"ImageObject\",\"inLanguage\":\"pl-PL\",\"@id\":\"https:\/\/www.welovecycling.com\/pl\/#\/schema\/person\/image\/\",\"url\":\"https:\/\/secure.gravatar.com\/avatar\/7e1ee0ecc5e294b19ef32b9f6086e0afbb9da00c3cb0d465ba4695331f4a9187?s=96&d=mm&r=g\",\"contentUrl\":\"https:\/\/secure.gravatar.com\/avatar\/7e1ee0ecc5e294b19ef32b9f6086e0afbb9da00c3cb0d465ba4695331f4a9187?s=96&d=mm&r=g\",\"caption\":\"WeLoveCycling\"},\"url\":\"https:\/\/www.welovecycling.com\/pl\/author\/lukascech\/\"}]}<\/script>\n<!-- \/ Yoast SEO Premium plugin. -->","yoast_head_json":{"title":"\u015awiec\u0105ca \u015bcie\u017cka dla rowerzyst\u00f3w. B\u0119dzie bezpieczniej! - \u0160koda We Love Cycling - Poland","robots":{"index":"index","follow":"follow","max-snippet":"max-snippet:-1","max-image-preview":"max-image-preview:large","max-video-preview":"max-video-preview:-1"},"canonical":"https:\/\/www.welovecycling.com\/pl\/2016\/10\/04\/swiecaca-sciezka-dla-rowerzystow-bedzie-bezpieczniej\/","og_locale":"pl_PL","og_type":"article","og_title":"\u015awiec\u0105ca \u015bcie\u017cka dla rowerzyst\u00f3w. B\u0119dzie bezpieczniej!","og_description":"Wydawa\u0107 by si\u0119 mog\u0142o, \u017ce widoczno\u015b\u0107 na drodze to sprawa wy\u0142\u0105cznie rowerzysty, kt\u00f3ry powinien zadba\u0107 o odpowiednie o\u015bwietlenie swojego pojazdu, [&hellip;]","og_url":"https:\/\/www.welovecycling.com\/pl\/2016\/10\/04\/swiecaca-sciezka-dla-rowerzystow-bedzie-bezpieczniej\/","og_site_name":"\u0160koda We Love Cycling - Poland","article_published_time":"2016-10-04T16:56:01+00:00","article_modified_time":"2017-02-20T13:18:00+00:00","og_image":[{"width":620,"height":413,"url":"https:\/\/d2p6e6u75xmxt8.cloudfront.net\/5\/2016\/10\/z20752015QSwiecaca-sciezka-rowerowa-wyprodukowana-w-laborato-1.jpg","type":"image\/jpeg"}],"author":"WeLoveCycling","twitter_card":"summary_large_image","twitter_misc":{"Written by":"WeLoveCycling","Est. reading time":"2 minutes"},"schema":{"@context":"https:\/\/schema.org","@graph":[{"@type":"WebPage","@id":"https:\/\/www.welovecycling.com\/pl\/2016\/10\/04\/swiecaca-sciezka-dla-rowerzystow-bedzie-bezpieczniej\/","url":"https:\/\/www.welovecycling.com\/pl\/2016\/10\/04\/swiecaca-sciezka-dla-rowerzystow-bedzie-bezpieczniej\/","name":"\u015awiec\u0105ca \u015bcie\u017cka dla rowerzyst\u00f3w. B\u0119dzie bezpieczniej! - \u0160koda We Love Cycling - Poland","isPartOf":{"@id":"https:\/\/www.welovecycling.com\/pl\/#website"},"primaryImageOfPage":{"@id":"https:\/\/www.welovecycling.com\/pl\/2016\/10\/04\/swiecaca-sciezka-dla-rowerzystow-bedzie-bezpieczniej\/#primaryimage"},"image":{"@id":"https:\/\/www.welovecycling.com\/pl\/2016\/10\/04\/swiecaca-sciezka-dla-rowerzystow-bedzie-bezpieczniej\/#primaryimage"},"thumbnailUrl":"https:\/\/d2p6e6u75xmxt8.cloudfront.net\/5\/2016\/10\/z20752015QSwiecaca-sciezka-rowerowa-wyprodukowana-w-laborato-1.jpg","datePublished":"2016-10-04T16:56:01+00:00","dateModified":"2017-02-20T13:18:00+00:00","author":{"@id":"https:\/\/www.welovecycling.com\/pl\/#\/schema\/person\/e5187c9cac8dd619ebc7b41bd73c2fd9"},"breadcrumb":{"@id":"https:\/\/www.welovecycling.com\/pl\/2016\/10\/04\/swiecaca-sciezka-dla-rowerzystow-bedzie-bezpieczniej\/#breadcrumb"},"inLanguage":"pl-PL","potentialAction":[{"@type":"ReadAction","target":["https:\/\/www.welovecycling.com\/pl\/2016\/10\/04\/swiecaca-sciezka-dla-rowerzystow-bedzie-bezpieczniej\/"]}]},{"@type":"ImageObject","inLanguage":"pl-PL","@id":"https:\/\/www.welovecycling.com\/pl\/2016\/10\/04\/swiecaca-sciezka-dla-rowerzystow-bedzie-bezpieczniej\/#primaryimage","url":"https:\/\/d2p6e6u75xmxt8.cloudfront.net\/5\/2016\/10\/z20752015QSwiecaca-sciezka-rowerowa-wyprodukowana-w-laborato-1.jpg","contentUrl":"https:\/\/d2p6e6u75xmxt8.cloudfront.net\/5\/2016\/10\/z20752015QSwiecaca-sciezka-rowerowa-wyprodukowana-w-laborato-1.jpg","width":620,"height":413},{"@type":"BreadcrumbList","@id":"https:\/\/www.welovecycling.com\/pl\/2016\/10\/04\/swiecaca-sciezka-dla-rowerzystow-bedzie-bezpieczniej\/#breadcrumb","itemListElement":[{"@type":"ListItem","position":1,"name":"Home","item":"https:\/\/www.welovecycling.com\/pl\/"},{"@type":"ListItem","position":2,"name":"\u015awiec\u0105ca \u015bcie\u017cka dla rowerzyst\u00f3w. B\u0119dzie bezpieczniej!"}]},{"@type":"WebSite","@id":"https:\/\/www.welovecycling.com\/pl\/#website","url":"https:\/\/www.welovecycling.com\/pl\/","name":"\u0160koda We Love Cycling - Poland","description":"","potentialAction":[{"@type":"SearchAction","target":{"@type":"EntryPoint","urlTemplate":"https:\/\/www.welovecycling.com\/pl\/?s={search_term_string}"},"query-input":{"@type":"PropertyValueSpecification","valueRequired":true,"valueName":"search_term_string"}}],"inLanguage":"pl-PL"},{"@type":"Person","@id":"https:\/\/www.welovecycling.com\/pl\/#\/schema\/person\/e5187c9cac8dd619ebc7b41bd73c2fd9","name":"WeLoveCycling","image":{"@type":"ImageObject","inLanguage":"pl-PL","@id":"https:\/\/www.welovecycling.com\/pl\/#\/schema\/person\/image\/","url":"https:\/\/secure.gravatar.com\/avatar\/7e1ee0ecc5e294b19ef32b9f6086e0afbb9da00c3cb0d465ba4695331f4a9187?s=96&d=mm&r=g","contentUrl":"https:\/\/secure.gravatar.com\/avatar\/7e1ee0ecc5e294b19ef32b9f6086e0afbb9da00c3cb0d465ba4695331f4a9187?s=96&d=mm&r=g","caption":"WeLoveCycling"},"url":"https:\/\/www.welovecycling.com\/pl\/author\/lukascech\/"}]}},"_links":{"self":[{"href":"https:\/\/www.welovecycling.com\/pl\/wp-json\/wp\/v2\/posts\/2324","targetHints":{"allow":["GET"]}}],"collection":[{"href":"https:\/\/www.welovecycling.com\/pl\/wp-json\/wp\/v2\/posts"}],"about":[{"href":"https:\/\/www.welovecycling.com\/pl\/wp-json\/wp\/v2\/types\/post"}],"author":[{"embeddable":true,"href":"https:\/\/www.welovecycling.com\/pl\/wp-json\/wp\/v2\/users\/1"}],"replies":[{"embeddable":true,"href":"https:\/\/www.welovecycling.com\/pl\/wp-json\/wp\/v2\/comments?post=2324"}],"version-history":[{"count":1,"href":"https:\/\/www.welovecycling.com\/pl\/wp-json\/wp\/v2\/posts\/2324\/revisions"}],"predecessor-version":[{"id":2370,"href":"https:\/\/www.welovecycling.com\/pl\/wp-json\/wp\/v2\/posts\/2324\/revisions\/2370"}],"wp:featuredmedia":[{"embeddable":true,"href":"https:\/\/www.welovecycling.com\/pl\/wp-json\/wp\/v2\/media\/2071"}],"wp:attachment":[{"href":"https:\/\/www.welovecycling.com\/pl\/wp-json\/wp\/v2\/media?parent=2324"}],"wp:term":[{"taxonomy":"category","embeddable":true,"href":"https:\/\/www.welovecycling.com\/pl\/wp-json\/wp\/v2\/categories?post=2324"},{"taxonomy":"post_tag","embeddable":true,"href":"https:\/\/www.welovecycling.com\/pl\/wp-json\/wp\/v2\/tags?post=2324"},{"taxonomy":"global-categories","embeddable":true,"href":"https:\/\/www.welovecycling.com\/pl\/wp-json\/wp\/v2\/global-categories?post=2324"}],"curies":[{"name":"wp","href":"https:\/\/api.w.org\/{rel}","templated":true}]}}