{"id":2323,"date":"2016-10-03T16:55:33","date_gmt":"2016-10-03T16:55:33","guid":{"rendered":"http:\/\/skoda-rowery.pl\/?p=1982"},"modified":"2016-12-05T08:38:47","modified_gmt":"2016-12-05T08:38:47","slug":"skoda-napedza-iii-puchar-centrum-tmt-strefy-mtb-sudety-2016","status":"publish","type":"post","link":"https:\/\/www.welovecycling.com\/pl\/2016\/10\/03\/skoda-napedza-iii-puchar-centrum-tmt-strefy-mtb-sudety-2016\/","title":{"rendered":"\u0160koda nap\u0119dza III Puchar Centrum TMT Strefy MTB Sudety 2016"},"content":{"rendered":"<p style=\"text-align: justify\">Tego lata ju\u017c po raz trzeci Strefa MTB Sudety zorganizowa\u0142a cykl maraton\u00f3w rowerowych MTB. Nap\u0119dzany przez \u0160KOD\u0118, Puchar Strefy MTB Sudety to nadal nowo\u015b\u0107 w\u015br\u00f3d imprez rowerowych, jednak powoli staje si\u0119 rozpoznawalna przez kolarzy amator\u00f3w, darz\u0105cych szczeg\u00f3ln\u0105 sympati\u0105 jazd\u0119 w trudnym, g\u00f3rskim terenie. <!--more-->Celem zawod\u00f3w by\u0142o wy\u0142onienie najlepszych kolarzy g\u00f3rskich cyklu w kategorii OPEN kobiet i m\u0119\u017cczyzn (na dystansach MINI i MEGA), a przy okazji promocja Strefy MTB Sudety oraz Stowarzyszenia Turystycznego Gmin G\u00f3r Sowich. Wszystko po to, by propagowa\u0107 zdrowy tryb \u017cycia, aktywny wypoczynek i rekreacj\u0119. W tym roku do przedsi\u0119wzi\u0119cia do\u0142\u0105czy\u0142o Miasto Pieszyce oraz Gmina Dzier\u017coni\u00f3w, kt\u00f3ra zorganizowa\u0142a fina\u0142 III Pucharu Strefy MTB Sudety.<\/p>\n<p style=\"text-align: justify\">Zobacz zdj\u0119cia z poszczeg\u00f3lnych zawod\u00f3w, kt\u00f3re by\u0142y organizowane w tym roku:<\/p>\n<p style=\"text-align: justify\">G\u0142uszyca: 15.05.2016<\/p>\n<p style=\"text-align: justify\"><img loading=\"lazy\" decoding=\"async\" class=\"alignnone size-full wp-image-1983\" src=\"https:\/\/d2p6e6u75xmxt8.cloudfront.net\/5\/2016\/10\/gluszyca-1.jpg\" alt=\"gluszyca-1\" width=\"913\" height=\"592\" \/><\/p>\n<p style=\"text-align: justify\"><img loading=\"lazy\" decoding=\"async\" class=\"alignnone size-large wp-image-1984\" src=\"https:\/\/d2p6e6u75xmxt8.cloudfront.net\/5\/2016\/10\/gluszyca-2-1.jpg\" alt=\"gluszyca-2\" width=\"923\" height=\"960\" \/><\/p>\n<p style=\"text-align: justify\"><img loading=\"lazy\" decoding=\"async\" class=\"alignnone size-large wp-image-1985\" src=\"https:\/\/d2p6e6u75xmxt8.cloudfront.net\/5\/2016\/10\/gluszyca-3.jpg\" alt=\"gluszyca-3\" width=\"960\" height=\"540\" \/><\/p>\n<p style=\"text-align: justify\"><img loading=\"lazy\" decoding=\"async\" class=\"alignnone size-large wp-image-1986\" src=\"https:\/\/d2p6e6u75xmxt8.cloudfront.net\/5\/2016\/10\/gluszyca-4-1.jpg\" alt=\"gluszyca-4\" width=\"935\" height=\"960\" \/><\/p>\n<p style=\"text-align: justify\"><img loading=\"lazy\" decoding=\"async\" class=\"alignnone size-large wp-image-1987\" src=\"https:\/\/d2p6e6u75xmxt8.cloudfront.net\/5\/2016\/10\/gluszyca-5-1.jpg\" alt=\"gluszyca-5\" width=\"960\" height=\"540\" \/><\/p>\n<p style=\"text-align: justify\"><img loading=\"lazy\" decoding=\"async\" class=\"alignnone size-large wp-image-1988\" src=\"https:\/\/d2p6e6u75xmxt8.cloudfront.net\/5\/2016\/10\/gluszyca-6-1.jpg\" alt=\"gluszyca-6\" width=\"960\" height=\"540\" \/><\/p>\n<p style=\"text-align: justify\">Walim: 05.06.2016<\/p>\n<p style=\"text-align: justify\"><img loading=\"lazy\" decoding=\"async\" class=\"alignnone size-full wp-image-1989\" src=\"https:\/\/d2p6e6u75xmxt8.cloudfront.net\/5\/2016\/10\/walim-1-1.jpg\" alt=\"walim-1\" width=\"540\" height=\"960\" \/><\/p>\n<p style=\"text-align: justify\"><img loading=\"lazy\" decoding=\"async\" class=\"alignnone size-large wp-image-1991\" src=\"http:\/\/skoda-rowery.pl\/wp-content\/uploads\/2016\/10\/walim-3.jpg\" alt=\"walim-3\" width=\"800\" height=\"480\" \/><\/p>\n<p style=\"text-align: justify\">Bielawa: 03.07.2016<\/p>\n<p style=\"text-align: justify\"><img loading=\"lazy\" decoding=\"async\" class=\"alignnone size-full wp-image-1992\" src=\"https:\/\/d2p6e6u75xmxt8.cloudfront.net\/5\/2016\/10\/bielawa-1.jpg\" alt=\"bielawa-1\" width=\"800\" height=\"450\" \/><\/p>\n<p style=\"text-align: justify\"><img loading=\"lazy\" decoding=\"async\" class=\"alignnone size-large wp-image-1993\" src=\"https:\/\/d2p6e6u75xmxt8.cloudfront.net\/5\/2016\/10\/bielawa-4.jpg\" alt=\"bielawa-4\" width=\"800\" height=\"450\" \/><\/p>\n<p style=\"text-align: justify\"><img loading=\"lazy\" decoding=\"async\" class=\"alignnone size-large wp-image-1994\" src=\"https:\/\/d2p6e6u75xmxt8.cloudfront.net\/5\/2016\/10\/bielawa-5-1.jpg\" alt=\"bielawa-5\" width=\"800\" height=\"450\" \/><\/p>\n<p style=\"text-align: justify\"><img loading=\"lazy\" decoding=\"async\" class=\"alignnone size-large wp-image-1995\" src=\"https:\/\/d2p6e6u75xmxt8.cloudfront.net\/5\/2016\/10\/bielawa-8-1.jpg\" alt=\"bielawa-8\" width=\"800\" height=\"450\" \/><\/p>\n<p style=\"text-align: justify\"><img loading=\"lazy\" decoding=\"async\" class=\"alignnone size-large wp-image-1996\" src=\"https:\/\/d2p6e6u75xmxt8.cloudfront.net\/5\/2016\/10\/bielawa-10.jpg\" alt=\"bielawa-10\" width=\"800\" height=\"450\" \/><\/p>\n<p style=\"text-align: justify\">Pieszyce: 21.08.2016<\/p>\n<p><img loading=\"lazy\" decoding=\"async\" class=\"size-large wp-image-1997\" src=\"http:\/\/skoda-rowery.pl\/wp-content\/uploads\/2016\/10\/pieszyce-1-1024x768.jpg\" alt=\"?\" width=\"1024\" height=\"768\" \/><\/p>\n<p><img loading=\"lazy\" decoding=\"async\" class=\"size-large wp-image-1998\" src=\"https:\/\/d2p6e6u75xmxt8.cloudfront.net\/5\/2016\/10\/pieszyce-3-1024x768.jpg\" alt=\"?\" width=\"1024\" height=\"768\" \/><\/p>\n<p><img loading=\"lazy\" decoding=\"async\" class=\"size-large wp-image-1999\" src=\"https:\/\/d2p6e6u75xmxt8.cloudfront.net\/5\/2016\/10\/pieszyce-5-1-1024x735.jpg\" alt=\"?\" width=\"1024\" height=\"735\" \/><\/p>\n<p><img loading=\"lazy\" decoding=\"async\" class=\"size-large wp-image-2000\" src=\"https:\/\/d2p6e6u75xmxt8.cloudfront.net\/5\/2016\/10\/pieszyce-8-1-1024x768.jpg\" alt=\"????????????????\" width=\"1024\" height=\"768\" \/><\/p>\n<p><img loading=\"lazy\" decoding=\"async\" class=\"size-large wp-image-2001\" src=\"https:\/\/d2p6e6u75xmxt8.cloudfront.net\/5\/2016\/10\/pieszyce-10-1-1024x768.jpg\" alt=\"????????????????\" width=\"1024\" height=\"768\" \/><\/p>\n<p><img loading=\"lazy\" decoding=\"async\" class=\"size-large wp-image-2002\" src=\"https:\/\/d2p6e6u75xmxt8.cloudfront.net\/5\/2016\/10\/pieszyce-11-1024x768.jpg\" alt=\"????????????????\" width=\"1024\" height=\"768\" \/><\/p>\n<p><img loading=\"lazy\" decoding=\"async\" class=\"size-large wp-image-2003\" src=\"https:\/\/d2p6e6u75xmxt8.cloudfront.net\/5\/2016\/10\/pieszyce-12-1024x768.jpg\" alt=\"????????????????\" width=\"1024\" height=\"768\" \/><\/p>\n<p style=\"text-align: justify\">Srebrna G\u00f3ra: 03.09.2016<\/p>\n<p style=\"text-align: justify\"><img loading=\"lazy\" decoding=\"async\" class=\"alignnone size-full wp-image-2004\" src=\"http:\/\/skoda-rowery.pl\/wp-content\/uploads\/2016\/10\/srebrna_gora-5.jpg\" alt=\"srebrna_gora-5\" width=\"960\" height=\"540\" \/><\/p>\n<p style=\"text-align: justify\"><img loading=\"lazy\" decoding=\"async\" class=\"alignnone size-large wp-image-2005\" src=\"https:\/\/d2p6e6u75xmxt8.cloudfront.net\/5\/2016\/10\/srebrna_gora-8-1024x576.jpg\" alt=\"srebrna_gora-8\" width=\"1024\" height=\"576\" \/><\/p>\n<p style=\"text-align: justify\"><img loading=\"lazy\" decoding=\"async\" class=\"alignnone size-large wp-image-2006\" src=\"https:\/\/d2p6e6u75xmxt8.cloudfront.net\/5\/2016\/10\/srebrna_gora-9.jpg\" alt=\"srebrna_gora-9\" width=\"719\" height=\"561\" \/><\/p>\n<p><img loading=\"lazy\" decoding=\"async\" class=\"size-large wp-image-2007\" src=\"https:\/\/d2p6e6u75xmxt8.cloudfront.net\/5\/2016\/10\/srebrna_gora-14-1024x768.jpg\" alt=\"????????????????\" width=\"1024\" height=\"768\" \/><\/p>\n<p><img loading=\"lazy\" decoding=\"async\" class=\"size-large wp-image-2008\" src=\"https:\/\/d2p6e6u75xmxt8.cloudfront.net\/5\/2016\/10\/srebrna_gora-21-1024x768.jpg\" alt=\"????????????????\" width=\"1024\" height=\"768\" \/><\/p>\n<p><img loading=\"lazy\" decoding=\"async\" class=\"size-large wp-image-2009\" src=\"https:\/\/d2p6e6u75xmxt8.cloudfront.net\/5\/2016\/10\/srebrna_gora-23-1-1024x768.jpg\" alt=\"????????????????\" width=\"1024\" height=\"768\" \/><\/p>\n<p><img loading=\"lazy\" decoding=\"async\" class=\"size-large wp-image-2010\" src=\"https:\/\/d2p6e6u75xmxt8.cloudfront.net\/5\/2016\/10\/srebrna_gora-24-1024x768.jpg\" alt=\"????????????????\" width=\"1024\" height=\"768\" \/><\/p>\n<p style=\"text-align: justify\"><img loading=\"lazy\" decoding=\"async\" class=\"alignnone size-large wp-image-2011\" src=\"https:\/\/d2p6e6u75xmxt8.cloudfront.net\/5\/2016\/10\/srebrna_gora-26.jpg\" alt=\"srebrna_gora-26\" width=\"960\" height=\"602\" \/><\/p>\n<p style=\"text-align: justify\"><img loading=\"lazy\" decoding=\"async\" class=\"alignnone size-large wp-image-2012\" src=\"https:\/\/d2p6e6u75xmxt8.cloudfront.net\/5\/2016\/10\/srebrna_gora-27.jpg\" alt=\"srebrna_gora-27\" width=\"719\" height=\"548\" \/><\/p>\n<p style=\"text-align: justify\"><img loading=\"lazy\" decoding=\"async\" class=\"alignnone size-large wp-image-2013\" src=\"https:\/\/d2p6e6u75xmxt8.cloudfront.net\/5\/2016\/10\/srebrna_gora-28.jpg\" alt=\"srebrna_gora-28\" width=\"960\" height=\"603\" \/><\/p>\n<p style=\"text-align: justify\">Dzier\u017coni\u00f3w i Jod\u0142ownik: 17.09.2016<\/p>\n<p style=\"text-align: justify\"><img loading=\"lazy\" decoding=\"async\" class=\"alignnone size-large wp-image-2014\" src=\"https:\/\/d2p6e6u75xmxt8.cloudfront.net\/5\/2016\/10\/jodlownik-4-1024x576.jpg\" alt=\"jodlownik-4\" width=\"1024\" height=\"576\" \/><\/p>\n<p style=\"text-align: justify\">\n<p><img loading=\"lazy\" decoding=\"async\" class=\"size-large wp-image-2015\" src=\"https:\/\/d2p6e6u75xmxt8.cloudfront.net\/5\/2016\/10\/jodlownik-9-1024x768.jpg\" alt=\"?\" width=\"1024\" height=\"768\" \/><\/p>\n<p><img loading=\"lazy\" decoding=\"async\" class=\"size-large wp-image-2016\" src=\"https:\/\/d2p6e6u75xmxt8.cloudfront.net\/5\/2016\/10\/jodlownik-10-1024x768.jpg\" alt=\"?\" width=\"1024\" height=\"768\" \/><\/p>\n<p><img loading=\"lazy\" decoding=\"async\" class=\"size-large wp-image-2017\" src=\"http:\/\/skoda-rowery.pl\/wp-content\/uploads\/2016\/10\/jodlownik-13-1024x768.jpg\" alt=\"?\" width=\"1024\" height=\"768\" \/><\/p>\n<p><img loading=\"lazy\" decoding=\"async\" class=\"size-large wp-image-2018\" src=\"https:\/\/d2p6e6u75xmxt8.cloudfront.net\/5\/2016\/10\/jodlownik-17-1024x768.jpg\" alt=\"?\" width=\"1024\" height=\"768\" \/><\/p>\n<p><img loading=\"lazy\" decoding=\"async\" class=\"size-large wp-image-2019\" src=\"http:\/\/skoda-rowery.pl\/wp-content\/uploads\/2016\/10\/jodlownik-18-1024x768.jpg\" alt=\"?\" width=\"1024\" height=\"768\" \/><\/p>\n<p><img loading=\"lazy\" decoding=\"async\" class=\"size-large wp-image-2020\" src=\"https:\/\/d2p6e6u75xmxt8.cloudfront.net\/5\/2016\/10\/jodlownik-19-1024x768.jpg\" alt=\"?\" width=\"1024\" height=\"768\" \/><\/p>\n<p><img loading=\"lazy\" decoding=\"async\" class=\"size-large wp-image-2021\" src=\"https:\/\/d2p6e6u75xmxt8.cloudfront.net\/5\/2016\/10\/jodlownik-20-1-1024x768.jpg\" alt=\"?\" width=\"1024\" height=\"768\" \/><\/p>\n<p><img loading=\"lazy\" decoding=\"async\" class=\"size-large wp-image-2022\" src=\"https:\/\/d2p6e6u75xmxt8.cloudfront.net\/5\/2016\/10\/jodlownik-21-1024x768.jpg\" alt=\"?\" width=\"1024\" height=\"768\" \/><\/p>\n<p><img loading=\"lazy\" decoding=\"async\" class=\"size-large wp-image-2023\" src=\"https:\/\/d2p6e6u75xmxt8.cloudfront.net\/5\/2016\/10\/jodlownik-24-1-1024x768.jpg\" alt=\"?\" width=\"1024\" height=\"768\" \/><\/p>\n<p style=\"text-align: justify\">\n<p style=\"text-align: justify\">Na zawodach do wyboru by\u0142y dwa dystanse \u2013 MINI i MEGA, a ka\u017cdy z organizator\u00f3w poszczeg\u00f3lnych imprez postara\u0142 si\u0119, aby trasy by\u0142y zr\u00f3\u017cnicowane pod wzgl\u0119dem technicznym. Ze wzgl\u0119du na ukszta\u0142towanie terenu nie zabrak\u0142o w\u0105skich w\u0105woz\u00f3w, singletrack\u00f3w oraz szutr\u00f3w. Jeste\u015bmy pewni, \u017ce ka\u017cdy z uczestnik\u00f3w znalaz\u0142 w\u015br\u00f3d tras co\u015b dla siebie!<\/p>\n<p style=\"text-align: justify\">Ka\u017cda z imprez zalicza\u0142a si\u0119 do klasyfikacji generalnej na obu dystansach. Aby zosta\u0107 sklasyfikowanym trzeba by\u0142o wzi\u0105\u0107 udzia\u0142 w co najmniej 4 edycjach, a w przypadku gdy zawodnik wystartowa\u0142 we wszystkich zawodach, by\u0142y brane pod uwag\u0119 cztery najlepsze wyniki.<\/p>\n<p style=\"text-align: justify\">W tym roku imprez\u0119 wspiera\u0142 <strong>Autoryzowany Dealer Marki <\/strong><strong>\u0160koda<\/strong> <strong>CENTRUM TMT <strong>we Wroc\u0142awiu i Dzier\u017coniowie<\/strong><\/strong>. Na najlepszych zawodnik\u00f3w w klasyfikacji generalnej kategorii open kobiet i m\u0119\u017cczyzn czeka\u0142y nagrody pieni\u0119\u017cne.<\/p>\n<p style=\"text-align: justify\">Nagrody otrzyma\u0142a pierwsza tr\u00f3jka na dystansie MEGA oraz na dystansie MINI kobiet i m\u0119\u017cczyzn. Dodatkowe nagrody rzeczowe, puchary, medale, dyplomy i upominki ufundowa\u0142a natomiast <strong>\u0160koda Polska, kt\u00f3ra aktywnie wspiera wiele imprez kolarskich na terenie ca\u0142ego kraju<\/strong>.<\/p>\n<p style=\"text-align: justify\">M\u00f3wi\u0105c o <strong>III Pucharze Centrum TMT Strefy MTB Sudety 2016<\/strong> nie spos\u00f3b nie wspomnie\u0107 o potencjale turystycznym Strefy MTB Sudety. System 20 tras rowerowych o \u0142\u0105cznej d\u0142ugo\u015bci 493 kilometr\u00f3w, kt\u00f3re znajduj\u0105 si\u0119 na terenie o\u015bmiu miejscowo\u015bci (Bielawa, Dzier\u017coni\u00f3w, G\u0142uszyca, Mierosz\u00f3w, Nowa Ruda, Pieszyce, Stoszowice, Walim) i czterech nadle\u015bnictw (Bardo, Jug\u00f3w, \u015awidnica, Wa\u0142brzych) rozwija si\u0119 z roku na rok. Ciekawe trasy dla rowerzyst\u00f3w znajdziemy w ca\u0142ych G\u00f3rach Sowich i Suchych, Rybnickim Grzbiecie w \u00a0G\u00f3rach Wa\u0142brzyskich, Pa\u015bmie Lesistej i Mieroszowskich \u015acianach w G\u00f3rach Sto\u0142owych. Obecnie jest to najwi\u0119kszy system g\u00f3rskich tras rowerowych w Polsce, kt\u00f3re zarz\u0105d, cz\u0142onkowie i sympatycy staraj\u0105 si\u0119 ca\u0142y czas ulepsza\u0107 \u2013 tak, by dla fan\u00f3w kolarstwa g\u00f3rskiego w naszym kraju sta\u0142 si\u0119 wyborem numer 1.<\/p>\n<p style=\"text-align: justify\">(\u017ar\u00f3d\u0142o zdj\u0119\u0107:\u00a0Autoryzowany Dealer Marki \u0160koda CENTRUM TMT we Wroc\u0142awiu i Dzier\u017coniowie)<\/p>\n","protected":false},"excerpt":{"rendered":"<p>Tego lata ju\u017c po raz trzeci Strefa MTB Sudety zorganizowa\u0142a cykl maraton\u00f3w rowerowych MTB. Nap\u0119dzany przez \u0160KOD\u0118, Puchar Strefy MTB [&hellip;]<\/p>\n","protected":false},"author":1,"featured_media":2065,"comment_status":"open","ping_status":"closed","sticky":false,"template":"","format":"standard","meta":{"footnotes":""},"categories":[1],"tags":[66],"global-categories":[],"class_list":["post-2323","post","type-post","status-publish","format-standard","has-post-thumbnail","hentry","category-uncategorized","tag-skodanapedzarowery"],"yoast_head":"<!-- This site is optimized with the Yoast SEO Premium plugin v25.3 (Yoast SEO v25.9) - https:\/\/yoast.com\/wordpress\/plugins\/seo\/ -->\n<title>\u0160koda nap\u0119dza III Puchar Centrum TMT Strefy MTB Sudety 2016 - \u0160koda We Love Cycling - Poland<\/title>\n<meta name=\"robots\" content=\"index, follow, max-snippet:-1, max-image-preview:large, max-video-preview:-1\" \/>\n<link rel=\"canonical\" href=\"https:\/\/www.welovecycling.com\/pl\/2016\/10\/03\/skoda-napedza-iii-puchar-centrum-tmt-strefy-mtb-sudety-2016\/\" \/>\n<meta property=\"og:locale\" content=\"pl_PL\" \/>\n<meta property=\"og:type\" content=\"article\" \/>\n<meta property=\"og:title\" content=\"\u0160koda nap\u0119dza III Puchar Centrum TMT Strefy MTB Sudety 2016\" \/>\n<meta property=\"og:description\" content=\"Tego lata ju\u017c po raz trzeci Strefa MTB Sudety zorganizowa\u0142a cykl maraton\u00f3w rowerowych MTB. Nap\u0119dzany przez \u0160KOD\u0118, Puchar Strefy MTB [&hellip;]\" \/>\n<meta property=\"og:url\" content=\"https:\/\/www.welovecycling.com\/pl\/2016\/10\/03\/skoda-napedza-iii-puchar-centrum-tmt-strefy-mtb-sudety-2016\/\" \/>\n<meta property=\"og:site_name\" content=\"\u0160koda We Love Cycling - Poland\" \/>\n<meta property=\"article:published_time\" content=\"2016-10-03T16:55:33+00:00\" \/>\n<meta property=\"article:modified_time\" content=\"2016-12-05T08:38:47+00:00\" \/>\n<meta property=\"og:image\" content=\"https:\/\/d2p6e6u75xmxt8.cloudfront.net\/5\/2016\/10\/bielawa-7-1.jpg\" \/>\n\t<meta property=\"og:image:width\" content=\"800\" \/>\n\t<meta property=\"og:image:height\" content=\"450\" \/>\n\t<meta property=\"og:image:type\" content=\"image\/jpeg\" \/>\n<meta name=\"author\" content=\"WeLoveCycling\" \/>\n<meta name=\"twitter:card\" content=\"summary_large_image\" \/>\n<meta name=\"twitter:label1\" content=\"Written by\" \/>\n\t<meta name=\"twitter:data1\" content=\"WeLoveCycling\" \/>\n\t<meta name=\"twitter:label2\" content=\"Est. reading time\" \/>\n\t<meta name=\"twitter:data2\" content=\"3 minutes\" \/>\n<script type=\"application\/ld+json\" class=\"yoast-schema-graph\">{\"@context\":\"https:\/\/schema.org\",\"@graph\":[{\"@type\":\"WebPage\",\"@id\":\"https:\/\/www.welovecycling.com\/pl\/2016\/10\/03\/skoda-napedza-iii-puchar-centrum-tmt-strefy-mtb-sudety-2016\/\",\"url\":\"https:\/\/www.welovecycling.com\/pl\/2016\/10\/03\/skoda-napedza-iii-puchar-centrum-tmt-strefy-mtb-sudety-2016\/\",\"name\":\"\u0160koda nap\u0119dza III Puchar Centrum TMT Strefy MTB Sudety 2016 - \u0160koda We Love Cycling - Poland\",\"isPartOf\":{\"@id\":\"https:\/\/www.welovecycling.com\/pl\/#website\"},\"primaryImageOfPage\":{\"@id\":\"https:\/\/www.welovecycling.com\/pl\/2016\/10\/03\/skoda-napedza-iii-puchar-centrum-tmt-strefy-mtb-sudety-2016\/#primaryimage\"},\"image\":{\"@id\":\"https:\/\/www.welovecycling.com\/pl\/2016\/10\/03\/skoda-napedza-iii-puchar-centrum-tmt-strefy-mtb-sudety-2016\/#primaryimage\"},\"thumbnailUrl\":\"https:\/\/d2p6e6u75xmxt8.cloudfront.net\/5\/2016\/10\/bielawa-7-1.jpg\",\"datePublished\":\"2016-10-03T16:55:33+00:00\",\"dateModified\":\"2016-12-05T08:38:47+00:00\",\"author\":{\"@id\":\"https:\/\/www.welovecycling.com\/pl\/#\/schema\/person\/e5187c9cac8dd619ebc7b41bd73c2fd9\"},\"breadcrumb\":{\"@id\":\"https:\/\/www.welovecycling.com\/pl\/2016\/10\/03\/skoda-napedza-iii-puchar-centrum-tmt-strefy-mtb-sudety-2016\/#breadcrumb\"},\"inLanguage\":\"pl-PL\",\"potentialAction\":[{\"@type\":\"ReadAction\",\"target\":[\"https:\/\/www.welovecycling.com\/pl\/2016\/10\/03\/skoda-napedza-iii-puchar-centrum-tmt-strefy-mtb-sudety-2016\/\"]}]},{\"@type\":\"ImageObject\",\"inLanguage\":\"pl-PL\",\"@id\":\"https:\/\/www.welovecycling.com\/pl\/2016\/10\/03\/skoda-napedza-iii-puchar-centrum-tmt-strefy-mtb-sudety-2016\/#primaryimage\",\"url\":\"https:\/\/d2p6e6u75xmxt8.cloudfront.net\/5\/2016\/10\/bielawa-7-1.jpg\",\"contentUrl\":\"https:\/\/d2p6e6u75xmxt8.cloudfront.net\/5\/2016\/10\/bielawa-7-1.jpg\",\"width\":800,\"height\":450},{\"@type\":\"BreadcrumbList\",\"@id\":\"https:\/\/www.welovecycling.com\/pl\/2016\/10\/03\/skoda-napedza-iii-puchar-centrum-tmt-strefy-mtb-sudety-2016\/#breadcrumb\",\"itemListElement\":[{\"@type\":\"ListItem\",\"position\":1,\"name\":\"Home\",\"item\":\"https:\/\/www.welovecycling.com\/pl\/\"},{\"@type\":\"ListItem\",\"position\":2,\"name\":\"\u0160koda nap\u0119dza III Puchar Centrum TMT Strefy MTB Sudety 2016\"}]},{\"@type\":\"WebSite\",\"@id\":\"https:\/\/www.welovecycling.com\/pl\/#website\",\"url\":\"https:\/\/www.welovecycling.com\/pl\/\",\"name\":\"\u0160koda We Love Cycling - Poland\",\"description\":\"\",\"potentialAction\":[{\"@type\":\"SearchAction\",\"target\":{\"@type\":\"EntryPoint\",\"urlTemplate\":\"https:\/\/www.welovecycling.com\/pl\/?s={search_term_string}\"},\"query-input\":{\"@type\":\"PropertyValueSpecification\",\"valueRequired\":true,\"valueName\":\"search_term_string\"}}],\"inLanguage\":\"pl-PL\"},{\"@type\":\"Person\",\"@id\":\"https:\/\/www.welovecycling.com\/pl\/#\/schema\/person\/e5187c9cac8dd619ebc7b41bd73c2fd9\",\"name\":\"WeLoveCycling\",\"image\":{\"@type\":\"ImageObject\",\"inLanguage\":\"pl-PL\",\"@id\":\"https:\/\/www.welovecycling.com\/pl\/#\/schema\/person\/image\/\",\"url\":\"https:\/\/secure.gravatar.com\/avatar\/7e1ee0ecc5e294b19ef32b9f6086e0afbb9da00c3cb0d465ba4695331f4a9187?s=96&d=mm&r=g\",\"contentUrl\":\"https:\/\/secure.gravatar.com\/avatar\/7e1ee0ecc5e294b19ef32b9f6086e0afbb9da00c3cb0d465ba4695331f4a9187?s=96&d=mm&r=g\",\"caption\":\"WeLoveCycling\"},\"url\":\"https:\/\/www.welovecycling.com\/pl\/author\/lukascech\/\"}]}<\/script>\n<!-- \/ Yoast SEO Premium plugin. -->","yoast_head_json":{"title":"\u0160koda nap\u0119dza III Puchar Centrum TMT Strefy MTB Sudety 2016 - \u0160koda We Love Cycling - Poland","robots":{"index":"index","follow":"follow","max-snippet":"max-snippet:-1","max-image-preview":"max-image-preview:large","max-video-preview":"max-video-preview:-1"},"canonical":"https:\/\/www.welovecycling.com\/pl\/2016\/10\/03\/skoda-napedza-iii-puchar-centrum-tmt-strefy-mtb-sudety-2016\/","og_locale":"pl_PL","og_type":"article","og_title":"\u0160koda nap\u0119dza III Puchar Centrum TMT Strefy MTB Sudety 2016","og_description":"Tego lata ju\u017c po raz trzeci Strefa MTB Sudety zorganizowa\u0142a cykl maraton\u00f3w rowerowych MTB. Nap\u0119dzany przez \u0160KOD\u0118, Puchar Strefy MTB [&hellip;]","og_url":"https:\/\/www.welovecycling.com\/pl\/2016\/10\/03\/skoda-napedza-iii-puchar-centrum-tmt-strefy-mtb-sudety-2016\/","og_site_name":"\u0160koda We Love Cycling - Poland","article_published_time":"2016-10-03T16:55:33+00:00","article_modified_time":"2016-12-05T08:38:47+00:00","og_image":[{"width":800,"height":450,"url":"https:\/\/d2p6e6u75xmxt8.cloudfront.net\/5\/2016\/10\/bielawa-7-1.jpg","type":"image\/jpeg"}],"author":"WeLoveCycling","twitter_card":"summary_large_image","twitter_misc":{"Written by":"WeLoveCycling","Est. reading time":"3 minutes"},"schema":{"@context":"https:\/\/schema.org","@graph":[{"@type":"WebPage","@id":"https:\/\/www.welovecycling.com\/pl\/2016\/10\/03\/skoda-napedza-iii-puchar-centrum-tmt-strefy-mtb-sudety-2016\/","url":"https:\/\/www.welovecycling.com\/pl\/2016\/10\/03\/skoda-napedza-iii-puchar-centrum-tmt-strefy-mtb-sudety-2016\/","name":"\u0160koda nap\u0119dza III Puchar Centrum TMT Strefy MTB Sudety 2016 - \u0160koda We Love Cycling - Poland","isPartOf":{"@id":"https:\/\/www.welovecycling.com\/pl\/#website"},"primaryImageOfPage":{"@id":"https:\/\/www.welovecycling.com\/pl\/2016\/10\/03\/skoda-napedza-iii-puchar-centrum-tmt-strefy-mtb-sudety-2016\/#primaryimage"},"image":{"@id":"https:\/\/www.welovecycling.com\/pl\/2016\/10\/03\/skoda-napedza-iii-puchar-centrum-tmt-strefy-mtb-sudety-2016\/#primaryimage"},"thumbnailUrl":"https:\/\/d2p6e6u75xmxt8.cloudfront.net\/5\/2016\/10\/bielawa-7-1.jpg","datePublished":"2016-10-03T16:55:33+00:00","dateModified":"2016-12-05T08:38:47+00:00","author":{"@id":"https:\/\/www.welovecycling.com\/pl\/#\/schema\/person\/e5187c9cac8dd619ebc7b41bd73c2fd9"},"breadcrumb":{"@id":"https:\/\/www.welovecycling.com\/pl\/2016\/10\/03\/skoda-napedza-iii-puchar-centrum-tmt-strefy-mtb-sudety-2016\/#breadcrumb"},"inLanguage":"pl-PL","potentialAction":[{"@type":"ReadAction","target":["https:\/\/www.welovecycling.com\/pl\/2016\/10\/03\/skoda-napedza-iii-puchar-centrum-tmt-strefy-mtb-sudety-2016\/"]}]},{"@type":"ImageObject","inLanguage":"pl-PL","@id":"https:\/\/www.welovecycling.com\/pl\/2016\/10\/03\/skoda-napedza-iii-puchar-centrum-tmt-strefy-mtb-sudety-2016\/#primaryimage","url":"https:\/\/d2p6e6u75xmxt8.cloudfront.net\/5\/2016\/10\/bielawa-7-1.jpg","contentUrl":"https:\/\/d2p6e6u75xmxt8.cloudfront.net\/5\/2016\/10\/bielawa-7-1.jpg","width":800,"height":450},{"@type":"BreadcrumbList","@id":"https:\/\/www.welovecycling.com\/pl\/2016\/10\/03\/skoda-napedza-iii-puchar-centrum-tmt-strefy-mtb-sudety-2016\/#breadcrumb","itemListElement":[{"@type":"ListItem","position":1,"name":"Home","item":"https:\/\/www.welovecycling.com\/pl\/"},{"@type":"ListItem","position":2,"name":"\u0160koda nap\u0119dza III Puchar Centrum TMT Strefy MTB Sudety 2016"}]},{"@type":"WebSite","@id":"https:\/\/www.welovecycling.com\/pl\/#website","url":"https:\/\/www.welovecycling.com\/pl\/","name":"\u0160koda We Love Cycling - Poland","description":"","potentialAction":[{"@type":"SearchAction","target":{"@type":"EntryPoint","urlTemplate":"https:\/\/www.welovecycling.com\/pl\/?s={search_term_string}"},"query-input":{"@type":"PropertyValueSpecification","valueRequired":true,"valueName":"search_term_string"}}],"inLanguage":"pl-PL"},{"@type":"Person","@id":"https:\/\/www.welovecycling.com\/pl\/#\/schema\/person\/e5187c9cac8dd619ebc7b41bd73c2fd9","name":"WeLoveCycling","image":{"@type":"ImageObject","inLanguage":"pl-PL","@id":"https:\/\/www.welovecycling.com\/pl\/#\/schema\/person\/image\/","url":"https:\/\/secure.gravatar.com\/avatar\/7e1ee0ecc5e294b19ef32b9f6086e0afbb9da00c3cb0d465ba4695331f4a9187?s=96&d=mm&r=g","contentUrl":"https:\/\/secure.gravatar.com\/avatar\/7e1ee0ecc5e294b19ef32b9f6086e0afbb9da00c3cb0d465ba4695331f4a9187?s=96&d=mm&r=g","caption":"WeLoveCycling"},"url":"https:\/\/www.welovecycling.com\/pl\/author\/lukascech\/"}]}},"_links":{"self":[{"href":"https:\/\/www.welovecycling.com\/pl\/wp-json\/wp\/v2\/posts\/2323","targetHints":{"allow":["GET"]}}],"collection":[{"href":"https:\/\/www.welovecycling.com\/pl\/wp-json\/wp\/v2\/posts"}],"about":[{"href":"https:\/\/www.welovecycling.com\/pl\/wp-json\/wp\/v2\/types\/post"}],"author":[{"embeddable":true,"href":"https:\/\/www.welovecycling.com\/pl\/wp-json\/wp\/v2\/users\/1"}],"replies":[{"embeddable":true,"href":"https:\/\/www.welovecycling.com\/pl\/wp-json\/wp\/v2\/comments?post=2323"}],"version-history":[{"count":1,"href":"https:\/\/www.welovecycling.com\/pl\/wp-json\/wp\/v2\/posts\/2323\/revisions"}],"predecessor-version":[{"id":2371,"href":"https:\/\/www.welovecycling.com\/pl\/wp-json\/wp\/v2\/posts\/2323\/revisions\/2371"}],"wp:featuredmedia":[{"embeddable":true,"href":"https:\/\/www.welovecycling.com\/pl\/wp-json\/wp\/v2\/media\/2065"}],"wp:attachment":[{"href":"https:\/\/www.welovecycling.com\/pl\/wp-json\/wp\/v2\/media?parent=2323"}],"wp:term":[{"taxonomy":"category","embeddable":true,"href":"https:\/\/www.welovecycling.com\/pl\/wp-json\/wp\/v2\/categories?post=2323"},{"taxonomy":"post_tag","embeddable":true,"href":"https:\/\/www.welovecycling.com\/pl\/wp-json\/wp\/v2\/tags?post=2323"},{"taxonomy":"global-categories","embeddable":true,"href":"https:\/\/www.welovecycling.com\/pl\/wp-json\/wp\/v2\/global-categories?post=2323"}],"curies":[{"name":"wp","href":"https:\/\/api.w.org\/{rel}","templated":true}]}}