{"id":2322,"date":"2016-09-30T16:25:24","date_gmt":"2016-09-30T16:25:24","guid":{"rendered":"http:\/\/skoda-rowery.pl\/?p=1966"},"modified":"2017-04-24T11:39:17","modified_gmt":"2017-04-24T11:39:17","slug":"adventure-camp-2016-przygoda-na-islandii","status":"publish","type":"post","link":"https:\/\/www.welovecycling.com\/pl\/2016\/09\/30\/adventure-camp-2016-przygoda-na-islandii\/","title":{"rendered":"Adventure Camp 2016: przygoda na Islandii"},"content":{"rendered":"<p style=\"text-align: justify;\">Min\u0105\u0142 ju\u017c miesi\u0105c od kiedy zwyci\u0119zcy Adventure Camp prze\u017cyli fascynuj\u0105c\u0105 przygod\u0119 na Islandii, ale emocje wci\u0105\u017c nie chc\u0105 opa\u015b\u0107! Zobacz relacj\u0119 z ich rowerowej wycieczki.<!--more--><\/p>\n<p style=\"text-align: justify;\">Tegoroczna wyprawa Adventure Camp by\u0142a jeszcze bardziej spektakularna, ni\u017c rok temu. Uczestnicy z Francji, Polski i Islandii mieli okazj\u0119 je\u017adzi\u0107 na najbardziej wymagaj\u0105cych, a zarazem fascynuj\u0105cych i pi\u0119knych trasach. Podj\u0119li ekstremalne wyzwanie, kt\u00f3re okaza\u0142o si\u0119 by\u0107 dla nich wyj\u0105tkowym prze\u017cyciem. Czy pe\u0142na emocji relacja sk\u0142oni Was do wzi\u0119cia udzia\u0142u w kolejnych edycjach konkursu?<\/p>\n<p style=\"text-align: justify;\"><img loading=\"lazy\" decoding=\"async\" class=\"alignnone size-full wp-image-1967\" src=\"https:\/\/d2p6e6u75xmxt8.cloudfront.net\/5\/2016\/09\/Skoda_LowRez-2917.jpg\" alt=\"skoda_lowrez-2917\" width=\"900\" height=\"599\" \/><\/p>\n<p style=\"text-align: justify;\"><em>\u201eAdventure Camp to by\u0142y najlepsze cztery dni mojego \u017cycia\u201d<\/em>, m\u00f3wi S\u0142awomir Bednarski z Polski.<\/p>\n<p style=\"text-align: justify;\">\n<p style=\"text-align: justify;\">Zas\u0142u\u017cony odpoczynek w dolinie Gj\u00e1in w \u00dej\u00f3rs\u00e1rdalur<\/p>\n<p style=\"text-align: justify;\"><img loading=\"lazy\" decoding=\"async\" class=\"alignnone size-full wp-image-1970\" src=\"https:\/\/d2p6e6u75xmxt8.cloudfront.net\/5\/2016\/09\/Skoda_LowRez-1222-1.jpg\" alt=\"skoda_lowrez-1222\" width=\"900\" height=\"599\" \/><\/p>\n<p style=\"text-align: justify;\">C\u00f3\u017c za widoki! Trzech \u015bmia\u0142k\u00f3w przez cztery dni mia\u0142o okazj\u0119 nie tylko do podniesienia swoich umiej\u0119tno\u015bci w je\u017adzie g\u00f3rskiej, ale r\u00f3wnie\u017c do eksplorowania pi\u0119kna islandzkiej przyrody.<\/p>\n<p style=\"text-align: justify;\">\n<p style=\"text-align: justify;\">Pierwszego dnia zawodnicy przyjechali do Rejkjawiku, by pozna\u0107 swoich wsp\u00f3\u0142towarzyszy. Kolejnego dnia wczesnym rankiem byli ju\u017c w g\u00f3rskim Landmannalaugar, kt\u00f3re sta\u0142o si\u0119 ich baz\u0105 na najbli\u017csze dni.<\/p>\n<p style=\"text-align: justify;\">Baza namiotowa uczestnik\u00f3w niezapomnianej przygody<\/p>\n<p style=\"text-align: justify;\"><img loading=\"lazy\" decoding=\"async\" class=\"alignnone size-full wp-image-1972\" src=\"https:\/\/d2p6e6u75xmxt8.cloudfront.net\/5\/2016\/09\/Skoda_LowRez-3569.jpg\" alt=\"skoda_lowrez-3569\" width=\"900\" height=\"599\" \/><\/p>\n<p style=\"text-align: justify;\">Nasza bohaterska tr\u00f3jka zdoby\u0142a wzg\u00f3rze wulkaniczne Hengill w po\u0142udniowo \u2013 zachodniej Islandii, kt\u00f3rego ca\u0142kowita powierzchnia to ok. 100 km kwadratowych. Pogoda nie sprzyja\u0142a, ale ekipa Adventure Camp poradzi\u0142a sobie z wyzwaniem wybieraj\u0105c alternatywn\u0105 tras\u0119. Wyposa\u017ceni w niezb\u0119dny ekwipunek kolarze wspi\u0119li si\u0119 na wy\u017cyny swoich umiej\u0119tno\u015bci. Wiwat Adventure Camp!<\/p>\n<p style=\"text-align: justify;\">\n<p style=\"text-align: justify;\">H\u00e1ifoss, drugi najwy\u017cszy wulkan na Islandii<\/p>\n<p style=\"text-align: justify;\"><img loading=\"lazy\" decoding=\"async\" class=\"alignnone size-full wp-image-1974\" src=\"https:\/\/d2p6e6u75xmxt8.cloudfront.net\/5\/2016\/09\/Skoda_LowRez-948.jpg\" alt=\"skoda_lowrez-948\" width=\"900\" height=\"599\" \/><\/p>\n<p style=\"text-align: justify;\">(\u017ar\u00f3d\u0142o: welovecycling.com)<\/p>\n","protected":false},"excerpt":{"rendered":"<p>Min\u0105\u0142 ju\u017c miesi\u0105c od kiedy zwyci\u0119zcy Adventure Camp prze\u017cyli fascynuj\u0105c\u0105 przygod\u0119 na Islandii, ale emocje wci\u0105\u017c nie chc\u0105 opa\u015b\u0107! Zobacz [&hellip;]<\/p>\n","protected":false},"author":1,"featured_media":1992,"comment_status":"open","ping_status":"closed","sticky":false,"template":"","format":"standard","meta":{"footnotes":""},"categories":[3],"tags":[35,66],"global-categories":[],"class_list":["post-2322","post","type-post","status-publish","format-standard","has-post-thumbnail","hentry","category-adrenalina","tag-adventurecamp2016","tag-skodanapedzarowery"],"yoast_head":"<!-- This site is optimized with the Yoast SEO Premium plugin v25.3 (Yoast SEO v25.9) - https:\/\/yoast.com\/wordpress\/plugins\/seo\/ -->\n<title>Adventure Camp 2016: przygoda na Islandii - \u0160koda We Love Cycling - Poland<\/title>\n<meta name=\"robots\" content=\"index, follow, max-snippet:-1, max-image-preview:large, max-video-preview:-1\" \/>\n<link rel=\"canonical\" href=\"https:\/\/www.welovecycling.com\/pl\/2016\/09\/30\/adventure-camp-2016-przygoda-na-islandii\/\" \/>\n<meta property=\"og:locale\" content=\"pl_PL\" \/>\n<meta property=\"og:type\" content=\"article\" \/>\n<meta property=\"og:title\" content=\"Adventure Camp 2016: przygoda na Islandii\" \/>\n<meta property=\"og:description\" content=\"Min\u0105\u0142 ju\u017c miesi\u0105c od kiedy zwyci\u0119zcy Adventure Camp prze\u017cyli fascynuj\u0105c\u0105 przygod\u0119 na Islandii, ale emocje wci\u0105\u017c nie chc\u0105 opa\u015b\u0107! Zobacz [&hellip;]\" \/>\n<meta property=\"og:url\" content=\"https:\/\/www.welovecycling.com\/pl\/2016\/09\/30\/adventure-camp-2016-przygoda-na-islandii\/\" \/>\n<meta property=\"og:site_name\" content=\"\u0160koda We Love Cycling - Poland\" \/>\n<meta property=\"article:published_time\" content=\"2016-09-30T16:25:24+00:00\" \/>\n<meta property=\"article:modified_time\" content=\"2017-04-24T11:39:17+00:00\" \/>\n<meta property=\"og:image\" content=\"https:\/\/d2p6e6u75xmxt8.cloudfront.net\/5\/2016\/09\/webcover_wlc.jpg\" \/>\n\t<meta property=\"og:image:width\" content=\"1375\" \/>\n\t<meta property=\"og:image:height\" content=\"600\" \/>\n\t<meta property=\"og:image:type\" content=\"image\/jpeg\" \/>\n<meta name=\"author\" content=\"WeLoveCycling\" \/>\n<meta name=\"twitter:card\" content=\"summary_large_image\" \/>\n<meta name=\"twitter:label1\" content=\"Written by\" \/>\n\t<meta name=\"twitter:data1\" content=\"WeLoveCycling\" \/>\n\t<meta name=\"twitter:label2\" content=\"Est. reading time\" \/>\n\t<meta name=\"twitter:data2\" content=\"1 minute\" \/>\n<script type=\"application\/ld+json\" class=\"yoast-schema-graph\">{\"@context\":\"https:\/\/schema.org\",\"@graph\":[{\"@type\":\"WebPage\",\"@id\":\"https:\/\/www.welovecycling.com\/pl\/2016\/09\/30\/adventure-camp-2016-przygoda-na-islandii\/\",\"url\":\"https:\/\/www.welovecycling.com\/pl\/2016\/09\/30\/adventure-camp-2016-przygoda-na-islandii\/\",\"name\":\"Adventure Camp 2016: przygoda na Islandii - \u0160koda We Love Cycling - Poland\",\"isPartOf\":{\"@id\":\"https:\/\/www.welovecycling.com\/pl\/#website\"},\"primaryImageOfPage\":{\"@id\":\"https:\/\/www.welovecycling.com\/pl\/2016\/09\/30\/adventure-camp-2016-przygoda-na-islandii\/#primaryimage\"},\"image\":{\"@id\":\"https:\/\/www.welovecycling.com\/pl\/2016\/09\/30\/adventure-camp-2016-przygoda-na-islandii\/#primaryimage\"},\"thumbnailUrl\":\"https:\/\/d2p6e6u75xmxt8.cloudfront.net\/5\/2016\/09\/webcover_wlc.jpg\",\"datePublished\":\"2016-09-30T16:25:24+00:00\",\"dateModified\":\"2017-04-24T11:39:17+00:00\",\"author\":{\"@id\":\"https:\/\/www.welovecycling.com\/pl\/#\/schema\/person\/e5187c9cac8dd619ebc7b41bd73c2fd9\"},\"breadcrumb\":{\"@id\":\"https:\/\/www.welovecycling.com\/pl\/2016\/09\/30\/adventure-camp-2016-przygoda-na-islandii\/#breadcrumb\"},\"inLanguage\":\"pl-PL\",\"potentialAction\":[{\"@type\":\"ReadAction\",\"target\":[\"https:\/\/www.welovecycling.com\/pl\/2016\/09\/30\/adventure-camp-2016-przygoda-na-islandii\/\"]}]},{\"@type\":\"ImageObject\",\"inLanguage\":\"pl-PL\",\"@id\":\"https:\/\/www.welovecycling.com\/pl\/2016\/09\/30\/adventure-camp-2016-przygoda-na-islandii\/#primaryimage\",\"url\":\"https:\/\/d2p6e6u75xmxt8.cloudfront.net\/5\/2016\/09\/webcover_wlc.jpg\",\"contentUrl\":\"https:\/\/d2p6e6u75xmxt8.cloudfront.net\/5\/2016\/09\/webcover_wlc.jpg\",\"width\":1375,\"height\":600},{\"@type\":\"BreadcrumbList\",\"@id\":\"https:\/\/www.welovecycling.com\/pl\/2016\/09\/30\/adventure-camp-2016-przygoda-na-islandii\/#breadcrumb\",\"itemListElement\":[{\"@type\":\"ListItem\",\"position\":1,\"name\":\"Home\",\"item\":\"https:\/\/www.welovecycling.com\/pl\/\"},{\"@type\":\"ListItem\",\"position\":2,\"name\":\"Adventure Camp 2016: przygoda na Islandii\"}]},{\"@type\":\"WebSite\",\"@id\":\"https:\/\/www.welovecycling.com\/pl\/#website\",\"url\":\"https:\/\/www.welovecycling.com\/pl\/\",\"name\":\"\u0160koda We Love Cycling - Poland\",\"description\":\"\",\"potentialAction\":[{\"@type\":\"SearchAction\",\"target\":{\"@type\":\"EntryPoint\",\"urlTemplate\":\"https:\/\/www.welovecycling.com\/pl\/?s={search_term_string}\"},\"query-input\":{\"@type\":\"PropertyValueSpecification\",\"valueRequired\":true,\"valueName\":\"search_term_string\"}}],\"inLanguage\":\"pl-PL\"},{\"@type\":\"Person\",\"@id\":\"https:\/\/www.welovecycling.com\/pl\/#\/schema\/person\/e5187c9cac8dd619ebc7b41bd73c2fd9\",\"name\":\"WeLoveCycling\",\"image\":{\"@type\":\"ImageObject\",\"inLanguage\":\"pl-PL\",\"@id\":\"https:\/\/www.welovecycling.com\/pl\/#\/schema\/person\/image\/\",\"url\":\"https:\/\/secure.gravatar.com\/avatar\/7e1ee0ecc5e294b19ef32b9f6086e0afbb9da00c3cb0d465ba4695331f4a9187?s=96&d=mm&r=g\",\"contentUrl\":\"https:\/\/secure.gravatar.com\/avatar\/7e1ee0ecc5e294b19ef32b9f6086e0afbb9da00c3cb0d465ba4695331f4a9187?s=96&d=mm&r=g\",\"caption\":\"WeLoveCycling\"},\"url\":\"https:\/\/www.welovecycling.com\/pl\/author\/lukascech\/\"}]}<\/script>\n<!-- \/ Yoast SEO Premium plugin. -->","yoast_head_json":{"title":"Adventure Camp 2016: przygoda na Islandii - \u0160koda We Love Cycling - Poland","robots":{"index":"index","follow":"follow","max-snippet":"max-snippet:-1","max-image-preview":"max-image-preview:large","max-video-preview":"max-video-preview:-1"},"canonical":"https:\/\/www.welovecycling.com\/pl\/2016\/09\/30\/adventure-camp-2016-przygoda-na-islandii\/","og_locale":"pl_PL","og_type":"article","og_title":"Adventure Camp 2016: przygoda na Islandii","og_description":"Min\u0105\u0142 ju\u017c miesi\u0105c od kiedy zwyci\u0119zcy Adventure Camp prze\u017cyli fascynuj\u0105c\u0105 przygod\u0119 na Islandii, ale emocje wci\u0105\u017c nie chc\u0105 opa\u015b\u0107! Zobacz [&hellip;]","og_url":"https:\/\/www.welovecycling.com\/pl\/2016\/09\/30\/adventure-camp-2016-przygoda-na-islandii\/","og_site_name":"\u0160koda We Love Cycling - Poland","article_published_time":"2016-09-30T16:25:24+00:00","article_modified_time":"2017-04-24T11:39:17+00:00","og_image":[{"width":1375,"height":600,"url":"https:\/\/d2p6e6u75xmxt8.cloudfront.net\/5\/2016\/09\/webcover_wlc.jpg","type":"image\/jpeg"}],"author":"WeLoveCycling","twitter_card":"summary_large_image","twitter_misc":{"Written by":"WeLoveCycling","Est. reading time":"1 minute"},"schema":{"@context":"https:\/\/schema.org","@graph":[{"@type":"WebPage","@id":"https:\/\/www.welovecycling.com\/pl\/2016\/09\/30\/adventure-camp-2016-przygoda-na-islandii\/","url":"https:\/\/www.welovecycling.com\/pl\/2016\/09\/30\/adventure-camp-2016-przygoda-na-islandii\/","name":"Adventure Camp 2016: przygoda na Islandii - \u0160koda We Love Cycling - Poland","isPartOf":{"@id":"https:\/\/www.welovecycling.com\/pl\/#website"},"primaryImageOfPage":{"@id":"https:\/\/www.welovecycling.com\/pl\/2016\/09\/30\/adventure-camp-2016-przygoda-na-islandii\/#primaryimage"},"image":{"@id":"https:\/\/www.welovecycling.com\/pl\/2016\/09\/30\/adventure-camp-2016-przygoda-na-islandii\/#primaryimage"},"thumbnailUrl":"https:\/\/d2p6e6u75xmxt8.cloudfront.net\/5\/2016\/09\/webcover_wlc.jpg","datePublished":"2016-09-30T16:25:24+00:00","dateModified":"2017-04-24T11:39:17+00:00","author":{"@id":"https:\/\/www.welovecycling.com\/pl\/#\/schema\/person\/e5187c9cac8dd619ebc7b41bd73c2fd9"},"breadcrumb":{"@id":"https:\/\/www.welovecycling.com\/pl\/2016\/09\/30\/adventure-camp-2016-przygoda-na-islandii\/#breadcrumb"},"inLanguage":"pl-PL","potentialAction":[{"@type":"ReadAction","target":["https:\/\/www.welovecycling.com\/pl\/2016\/09\/30\/adventure-camp-2016-przygoda-na-islandii\/"]}]},{"@type":"ImageObject","inLanguage":"pl-PL","@id":"https:\/\/www.welovecycling.com\/pl\/2016\/09\/30\/adventure-camp-2016-przygoda-na-islandii\/#primaryimage","url":"https:\/\/d2p6e6u75xmxt8.cloudfront.net\/5\/2016\/09\/webcover_wlc.jpg","contentUrl":"https:\/\/d2p6e6u75xmxt8.cloudfront.net\/5\/2016\/09\/webcover_wlc.jpg","width":1375,"height":600},{"@type":"BreadcrumbList","@id":"https:\/\/www.welovecycling.com\/pl\/2016\/09\/30\/adventure-camp-2016-przygoda-na-islandii\/#breadcrumb","itemListElement":[{"@type":"ListItem","position":1,"name":"Home","item":"https:\/\/www.welovecycling.com\/pl\/"},{"@type":"ListItem","position":2,"name":"Adventure Camp 2016: przygoda na Islandii"}]},{"@type":"WebSite","@id":"https:\/\/www.welovecycling.com\/pl\/#website","url":"https:\/\/www.welovecycling.com\/pl\/","name":"\u0160koda We Love Cycling - Poland","description":"","potentialAction":[{"@type":"SearchAction","target":{"@type":"EntryPoint","urlTemplate":"https:\/\/www.welovecycling.com\/pl\/?s={search_term_string}"},"query-input":{"@type":"PropertyValueSpecification","valueRequired":true,"valueName":"search_term_string"}}],"inLanguage":"pl-PL"},{"@type":"Person","@id":"https:\/\/www.welovecycling.com\/pl\/#\/schema\/person\/e5187c9cac8dd619ebc7b41bd73c2fd9","name":"WeLoveCycling","image":{"@type":"ImageObject","inLanguage":"pl-PL","@id":"https:\/\/www.welovecycling.com\/pl\/#\/schema\/person\/image\/","url":"https:\/\/secure.gravatar.com\/avatar\/7e1ee0ecc5e294b19ef32b9f6086e0afbb9da00c3cb0d465ba4695331f4a9187?s=96&d=mm&r=g","contentUrl":"https:\/\/secure.gravatar.com\/avatar\/7e1ee0ecc5e294b19ef32b9f6086e0afbb9da00c3cb0d465ba4695331f4a9187?s=96&d=mm&r=g","caption":"WeLoveCycling"},"url":"https:\/\/www.welovecycling.com\/pl\/author\/lukascech\/"}]}},"_links":{"self":[{"href":"https:\/\/www.welovecycling.com\/pl\/wp-json\/wp\/v2\/posts\/2322","targetHints":{"allow":["GET"]}}],"collection":[{"href":"https:\/\/www.welovecycling.com\/pl\/wp-json\/wp\/v2\/posts"}],"about":[{"href":"https:\/\/www.welovecycling.com\/pl\/wp-json\/wp\/v2\/types\/post"}],"author":[{"embeddable":true,"href":"https:\/\/www.welovecycling.com\/pl\/wp-json\/wp\/v2\/users\/1"}],"replies":[{"embeddable":true,"href":"https:\/\/www.welovecycling.com\/pl\/wp-json\/wp\/v2\/comments?post=2322"}],"version-history":[{"count":2,"href":"https:\/\/www.welovecycling.com\/pl\/wp-json\/wp\/v2\/posts\/2322\/revisions"}],"predecessor-version":[{"id":3559,"href":"https:\/\/www.welovecycling.com\/pl\/wp-json\/wp\/v2\/posts\/2322\/revisions\/3559"}],"wp:featuredmedia":[{"embeddable":true,"href":"https:\/\/www.welovecycling.com\/pl\/wp-json\/wp\/v2\/media\/1992"}],"wp:attachment":[{"href":"https:\/\/www.welovecycling.com\/pl\/wp-json\/wp\/v2\/media?parent=2322"}],"wp:term":[{"taxonomy":"category","embeddable":true,"href":"https:\/\/www.welovecycling.com\/pl\/wp-json\/wp\/v2\/categories?post=2322"},{"taxonomy":"post_tag","embeddable":true,"href":"https:\/\/www.welovecycling.com\/pl\/wp-json\/wp\/v2\/tags?post=2322"},{"taxonomy":"global-categories","embeddable":true,"href":"https:\/\/www.welovecycling.com\/pl\/wp-json\/wp\/v2\/global-categories?post=2322"}],"curies":[{"name":"wp","href":"https:\/\/api.w.org\/{rel}","templated":true}]}}