{"id":2319,"date":"2015-08-31T10:56:26","date_gmt":"2015-08-31T10:56:26","guid":{"rendered":"http:\/\/serwer1629254.home.pl\/index.php\/2015\/08\/31\/cyklo-gdynia\/"},"modified":"2016-12-05T09:59:09","modified_gmt":"2016-12-05T09:59:09","slug":"cyklo-gdynia","status":"publish","type":"post","link":"https:\/\/www.welovecycling.com\/pl\/2015\/08\/31\/cyklo-gdynia\/","title":{"rendered":"CYKLO Gdynia"},"content":{"rendered":"<p>Spragniony\u00a0sportowych emocji? Jeszcze do 2 wrze\u015bnia mo\u017cesz zapisa\u0107 si\u0119 na wy\u015bcig CYKLO Gdynia.\u00a0To ju\u017c trzecia edycja najlepszego w Polsce wy\u015bcigu szosowego.<\/p>\n<p><!--more--><\/p>\n<p>(\u0179r\u00f3d\u0142o: CYKLO Gdynia)<\/p>\n<p>Podejmij\u00a0wyzwanie i zmierz si\u0119 na jednej z 4 tras. Organizatorzy przewiduj\u0105, \u017ce odbywaj\u0105cy\u00a0si\u0119 na Placu Ko\u015bciuszki w Gdyni wy\u015bcig na swoim starcie zgromadzi oko\u0142o tysi\u0105ca\u00a0zawodnik\u00f3w. Do\u0142\u0105cz do nich lub kibicuj!<\/p>\n<p>Najkr\u00f3tsza\u00a0trasa \u2013 40 km \u2013 dedykowana jest kolarzom amatorom, kt\u00f3rzy dopiero zaczynaj\u0105\u00a0swoj\u0105 przygod\u0119 z kolarstwem. Druga z kolei trasa \u2013 125 km przygotowana jest dla\u00a0profesjonalist\u00f3w, rozpoczyna si\u0119 na placu Ko\u015bciuszki i wiedzie przez malownicze\u00a0Kaszuby. Trzecia trasa to 165 &#8211; kilometrowa kombinacja tych dw\u00f3ch tras\u00a0przeznaczona wy\u0142\u0105cznie dla profesjonalnych zawodnik\u00f3w. Znajduje si\u0119 ona w\u00a0oficjalnym kalendarzu Polskiego Zwi\u0105zku Kolarskiego.<\/p>\n<figure class=\"tmblr-full\"><img decoding=\"async\" src=\"http:\/\/40.media.tumblr.com\/d8e94a9d5be3697f71d226b57ed66cc5\/tumblr_inline_nty10zJ2SK1sfrvl6_540.jpg\" alt=\"image\" \/><\/figure>\n<p><i>(\u0179r\u00f3d\u0142o: CYKLO Gdynia)<\/i><\/p>\n<p>Na\u00a0CYKLO Gdynia nie zabranie r\u00f3wnie\u017c atrakcji dla najm\u0142odszych amator\u00f3w dw\u00f3ch\u00a0k\u00f3\u0142ek, kt\u00f3rzy mog\u0105 wzi\u0105\u0107 udzia\u0142 w Paradzie Rodzinnej. Na Parad\u0119 Rodzinn\u0105\u00a0zapraszamy dzieci ju\u017c od trzeciego roku \u017cycia wraz z opiekunami. Ka\u017cdy z ma\u0142ych\u00a0uczestnik\u00f3w zostanie potraktowany na r\u00f3wni z zawodowcami i na mecie wy\u015bcigu\u00a0otrzyma medal.<\/p>\n<figure class=\"tmblr-full\"><img decoding=\"async\" src=\"http:\/\/40.media.tumblr.com\/465037e9f5218d9a756703dcaa1fd17c\/tumblr_inline_ntxze7gVU41sfrvl6_540.jpg\" alt=\"image\" \/><\/figure>\n<p><i>(\u0179r\u00f3d\u0142o: CYKLO Gdynia)<\/i><\/p>\n<p>\u0160koda nap\u0119dza rowery! Ju\u017c po raz 2 wspieramy CYKLO Gdyni\u0119, a tydzie\u0144 p\u00f3\u017aniej widzimy si\u0119 na Solid\u00a0Logistics Pozna\u0144 Bike Challenge. Zagl\u0105daj na\u00a0nasz\u0105 stron\u0119 po aktualne informacje na temat wielkich wydarze\u0144 kolarskich,\u00a0porady, artyku\u0142y i filmiki z udzia\u0142em Micha\u0142a Kwiatkowskiego.<\/p>\n","protected":false},"excerpt":{"rendered":"<p>Spragniony\u00a0sportowych emocji? Jeszcze do 2 wrze\u015bnia mo\u017cesz zapisa\u0107 si\u0119 na wy\u015bcig CYKLO Gdynia.\u00a0To ju\u017c trzecia edycja najlepszego w Polsce wy\u015bcigu [&hellip;]<\/p>\n","protected":false},"author":1,"featured_media":426,"comment_status":"open","ping_status":"open","sticky":false,"template":"","format":"standard","meta":{"footnotes":""},"categories":[1],"tags":[],"global-categories":[],"class_list":["post-2319","post","type-post","status-publish","format-standard","has-post-thumbnail","hentry","category-uncategorized"],"yoast_head":"<!-- This site is optimized with the Yoast SEO Premium plugin v25.3 (Yoast SEO v25.9) - https:\/\/yoast.com\/wordpress\/plugins\/seo\/ -->\n<title>CYKLO Gdynia - \u0160koda We Love Cycling - Poland<\/title>\n<meta name=\"robots\" content=\"index, follow, max-snippet:-1, max-image-preview:large, max-video-preview:-1\" \/>\n<link rel=\"canonical\" href=\"https:\/\/www.welovecycling.com\/pl\/2015\/08\/31\/cyklo-gdynia\/\" \/>\n<meta property=\"og:locale\" content=\"pl_PL\" \/>\n<meta property=\"og:type\" content=\"article\" \/>\n<meta property=\"og:title\" content=\"CYKLO Gdynia\" \/>\n<meta property=\"og:description\" content=\"Spragniony\u00a0sportowych emocji? Jeszcze do 2 wrze\u015bnia mo\u017cesz zapisa\u0107 si\u0119 na wy\u015bcig CYKLO Gdynia.\u00a0To ju\u017c trzecia edycja najlepszego w Polsce wy\u015bcigu [&hellip;]\" \/>\n<meta property=\"og:url\" content=\"https:\/\/www.welovecycling.com\/pl\/2015\/08\/31\/cyklo-gdynia\/\" \/>\n<meta property=\"og:site_name\" content=\"\u0160koda We Love Cycling - Poland\" \/>\n<meta property=\"article:published_time\" content=\"2015-08-31T10:56:26+00:00\" \/>\n<meta property=\"article:modified_time\" content=\"2016-12-05T09:59:09+00:00\" \/>\n<meta property=\"og:image\" content=\"https:\/\/d2p6e6u75xmxt8.cloudfront.net\/5\/2015\/08\/12.jpg\" \/>\n\t<meta property=\"og:image:width\" content=\"540\" \/>\n\t<meta property=\"og:image:height\" content=\"360\" \/>\n\t<meta property=\"og:image:type\" content=\"image\/jpeg\" \/>\n<meta name=\"author\" content=\"WeLoveCycling\" \/>\n<meta name=\"twitter:card\" content=\"summary_large_image\" \/>\n<meta name=\"twitter:label1\" content=\"Written by\" \/>\n\t<meta name=\"twitter:data1\" content=\"WeLoveCycling\" \/>\n\t<meta name=\"twitter:label2\" content=\"Est. reading time\" \/>\n\t<meta name=\"twitter:data2\" content=\"1 minute\" \/>\n<script type=\"application\/ld+json\" class=\"yoast-schema-graph\">{\"@context\":\"https:\/\/schema.org\",\"@graph\":[{\"@type\":\"WebPage\",\"@id\":\"https:\/\/www.welovecycling.com\/pl\/2015\/08\/31\/cyklo-gdynia\/\",\"url\":\"https:\/\/www.welovecycling.com\/pl\/2015\/08\/31\/cyklo-gdynia\/\",\"name\":\"CYKLO Gdynia - \u0160koda We Love Cycling - Poland\",\"isPartOf\":{\"@id\":\"https:\/\/www.welovecycling.com\/pl\/#website\"},\"primaryImageOfPage\":{\"@id\":\"https:\/\/www.welovecycling.com\/pl\/2015\/08\/31\/cyklo-gdynia\/#primaryimage\"},\"image\":{\"@id\":\"https:\/\/www.welovecycling.com\/pl\/2015\/08\/31\/cyklo-gdynia\/#primaryimage\"},\"thumbnailUrl\":\"https:\/\/d2p6e6u75xmxt8.cloudfront.net\/5\/2015\/08\/12.jpg\",\"datePublished\":\"2015-08-31T10:56:26+00:00\",\"dateModified\":\"2016-12-05T09:59:09+00:00\",\"author\":{\"@id\":\"https:\/\/www.welovecycling.com\/pl\/#\/schema\/person\/e5187c9cac8dd619ebc7b41bd73c2fd9\"},\"breadcrumb\":{\"@id\":\"https:\/\/www.welovecycling.com\/pl\/2015\/08\/31\/cyklo-gdynia\/#breadcrumb\"},\"inLanguage\":\"pl-PL\",\"potentialAction\":[{\"@type\":\"ReadAction\",\"target\":[\"https:\/\/www.welovecycling.com\/pl\/2015\/08\/31\/cyklo-gdynia\/\"]}]},{\"@type\":\"ImageObject\",\"inLanguage\":\"pl-PL\",\"@id\":\"https:\/\/www.welovecycling.com\/pl\/2015\/08\/31\/cyklo-gdynia\/#primaryimage\",\"url\":\"https:\/\/d2p6e6u75xmxt8.cloudfront.net\/5\/2015\/08\/12.jpg\",\"contentUrl\":\"https:\/\/d2p6e6u75xmxt8.cloudfront.net\/5\/2015\/08\/12.jpg\",\"width\":540,\"height\":360},{\"@type\":\"BreadcrumbList\",\"@id\":\"https:\/\/www.welovecycling.com\/pl\/2015\/08\/31\/cyklo-gdynia\/#breadcrumb\",\"itemListElement\":[{\"@type\":\"ListItem\",\"position\":1,\"name\":\"Home\",\"item\":\"https:\/\/www.welovecycling.com\/pl\/\"},{\"@type\":\"ListItem\",\"position\":2,\"name\":\"CYKLO Gdynia\"}]},{\"@type\":\"WebSite\",\"@id\":\"https:\/\/www.welovecycling.com\/pl\/#website\",\"url\":\"https:\/\/www.welovecycling.com\/pl\/\",\"name\":\"\u0160koda We Love Cycling - Poland\",\"description\":\"\",\"potentialAction\":[{\"@type\":\"SearchAction\",\"target\":{\"@type\":\"EntryPoint\",\"urlTemplate\":\"https:\/\/www.welovecycling.com\/pl\/?s={search_term_string}\"},\"query-input\":{\"@type\":\"PropertyValueSpecification\",\"valueRequired\":true,\"valueName\":\"search_term_string\"}}],\"inLanguage\":\"pl-PL\"},{\"@type\":\"Person\",\"@id\":\"https:\/\/www.welovecycling.com\/pl\/#\/schema\/person\/e5187c9cac8dd619ebc7b41bd73c2fd9\",\"name\":\"WeLoveCycling\",\"image\":{\"@type\":\"ImageObject\",\"inLanguage\":\"pl-PL\",\"@id\":\"https:\/\/www.welovecycling.com\/pl\/#\/schema\/person\/image\/\",\"url\":\"https:\/\/secure.gravatar.com\/avatar\/7e1ee0ecc5e294b19ef32b9f6086e0afbb9da00c3cb0d465ba4695331f4a9187?s=96&d=mm&r=g\",\"contentUrl\":\"https:\/\/secure.gravatar.com\/avatar\/7e1ee0ecc5e294b19ef32b9f6086e0afbb9da00c3cb0d465ba4695331f4a9187?s=96&d=mm&r=g\",\"caption\":\"WeLoveCycling\"},\"url\":\"https:\/\/www.welovecycling.com\/pl\/author\/lukascech\/\"}]}<\/script>\n<!-- \/ Yoast SEO Premium plugin. -->","yoast_head_json":{"title":"CYKLO Gdynia - \u0160koda We Love Cycling - Poland","robots":{"index":"index","follow":"follow","max-snippet":"max-snippet:-1","max-image-preview":"max-image-preview:large","max-video-preview":"max-video-preview:-1"},"canonical":"https:\/\/www.welovecycling.com\/pl\/2015\/08\/31\/cyklo-gdynia\/","og_locale":"pl_PL","og_type":"article","og_title":"CYKLO Gdynia","og_description":"Spragniony\u00a0sportowych emocji? Jeszcze do 2 wrze\u015bnia mo\u017cesz zapisa\u0107 si\u0119 na wy\u015bcig CYKLO Gdynia.\u00a0To ju\u017c trzecia edycja najlepszego w Polsce wy\u015bcigu [&hellip;]","og_url":"https:\/\/www.welovecycling.com\/pl\/2015\/08\/31\/cyklo-gdynia\/","og_site_name":"\u0160koda We Love Cycling - Poland","article_published_time":"2015-08-31T10:56:26+00:00","article_modified_time":"2016-12-05T09:59:09+00:00","og_image":[{"width":540,"height":360,"url":"https:\/\/d2p6e6u75xmxt8.cloudfront.net\/5\/2015\/08\/12.jpg","type":"image\/jpeg"}],"author":"WeLoveCycling","twitter_card":"summary_large_image","twitter_misc":{"Written by":"WeLoveCycling","Est. reading time":"1 minute"},"schema":{"@context":"https:\/\/schema.org","@graph":[{"@type":"WebPage","@id":"https:\/\/www.welovecycling.com\/pl\/2015\/08\/31\/cyklo-gdynia\/","url":"https:\/\/www.welovecycling.com\/pl\/2015\/08\/31\/cyklo-gdynia\/","name":"CYKLO Gdynia - \u0160koda We Love Cycling - Poland","isPartOf":{"@id":"https:\/\/www.welovecycling.com\/pl\/#website"},"primaryImageOfPage":{"@id":"https:\/\/www.welovecycling.com\/pl\/2015\/08\/31\/cyklo-gdynia\/#primaryimage"},"image":{"@id":"https:\/\/www.welovecycling.com\/pl\/2015\/08\/31\/cyklo-gdynia\/#primaryimage"},"thumbnailUrl":"https:\/\/d2p6e6u75xmxt8.cloudfront.net\/5\/2015\/08\/12.jpg","datePublished":"2015-08-31T10:56:26+00:00","dateModified":"2016-12-05T09:59:09+00:00","author":{"@id":"https:\/\/www.welovecycling.com\/pl\/#\/schema\/person\/e5187c9cac8dd619ebc7b41bd73c2fd9"},"breadcrumb":{"@id":"https:\/\/www.welovecycling.com\/pl\/2015\/08\/31\/cyklo-gdynia\/#breadcrumb"},"inLanguage":"pl-PL","potentialAction":[{"@type":"ReadAction","target":["https:\/\/www.welovecycling.com\/pl\/2015\/08\/31\/cyklo-gdynia\/"]}]},{"@type":"ImageObject","inLanguage":"pl-PL","@id":"https:\/\/www.welovecycling.com\/pl\/2015\/08\/31\/cyklo-gdynia\/#primaryimage","url":"https:\/\/d2p6e6u75xmxt8.cloudfront.net\/5\/2015\/08\/12.jpg","contentUrl":"https:\/\/d2p6e6u75xmxt8.cloudfront.net\/5\/2015\/08\/12.jpg","width":540,"height":360},{"@type":"BreadcrumbList","@id":"https:\/\/www.welovecycling.com\/pl\/2015\/08\/31\/cyklo-gdynia\/#breadcrumb","itemListElement":[{"@type":"ListItem","position":1,"name":"Home","item":"https:\/\/www.welovecycling.com\/pl\/"},{"@type":"ListItem","position":2,"name":"CYKLO Gdynia"}]},{"@type":"WebSite","@id":"https:\/\/www.welovecycling.com\/pl\/#website","url":"https:\/\/www.welovecycling.com\/pl\/","name":"\u0160koda We Love Cycling - Poland","description":"","potentialAction":[{"@type":"SearchAction","target":{"@type":"EntryPoint","urlTemplate":"https:\/\/www.welovecycling.com\/pl\/?s={search_term_string}"},"query-input":{"@type":"PropertyValueSpecification","valueRequired":true,"valueName":"search_term_string"}}],"inLanguage":"pl-PL"},{"@type":"Person","@id":"https:\/\/www.welovecycling.com\/pl\/#\/schema\/person\/e5187c9cac8dd619ebc7b41bd73c2fd9","name":"WeLoveCycling","image":{"@type":"ImageObject","inLanguage":"pl-PL","@id":"https:\/\/www.welovecycling.com\/pl\/#\/schema\/person\/image\/","url":"https:\/\/secure.gravatar.com\/avatar\/7e1ee0ecc5e294b19ef32b9f6086e0afbb9da00c3cb0d465ba4695331f4a9187?s=96&d=mm&r=g","contentUrl":"https:\/\/secure.gravatar.com\/avatar\/7e1ee0ecc5e294b19ef32b9f6086e0afbb9da00c3cb0d465ba4695331f4a9187?s=96&d=mm&r=g","caption":"WeLoveCycling"},"url":"https:\/\/www.welovecycling.com\/pl\/author\/lukascech\/"}]}},"_links":{"self":[{"href":"https:\/\/www.welovecycling.com\/pl\/wp-json\/wp\/v2\/posts\/2319","targetHints":{"allow":["GET"]}}],"collection":[{"href":"https:\/\/www.welovecycling.com\/pl\/wp-json\/wp\/v2\/posts"}],"about":[{"href":"https:\/\/www.welovecycling.com\/pl\/wp-json\/wp\/v2\/types\/post"}],"author":[{"embeddable":true,"href":"https:\/\/www.welovecycling.com\/pl\/wp-json\/wp\/v2\/users\/1"}],"replies":[{"embeddable":true,"href":"https:\/\/www.welovecycling.com\/pl\/wp-json\/wp\/v2\/comments?post=2319"}],"version-history":[{"count":1,"href":"https:\/\/www.welovecycling.com\/pl\/wp-json\/wp\/v2\/posts\/2319\/revisions"}],"predecessor-version":[{"id":2501,"href":"https:\/\/www.welovecycling.com\/pl\/wp-json\/wp\/v2\/posts\/2319\/revisions\/2501"}],"wp:featuredmedia":[{"embeddable":true,"href":"https:\/\/www.welovecycling.com\/pl\/wp-json\/wp\/v2\/media\/426"}],"wp:attachment":[{"href":"https:\/\/www.welovecycling.com\/pl\/wp-json\/wp\/v2\/media?parent=2319"}],"wp:term":[{"taxonomy":"category","embeddable":true,"href":"https:\/\/www.welovecycling.com\/pl\/wp-json\/wp\/v2\/categories?post=2319"},{"taxonomy":"post_tag","embeddable":true,"href":"https:\/\/www.welovecycling.com\/pl\/wp-json\/wp\/v2\/tags?post=2319"},{"taxonomy":"global-categories","embeddable":true,"href":"https:\/\/www.welovecycling.com\/pl\/wp-json\/wp\/v2\/global-categories?post=2319"}],"curies":[{"name":"wp","href":"https:\/\/api.w.org\/{rel}","templated":true}]}}