{"id":2318,"date":"2015-09-24T09:33:03","date_gmt":"2015-09-24T09:33:03","guid":{"rendered":"http:\/\/serwer1629254.home.pl\/index.php\/2015\/09\/24\/cyklo-gdynia-juz-za-nami\/"},"modified":"2016-12-05T09:58:50","modified_gmt":"2016-12-05T09:58:50","slug":"cyklo-gdynia-juz-za-nami","status":"publish","type":"post","link":"https:\/\/www.welovecycling.com\/pl\/2015\/09\/24\/cyklo-gdynia-juz-za-nami\/","title":{"rendered":"CYKLO Gdynia ju\u017c za nami"},"content":{"rendered":"<p>CYKLO Gdynia to najwi\u0119ksze wydarzenie\u00a0kolarskie na Pomorzu. Pomimo trudnych warunk\u00f3w pogodowych tegoroczna, \u00a0druga ju\u017c edycja wy\u015bcigu okaza\u0142a si\u0119 du\u017cym\u00a0sukcesem i kolarskim starciem na najwy\u017cszym poziomie.<\/p>\n<p><!--more-->(\u0179r\u00f3d\u0142o: CYKLO Gdynia)<\/p>\n<p>Na Skwerze Ko\u015bciuszki, gdzie\u00a0rozpoczyna\u0142 si\u0119 wy\u015bcig, mimo kiepskiej pogody stawi\u0142o si\u0119 oko\u0142o 1000\u00a0zawodnik\u00f3w. Ka\u017cdemu z nich przysz\u0142o si\u0119 zmaga\u0107 z wybranym przez siebie\u00a0dystansem \u2013 40 km, 125 km lub 165 km. Po\u0142\u0105czy\u0142o ich jedno \u2013 niezwyk\u0142a wola\u00a0walki i kolarska pasja.<\/p>\n<figure class=\"tmblr-full\"><img decoding=\"async\" src=\"http:\/\/41.media.tumblr.com\/419055052c328e898dff441d0edd1eaf\/tumblr_inline_nv6d41b8Gh1sfrvl6_540.jpg\" alt=\"image\" \/><\/figure>\n<p>&nbsp;<\/p>\n<figure class=\"tmblr-full\"><img decoding=\"async\" src=\"http:\/\/41.media.tumblr.com\/f3c720b3a86a1e986938d73486e91eb6\/tumblr_inline_nv6czanSdr1sfrvl6_540.jpg\" alt=\"image\" \/><\/figure>\n<p><i>(\u0179r\u00f3d\u0142o: CYKLO Gdynia)<\/i><\/p>\n<p>W\u00a0miasteczku zawod\u00f3w nie spos\u00f3b by\u0142o si\u0119 nudzi\u0107. Ka\u017cdy znalaz\u0142 co\u015b dla siebie.\u00ad. W\u00a0strefie \u0160KODY na kibic\u00f3w czeka\u0142o du\u017co atrakcji, a w\u015br\u00f3d nich Oculus Rift,\u00a0konkurs z rowerem do wygrania, oraz zabawy dla najm\u0142odszych uczestnik\u00f3w\u00a0imprezy.<\/p>\n<figure class=\"tmblr-full\"><img decoding=\"async\" src=\"http:\/\/40.media.tumblr.com\/447ae65dc2b88c29ba41da4f55efed8e\/tumblr_inline_nv6d2vl1gQ1sfrvl6_540.jpg\" alt=\"image\" \/><\/figure>\n<p><i>(\u0179r\u00f3d\u0142o: CYKLO Gdynia)<\/i><\/p>\n<p>Ulicami\u00a0Gdyni przejecha\u0142a r\u00f3wnie\u017c parada rodzinna, kt\u00f3rej uczestnik\u00f3w szczeg\u00f3lnie\u00a0pozdrawiamy! Mamy nadziej\u0119, \u017ce w\u015br\u00f3d nich znajduj\u0105 si\u0119 przysz\u0142e gwiazdy\u00a0kolarstwa.<\/p>\n<figure class=\"tmblr-full\"><img decoding=\"async\" src=\"http:\/\/40.media.tumblr.com\/950a7aaf87d2b8b7bf72aad12900d14e\/tumblr_inline_nv6d3jDMJj1sfrvl6_540.jpg\" alt=\"image\" \/><\/figure>\n<p><i>(\u0179r\u00f3d\u0142o: CYKLO Gdynia)<\/i><\/p>\n","protected":false},"excerpt":{"rendered":"<p>CYKLO Gdynia to najwi\u0119ksze wydarzenie\u00a0kolarskie na Pomorzu. Pomimo trudnych warunk\u00f3w pogodowych tegoroczna, \u00a0druga ju\u017c edycja wy\u015bcigu okaza\u0142a si\u0119 du\u017cym\u00a0sukcesem i [&hellip;]<\/p>\n","protected":false},"author":1,"featured_media":422,"comment_status":"open","ping_status":"open","sticky":false,"template":"","format":"standard","meta":{"footnotes":""},"categories":[1],"tags":[],"global-categories":[],"class_list":["post-2318","post","type-post","status-publish","format-standard","has-post-thumbnail","hentry","category-uncategorized"],"yoast_head":"<!-- This site is optimized with the Yoast SEO Premium plugin v25.3 (Yoast SEO v25.9) - https:\/\/yoast.com\/wordpress\/plugins\/seo\/ -->\n<title>CYKLO Gdynia ju\u017c za nami - \u0160koda We Love Cycling - Poland<\/title>\n<meta name=\"robots\" content=\"index, follow, max-snippet:-1, max-image-preview:large, max-video-preview:-1\" \/>\n<link rel=\"canonical\" href=\"https:\/\/www.welovecycling.com\/pl\/2015\/09\/24\/cyklo-gdynia-juz-za-nami\/\" \/>\n<meta property=\"og:locale\" content=\"pl_PL\" \/>\n<meta property=\"og:type\" content=\"article\" \/>\n<meta property=\"og:title\" content=\"CYKLO Gdynia ju\u017c za nami\" \/>\n<meta property=\"og:description\" content=\"CYKLO Gdynia to najwi\u0119ksze wydarzenie\u00a0kolarskie na Pomorzu. Pomimo trudnych warunk\u00f3w pogodowych tegoroczna, \u00a0druga ju\u017c edycja wy\u015bcigu okaza\u0142a si\u0119 du\u017cym\u00a0sukcesem i [&hellip;]\" \/>\n<meta property=\"og:url\" content=\"https:\/\/www.welovecycling.com\/pl\/2015\/09\/24\/cyklo-gdynia-juz-za-nami\/\" \/>\n<meta property=\"og:site_name\" content=\"\u0160koda We Love Cycling - Poland\" \/>\n<meta property=\"article:published_time\" content=\"2015-09-24T09:33:03+00:00\" \/>\n<meta property=\"article:modified_time\" content=\"2016-12-05T09:58:50+00:00\" \/>\n<meta property=\"og:image\" content=\"https:\/\/d2p6e6u75xmxt8.cloudfront.net\/5\/2015\/09\/11.jpg\" \/>\n\t<meta property=\"og:image:width\" content=\"540\" \/>\n\t<meta property=\"og:image:height\" content=\"360\" \/>\n\t<meta property=\"og:image:type\" content=\"image\/jpeg\" \/>\n<meta name=\"author\" content=\"WeLoveCycling\" \/>\n<meta name=\"twitter:card\" content=\"summary_large_image\" \/>\n<meta name=\"twitter:label1\" content=\"Written by\" \/>\n\t<meta name=\"twitter:data1\" content=\"WeLoveCycling\" \/>\n\t<meta name=\"twitter:label2\" content=\"Est. reading time\" \/>\n\t<meta name=\"twitter:data2\" content=\"1 minute\" \/>\n<script type=\"application\/ld+json\" class=\"yoast-schema-graph\">{\"@context\":\"https:\/\/schema.org\",\"@graph\":[{\"@type\":\"WebPage\",\"@id\":\"https:\/\/www.welovecycling.com\/pl\/2015\/09\/24\/cyklo-gdynia-juz-za-nami\/\",\"url\":\"https:\/\/www.welovecycling.com\/pl\/2015\/09\/24\/cyklo-gdynia-juz-za-nami\/\",\"name\":\"CYKLO Gdynia ju\u017c za nami - \u0160koda We Love Cycling - Poland\",\"isPartOf\":{\"@id\":\"https:\/\/www.welovecycling.com\/pl\/#website\"},\"primaryImageOfPage\":{\"@id\":\"https:\/\/www.welovecycling.com\/pl\/2015\/09\/24\/cyklo-gdynia-juz-za-nami\/#primaryimage\"},\"image\":{\"@id\":\"https:\/\/www.welovecycling.com\/pl\/2015\/09\/24\/cyklo-gdynia-juz-za-nami\/#primaryimage\"},\"thumbnailUrl\":\"https:\/\/d2p6e6u75xmxt8.cloudfront.net\/5\/2015\/09\/11.jpg\",\"datePublished\":\"2015-09-24T09:33:03+00:00\",\"dateModified\":\"2016-12-05T09:58:50+00:00\",\"author\":{\"@id\":\"https:\/\/www.welovecycling.com\/pl\/#\/schema\/person\/e5187c9cac8dd619ebc7b41bd73c2fd9\"},\"breadcrumb\":{\"@id\":\"https:\/\/www.welovecycling.com\/pl\/2015\/09\/24\/cyklo-gdynia-juz-za-nami\/#breadcrumb\"},\"inLanguage\":\"pl-PL\",\"potentialAction\":[{\"@type\":\"ReadAction\",\"target\":[\"https:\/\/www.welovecycling.com\/pl\/2015\/09\/24\/cyklo-gdynia-juz-za-nami\/\"]}]},{\"@type\":\"ImageObject\",\"inLanguage\":\"pl-PL\",\"@id\":\"https:\/\/www.welovecycling.com\/pl\/2015\/09\/24\/cyklo-gdynia-juz-za-nami\/#primaryimage\",\"url\":\"https:\/\/d2p6e6u75xmxt8.cloudfront.net\/5\/2015\/09\/11.jpg\",\"contentUrl\":\"https:\/\/d2p6e6u75xmxt8.cloudfront.net\/5\/2015\/09\/11.jpg\",\"width\":540,\"height\":360},{\"@type\":\"BreadcrumbList\",\"@id\":\"https:\/\/www.welovecycling.com\/pl\/2015\/09\/24\/cyklo-gdynia-juz-za-nami\/#breadcrumb\",\"itemListElement\":[{\"@type\":\"ListItem\",\"position\":1,\"name\":\"Home\",\"item\":\"https:\/\/www.welovecycling.com\/pl\/\"},{\"@type\":\"ListItem\",\"position\":2,\"name\":\"CYKLO Gdynia ju\u017c za nami\"}]},{\"@type\":\"WebSite\",\"@id\":\"https:\/\/www.welovecycling.com\/pl\/#website\",\"url\":\"https:\/\/www.welovecycling.com\/pl\/\",\"name\":\"\u0160koda We Love Cycling - Poland\",\"description\":\"\",\"potentialAction\":[{\"@type\":\"SearchAction\",\"target\":{\"@type\":\"EntryPoint\",\"urlTemplate\":\"https:\/\/www.welovecycling.com\/pl\/?s={search_term_string}\"},\"query-input\":{\"@type\":\"PropertyValueSpecification\",\"valueRequired\":true,\"valueName\":\"search_term_string\"}}],\"inLanguage\":\"pl-PL\"},{\"@type\":\"Person\",\"@id\":\"https:\/\/www.welovecycling.com\/pl\/#\/schema\/person\/e5187c9cac8dd619ebc7b41bd73c2fd9\",\"name\":\"WeLoveCycling\",\"image\":{\"@type\":\"ImageObject\",\"inLanguage\":\"pl-PL\",\"@id\":\"https:\/\/www.welovecycling.com\/pl\/#\/schema\/person\/image\/\",\"url\":\"https:\/\/secure.gravatar.com\/avatar\/7e1ee0ecc5e294b19ef32b9f6086e0afbb9da00c3cb0d465ba4695331f4a9187?s=96&d=mm&r=g\",\"contentUrl\":\"https:\/\/secure.gravatar.com\/avatar\/7e1ee0ecc5e294b19ef32b9f6086e0afbb9da00c3cb0d465ba4695331f4a9187?s=96&d=mm&r=g\",\"caption\":\"WeLoveCycling\"},\"url\":\"https:\/\/www.welovecycling.com\/pl\/author\/lukascech\/\"}]}<\/script>\n<!-- \/ Yoast SEO Premium plugin. -->","yoast_head_json":{"title":"CYKLO Gdynia ju\u017c za nami - \u0160koda We Love Cycling - Poland","robots":{"index":"index","follow":"follow","max-snippet":"max-snippet:-1","max-image-preview":"max-image-preview:large","max-video-preview":"max-video-preview:-1"},"canonical":"https:\/\/www.welovecycling.com\/pl\/2015\/09\/24\/cyklo-gdynia-juz-za-nami\/","og_locale":"pl_PL","og_type":"article","og_title":"CYKLO Gdynia ju\u017c za nami","og_description":"CYKLO Gdynia to najwi\u0119ksze wydarzenie\u00a0kolarskie na Pomorzu. Pomimo trudnych warunk\u00f3w pogodowych tegoroczna, \u00a0druga ju\u017c edycja wy\u015bcigu okaza\u0142a si\u0119 du\u017cym\u00a0sukcesem i [&hellip;]","og_url":"https:\/\/www.welovecycling.com\/pl\/2015\/09\/24\/cyklo-gdynia-juz-za-nami\/","og_site_name":"\u0160koda We Love Cycling - Poland","article_published_time":"2015-09-24T09:33:03+00:00","article_modified_time":"2016-12-05T09:58:50+00:00","og_image":[{"width":540,"height":360,"url":"https:\/\/d2p6e6u75xmxt8.cloudfront.net\/5\/2015\/09\/11.jpg","type":"image\/jpeg"}],"author":"WeLoveCycling","twitter_card":"summary_large_image","twitter_misc":{"Written by":"WeLoveCycling","Est. reading time":"1 minute"},"schema":{"@context":"https:\/\/schema.org","@graph":[{"@type":"WebPage","@id":"https:\/\/www.welovecycling.com\/pl\/2015\/09\/24\/cyklo-gdynia-juz-za-nami\/","url":"https:\/\/www.welovecycling.com\/pl\/2015\/09\/24\/cyklo-gdynia-juz-za-nami\/","name":"CYKLO Gdynia ju\u017c za nami - \u0160koda We Love Cycling - Poland","isPartOf":{"@id":"https:\/\/www.welovecycling.com\/pl\/#website"},"primaryImageOfPage":{"@id":"https:\/\/www.welovecycling.com\/pl\/2015\/09\/24\/cyklo-gdynia-juz-za-nami\/#primaryimage"},"image":{"@id":"https:\/\/www.welovecycling.com\/pl\/2015\/09\/24\/cyklo-gdynia-juz-za-nami\/#primaryimage"},"thumbnailUrl":"https:\/\/d2p6e6u75xmxt8.cloudfront.net\/5\/2015\/09\/11.jpg","datePublished":"2015-09-24T09:33:03+00:00","dateModified":"2016-12-05T09:58:50+00:00","author":{"@id":"https:\/\/www.welovecycling.com\/pl\/#\/schema\/person\/e5187c9cac8dd619ebc7b41bd73c2fd9"},"breadcrumb":{"@id":"https:\/\/www.welovecycling.com\/pl\/2015\/09\/24\/cyklo-gdynia-juz-za-nami\/#breadcrumb"},"inLanguage":"pl-PL","potentialAction":[{"@type":"ReadAction","target":["https:\/\/www.welovecycling.com\/pl\/2015\/09\/24\/cyklo-gdynia-juz-za-nami\/"]}]},{"@type":"ImageObject","inLanguage":"pl-PL","@id":"https:\/\/www.welovecycling.com\/pl\/2015\/09\/24\/cyklo-gdynia-juz-za-nami\/#primaryimage","url":"https:\/\/d2p6e6u75xmxt8.cloudfront.net\/5\/2015\/09\/11.jpg","contentUrl":"https:\/\/d2p6e6u75xmxt8.cloudfront.net\/5\/2015\/09\/11.jpg","width":540,"height":360},{"@type":"BreadcrumbList","@id":"https:\/\/www.welovecycling.com\/pl\/2015\/09\/24\/cyklo-gdynia-juz-za-nami\/#breadcrumb","itemListElement":[{"@type":"ListItem","position":1,"name":"Home","item":"https:\/\/www.welovecycling.com\/pl\/"},{"@type":"ListItem","position":2,"name":"CYKLO Gdynia ju\u017c za nami"}]},{"@type":"WebSite","@id":"https:\/\/www.welovecycling.com\/pl\/#website","url":"https:\/\/www.welovecycling.com\/pl\/","name":"\u0160koda We Love Cycling - Poland","description":"","potentialAction":[{"@type":"SearchAction","target":{"@type":"EntryPoint","urlTemplate":"https:\/\/www.welovecycling.com\/pl\/?s={search_term_string}"},"query-input":{"@type":"PropertyValueSpecification","valueRequired":true,"valueName":"search_term_string"}}],"inLanguage":"pl-PL"},{"@type":"Person","@id":"https:\/\/www.welovecycling.com\/pl\/#\/schema\/person\/e5187c9cac8dd619ebc7b41bd73c2fd9","name":"WeLoveCycling","image":{"@type":"ImageObject","inLanguage":"pl-PL","@id":"https:\/\/www.welovecycling.com\/pl\/#\/schema\/person\/image\/","url":"https:\/\/secure.gravatar.com\/avatar\/7e1ee0ecc5e294b19ef32b9f6086e0afbb9da00c3cb0d465ba4695331f4a9187?s=96&d=mm&r=g","contentUrl":"https:\/\/secure.gravatar.com\/avatar\/7e1ee0ecc5e294b19ef32b9f6086e0afbb9da00c3cb0d465ba4695331f4a9187?s=96&d=mm&r=g","caption":"WeLoveCycling"},"url":"https:\/\/www.welovecycling.com\/pl\/author\/lukascech\/"}]}},"_links":{"self":[{"href":"https:\/\/www.welovecycling.com\/pl\/wp-json\/wp\/v2\/posts\/2318","targetHints":{"allow":["GET"]}}],"collection":[{"href":"https:\/\/www.welovecycling.com\/pl\/wp-json\/wp\/v2\/posts"}],"about":[{"href":"https:\/\/www.welovecycling.com\/pl\/wp-json\/wp\/v2\/types\/post"}],"author":[{"embeddable":true,"href":"https:\/\/www.welovecycling.com\/pl\/wp-json\/wp\/v2\/users\/1"}],"replies":[{"embeddable":true,"href":"https:\/\/www.welovecycling.com\/pl\/wp-json\/wp\/v2\/comments?post=2318"}],"version-history":[{"count":1,"href":"https:\/\/www.welovecycling.com\/pl\/wp-json\/wp\/v2\/posts\/2318\/revisions"}],"predecessor-version":[{"id":2500,"href":"https:\/\/www.welovecycling.com\/pl\/wp-json\/wp\/v2\/posts\/2318\/revisions\/2500"}],"wp:featuredmedia":[{"embeddable":true,"href":"https:\/\/www.welovecycling.com\/pl\/wp-json\/wp\/v2\/media\/422"}],"wp:attachment":[{"href":"https:\/\/www.welovecycling.com\/pl\/wp-json\/wp\/v2\/media?parent=2318"}],"wp:term":[{"taxonomy":"category","embeddable":true,"href":"https:\/\/www.welovecycling.com\/pl\/wp-json\/wp\/v2\/categories?post=2318"},{"taxonomy":"post_tag","embeddable":true,"href":"https:\/\/www.welovecycling.com\/pl\/wp-json\/wp\/v2\/tags?post=2318"},{"taxonomy":"global-categories","embeddable":true,"href":"https:\/\/www.welovecycling.com\/pl\/wp-json\/wp\/v2\/global-categories?post=2318"}],"curies":[{"name":"wp","href":"https:\/\/api.w.org\/{rel}","templated":true}]}}