{"id":2317,"date":"2015-09-25T09:17:09","date_gmt":"2015-09-25T09:17:09","guid":{"rendered":"http:\/\/serwer1629254.home.pl\/index.php\/2015\/09\/25\/fotorelacja-z-wyscigu-poznan-bike-challenge\/"},"modified":"2016-12-05T09:58:40","modified_gmt":"2016-12-05T09:58:40","slug":"fotorelacja-z-wyscigu-poznan-bike-challenge","status":"publish","type":"post","link":"https:\/\/www.welovecycling.com\/pl\/2015\/09\/25\/fotorelacja-z-wyscigu-poznan-bike-challenge\/","title":{"rendered":"Fotorelacja z wy\u015bcigu Pozna\u0144 Bike Challenge"},"content":{"rendered":"<p>Na starcie <a href=\"http:\/\/skoda-rowery.pl\/post\/127776982440\/solid-logistics-%C5%A1koda-pozna%C5%84-bike-challenge\">Solid Logistics \u0160koda Pozna\u0144 Bike Challenge<\/a> zjawi\u0142o si\u0119 oko\u0142o\u00a05000 uczestnik\u00f3w. <!--more-->(\u0179r\u00f3d\u0142o: Pozna\u0144 Bike Challenge)<\/p>\n<p>Chyba nie ma dla nas wi\u0119kszego powodu do rado\u015bci, ni\u017c fakt,\u00a0\u017ce wy\u015bcig z roku na rok cieszy si\u0119 coraz wi\u0119ksz\u0105 popularno\u015bci\u0105 i na sta\u0142e\u00a0zago\u015bci\u0142 w kalendarzu imprez kolarskich w naszym kraju.<br \/>\nJeste\u015bmy dumni z Was\u00a0wszystkich i cieszymy si\u0119, \u017ce mo\u017cemy wspiera\u0107 najwi\u0119kszy w Polsce uliczny\u00a0wy\u015bcig rowerowy. Jeszcze raz wszystkim DZI\u0118-KU-JE-MY!<\/p>\n<figure class=\"tmblr-full\"><img decoding=\"async\" src=\"http:\/\/41.media.tumblr.com\/b30c68f7a37e4bc7025907c796a34db9\/tumblr_inline_nv86qz20Oi1sfrvl6_540.jpg\" alt=\"image\" \/><\/figure>\n<p><!-- more --><\/p>\n<p><i>(\u0179r\u00f3d\u0142o: Pozna\u0144 Bike Challange)<\/i><\/p>\n<p>Ka\u017cdy\u00a0z uczestnik\u00f3w m\u00f3g\u0142 wybra\u0107 spo\u015br\u00f3d 5 tras t\u0119, kt\u00f3ra najbardziej mu odpowiada\u0142a \u2013\u00a016 km (w pi\u0105tek na Torze Pozna\u0144), 120 km (trasa z okazji 120 lat \u0160KODY), 50 km\u00a0i 18 km. Opr\u00f3cz tego do wybrania by\u0142a r\u00f3wnie\u017c 5 &#8211; kilometrowa trasa dla dzieci.\u00a0Najm\u0142odsi adepci kolarstwa mogli nie tylko zmierzy\u0107 si\u0119 z prawdziwym wyzwaniem<br \/>\nkolarskim, ale r\u00f3wnie\u017c zabawi\u0107 w strefie dla kibic\u00f3w.<\/p>\n<p>Trzeba\u00a0przyzna\u0107, \u017ce opr\u00f3cz frekwencji, w trakcie trwania wy\u015bcigu dopisa\u0142a r\u00f3wnie\u017c\u00a0pogoda. Podczas gdy sk\u0105pani letnim s\u0142o\u0144cem rowerzy\u015bci mkn\u0119li ulicami Poznania, zgromadzona\u00a0t\u0142umnie publiczno\u015b\u0107 mog\u0142a wzi\u0105\u0107 udzia\u0142 w przygotowanych specjalnie dla niej\u00a0atrakcjach. Jedn\u0105 z nich by\u0142 koncert zespo\u0142u Audiofeels, kt\u00f3ry stworzy\u0142 jeszcze\u00a0przyjemniejsz\u0105 atmosfer\u0119 w\u015br\u00f3d zgromadzonych t\u0142um\u00f3w. Trzeba przyzna\u0107, \u017ce\u00a0ch\u0142opaki z Audiofeels potrafi\u0105 rozrusza\u0107 ka\u017cdego!<\/p>\n<figure class=\"tmblr-full\"><img decoding=\"async\" src=\"http:\/\/40.media.tumblr.com\/608c0e2e1b2423b265ea3e6e9a34f89c\/tumblr_inline_nv86tsJGyt1sfrvl6_540.jpg\" alt=\"image\" \/><\/figure>\n<p><i>(\u0179r\u00f3d\u0142o: Pozna\u0144 Bike Challenge)<\/i><\/p>\n<p>Nad\u00a0licznymi atrakcjami czuwa\u0142a \u0160koda Polska oraz dealer \u0160koda Porsche Obornicka.<\/p>\n<figure class=\"tmblr-full\"><img decoding=\"async\" src=\"http:\/\/40.media.tumblr.com\/40b6c3c76447e4e9f1f7b8fd2ba9bfc0\/tumblr_inline_nv86z36jjH1sfrvl6_540.jpg\" alt=\"image\" \/><\/figure>\n<p><i>(\u0179r\u00f3d\u0142o: Pozna\u0144 Bike Challenge)<\/i><\/p>\n<p>Nasza\u00a0misja zara\u017cania pasj\u0105 do kolarstwa najm\u0142odszych zako\u0144czona z powodzeniem!<\/p>\n<figure class=\"tmblr-full\"><img decoding=\"async\" src=\"http:\/\/40.media.tumblr.com\/34363a5127df711cc7cbdf02dfab589a\/tumblr_inline_nv8704NwDf1sfrvl6_540.jpg\" alt=\"image\" \/><\/figure>\n<p><i>(\u0179r\u00f3d\u0142o: Pozna\u0144 Bike Challenge)<\/i><\/p>\n<p>W\u00a0Poznaniu nie zabrak\u0142o r\u00f3wnie\u017c \u0160koda Auto Szko\u0142y. Na tym stoisku uczyli\u015bmy\u00a0bezpiecze\u0144stwa poprzez zabaw\u0119. Najwi\u0119kszym powodzeniem cieszy\u0142y si\u0119 symulatory\u00a0oraz znakowanie rower\u00f3w przez pozna\u0144sk\u0105 policj\u0119.<\/p>\n<p>W\u00a0trakcie trwania imprezy spo\u015br\u00f3d uczestnik\u00f3w zosta\u0142a rozlosowana wyj\u0105tkowa\u00a0nagroda od \u0160KODY \u2013 M\u0142odsza \u0160koda Fabia trzeciej generacji. Samoch\u00f3d wygra\u0142\u00a0startuj\u0105cy na trasie 120 km Jakub Stawowy. Serdeczne gratulacje!<\/p>\n<p>Wi\u0119cej zdj\u0119\u0107 jest dost\u0119pnych w galerii:<\/p>\n<p><a href=\"http:\/\/news.skoda.pl\/post\/129768833268\/fotorelacja-z-wy%C5%9Bcigu-pozna%C5%84-bike-challenge\">http:\/\/news.skoda.pl\/post\/129768833268\/fotorelacja-z-wy%C5%9Bcigu-pozna%C5%84-bike-challenge<\/a><\/p>\n","protected":false},"excerpt":{"rendered":"<p>Na starcie Solid Logistics \u0160koda Pozna\u0144 Bike Challenge zjawi\u0142o si\u0119 oko\u0142o\u00a05000 uczestnik\u00f3w.<\/p>\n","protected":false},"author":1,"featured_media":419,"comment_status":"open","ping_status":"open","sticky":false,"template":"","format":"standard","meta":{"footnotes":""},"categories":[1],"tags":[],"global-categories":[],"class_list":["post-2317","post","type-post","status-publish","format-standard","has-post-thumbnail","hentry","category-uncategorized"],"yoast_head":"<!-- This site is optimized with the Yoast SEO Premium plugin v25.3 (Yoast SEO v25.9) - https:\/\/yoast.com\/wordpress\/plugins\/seo\/ -->\n<title>Fotorelacja z wy\u015bcigu Pozna\u0144 Bike Challenge - \u0160koda We Love Cycling - Poland<\/title>\n<meta name=\"robots\" content=\"index, follow, max-snippet:-1, max-image-preview:large, max-video-preview:-1\" \/>\n<link rel=\"canonical\" href=\"https:\/\/www.welovecycling.com\/pl\/2015\/09\/25\/fotorelacja-z-wyscigu-poznan-bike-challenge\/\" \/>\n<meta property=\"og:locale\" content=\"pl_PL\" \/>\n<meta property=\"og:type\" content=\"article\" \/>\n<meta property=\"og:title\" content=\"Fotorelacja z wy\u015bcigu Pozna\u0144 Bike Challenge\" \/>\n<meta property=\"og:description\" content=\"Na starcie Solid Logistics \u0160koda Pozna\u0144 Bike Challenge zjawi\u0142o si\u0119 oko\u0142o\u00a05000 uczestnik\u00f3w.\" \/>\n<meta property=\"og:url\" content=\"https:\/\/www.welovecycling.com\/pl\/2015\/09\/25\/fotorelacja-z-wyscigu-poznan-bike-challenge\/\" \/>\n<meta property=\"og:site_name\" content=\"\u0160koda We Love Cycling - Poland\" \/>\n<meta property=\"article:published_time\" content=\"2015-09-25T09:17:09+00:00\" \/>\n<meta property=\"article:modified_time\" content=\"2016-12-05T09:58:40+00:00\" \/>\n<meta property=\"og:image\" content=\"https:\/\/d2p6e6u75xmxt8.cloudfront.net\/5\/2015\/09\/10.jpg\" \/>\n\t<meta property=\"og:image:width\" content=\"540\" \/>\n\t<meta property=\"og:image:height\" content=\"360\" \/>\n\t<meta property=\"og:image:type\" content=\"image\/jpeg\" \/>\n<meta name=\"author\" content=\"WeLoveCycling\" \/>\n<meta name=\"twitter:card\" content=\"summary_large_image\" \/>\n<meta name=\"twitter:label1\" content=\"Written by\" \/>\n\t<meta name=\"twitter:data1\" content=\"WeLoveCycling\" \/>\n\t<meta name=\"twitter:label2\" content=\"Est. reading time\" \/>\n\t<meta name=\"twitter:data2\" content=\"2 minutes\" \/>\n<script type=\"application\/ld+json\" class=\"yoast-schema-graph\">{\"@context\":\"https:\/\/schema.org\",\"@graph\":[{\"@type\":\"WebPage\",\"@id\":\"https:\/\/www.welovecycling.com\/pl\/2015\/09\/25\/fotorelacja-z-wyscigu-poznan-bike-challenge\/\",\"url\":\"https:\/\/www.welovecycling.com\/pl\/2015\/09\/25\/fotorelacja-z-wyscigu-poznan-bike-challenge\/\",\"name\":\"Fotorelacja z wy\u015bcigu Pozna\u0144 Bike Challenge - \u0160koda We Love Cycling - Poland\",\"isPartOf\":{\"@id\":\"https:\/\/www.welovecycling.com\/pl\/#website\"},\"primaryImageOfPage\":{\"@id\":\"https:\/\/www.welovecycling.com\/pl\/2015\/09\/25\/fotorelacja-z-wyscigu-poznan-bike-challenge\/#primaryimage\"},\"image\":{\"@id\":\"https:\/\/www.welovecycling.com\/pl\/2015\/09\/25\/fotorelacja-z-wyscigu-poznan-bike-challenge\/#primaryimage\"},\"thumbnailUrl\":\"https:\/\/d2p6e6u75xmxt8.cloudfront.net\/5\/2015\/09\/10.jpg\",\"datePublished\":\"2015-09-25T09:17:09+00:00\",\"dateModified\":\"2016-12-05T09:58:40+00:00\",\"author\":{\"@id\":\"https:\/\/www.welovecycling.com\/pl\/#\/schema\/person\/e5187c9cac8dd619ebc7b41bd73c2fd9\"},\"breadcrumb\":{\"@id\":\"https:\/\/www.welovecycling.com\/pl\/2015\/09\/25\/fotorelacja-z-wyscigu-poznan-bike-challenge\/#breadcrumb\"},\"inLanguage\":\"pl-PL\",\"potentialAction\":[{\"@type\":\"ReadAction\",\"target\":[\"https:\/\/www.welovecycling.com\/pl\/2015\/09\/25\/fotorelacja-z-wyscigu-poznan-bike-challenge\/\"]}]},{\"@type\":\"ImageObject\",\"inLanguage\":\"pl-PL\",\"@id\":\"https:\/\/www.welovecycling.com\/pl\/2015\/09\/25\/fotorelacja-z-wyscigu-poznan-bike-challenge\/#primaryimage\",\"url\":\"https:\/\/d2p6e6u75xmxt8.cloudfront.net\/5\/2015\/09\/10.jpg\",\"contentUrl\":\"https:\/\/d2p6e6u75xmxt8.cloudfront.net\/5\/2015\/09\/10.jpg\",\"width\":540,\"height\":360},{\"@type\":\"BreadcrumbList\",\"@id\":\"https:\/\/www.welovecycling.com\/pl\/2015\/09\/25\/fotorelacja-z-wyscigu-poznan-bike-challenge\/#breadcrumb\",\"itemListElement\":[{\"@type\":\"ListItem\",\"position\":1,\"name\":\"Home\",\"item\":\"https:\/\/www.welovecycling.com\/pl\/\"},{\"@type\":\"ListItem\",\"position\":2,\"name\":\"Fotorelacja z wy\u015bcigu Pozna\u0144 Bike Challenge\"}]},{\"@type\":\"WebSite\",\"@id\":\"https:\/\/www.welovecycling.com\/pl\/#website\",\"url\":\"https:\/\/www.welovecycling.com\/pl\/\",\"name\":\"\u0160koda We Love Cycling - Poland\",\"description\":\"\",\"potentialAction\":[{\"@type\":\"SearchAction\",\"target\":{\"@type\":\"EntryPoint\",\"urlTemplate\":\"https:\/\/www.welovecycling.com\/pl\/?s={search_term_string}\"},\"query-input\":{\"@type\":\"PropertyValueSpecification\",\"valueRequired\":true,\"valueName\":\"search_term_string\"}}],\"inLanguage\":\"pl-PL\"},{\"@type\":\"Person\",\"@id\":\"https:\/\/www.welovecycling.com\/pl\/#\/schema\/person\/e5187c9cac8dd619ebc7b41bd73c2fd9\",\"name\":\"WeLoveCycling\",\"image\":{\"@type\":\"ImageObject\",\"inLanguage\":\"pl-PL\",\"@id\":\"https:\/\/www.welovecycling.com\/pl\/#\/schema\/person\/image\/\",\"url\":\"https:\/\/secure.gravatar.com\/avatar\/7e1ee0ecc5e294b19ef32b9f6086e0afbb9da00c3cb0d465ba4695331f4a9187?s=96&d=mm&r=g\",\"contentUrl\":\"https:\/\/secure.gravatar.com\/avatar\/7e1ee0ecc5e294b19ef32b9f6086e0afbb9da00c3cb0d465ba4695331f4a9187?s=96&d=mm&r=g\",\"caption\":\"WeLoveCycling\"},\"url\":\"https:\/\/www.welovecycling.com\/pl\/author\/lukascech\/\"}]}<\/script>\n<!-- \/ Yoast SEO Premium plugin. -->","yoast_head_json":{"title":"Fotorelacja z wy\u015bcigu Pozna\u0144 Bike Challenge - \u0160koda We Love Cycling - Poland","robots":{"index":"index","follow":"follow","max-snippet":"max-snippet:-1","max-image-preview":"max-image-preview:large","max-video-preview":"max-video-preview:-1"},"canonical":"https:\/\/www.welovecycling.com\/pl\/2015\/09\/25\/fotorelacja-z-wyscigu-poznan-bike-challenge\/","og_locale":"pl_PL","og_type":"article","og_title":"Fotorelacja z wy\u015bcigu Pozna\u0144 Bike Challenge","og_description":"Na starcie Solid Logistics \u0160koda Pozna\u0144 Bike Challenge zjawi\u0142o si\u0119 oko\u0142o\u00a05000 uczestnik\u00f3w.","og_url":"https:\/\/www.welovecycling.com\/pl\/2015\/09\/25\/fotorelacja-z-wyscigu-poznan-bike-challenge\/","og_site_name":"\u0160koda We Love Cycling - Poland","article_published_time":"2015-09-25T09:17:09+00:00","article_modified_time":"2016-12-05T09:58:40+00:00","og_image":[{"width":540,"height":360,"url":"https:\/\/d2p6e6u75xmxt8.cloudfront.net\/5\/2015\/09\/10.jpg","type":"image\/jpeg"}],"author":"WeLoveCycling","twitter_card":"summary_large_image","twitter_misc":{"Written by":"WeLoveCycling","Est. reading time":"2 minutes"},"schema":{"@context":"https:\/\/schema.org","@graph":[{"@type":"WebPage","@id":"https:\/\/www.welovecycling.com\/pl\/2015\/09\/25\/fotorelacja-z-wyscigu-poznan-bike-challenge\/","url":"https:\/\/www.welovecycling.com\/pl\/2015\/09\/25\/fotorelacja-z-wyscigu-poznan-bike-challenge\/","name":"Fotorelacja z wy\u015bcigu Pozna\u0144 Bike Challenge - \u0160koda We Love Cycling - Poland","isPartOf":{"@id":"https:\/\/www.welovecycling.com\/pl\/#website"},"primaryImageOfPage":{"@id":"https:\/\/www.welovecycling.com\/pl\/2015\/09\/25\/fotorelacja-z-wyscigu-poznan-bike-challenge\/#primaryimage"},"image":{"@id":"https:\/\/www.welovecycling.com\/pl\/2015\/09\/25\/fotorelacja-z-wyscigu-poznan-bike-challenge\/#primaryimage"},"thumbnailUrl":"https:\/\/d2p6e6u75xmxt8.cloudfront.net\/5\/2015\/09\/10.jpg","datePublished":"2015-09-25T09:17:09+00:00","dateModified":"2016-12-05T09:58:40+00:00","author":{"@id":"https:\/\/www.welovecycling.com\/pl\/#\/schema\/person\/e5187c9cac8dd619ebc7b41bd73c2fd9"},"breadcrumb":{"@id":"https:\/\/www.welovecycling.com\/pl\/2015\/09\/25\/fotorelacja-z-wyscigu-poznan-bike-challenge\/#breadcrumb"},"inLanguage":"pl-PL","potentialAction":[{"@type":"ReadAction","target":["https:\/\/www.welovecycling.com\/pl\/2015\/09\/25\/fotorelacja-z-wyscigu-poznan-bike-challenge\/"]}]},{"@type":"ImageObject","inLanguage":"pl-PL","@id":"https:\/\/www.welovecycling.com\/pl\/2015\/09\/25\/fotorelacja-z-wyscigu-poznan-bike-challenge\/#primaryimage","url":"https:\/\/d2p6e6u75xmxt8.cloudfront.net\/5\/2015\/09\/10.jpg","contentUrl":"https:\/\/d2p6e6u75xmxt8.cloudfront.net\/5\/2015\/09\/10.jpg","width":540,"height":360},{"@type":"BreadcrumbList","@id":"https:\/\/www.welovecycling.com\/pl\/2015\/09\/25\/fotorelacja-z-wyscigu-poznan-bike-challenge\/#breadcrumb","itemListElement":[{"@type":"ListItem","position":1,"name":"Home","item":"https:\/\/www.welovecycling.com\/pl\/"},{"@type":"ListItem","position":2,"name":"Fotorelacja z wy\u015bcigu Pozna\u0144 Bike Challenge"}]},{"@type":"WebSite","@id":"https:\/\/www.welovecycling.com\/pl\/#website","url":"https:\/\/www.welovecycling.com\/pl\/","name":"\u0160koda We Love Cycling - Poland","description":"","potentialAction":[{"@type":"SearchAction","target":{"@type":"EntryPoint","urlTemplate":"https:\/\/www.welovecycling.com\/pl\/?s={search_term_string}"},"query-input":{"@type":"PropertyValueSpecification","valueRequired":true,"valueName":"search_term_string"}}],"inLanguage":"pl-PL"},{"@type":"Person","@id":"https:\/\/www.welovecycling.com\/pl\/#\/schema\/person\/e5187c9cac8dd619ebc7b41bd73c2fd9","name":"WeLoveCycling","image":{"@type":"ImageObject","inLanguage":"pl-PL","@id":"https:\/\/www.welovecycling.com\/pl\/#\/schema\/person\/image\/","url":"https:\/\/secure.gravatar.com\/avatar\/7e1ee0ecc5e294b19ef32b9f6086e0afbb9da00c3cb0d465ba4695331f4a9187?s=96&d=mm&r=g","contentUrl":"https:\/\/secure.gravatar.com\/avatar\/7e1ee0ecc5e294b19ef32b9f6086e0afbb9da00c3cb0d465ba4695331f4a9187?s=96&d=mm&r=g","caption":"WeLoveCycling"},"url":"https:\/\/www.welovecycling.com\/pl\/author\/lukascech\/"}]}},"_links":{"self":[{"href":"https:\/\/www.welovecycling.com\/pl\/wp-json\/wp\/v2\/posts\/2317","targetHints":{"allow":["GET"]}}],"collection":[{"href":"https:\/\/www.welovecycling.com\/pl\/wp-json\/wp\/v2\/posts"}],"about":[{"href":"https:\/\/www.welovecycling.com\/pl\/wp-json\/wp\/v2\/types\/post"}],"author":[{"embeddable":true,"href":"https:\/\/www.welovecycling.com\/pl\/wp-json\/wp\/v2\/users\/1"}],"replies":[{"embeddable":true,"href":"https:\/\/www.welovecycling.com\/pl\/wp-json\/wp\/v2\/comments?post=2317"}],"version-history":[{"count":1,"href":"https:\/\/www.welovecycling.com\/pl\/wp-json\/wp\/v2\/posts\/2317\/revisions"}],"predecessor-version":[{"id":2499,"href":"https:\/\/www.welovecycling.com\/pl\/wp-json\/wp\/v2\/posts\/2317\/revisions\/2499"}],"wp:featuredmedia":[{"embeddable":true,"href":"https:\/\/www.welovecycling.com\/pl\/wp-json\/wp\/v2\/media\/419"}],"wp:attachment":[{"href":"https:\/\/www.welovecycling.com\/pl\/wp-json\/wp\/v2\/media?parent=2317"}],"wp:term":[{"taxonomy":"category","embeddable":true,"href":"https:\/\/www.welovecycling.com\/pl\/wp-json\/wp\/v2\/categories?post=2317"},{"taxonomy":"post_tag","embeddable":true,"href":"https:\/\/www.welovecycling.com\/pl\/wp-json\/wp\/v2\/tags?post=2317"},{"taxonomy":"global-categories","embeddable":true,"href":"https:\/\/www.welovecycling.com\/pl\/wp-json\/wp\/v2\/global-categories?post=2317"}],"curies":[{"name":"wp","href":"https:\/\/api.w.org\/{rel}","templated":true}]}}