{"id":2316,"date":"2015-10-20T07:55:03","date_gmt":"2015-10-20T07:55:03","guid":{"rendered":"http:\/\/serwer1629254.home.pl\/index.php\/2015\/10\/20\/podsumowanie-sezonu\/"},"modified":"2016-12-05T09:58:31","modified_gmt":"2016-12-05T09:58:31","slug":"podsumowanie-sezonu","status":"publish","type":"post","link":"https:\/\/www.welovecycling.com\/pl\/2015\/10\/20\/podsumowanie-sezonu\/","title":{"rendered":"Podsumowanie sezonu"},"content":{"rendered":"<p>Czas\u00a0na podsumowanie sezonu, a w nim a\u017c trzy relacje filmowe z\u00a0najwi\u0119kszych event\u00f3w rowerowych w Polsce, specjalnie dla Ciebie.<!--more-->Wiadomo,\u00a0\u017ce dla najwytrwalszych kolarzy sezon nie ustaje nawet zim\u0105 \u2013 mamy\u00a0nadziej\u0119, \u017ce do nich nale\u017cysz! Pozw\u00f3l, \u017ce oderwiemy Ci\u0119 od\u00a0intensywnych przygotowa\u0144 do nowego sezonu, by jeszcze przez chwil\u0119\u00a0powspomina\u0107 ten ubieg\u0142y.<\/p>\n<p>W\u00a0maju nap\u0119dzali\u015bmy \u0160koda Velo Toru\u0144. Pogoda dopisa\u0142a i w mie\u015bcie\u00a0Kopernika by\u0142o nas naprawd\u0119 du\u017co! Na starcie wy\u015bcigu spotka\u0142o\u00a0si\u0119 wiele znanych i lubianych os\u00f3b, a w\u015br\u00f3d nich prawdziwa\u00a0mi\u0142o\u015bniczka dw\u00f3ch k\u00f3\u0142ek, Kasia Bujakiewicz. Zobacz jak pr\u00f3bowa\u0142a\u00a0dogoni\u0107 \u00f3wczesnego Mistrza \u015awiata Micha\u0142a Kwiatkowskiego i jakie\u00a0emocje \u017cywi do kolarstwa.<\/p>\n<figure class=\"tmblr-embed tmblr-full\"><\/figure>\n<p>A\u017c\u00a0cztery miesi\u0105ce mieli na przygotowania stali bywalcy naszych\u00a0wy\u015bcig\u00f3w \u2013 6 wrze\u015bnia odby\u0142a si\u0119 d\u0142ugo wyczekiwana Cyklo\u00a0Gdynia. Najwa\u017cniejsze wydarzenie kolarskie na Pomorzu zgromadzi\u0142o\u00a0prawie 1000 zawodnik\u00f3w. Mimo niesprzyjaj\u0105cej pogody wszyscy\u00a0walczyli dzielnie. Zobacz filmik z kolarskiej stolicy Pomorza!<\/p>\n<figure class=\"tmblr-embed tmblr-full\"><\/figure>\n<p>Nied\u0142ugo\u00a0po Cyklo Gdyni, bo 13 wrze\u015bnia, odby\u0142o si\u0119 kolejne kolarskie\u00a0\u015bwi\u0119to \u2013 druga edycja\u00a0Solid\u00a0Logistics \u0160koda Pozna\u0144 Bike Challenge. Pi\u0119kna pogoda i doskona\u0142a\u00a0frekwencja sprawi\u0142y, \u017ce kolarskie emocje opanowa\u0142y ca\u0142y Pozna\u0144.<br \/>\nBy\u0142o sportowo, rodzinnie, a przede wszystkim rowerowo! Potwierdza to\u00a05000 uczestnik\u00f3w na starcie.<\/p>\n<p>Zobacz\u00a0filmik z tego wydarzenia.<\/p>\n<figure class=\"tmblr-embed tmblr-full\"><\/figure>\n<p>Dzi\u0119kujemy\u00a0za wspania\u0142y sezon. Wydarzenia kolarskie, kt\u00f3re mamy okazj\u0119\u00a0wspiera\u0107, z roku na rok ciesz\u0105 si\u0119 coraz wi\u0119ksz\u0105 popularno\u015bci\u0105\u00a0i jest to dla nas prawdziwy pow\u00f3d do dumy. Do zobaczenia w przysz\u0142ym\u00a0roku!<\/p>\n","protected":false},"excerpt":{"rendered":"<p>Czas\u00a0na podsumowanie sezonu, a w nim a\u017c trzy relacje filmowe z\u00a0najwi\u0119kszych event\u00f3w rowerowych w Polsce, specjalnie dla Ciebie.<\/p>\n","protected":false},"author":1,"featured_media":414,"comment_status":"open","ping_status":"open","sticky":false,"template":"","format":"standard","meta":{"footnotes":""},"categories":[1],"tags":[],"global-categories":[],"class_list":["post-2316","post","type-post","status-publish","format-standard","has-post-thumbnail","hentry","category-uncategorized"],"yoast_head":"<!-- This site is optimized with the Yoast SEO Premium plugin v25.3 (Yoast SEO v25.9) - https:\/\/yoast.com\/wordpress\/plugins\/seo\/ -->\n<title>Podsumowanie sezonu - \u0160koda We Love Cycling - Poland<\/title>\n<meta name=\"robots\" content=\"index, follow, max-snippet:-1, max-image-preview:large, max-video-preview:-1\" \/>\n<link rel=\"canonical\" href=\"https:\/\/www.welovecycling.com\/pl\/2015\/10\/20\/podsumowanie-sezonu\/\" \/>\n<meta property=\"og:locale\" content=\"pl_PL\" \/>\n<meta property=\"og:type\" content=\"article\" \/>\n<meta property=\"og:title\" content=\"Podsumowanie sezonu\" \/>\n<meta property=\"og:description\" content=\"Czas\u00a0na podsumowanie sezonu, a w nim a\u017c trzy relacje filmowe z\u00a0najwi\u0119kszych event\u00f3w rowerowych w Polsce, specjalnie dla Ciebie.\" \/>\n<meta property=\"og:url\" content=\"https:\/\/www.welovecycling.com\/pl\/2015\/10\/20\/podsumowanie-sezonu\/\" \/>\n<meta property=\"og:site_name\" content=\"\u0160koda We Love Cycling - Poland\" \/>\n<meta property=\"article:published_time\" content=\"2015-10-20T07:55:03+00:00\" \/>\n<meta property=\"article:modified_time\" content=\"2016-12-05T09:58:31+00:00\" \/>\n<meta property=\"og:image\" content=\"https:\/\/d2p6e6u75xmxt8.cloudfront.net\/5\/2015\/10\/9.jpg\" \/>\n\t<meta property=\"og:image:width\" content=\"540\" \/>\n\t<meta property=\"og:image:height\" content=\"360\" \/>\n\t<meta property=\"og:image:type\" content=\"image\/jpeg\" \/>\n<meta name=\"author\" content=\"WeLoveCycling\" \/>\n<meta name=\"twitter:card\" content=\"summary_large_image\" \/>\n<meta name=\"twitter:label1\" content=\"Written by\" \/>\n\t<meta name=\"twitter:data1\" content=\"WeLoveCycling\" \/>\n\t<meta name=\"twitter:label2\" content=\"Est. reading time\" \/>\n\t<meta name=\"twitter:data2\" content=\"1 minute\" \/>\n<script type=\"application\/ld+json\" class=\"yoast-schema-graph\">{\"@context\":\"https:\/\/schema.org\",\"@graph\":[{\"@type\":\"WebPage\",\"@id\":\"https:\/\/www.welovecycling.com\/pl\/2015\/10\/20\/podsumowanie-sezonu\/\",\"url\":\"https:\/\/www.welovecycling.com\/pl\/2015\/10\/20\/podsumowanie-sezonu\/\",\"name\":\"Podsumowanie sezonu - \u0160koda We Love Cycling - Poland\",\"isPartOf\":{\"@id\":\"https:\/\/www.welovecycling.com\/pl\/#website\"},\"primaryImageOfPage\":{\"@id\":\"https:\/\/www.welovecycling.com\/pl\/2015\/10\/20\/podsumowanie-sezonu\/#primaryimage\"},\"image\":{\"@id\":\"https:\/\/www.welovecycling.com\/pl\/2015\/10\/20\/podsumowanie-sezonu\/#primaryimage\"},\"thumbnailUrl\":\"https:\/\/d2p6e6u75xmxt8.cloudfront.net\/5\/2015\/10\/9.jpg\",\"datePublished\":\"2015-10-20T07:55:03+00:00\",\"dateModified\":\"2016-12-05T09:58:31+00:00\",\"author\":{\"@id\":\"https:\/\/www.welovecycling.com\/pl\/#\/schema\/person\/e5187c9cac8dd619ebc7b41bd73c2fd9\"},\"breadcrumb\":{\"@id\":\"https:\/\/www.welovecycling.com\/pl\/2015\/10\/20\/podsumowanie-sezonu\/#breadcrumb\"},\"inLanguage\":\"pl-PL\",\"potentialAction\":[{\"@type\":\"ReadAction\",\"target\":[\"https:\/\/www.welovecycling.com\/pl\/2015\/10\/20\/podsumowanie-sezonu\/\"]}]},{\"@type\":\"ImageObject\",\"inLanguage\":\"pl-PL\",\"@id\":\"https:\/\/www.welovecycling.com\/pl\/2015\/10\/20\/podsumowanie-sezonu\/#primaryimage\",\"url\":\"https:\/\/d2p6e6u75xmxt8.cloudfront.net\/5\/2015\/10\/9.jpg\",\"contentUrl\":\"https:\/\/d2p6e6u75xmxt8.cloudfront.net\/5\/2015\/10\/9.jpg\",\"width\":540,\"height\":360},{\"@type\":\"BreadcrumbList\",\"@id\":\"https:\/\/www.welovecycling.com\/pl\/2015\/10\/20\/podsumowanie-sezonu\/#breadcrumb\",\"itemListElement\":[{\"@type\":\"ListItem\",\"position\":1,\"name\":\"Home\",\"item\":\"https:\/\/www.welovecycling.com\/pl\/\"},{\"@type\":\"ListItem\",\"position\":2,\"name\":\"Podsumowanie sezonu\"}]},{\"@type\":\"WebSite\",\"@id\":\"https:\/\/www.welovecycling.com\/pl\/#website\",\"url\":\"https:\/\/www.welovecycling.com\/pl\/\",\"name\":\"\u0160koda We Love Cycling - Poland\",\"description\":\"\",\"potentialAction\":[{\"@type\":\"SearchAction\",\"target\":{\"@type\":\"EntryPoint\",\"urlTemplate\":\"https:\/\/www.welovecycling.com\/pl\/?s={search_term_string}\"},\"query-input\":{\"@type\":\"PropertyValueSpecification\",\"valueRequired\":true,\"valueName\":\"search_term_string\"}}],\"inLanguage\":\"pl-PL\"},{\"@type\":\"Person\",\"@id\":\"https:\/\/www.welovecycling.com\/pl\/#\/schema\/person\/e5187c9cac8dd619ebc7b41bd73c2fd9\",\"name\":\"WeLoveCycling\",\"image\":{\"@type\":\"ImageObject\",\"inLanguage\":\"pl-PL\",\"@id\":\"https:\/\/www.welovecycling.com\/pl\/#\/schema\/person\/image\/\",\"url\":\"https:\/\/secure.gravatar.com\/avatar\/7e1ee0ecc5e294b19ef32b9f6086e0afbb9da00c3cb0d465ba4695331f4a9187?s=96&d=mm&r=g\",\"contentUrl\":\"https:\/\/secure.gravatar.com\/avatar\/7e1ee0ecc5e294b19ef32b9f6086e0afbb9da00c3cb0d465ba4695331f4a9187?s=96&d=mm&r=g\",\"caption\":\"WeLoveCycling\"},\"url\":\"https:\/\/www.welovecycling.com\/pl\/author\/lukascech\/\"}]}<\/script>\n<!-- \/ Yoast SEO Premium plugin. -->","yoast_head_json":{"title":"Podsumowanie sezonu - \u0160koda We Love Cycling - Poland","robots":{"index":"index","follow":"follow","max-snippet":"max-snippet:-1","max-image-preview":"max-image-preview:large","max-video-preview":"max-video-preview:-1"},"canonical":"https:\/\/www.welovecycling.com\/pl\/2015\/10\/20\/podsumowanie-sezonu\/","og_locale":"pl_PL","og_type":"article","og_title":"Podsumowanie sezonu","og_description":"Czas\u00a0na podsumowanie sezonu, a w nim a\u017c trzy relacje filmowe z\u00a0najwi\u0119kszych event\u00f3w rowerowych w Polsce, specjalnie dla Ciebie.","og_url":"https:\/\/www.welovecycling.com\/pl\/2015\/10\/20\/podsumowanie-sezonu\/","og_site_name":"\u0160koda We Love Cycling - Poland","article_published_time":"2015-10-20T07:55:03+00:00","article_modified_time":"2016-12-05T09:58:31+00:00","og_image":[{"width":540,"height":360,"url":"https:\/\/d2p6e6u75xmxt8.cloudfront.net\/5\/2015\/10\/9.jpg","type":"image\/jpeg"}],"author":"WeLoveCycling","twitter_card":"summary_large_image","twitter_misc":{"Written by":"WeLoveCycling","Est. reading time":"1 minute"},"schema":{"@context":"https:\/\/schema.org","@graph":[{"@type":"WebPage","@id":"https:\/\/www.welovecycling.com\/pl\/2015\/10\/20\/podsumowanie-sezonu\/","url":"https:\/\/www.welovecycling.com\/pl\/2015\/10\/20\/podsumowanie-sezonu\/","name":"Podsumowanie sezonu - \u0160koda We Love Cycling - Poland","isPartOf":{"@id":"https:\/\/www.welovecycling.com\/pl\/#website"},"primaryImageOfPage":{"@id":"https:\/\/www.welovecycling.com\/pl\/2015\/10\/20\/podsumowanie-sezonu\/#primaryimage"},"image":{"@id":"https:\/\/www.welovecycling.com\/pl\/2015\/10\/20\/podsumowanie-sezonu\/#primaryimage"},"thumbnailUrl":"https:\/\/d2p6e6u75xmxt8.cloudfront.net\/5\/2015\/10\/9.jpg","datePublished":"2015-10-20T07:55:03+00:00","dateModified":"2016-12-05T09:58:31+00:00","author":{"@id":"https:\/\/www.welovecycling.com\/pl\/#\/schema\/person\/e5187c9cac8dd619ebc7b41bd73c2fd9"},"breadcrumb":{"@id":"https:\/\/www.welovecycling.com\/pl\/2015\/10\/20\/podsumowanie-sezonu\/#breadcrumb"},"inLanguage":"pl-PL","potentialAction":[{"@type":"ReadAction","target":["https:\/\/www.welovecycling.com\/pl\/2015\/10\/20\/podsumowanie-sezonu\/"]}]},{"@type":"ImageObject","inLanguage":"pl-PL","@id":"https:\/\/www.welovecycling.com\/pl\/2015\/10\/20\/podsumowanie-sezonu\/#primaryimage","url":"https:\/\/d2p6e6u75xmxt8.cloudfront.net\/5\/2015\/10\/9.jpg","contentUrl":"https:\/\/d2p6e6u75xmxt8.cloudfront.net\/5\/2015\/10\/9.jpg","width":540,"height":360},{"@type":"BreadcrumbList","@id":"https:\/\/www.welovecycling.com\/pl\/2015\/10\/20\/podsumowanie-sezonu\/#breadcrumb","itemListElement":[{"@type":"ListItem","position":1,"name":"Home","item":"https:\/\/www.welovecycling.com\/pl\/"},{"@type":"ListItem","position":2,"name":"Podsumowanie sezonu"}]},{"@type":"WebSite","@id":"https:\/\/www.welovecycling.com\/pl\/#website","url":"https:\/\/www.welovecycling.com\/pl\/","name":"\u0160koda We Love Cycling - Poland","description":"","potentialAction":[{"@type":"SearchAction","target":{"@type":"EntryPoint","urlTemplate":"https:\/\/www.welovecycling.com\/pl\/?s={search_term_string}"},"query-input":{"@type":"PropertyValueSpecification","valueRequired":true,"valueName":"search_term_string"}}],"inLanguage":"pl-PL"},{"@type":"Person","@id":"https:\/\/www.welovecycling.com\/pl\/#\/schema\/person\/e5187c9cac8dd619ebc7b41bd73c2fd9","name":"WeLoveCycling","image":{"@type":"ImageObject","inLanguage":"pl-PL","@id":"https:\/\/www.welovecycling.com\/pl\/#\/schema\/person\/image\/","url":"https:\/\/secure.gravatar.com\/avatar\/7e1ee0ecc5e294b19ef32b9f6086e0afbb9da00c3cb0d465ba4695331f4a9187?s=96&d=mm&r=g","contentUrl":"https:\/\/secure.gravatar.com\/avatar\/7e1ee0ecc5e294b19ef32b9f6086e0afbb9da00c3cb0d465ba4695331f4a9187?s=96&d=mm&r=g","caption":"WeLoveCycling"},"url":"https:\/\/www.welovecycling.com\/pl\/author\/lukascech\/"}]}},"_links":{"self":[{"href":"https:\/\/www.welovecycling.com\/pl\/wp-json\/wp\/v2\/posts\/2316","targetHints":{"allow":["GET"]}}],"collection":[{"href":"https:\/\/www.welovecycling.com\/pl\/wp-json\/wp\/v2\/posts"}],"about":[{"href":"https:\/\/www.welovecycling.com\/pl\/wp-json\/wp\/v2\/types\/post"}],"author":[{"embeddable":true,"href":"https:\/\/www.welovecycling.com\/pl\/wp-json\/wp\/v2\/users\/1"}],"replies":[{"embeddable":true,"href":"https:\/\/www.welovecycling.com\/pl\/wp-json\/wp\/v2\/comments?post=2316"}],"version-history":[{"count":1,"href":"https:\/\/www.welovecycling.com\/pl\/wp-json\/wp\/v2\/posts\/2316\/revisions"}],"predecessor-version":[{"id":2498,"href":"https:\/\/www.welovecycling.com\/pl\/wp-json\/wp\/v2\/posts\/2316\/revisions\/2498"}],"wp:featuredmedia":[{"embeddable":true,"href":"https:\/\/www.welovecycling.com\/pl\/wp-json\/wp\/v2\/media\/414"}],"wp:attachment":[{"href":"https:\/\/www.welovecycling.com\/pl\/wp-json\/wp\/v2\/media?parent=2316"}],"wp:term":[{"taxonomy":"category","embeddable":true,"href":"https:\/\/www.welovecycling.com\/pl\/wp-json\/wp\/v2\/categories?post=2316"},{"taxonomy":"post_tag","embeddable":true,"href":"https:\/\/www.welovecycling.com\/pl\/wp-json\/wp\/v2\/tags?post=2316"},{"taxonomy":"global-categories","embeddable":true,"href":"https:\/\/www.welovecycling.com\/pl\/wp-json\/wp\/v2\/global-categories?post=2316"}],"curies":[{"name":"wp","href":"https:\/\/api.w.org\/{rel}","templated":true}]}}