{"id":2315,"date":"2015-10-22T09:26:24","date_gmt":"2015-10-22T09:26:24","guid":{"rendered":"http:\/\/serwer1629254.home.pl\/index.php\/2015\/10\/22\/skoda-napedza-rowery-w-jeziorkach\/"},"modified":"2016-12-05T09:58:22","modified_gmt":"2016-12-05T09:58:22","slug":"skoda-napedza-rowery-w-jeziorkach","status":"publish","type":"post","link":"https:\/\/www.welovecycling.com\/pl\/2015\/10\/22\/skoda-napedza-rowery-w-jeziorkach\/","title":{"rendered":"\u0160koda nap\u0119dza rowery w Jeziorkach"},"content":{"rendered":"<p>W regionie leszczy\u0144skim mi\u0142o\u015bnik\u00f3w kolarstwa nie brakuje! Zobacz fotorelacj\u0119 z eventu rowerowego \u201eIX REAL Ciesi\u00f3\u0142ka Auto Group Maraton MTB\u201d, kt\u00f3ry odby\u0142 si\u0119 27. wrze\u015bnia w Jeziorkach.<!--more--><\/p>\n<p>Jeste\u015bmy dumni z wy\u015bcigu zorganizowanego przez Ciesi\u00f3\u0142ka Auto Group i z rado\u015bci\u0105 dzielimy si\u0119 zdj\u0119ciami z wydarzenia.<\/p>\n<figure class=\"tmblr-full\"><img decoding=\"async\" src=\"http:\/\/40.media.tumblr.com\/f9bf8a4ac84e5cbab8538214add0462e\/tumblr_inline_nwm6ww6IS21sfrvl6_540.jpg\" alt=\"image\" \/><!-- more --><\/figure>\n<figure class=\"tmblr-full\"><img decoding=\"async\" src=\"http:\/\/41.media.tumblr.com\/9264ba2b762d1e7ff9d097d588f972f2\/tumblr_inline_nwm6xdGNye1sfrvl6_540.jpg\" alt=\"image\" \/><\/figure>\n<figure class=\"tmblr-full\"><img decoding=\"async\" src=\"http:\/\/40.media.tumblr.com\/c363638f2636b67f84a53caaf5f2cc69\/tumblr_inline_nwm707ouK81sfrvl6_540.jpg\" alt=\"image\" \/><\/figure>\n<figure class=\"tmblr-full\"><img decoding=\"async\" src=\"http:\/\/40.media.tumblr.com\/926dc9c790662f8d091469dc2bd4bf0e\/tumblr_inline_nwm6zaaO2T1sfrvl6_540.jpg\" alt=\"image\" \/><\/figure>\n<figure class=\"tmblr-full\"><img decoding=\"async\" src=\"http:\/\/36.media.tumblr.com\/3fcde9e320c625f94d536f75bb789c7b\/tumblr_inline_nwm71aXojp1sfrvl6_540.jpg\" alt=\"image\" \/><\/figure>\n<figure class=\"tmblr-full\"><img decoding=\"async\" src=\"http:\/\/41.media.tumblr.com\/16a9df3ebd3f44421cb0c38160554a9c\/tumblr_inline_nwm73liGr91sfrvl6_540.jpg\" alt=\"image\" \/><\/figure>\n<figure class=\"tmblr-full\"><img decoding=\"async\" src=\"http:\/\/41.media.tumblr.com\/b939fd8d3f97ecdff9a0cd451357864c\/tumblr_inline_nwm74uFl6k1sfrvl6_540.jpg\" alt=\"image\" \/><\/figure>\n<figure class=\"tmblr-full\"><img decoding=\"async\" src=\"http:\/\/36.media.tumblr.com\/c363638f2636b67f84a53caaf5f2cc69\/tumblr_inline_nwm7gqJRQY1sfrvl6_540.jpg\" alt=\"image\" \/><\/figure>\n<figure class=\"tmblr-full\"><img decoding=\"async\" src=\"http:\/\/41.media.tumblr.com\/3ddcf3e016e68d759ffb77cab61448e0\/tumblr_inline_nwm7fhEcpI1sfrvl6_540.jpg\" alt=\"image\" \/><\/figure>\n<figure class=\"tmblr-full\"><img decoding=\"async\" src=\"http:\/\/41.media.tumblr.com\/16a9df3ebd3f44421cb0c38160554a9c\/tumblr_inline_nwm7iauq8c1sfrvl6_540.jpg\" alt=\"image\" \/><\/figure>\n<p><i>(\u0179r\u00f3d\u0142o: IX REAL Ciesi\u00f3\u0142ka Auto Group Maraton MTB)<\/i><\/p>\n","protected":false},"excerpt":{"rendered":"<p>W regionie leszczy\u0144skim mi\u0142o\u015bnik\u00f3w kolarstwa nie brakuje! Zobacz fotorelacj\u0119 z eventu rowerowego \u201eIX REAL Ciesi\u00f3\u0142ka Auto Group Maraton MTB\u201d, kt\u00f3ry [&hellip;]<\/p>\n","protected":false},"author":1,"featured_media":411,"comment_status":"open","ping_status":"open","sticky":false,"template":"","format":"standard","meta":{"footnotes":""},"categories":[1],"tags":[],"global-categories":[],"class_list":["post-2315","post","type-post","status-publish","format-standard","has-post-thumbnail","hentry","category-uncategorized"],"yoast_head":"<!-- This site is optimized with the Yoast SEO Premium plugin v25.3 (Yoast SEO v25.9) - https:\/\/yoast.com\/wordpress\/plugins\/seo\/ -->\n<title>\u0160koda nap\u0119dza rowery w Jeziorkach - \u0160koda We Love Cycling - Poland<\/title>\n<meta name=\"robots\" content=\"index, follow, max-snippet:-1, max-image-preview:large, max-video-preview:-1\" \/>\n<link rel=\"canonical\" href=\"https:\/\/www.welovecycling.com\/pl\/2015\/10\/22\/skoda-napedza-rowery-w-jeziorkach\/\" \/>\n<meta property=\"og:locale\" content=\"pl_PL\" \/>\n<meta property=\"og:type\" content=\"article\" \/>\n<meta property=\"og:title\" content=\"\u0160koda nap\u0119dza rowery w Jeziorkach\" \/>\n<meta property=\"og:description\" content=\"W regionie leszczy\u0144skim mi\u0142o\u015bnik\u00f3w kolarstwa nie brakuje! Zobacz fotorelacj\u0119 z eventu rowerowego \u201eIX REAL Ciesi\u00f3\u0142ka Auto Group Maraton MTB\u201d, kt\u00f3ry [&hellip;]\" \/>\n<meta property=\"og:url\" content=\"https:\/\/www.welovecycling.com\/pl\/2015\/10\/22\/skoda-napedza-rowery-w-jeziorkach\/\" \/>\n<meta property=\"og:site_name\" content=\"\u0160koda We Love Cycling - Poland\" \/>\n<meta property=\"article:published_time\" content=\"2015-10-22T09:26:24+00:00\" \/>\n<meta property=\"article:modified_time\" content=\"2016-12-05T09:58:22+00:00\" \/>\n<meta property=\"og:image\" content=\"https:\/\/d2p6e6u75xmxt8.cloudfront.net\/5\/2015\/10\/8.jpg\" \/>\n\t<meta property=\"og:image:width\" content=\"540\" \/>\n\t<meta property=\"og:image:height\" content=\"303\" \/>\n\t<meta property=\"og:image:type\" content=\"image\/jpeg\" \/>\n<meta name=\"author\" content=\"WeLoveCycling\" \/>\n<meta name=\"twitter:card\" content=\"summary_large_image\" \/>\n<meta name=\"twitter:label1\" content=\"Written by\" \/>\n\t<meta name=\"twitter:data1\" content=\"WeLoveCycling\" \/>\n<script type=\"application\/ld+json\" class=\"yoast-schema-graph\">{\"@context\":\"https:\/\/schema.org\",\"@graph\":[{\"@type\":\"WebPage\",\"@id\":\"https:\/\/www.welovecycling.com\/pl\/2015\/10\/22\/skoda-napedza-rowery-w-jeziorkach\/\",\"url\":\"https:\/\/www.welovecycling.com\/pl\/2015\/10\/22\/skoda-napedza-rowery-w-jeziorkach\/\",\"name\":\"\u0160koda nap\u0119dza rowery w Jeziorkach - \u0160koda We Love Cycling - Poland\",\"isPartOf\":{\"@id\":\"https:\/\/www.welovecycling.com\/pl\/#website\"},\"primaryImageOfPage\":{\"@id\":\"https:\/\/www.welovecycling.com\/pl\/2015\/10\/22\/skoda-napedza-rowery-w-jeziorkach\/#primaryimage\"},\"image\":{\"@id\":\"https:\/\/www.welovecycling.com\/pl\/2015\/10\/22\/skoda-napedza-rowery-w-jeziorkach\/#primaryimage\"},\"thumbnailUrl\":\"https:\/\/d2p6e6u75xmxt8.cloudfront.net\/5\/2015\/10\/8.jpg\",\"datePublished\":\"2015-10-22T09:26:24+00:00\",\"dateModified\":\"2016-12-05T09:58:22+00:00\",\"author\":{\"@id\":\"https:\/\/www.welovecycling.com\/pl\/#\/schema\/person\/e5187c9cac8dd619ebc7b41bd73c2fd9\"},\"breadcrumb\":{\"@id\":\"https:\/\/www.welovecycling.com\/pl\/2015\/10\/22\/skoda-napedza-rowery-w-jeziorkach\/#breadcrumb\"},\"inLanguage\":\"pl-PL\",\"potentialAction\":[{\"@type\":\"ReadAction\",\"target\":[\"https:\/\/www.welovecycling.com\/pl\/2015\/10\/22\/skoda-napedza-rowery-w-jeziorkach\/\"]}]},{\"@type\":\"ImageObject\",\"inLanguage\":\"pl-PL\",\"@id\":\"https:\/\/www.welovecycling.com\/pl\/2015\/10\/22\/skoda-napedza-rowery-w-jeziorkach\/#primaryimage\",\"url\":\"https:\/\/d2p6e6u75xmxt8.cloudfront.net\/5\/2015\/10\/8.jpg\",\"contentUrl\":\"https:\/\/d2p6e6u75xmxt8.cloudfront.net\/5\/2015\/10\/8.jpg\",\"width\":540,\"height\":303,\"caption\":\"SONY DSC\"},{\"@type\":\"BreadcrumbList\",\"@id\":\"https:\/\/www.welovecycling.com\/pl\/2015\/10\/22\/skoda-napedza-rowery-w-jeziorkach\/#breadcrumb\",\"itemListElement\":[{\"@type\":\"ListItem\",\"position\":1,\"name\":\"Home\",\"item\":\"https:\/\/www.welovecycling.com\/pl\/\"},{\"@type\":\"ListItem\",\"position\":2,\"name\":\"\u0160koda nap\u0119dza rowery w Jeziorkach\"}]},{\"@type\":\"WebSite\",\"@id\":\"https:\/\/www.welovecycling.com\/pl\/#website\",\"url\":\"https:\/\/www.welovecycling.com\/pl\/\",\"name\":\"\u0160koda We Love Cycling - Poland\",\"description\":\"\",\"potentialAction\":[{\"@type\":\"SearchAction\",\"target\":{\"@type\":\"EntryPoint\",\"urlTemplate\":\"https:\/\/www.welovecycling.com\/pl\/?s={search_term_string}\"},\"query-input\":{\"@type\":\"PropertyValueSpecification\",\"valueRequired\":true,\"valueName\":\"search_term_string\"}}],\"inLanguage\":\"pl-PL\"},{\"@type\":\"Person\",\"@id\":\"https:\/\/www.welovecycling.com\/pl\/#\/schema\/person\/e5187c9cac8dd619ebc7b41bd73c2fd9\",\"name\":\"WeLoveCycling\",\"image\":{\"@type\":\"ImageObject\",\"inLanguage\":\"pl-PL\",\"@id\":\"https:\/\/www.welovecycling.com\/pl\/#\/schema\/person\/image\/\",\"url\":\"https:\/\/secure.gravatar.com\/avatar\/7e1ee0ecc5e294b19ef32b9f6086e0afbb9da00c3cb0d465ba4695331f4a9187?s=96&d=mm&r=g\",\"contentUrl\":\"https:\/\/secure.gravatar.com\/avatar\/7e1ee0ecc5e294b19ef32b9f6086e0afbb9da00c3cb0d465ba4695331f4a9187?s=96&d=mm&r=g\",\"caption\":\"WeLoveCycling\"},\"url\":\"https:\/\/www.welovecycling.com\/pl\/author\/lukascech\/\"}]}<\/script>\n<!-- \/ Yoast SEO Premium plugin. -->","yoast_head_json":{"title":"\u0160koda nap\u0119dza rowery w Jeziorkach - \u0160koda We Love Cycling - Poland","robots":{"index":"index","follow":"follow","max-snippet":"max-snippet:-1","max-image-preview":"max-image-preview:large","max-video-preview":"max-video-preview:-1"},"canonical":"https:\/\/www.welovecycling.com\/pl\/2015\/10\/22\/skoda-napedza-rowery-w-jeziorkach\/","og_locale":"pl_PL","og_type":"article","og_title":"\u0160koda nap\u0119dza rowery w Jeziorkach","og_description":"W regionie leszczy\u0144skim mi\u0142o\u015bnik\u00f3w kolarstwa nie brakuje! Zobacz fotorelacj\u0119 z eventu rowerowego \u201eIX REAL Ciesi\u00f3\u0142ka Auto Group Maraton MTB\u201d, kt\u00f3ry [&hellip;]","og_url":"https:\/\/www.welovecycling.com\/pl\/2015\/10\/22\/skoda-napedza-rowery-w-jeziorkach\/","og_site_name":"\u0160koda We Love Cycling - Poland","article_published_time":"2015-10-22T09:26:24+00:00","article_modified_time":"2016-12-05T09:58:22+00:00","og_image":[{"width":540,"height":303,"url":"https:\/\/d2p6e6u75xmxt8.cloudfront.net\/5\/2015\/10\/8.jpg","type":"image\/jpeg"}],"author":"WeLoveCycling","twitter_card":"summary_large_image","twitter_misc":{"Written by":"WeLoveCycling"},"schema":{"@context":"https:\/\/schema.org","@graph":[{"@type":"WebPage","@id":"https:\/\/www.welovecycling.com\/pl\/2015\/10\/22\/skoda-napedza-rowery-w-jeziorkach\/","url":"https:\/\/www.welovecycling.com\/pl\/2015\/10\/22\/skoda-napedza-rowery-w-jeziorkach\/","name":"\u0160koda nap\u0119dza rowery w Jeziorkach - \u0160koda We Love Cycling - Poland","isPartOf":{"@id":"https:\/\/www.welovecycling.com\/pl\/#website"},"primaryImageOfPage":{"@id":"https:\/\/www.welovecycling.com\/pl\/2015\/10\/22\/skoda-napedza-rowery-w-jeziorkach\/#primaryimage"},"image":{"@id":"https:\/\/www.welovecycling.com\/pl\/2015\/10\/22\/skoda-napedza-rowery-w-jeziorkach\/#primaryimage"},"thumbnailUrl":"https:\/\/d2p6e6u75xmxt8.cloudfront.net\/5\/2015\/10\/8.jpg","datePublished":"2015-10-22T09:26:24+00:00","dateModified":"2016-12-05T09:58:22+00:00","author":{"@id":"https:\/\/www.welovecycling.com\/pl\/#\/schema\/person\/e5187c9cac8dd619ebc7b41bd73c2fd9"},"breadcrumb":{"@id":"https:\/\/www.welovecycling.com\/pl\/2015\/10\/22\/skoda-napedza-rowery-w-jeziorkach\/#breadcrumb"},"inLanguage":"pl-PL","potentialAction":[{"@type":"ReadAction","target":["https:\/\/www.welovecycling.com\/pl\/2015\/10\/22\/skoda-napedza-rowery-w-jeziorkach\/"]}]},{"@type":"ImageObject","inLanguage":"pl-PL","@id":"https:\/\/www.welovecycling.com\/pl\/2015\/10\/22\/skoda-napedza-rowery-w-jeziorkach\/#primaryimage","url":"https:\/\/d2p6e6u75xmxt8.cloudfront.net\/5\/2015\/10\/8.jpg","contentUrl":"https:\/\/d2p6e6u75xmxt8.cloudfront.net\/5\/2015\/10\/8.jpg","width":540,"height":303,"caption":"SONY DSC"},{"@type":"BreadcrumbList","@id":"https:\/\/www.welovecycling.com\/pl\/2015\/10\/22\/skoda-napedza-rowery-w-jeziorkach\/#breadcrumb","itemListElement":[{"@type":"ListItem","position":1,"name":"Home","item":"https:\/\/www.welovecycling.com\/pl\/"},{"@type":"ListItem","position":2,"name":"\u0160koda nap\u0119dza rowery w Jeziorkach"}]},{"@type":"WebSite","@id":"https:\/\/www.welovecycling.com\/pl\/#website","url":"https:\/\/www.welovecycling.com\/pl\/","name":"\u0160koda We Love Cycling - Poland","description":"","potentialAction":[{"@type":"SearchAction","target":{"@type":"EntryPoint","urlTemplate":"https:\/\/www.welovecycling.com\/pl\/?s={search_term_string}"},"query-input":{"@type":"PropertyValueSpecification","valueRequired":true,"valueName":"search_term_string"}}],"inLanguage":"pl-PL"},{"@type":"Person","@id":"https:\/\/www.welovecycling.com\/pl\/#\/schema\/person\/e5187c9cac8dd619ebc7b41bd73c2fd9","name":"WeLoveCycling","image":{"@type":"ImageObject","inLanguage":"pl-PL","@id":"https:\/\/www.welovecycling.com\/pl\/#\/schema\/person\/image\/","url":"https:\/\/secure.gravatar.com\/avatar\/7e1ee0ecc5e294b19ef32b9f6086e0afbb9da00c3cb0d465ba4695331f4a9187?s=96&d=mm&r=g","contentUrl":"https:\/\/secure.gravatar.com\/avatar\/7e1ee0ecc5e294b19ef32b9f6086e0afbb9da00c3cb0d465ba4695331f4a9187?s=96&d=mm&r=g","caption":"WeLoveCycling"},"url":"https:\/\/www.welovecycling.com\/pl\/author\/lukascech\/"}]}},"_links":{"self":[{"href":"https:\/\/www.welovecycling.com\/pl\/wp-json\/wp\/v2\/posts\/2315","targetHints":{"allow":["GET"]}}],"collection":[{"href":"https:\/\/www.welovecycling.com\/pl\/wp-json\/wp\/v2\/posts"}],"about":[{"href":"https:\/\/www.welovecycling.com\/pl\/wp-json\/wp\/v2\/types\/post"}],"author":[{"embeddable":true,"href":"https:\/\/www.welovecycling.com\/pl\/wp-json\/wp\/v2\/users\/1"}],"replies":[{"embeddable":true,"href":"https:\/\/www.welovecycling.com\/pl\/wp-json\/wp\/v2\/comments?post=2315"}],"version-history":[{"count":1,"href":"https:\/\/www.welovecycling.com\/pl\/wp-json\/wp\/v2\/posts\/2315\/revisions"}],"predecessor-version":[{"id":2497,"href":"https:\/\/www.welovecycling.com\/pl\/wp-json\/wp\/v2\/posts\/2315\/revisions\/2497"}],"wp:featuredmedia":[{"embeddable":true,"href":"https:\/\/www.welovecycling.com\/pl\/wp-json\/wp\/v2\/media\/411"}],"wp:attachment":[{"href":"https:\/\/www.welovecycling.com\/pl\/wp-json\/wp\/v2\/media?parent=2315"}],"wp:term":[{"taxonomy":"category","embeddable":true,"href":"https:\/\/www.welovecycling.com\/pl\/wp-json\/wp\/v2\/categories?post=2315"},{"taxonomy":"post_tag","embeddable":true,"href":"https:\/\/www.welovecycling.com\/pl\/wp-json\/wp\/v2\/tags?post=2315"},{"taxonomy":"global-categories","embeddable":true,"href":"https:\/\/www.welovecycling.com\/pl\/wp-json\/wp\/v2\/global-categories?post=2315"}],"curies":[{"name":"wp","href":"https:\/\/api.w.org\/{rel}","templated":true}]}}