{"id":2314,"date":"2015-12-08T12:34:20","date_gmt":"2015-12-08T12:34:20","guid":{"rendered":"http:\/\/serwer1629254.home.pl\/index.php\/2015\/12\/08\/badz-eco-badz-fit-przylacz-sie-do-akcji-serwisu\/"},"modified":"2016-12-05T09:58:14","modified_gmt":"2016-12-05T09:58:14","slug":"badz-eco-badz-fit-przylacz-sie-do-akcji-serwisu","status":"publish","type":"post","link":"https:\/\/www.welovecycling.com\/pl\/2015\/12\/08\/badz-eco-badz-fit-przylacz-sie-do-akcji-serwisu\/","title":{"rendered":"B\u0105d\u017a ECO, b\u0105d\u017a FIT \u2013 przy\u0142\u0105cz si\u0119 do akcji serwisu Skoda LELLEK \u201eRowerem przez Sopot\u201d."},"content":{"rendered":"<p>Celem akcji jest propagowanie aktywnego i zdrowego trybu \u017cycia. Autoryzowany Dealer i Serwis Skoda Lellek mieszcz\u0105cy si\u0119 w Sopocie przy Alei Niepodleg\u0142o\u015bci 954 od marca wprowadza akcj\u0119 \u201eRowerem przez Sopot\u201d dla Klient\u00f3w odwiedzaj\u0105cych serwis. <!--more-->Rowery mo\u017ce wypo\u017cyczy\u0107 ka\u017cdy, kto pozostawi w serwisie sw\u00f3j samoch\u00f3d.<\/p>\n<figure class=\"tmblr-full\"><img decoding=\"async\" src=\"http:\/\/41.media.tumblr.com\/b23ed74e96ac8ceb23c7f3a756642243\/tumblr_inline_nz1hl1V9Nd1sfrvl6_540.jpg\" alt=\"image\" \/><\/figure>\n<p><!-- more --><\/p>\n<p>Zale\u017cy nam aby promowa\u0107 zdrowy tryb \u017cycia oraz mie\u0107 mo\u017cliwo\u015b\u0107 odkrywania pi\u0119knego Sopotu \u2013 m\u00f3wi przedstawiciel firmy Skoda Lellek Sopot. Ka\u017cdy z naszych Klient\u00f3w, za symboliczn\u0105 z\u0142ot\u00f3wk\u0119, otrzyma w pe\u0142ni wyposa\u017cony rower oraz map\u0119 z proponowanymi trasami rowerowymi Sopotu. Stanowi to idealn\u0105 alternatyw\u0119 dla auta zast\u0119pczego i dla os\u00f3b lubi\u0105cych aktywny tryb \u017cycia.<\/p>\n<p>Skoda Lellek proponuje swoim Klientom 6 miejskich rower\u00f3w: 3 m\u0119skie i 3 damskie. Rowery s\u0105 w pe\u0142ni wyposa\u017cone. Istnieje mo\u017cliwo\u015b\u0107 wypo\u017cyczenia roweru wraz z dzieci\u0119cym fotelikiem. Dodatkowo damska wersja roweru posiada pi\u0119kne bia\u0142e koszyki idealne na damsk\u0105 torebk\u0119 lub ma\u0142e zakupy.<\/p>\n<p>Wszystkich Klient\u00f3w zapraszamy i zach\u0119camy do udzia\u0142u w naszej akcji \u201eRowerem przez Sopot\u201d.<\/p>\n<figure class=\"tmblr-full\"><img decoding=\"async\" src=\"http:\/\/41.media.tumblr.com\/7845e96652182aacd8791c08e6f8588e\/tumblr_inline_nz1hhku1er1sfrvl6_540.jpg\" alt=\"image\" \/><\/figure>\n<figure class=\"tmblr-full\"><img decoding=\"async\" src=\"http:\/\/41.media.tumblr.com\/de39792348f3b02fc8db34d30d97d8c6\/tumblr_inline_nz1hilHlgT1sfrvl6_540.jpg\" alt=\"image\" \/><\/figure>\n<figure class=\"tmblr-full\"><img decoding=\"async\" src=\"http:\/\/41.media.tumblr.com\/802aab4a70984b312811e6b538a38ddd\/tumblr_inline_nz1hiopgO61sfrvl6_540.jpg\" alt=\"image\" \/><\/figure>\n<figure class=\"tmblr-full\"><img decoding=\"async\" src=\"http:\/\/41.media.tumblr.com\/666059c9c81d9c229dbbd75285d2136d\/tumblr_inline_nz1hiqW8Ln1sfrvl6_540.jpg\" alt=\"image\" \/><\/figure>\n<figure class=\"tmblr-full\"><img decoding=\"async\" src=\"http:\/\/41.media.tumblr.com\/6fc71cee3136cee3955a32bbdfd8d9bc\/tumblr_inline_nz1hislcll1sfrvl6_540.jpg\" alt=\"image\" \/><\/figure>\n<figure class=\"tmblr-full\"><img decoding=\"async\" src=\"http:\/\/41.media.tumblr.com\/02868d0c8fce91f1bc8059dedca16b65\/tumblr_inline_nz1hiv7QBY1sfrvl6_540.jpg\" alt=\"image\" \/><\/figure>\n<figure class=\"tmblr-full\"><img decoding=\"async\" src=\"http:\/\/40.media.tumblr.com\/ec7447905c645376a271a87811aef6f2\/tumblr_inline_nz1hixBq351sfrvl6_540.jpg\" alt=\"image\" \/><\/figure>\n<figure class=\"tmblr-full\"><img decoding=\"async\" src=\"http:\/\/36.media.tumblr.com\/ed83a18aef736565826dc9f494c44755\/tumblr_inline_nz1hizbPs71sfrvl6_540.jpg\" alt=\"image\" \/><\/figure>\n<figure class=\"tmblr-full\"><img decoding=\"async\" src=\"http:\/\/41.media.tumblr.com\/0b6b38ce922057bbc44fbfed76b5ce18\/tumblr_inline_nz1hj0kohn1sfrvl6_540.jpg\" alt=\"image\" \/><\/figure>\n","protected":false},"excerpt":{"rendered":"<p>Celem akcji jest propagowanie aktywnego i zdrowego trybu \u017cycia. Autoryzowany Dealer i Serwis Skoda Lellek mieszcz\u0105cy si\u0119 w Sopocie przy [&hellip;]<\/p>\n","protected":false},"author":1,"featured_media":409,"comment_status":"open","ping_status":"open","sticky":false,"template":"","format":"standard","meta":{"footnotes":""},"categories":[4],"tags":[],"global-categories":[],"class_list":["post-2314","post","type-post","status-publish","format-standard","has-post-thumbnail","hentry","category-zdrowie-i-trening"],"yoast_head":"<!-- This site is optimized with the Yoast SEO Premium plugin v25.3 (Yoast SEO v25.9) - https:\/\/yoast.com\/wordpress\/plugins\/seo\/ -->\n<title>B\u0105d\u017a ECO, b\u0105d\u017a FIT \u2013 przy\u0142\u0105cz si\u0119 do akcji serwisu Skoda LELLEK \u201eRowerem przez Sopot\u201d. - \u0160koda We Love Cycling - Poland<\/title>\n<meta name=\"robots\" content=\"index, follow, max-snippet:-1, max-image-preview:large, max-video-preview:-1\" \/>\n<link rel=\"canonical\" href=\"https:\/\/www.welovecycling.com\/pl\/2015\/12\/08\/badz-eco-badz-fit-przylacz-sie-do-akcji-serwisu\/\" \/>\n<meta property=\"og:locale\" content=\"pl_PL\" \/>\n<meta property=\"og:type\" content=\"article\" \/>\n<meta property=\"og:title\" content=\"B\u0105d\u017a ECO, b\u0105d\u017a FIT \u2013 przy\u0142\u0105cz si\u0119 do akcji serwisu Skoda LELLEK \u201eRowerem przez Sopot\u201d.\" \/>\n<meta property=\"og:description\" content=\"Celem akcji jest propagowanie aktywnego i zdrowego trybu \u017cycia. Autoryzowany Dealer i Serwis Skoda Lellek mieszcz\u0105cy si\u0119 w Sopocie przy [&hellip;]\" \/>\n<meta property=\"og:url\" content=\"https:\/\/www.welovecycling.com\/pl\/2015\/12\/08\/badz-eco-badz-fit-przylacz-sie-do-akcji-serwisu\/\" \/>\n<meta property=\"og:site_name\" content=\"\u0160koda We Love Cycling - Poland\" \/>\n<meta property=\"article:published_time\" content=\"2015-12-08T12:34:20+00:00\" \/>\n<meta property=\"article:modified_time\" content=\"2016-12-05T09:58:14+00:00\" \/>\n<meta property=\"og:image\" content=\"https:\/\/d2p6e6u75xmxt8.cloudfront.net\/5\/2015\/12\/7.jpg\" \/>\n\t<meta property=\"og:image:width\" content=\"540\" \/>\n\t<meta property=\"og:image:height\" content=\"405\" \/>\n\t<meta property=\"og:image:type\" content=\"image\/jpeg\" \/>\n<meta name=\"author\" content=\"WeLoveCycling\" \/>\n<meta name=\"twitter:card\" content=\"summary_large_image\" \/>\n<meta name=\"twitter:label1\" content=\"Written by\" \/>\n\t<meta name=\"twitter:data1\" content=\"WeLoveCycling\" \/>\n\t<meta name=\"twitter:label2\" content=\"Est. reading time\" \/>\n\t<meta name=\"twitter:data2\" content=\"1 minute\" \/>\n<script type=\"application\/ld+json\" class=\"yoast-schema-graph\">{\"@context\":\"https:\/\/schema.org\",\"@graph\":[{\"@type\":\"WebPage\",\"@id\":\"https:\/\/www.welovecycling.com\/pl\/2015\/12\/08\/badz-eco-badz-fit-przylacz-sie-do-akcji-serwisu\/\",\"url\":\"https:\/\/www.welovecycling.com\/pl\/2015\/12\/08\/badz-eco-badz-fit-przylacz-sie-do-akcji-serwisu\/\",\"name\":\"B\u0105d\u017a ECO, b\u0105d\u017a FIT \u2013 przy\u0142\u0105cz si\u0119 do akcji serwisu Skoda LELLEK \u201eRowerem przez Sopot\u201d. - \u0160koda We Love Cycling - Poland\",\"isPartOf\":{\"@id\":\"https:\/\/www.welovecycling.com\/pl\/#website\"},\"primaryImageOfPage\":{\"@id\":\"https:\/\/www.welovecycling.com\/pl\/2015\/12\/08\/badz-eco-badz-fit-przylacz-sie-do-akcji-serwisu\/#primaryimage\"},\"image\":{\"@id\":\"https:\/\/www.welovecycling.com\/pl\/2015\/12\/08\/badz-eco-badz-fit-przylacz-sie-do-akcji-serwisu\/#primaryimage\"},\"thumbnailUrl\":\"https:\/\/d2p6e6u75xmxt8.cloudfront.net\/5\/2015\/12\/7.jpg\",\"datePublished\":\"2015-12-08T12:34:20+00:00\",\"dateModified\":\"2016-12-05T09:58:14+00:00\",\"author\":{\"@id\":\"https:\/\/www.welovecycling.com\/pl\/#\/schema\/person\/e5187c9cac8dd619ebc7b41bd73c2fd9\"},\"breadcrumb\":{\"@id\":\"https:\/\/www.welovecycling.com\/pl\/2015\/12\/08\/badz-eco-badz-fit-przylacz-sie-do-akcji-serwisu\/#breadcrumb\"},\"inLanguage\":\"pl-PL\",\"potentialAction\":[{\"@type\":\"ReadAction\",\"target\":[\"https:\/\/www.welovecycling.com\/pl\/2015\/12\/08\/badz-eco-badz-fit-przylacz-sie-do-akcji-serwisu\/\"]}]},{\"@type\":\"ImageObject\",\"inLanguage\":\"pl-PL\",\"@id\":\"https:\/\/www.welovecycling.com\/pl\/2015\/12\/08\/badz-eco-badz-fit-przylacz-sie-do-akcji-serwisu\/#primaryimage\",\"url\":\"https:\/\/d2p6e6u75xmxt8.cloudfront.net\/5\/2015\/12\/7.jpg\",\"contentUrl\":\"https:\/\/d2p6e6u75xmxt8.cloudfront.net\/5\/2015\/12\/7.jpg\",\"width\":540,\"height\":405},{\"@type\":\"BreadcrumbList\",\"@id\":\"https:\/\/www.welovecycling.com\/pl\/2015\/12\/08\/badz-eco-badz-fit-przylacz-sie-do-akcji-serwisu\/#breadcrumb\",\"itemListElement\":[{\"@type\":\"ListItem\",\"position\":1,\"name\":\"Home\",\"item\":\"https:\/\/www.welovecycling.com\/pl\/\"},{\"@type\":\"ListItem\",\"position\":2,\"name\":\"B\u0105d\u017a ECO, b\u0105d\u017a FIT \u2013 przy\u0142\u0105cz si\u0119 do akcji serwisu Skoda LELLEK \u201eRowerem przez Sopot\u201d.\"}]},{\"@type\":\"WebSite\",\"@id\":\"https:\/\/www.welovecycling.com\/pl\/#website\",\"url\":\"https:\/\/www.welovecycling.com\/pl\/\",\"name\":\"\u0160koda We Love Cycling - Poland\",\"description\":\"\",\"potentialAction\":[{\"@type\":\"SearchAction\",\"target\":{\"@type\":\"EntryPoint\",\"urlTemplate\":\"https:\/\/www.welovecycling.com\/pl\/?s={search_term_string}\"},\"query-input\":{\"@type\":\"PropertyValueSpecification\",\"valueRequired\":true,\"valueName\":\"search_term_string\"}}],\"inLanguage\":\"pl-PL\"},{\"@type\":\"Person\",\"@id\":\"https:\/\/www.welovecycling.com\/pl\/#\/schema\/person\/e5187c9cac8dd619ebc7b41bd73c2fd9\",\"name\":\"WeLoveCycling\",\"image\":{\"@type\":\"ImageObject\",\"inLanguage\":\"pl-PL\",\"@id\":\"https:\/\/www.welovecycling.com\/pl\/#\/schema\/person\/image\/\",\"url\":\"https:\/\/secure.gravatar.com\/avatar\/7e1ee0ecc5e294b19ef32b9f6086e0afbb9da00c3cb0d465ba4695331f4a9187?s=96&d=mm&r=g\",\"contentUrl\":\"https:\/\/secure.gravatar.com\/avatar\/7e1ee0ecc5e294b19ef32b9f6086e0afbb9da00c3cb0d465ba4695331f4a9187?s=96&d=mm&r=g\",\"caption\":\"WeLoveCycling\"},\"url\":\"https:\/\/www.welovecycling.com\/pl\/author\/lukascech\/\"}]}<\/script>\n<!-- \/ Yoast SEO Premium plugin. -->","yoast_head_json":{"title":"B\u0105d\u017a ECO, b\u0105d\u017a FIT \u2013 przy\u0142\u0105cz si\u0119 do akcji serwisu Skoda LELLEK \u201eRowerem przez Sopot\u201d. - \u0160koda We Love Cycling - Poland","robots":{"index":"index","follow":"follow","max-snippet":"max-snippet:-1","max-image-preview":"max-image-preview:large","max-video-preview":"max-video-preview:-1"},"canonical":"https:\/\/www.welovecycling.com\/pl\/2015\/12\/08\/badz-eco-badz-fit-przylacz-sie-do-akcji-serwisu\/","og_locale":"pl_PL","og_type":"article","og_title":"B\u0105d\u017a ECO, b\u0105d\u017a FIT \u2013 przy\u0142\u0105cz si\u0119 do akcji serwisu Skoda LELLEK \u201eRowerem przez Sopot\u201d.","og_description":"Celem akcji jest propagowanie aktywnego i zdrowego trybu \u017cycia. Autoryzowany Dealer i Serwis Skoda Lellek mieszcz\u0105cy si\u0119 w Sopocie przy [&hellip;]","og_url":"https:\/\/www.welovecycling.com\/pl\/2015\/12\/08\/badz-eco-badz-fit-przylacz-sie-do-akcji-serwisu\/","og_site_name":"\u0160koda We Love Cycling - Poland","article_published_time":"2015-12-08T12:34:20+00:00","article_modified_time":"2016-12-05T09:58:14+00:00","og_image":[{"width":540,"height":405,"url":"https:\/\/d2p6e6u75xmxt8.cloudfront.net\/5\/2015\/12\/7.jpg","type":"image\/jpeg"}],"author":"WeLoveCycling","twitter_card":"summary_large_image","twitter_misc":{"Written by":"WeLoveCycling","Est. reading time":"1 minute"},"schema":{"@context":"https:\/\/schema.org","@graph":[{"@type":"WebPage","@id":"https:\/\/www.welovecycling.com\/pl\/2015\/12\/08\/badz-eco-badz-fit-przylacz-sie-do-akcji-serwisu\/","url":"https:\/\/www.welovecycling.com\/pl\/2015\/12\/08\/badz-eco-badz-fit-przylacz-sie-do-akcji-serwisu\/","name":"B\u0105d\u017a ECO, b\u0105d\u017a FIT \u2013 przy\u0142\u0105cz si\u0119 do akcji serwisu Skoda LELLEK \u201eRowerem przez Sopot\u201d. - \u0160koda We Love Cycling - Poland","isPartOf":{"@id":"https:\/\/www.welovecycling.com\/pl\/#website"},"primaryImageOfPage":{"@id":"https:\/\/www.welovecycling.com\/pl\/2015\/12\/08\/badz-eco-badz-fit-przylacz-sie-do-akcji-serwisu\/#primaryimage"},"image":{"@id":"https:\/\/www.welovecycling.com\/pl\/2015\/12\/08\/badz-eco-badz-fit-przylacz-sie-do-akcji-serwisu\/#primaryimage"},"thumbnailUrl":"https:\/\/d2p6e6u75xmxt8.cloudfront.net\/5\/2015\/12\/7.jpg","datePublished":"2015-12-08T12:34:20+00:00","dateModified":"2016-12-05T09:58:14+00:00","author":{"@id":"https:\/\/www.welovecycling.com\/pl\/#\/schema\/person\/e5187c9cac8dd619ebc7b41bd73c2fd9"},"breadcrumb":{"@id":"https:\/\/www.welovecycling.com\/pl\/2015\/12\/08\/badz-eco-badz-fit-przylacz-sie-do-akcji-serwisu\/#breadcrumb"},"inLanguage":"pl-PL","potentialAction":[{"@type":"ReadAction","target":["https:\/\/www.welovecycling.com\/pl\/2015\/12\/08\/badz-eco-badz-fit-przylacz-sie-do-akcji-serwisu\/"]}]},{"@type":"ImageObject","inLanguage":"pl-PL","@id":"https:\/\/www.welovecycling.com\/pl\/2015\/12\/08\/badz-eco-badz-fit-przylacz-sie-do-akcji-serwisu\/#primaryimage","url":"https:\/\/d2p6e6u75xmxt8.cloudfront.net\/5\/2015\/12\/7.jpg","contentUrl":"https:\/\/d2p6e6u75xmxt8.cloudfront.net\/5\/2015\/12\/7.jpg","width":540,"height":405},{"@type":"BreadcrumbList","@id":"https:\/\/www.welovecycling.com\/pl\/2015\/12\/08\/badz-eco-badz-fit-przylacz-sie-do-akcji-serwisu\/#breadcrumb","itemListElement":[{"@type":"ListItem","position":1,"name":"Home","item":"https:\/\/www.welovecycling.com\/pl\/"},{"@type":"ListItem","position":2,"name":"B\u0105d\u017a ECO, b\u0105d\u017a FIT \u2013 przy\u0142\u0105cz si\u0119 do akcji serwisu Skoda LELLEK \u201eRowerem przez Sopot\u201d."}]},{"@type":"WebSite","@id":"https:\/\/www.welovecycling.com\/pl\/#website","url":"https:\/\/www.welovecycling.com\/pl\/","name":"\u0160koda We Love Cycling - Poland","description":"","potentialAction":[{"@type":"SearchAction","target":{"@type":"EntryPoint","urlTemplate":"https:\/\/www.welovecycling.com\/pl\/?s={search_term_string}"},"query-input":{"@type":"PropertyValueSpecification","valueRequired":true,"valueName":"search_term_string"}}],"inLanguage":"pl-PL"},{"@type":"Person","@id":"https:\/\/www.welovecycling.com\/pl\/#\/schema\/person\/e5187c9cac8dd619ebc7b41bd73c2fd9","name":"WeLoveCycling","image":{"@type":"ImageObject","inLanguage":"pl-PL","@id":"https:\/\/www.welovecycling.com\/pl\/#\/schema\/person\/image\/","url":"https:\/\/secure.gravatar.com\/avatar\/7e1ee0ecc5e294b19ef32b9f6086e0afbb9da00c3cb0d465ba4695331f4a9187?s=96&d=mm&r=g","contentUrl":"https:\/\/secure.gravatar.com\/avatar\/7e1ee0ecc5e294b19ef32b9f6086e0afbb9da00c3cb0d465ba4695331f4a9187?s=96&d=mm&r=g","caption":"WeLoveCycling"},"url":"https:\/\/www.welovecycling.com\/pl\/author\/lukascech\/"}]}},"_links":{"self":[{"href":"https:\/\/www.welovecycling.com\/pl\/wp-json\/wp\/v2\/posts\/2314","targetHints":{"allow":["GET"]}}],"collection":[{"href":"https:\/\/www.welovecycling.com\/pl\/wp-json\/wp\/v2\/posts"}],"about":[{"href":"https:\/\/www.welovecycling.com\/pl\/wp-json\/wp\/v2\/types\/post"}],"author":[{"embeddable":true,"href":"https:\/\/www.welovecycling.com\/pl\/wp-json\/wp\/v2\/users\/1"}],"replies":[{"embeddable":true,"href":"https:\/\/www.welovecycling.com\/pl\/wp-json\/wp\/v2\/comments?post=2314"}],"version-history":[{"count":1,"href":"https:\/\/www.welovecycling.com\/pl\/wp-json\/wp\/v2\/posts\/2314\/revisions"}],"predecessor-version":[{"id":2496,"href":"https:\/\/www.welovecycling.com\/pl\/wp-json\/wp\/v2\/posts\/2314\/revisions\/2496"}],"wp:featuredmedia":[{"embeddable":true,"href":"https:\/\/www.welovecycling.com\/pl\/wp-json\/wp\/v2\/media\/409"}],"wp:attachment":[{"href":"https:\/\/www.welovecycling.com\/pl\/wp-json\/wp\/v2\/media?parent=2314"}],"wp:term":[{"taxonomy":"category","embeddable":true,"href":"https:\/\/www.welovecycling.com\/pl\/wp-json\/wp\/v2\/categories?post=2314"},{"taxonomy":"post_tag","embeddable":true,"href":"https:\/\/www.welovecycling.com\/pl\/wp-json\/wp\/v2\/tags?post=2314"},{"taxonomy":"global-categories","embeddable":true,"href":"https:\/\/www.welovecycling.com\/pl\/wp-json\/wp\/v2\/global-categories?post=2314"}],"curies":[{"name":"wp","href":"https:\/\/api.w.org\/{rel}","templated":true}]}}