{"id":2313,"date":"2016-02-05T13:53:22","date_gmt":"2016-02-05T13:53:22","guid":{"rendered":"http:\/\/serwer1629254.home.pl\/index.php\/2016\/02\/05\/jak-byc-widocznym-w-zimie\/"},"modified":"2016-12-05T09:57:55","modified_gmt":"2016-12-05T09:57:55","slug":"jak-byc-widocznym-w-zimie","status":"publish","type":"post","link":"https:\/\/www.welovecycling.com\/pl\/2016\/02\/05\/jak-byc-widocznym-w-zimie\/","title":{"rendered":"Jak by\u0107 widocznym w zimie?"},"content":{"rendered":"<p style=\"text-align: justify\">Zimowa\u00a0aura nie rozpieszcza amator\u00f3w dw\u00f3ch k\u00f3\u0142ek \u2013 na zewn\u0105trz jest ciemno, zimno i\u00a0mokro, a ilo\u015b\u0107 \u015bwiat\u0142a zmniejsza si\u0119 do minimum i w po\u0142\u0105czeniu z wietrzn\u0105\u00a0pogod\u0105 skutecznie zniech\u0119ca do wyj\u015bcia z domu.<!--more--><\/p>\n<figure class=\"tmblr-full\" style=\"text-align: justify\"><img decoding=\"async\" src=\"http:\/\/40.media.tumblr.com\/55762ad7a57b4057c7e3ca69856fe68b\/tumblr_inline_o22tvxWOX11sfrvl6_540.jpg\" alt=\"image\" \/><\/figure>\n<p style=\"text-align: justify\">(\u017ar\u00f3d\u0142o: welovecycling.com)<\/p>\n<p style=\"text-align: justify\"><!-- more --><\/p>\n<p style=\"text-align: justify\">W czasie zimy spada widoczno\u015b\u0107 na drodze wszystkich jej\u00a0u\u017cytkownik\u00f3w, a w szczeg\u00f3lno\u015bci pieszych i rowerzyst\u00f3w. Pami\u0119taj, \u017ce to w\u0142a\u015bnie\u00a0od Twojej widoczno\u015bci na rowerze zale\u017cy rzecz najwa\u017cniejsza \u2013 Twoje\u00a0bezpiecze\u0144stwo. Zadbaj o to, \u017ceby inni Ci\u0119 widzieli, nawet je\u015bli oznacza to, \u017ce\u00a0b\u0119dziesz musia\u0142 obwiesi\u0107 si\u0119 jak choinka \u2013 warto.<\/p>\n<p style=\"text-align: justify\">Je\u015bli nie wiesz od czego zacz\u0105\u0107, przygotowali\u015bmy dla\u00a0Ciebie trzy proste porady. Przygotuj si\u0119 do jazdy w zimowych warunkach. Spraw,\u00a0by ju\u017c \u017cadna wym\u00f3wka nie powstrzyma\u0142a Ci\u0119 przed treningiem!<\/p>\n<p style=\"text-align: justify\"><b>\u015awiat\u0142a<\/b><\/p>\n<figure class=\"tmblr-full\" style=\"text-align: justify\"><img decoding=\"async\" class=\"alignnone\" src=\"http:\/\/40.media.tumblr.com\/6cc389427a139698ea08f94600a55245\/tumblr_inline_o22ugcMVno1sfrvl6_540.jpg\" alt=\"image\" \/><\/figure>\n<p style=\"text-align: justify\">(\u017ar\u00f3d\u0142o: welovecycling.com)<\/p>\n<p style=\"text-align: justify\">Potrzebujesz dw\u00f3ch rodzaj\u00f3w \u015bwiate\u0142: takich, dzi\u0119ki\u00a0kt\u00f3rym widz\u0105 Ci\u0119 inni i takich, dzi\u0119ki kt\u00f3rym widzisz Ty.<\/p>\n<p style=\"text-align: justify\">Podstawa to czerwone \u015bwiat\u0142o tylne, kt\u00f3re informuje\u00a0wszystkich kierowc\u00f3w za Tob\u0105, \u017ce jeste\u015b na drodze.<\/p>\n<p style=\"text-align: justify\">To, jakich \u015bwiate\u0142 potrzebujesz zale\u017cy w du\u017cej mierze od\u00a0tego, po jakim terenie zamierzasz je\u017adzi\u0107. Je\u015bli je\u017adzisz po s\u0142abo o\u015bwietlonych\u00a0drogach, potrzebujesz bardzo mocnego dodatkowego przedniego \u015bwiat\u0142a, kt\u00f3re\u00a0roz\u015bwietli Ci tras\u0119. Z kolei je\u015bli je\u017adzisz po drogach dobrze o\u015bwietlonych\u00a0wybierz zwyk\u0142\u0105 lampk\u0119 z bia\u0142ym \u015bwiat\u0142em, \u017ceby zwi\u0119kszy\u0107 swoj\u0105 widoczno\u015b\u0107 dla\u00a0innych.<\/p>\n<p style=\"text-align: justify\">Je\u015bli mieszkasz w du\u017cym mie\u015bcie warto pomy\u015ble\u0107 o\u00a0dodatkowych elementach zwi\u0119kszaj\u0105cych Twoj\u0105 widoczno\u015b\u0107, takich jak opaski\u00a0odblaskowe na ramiona i nogi oraz innych elementach odblaskowych, kt\u00f3re mo\u017cesz\u00a0przytwierdzi\u0107 do kasku lub torby. Dzi\u0119ki temu zwi\u0119kszysz swoj\u0105 widoczno\u015b\u0107\u00a0maksymalnie.<\/p>\n<p style=\"text-align: justify\">Wa\u017cna rzecz: migocz\u0105ce \u015bwiat\u0142a s\u0105 lepiej widoczne na\u00a0drodze i zu\u017cywaj\u0105 mniej baterii.<\/p>\n<p style=\"text-align: justify\"><b>Ubranie<\/b><\/p>\n<figure class=\"tmblr-full\" style=\"text-align: justify\"><img decoding=\"async\" src=\"http:\/\/40.media.tumblr.com\/7b6b294a55007b5714fc17c5e2e0eb9f\/tumblr_inline_o22uinb1cQ1sfrvl6_540.jpg\" alt=\"image\" \/><\/figure>\n<p style=\"text-align: justify\">(\u017ar\u00f3d\u0142o: welovecycling.com)<\/p>\n<p style=\"text-align: justify\">To proste: na rower wybierz odzie\u017c z odblaskowymi\u00a0elementami lub odzie\u017c w odblaskowym kolorze.<\/p>\n<p style=\"text-align: justify\">Odblaskowe kurtki s\u0105 niezb\u0119dne podczas jazdy w ciemno\u015bci,\u00a0mgle, deszczu, \u015bniegu i w zat\u0142oczonych miastach, ale je\u015bli chcesz jeszcze\u00a0bardziej zwi\u0119kszy\u0107 swoj\u0105 widoczno\u015b\u0107, to w sklepach znajdziesz praktycznie ka\u017cdy\u00a0element kolarskiej odzie\u017cy ze specjalnymi odblaskowymi elementami.<\/p>\n<p style=\"text-align: justify\">Opr\u00f3cz odzie\u017cy zawsze warto mie\u0107 przy sobie opaski odblaskowe\u00a0na ramiona i nogi. Ciekawym rozwi\u0105zaniem, kt\u00f3re zwi\u0119kszy Twoje bezpiecze\u0144stwo\u00a0jest te\u017c specjalny spray do rower\u00f3w, kt\u00f3rego nie wida\u0107 w dzie\u0144, a w nocy daje\u00a0efekt odblasku.<\/p>\n<p style=\"text-align: justify\">Wa\u017cne: przydadz\u0105 Ci si\u0119 odblaskowe r\u0119kawiczki.\u00a0Szczeg\u00f3lnie przy dawaniu sygna\u0142\u00f3w przed zmian\u0105 kierunku ruchu.<\/p>\n<p style=\"text-align: justify\"><b>O\u015bwietlenie\u00a0roweru \u00a0<\/b><\/p>\n<figure class=\"tmblr-full\" style=\"text-align: justify\"><img decoding=\"async\" src=\"http:\/\/40.media.tumblr.com\/066a22205cccf525afb71d79fea82d11\/tumblr_inline_o22ujndXzr1sfrvl6_540.jpg\" alt=\"image\" \/><\/figure>\n<p style=\"text-align: justify\">(\u017ar\u00f3d\u0142o: welovecycling.com)<\/p>\n<p style=\"text-align: justify\">Elementy odblaskowe na ko\u0142ach to ju\u017c standard. Prawdziwie\u00a0pomys\u0142owym rozwi\u0105zaniem jest oklejenie ramy roweru samoprzylepn\u0105 ta\u015bm\u0105\u00a0odblaskow\u0105. Takie ta\u015bmy s\u0105 produkowane w r\u00f3\u017cnych kolorach, wi\u0119c mo\u017cna dopasowa\u0107\u00a0je do wygl\u0105du ramy. Zauwa\u017c, \u017ce zwykle montujemy \u015bwiat\u0142a z przodu i z ty\u0142u\u00a0roweru zapominaj\u0105c o tym, \u017ce z boku jeste\u015bmy praktycznie niewidoczni. Oklejenie\u00a0roweru ta\u015bm\u0105 jest doskona\u0142ym rozwi\u0105zaniem tego problemu.<\/p>\n<p style=\"text-align: justify\">Kieruj\u0105c si\u0119 powy\u017cszymi radami zwi\u0119kszysz swoje\u00a0bezpiecze\u0144stwo jazdy na rowerze nie tylko w czasie zimy. Powodzenia!<\/p>\n","protected":false},"excerpt":{"rendered":"<p>Zimowa\u00a0aura nie rozpieszcza amator\u00f3w dw\u00f3ch k\u00f3\u0142ek \u2013 na zewn\u0105trz jest ciemno, zimno i\u00a0mokro, a ilo\u015b\u0107 \u015bwiat\u0142a zmniejsza si\u0119 do minimum [&hellip;]<\/p>\n","protected":false},"author":1,"featured_media":602,"comment_status":"open","ping_status":"open","sticky":false,"template":"","format":"standard","meta":{"footnotes":""},"categories":[7],"tags":[],"global-categories":[],"class_list":["post-2313","post","type-post","status-publish","format-standard","has-post-thumbnail","hentry","category-bezpieczenstwo"],"yoast_head":"<!-- This site is optimized with the Yoast SEO Premium plugin v25.3 (Yoast SEO v25.9) - https:\/\/yoast.com\/wordpress\/plugins\/seo\/ -->\n<title>Jak by\u0107 widocznym w zimie? - \u0160koda We Love Cycling - Poland<\/title>\n<meta name=\"robots\" content=\"index, follow, max-snippet:-1, max-image-preview:large, max-video-preview:-1\" \/>\n<link rel=\"canonical\" href=\"https:\/\/www.welovecycling.com\/pl\/2016\/02\/05\/jak-byc-widocznym-w-zimie\/\" \/>\n<meta property=\"og:locale\" content=\"pl_PL\" \/>\n<meta property=\"og:type\" content=\"article\" \/>\n<meta property=\"og:title\" content=\"Jak by\u0107 widocznym w zimie?\" \/>\n<meta property=\"og:description\" content=\"Zimowa\u00a0aura nie rozpieszcza amator\u00f3w dw\u00f3ch k\u00f3\u0142ek \u2013 na zewn\u0105trz jest ciemno, zimno i\u00a0mokro, a ilo\u015b\u0107 \u015bwiat\u0142a zmniejsza si\u0119 do minimum [&hellip;]\" \/>\n<meta property=\"og:url\" content=\"https:\/\/www.welovecycling.com\/pl\/2016\/02\/05\/jak-byc-widocznym-w-zimie\/\" \/>\n<meta property=\"og:site_name\" content=\"\u0160koda We Love Cycling - Poland\" \/>\n<meta property=\"article:published_time\" content=\"2016-02-05T13:53:22+00:00\" \/>\n<meta property=\"article:modified_time\" content=\"2016-12-05T09:57:55+00:00\" \/>\n<meta property=\"og:image\" content=\"https:\/\/d2p6e6u75xmxt8.cloudfront.net\/5\/2016\/02\/3-1.jpg\" \/>\n\t<meta property=\"og:image:width\" content=\"1250\" \/>\n\t<meta property=\"og:image:height\" content=\"830\" \/>\n\t<meta property=\"og:image:type\" content=\"image\/jpeg\" \/>\n<meta name=\"author\" content=\"WeLoveCycling\" \/>\n<meta name=\"twitter:card\" content=\"summary_large_image\" \/>\n<meta name=\"twitter:label1\" content=\"Written by\" \/>\n\t<meta name=\"twitter:data1\" content=\"WeLoveCycling\" \/>\n\t<meta name=\"twitter:label2\" content=\"Est. reading time\" \/>\n\t<meta name=\"twitter:data2\" content=\"3 minutes\" \/>\n<script type=\"application\/ld+json\" class=\"yoast-schema-graph\">{\"@context\":\"https:\/\/schema.org\",\"@graph\":[{\"@type\":\"WebPage\",\"@id\":\"https:\/\/www.welovecycling.com\/pl\/2016\/02\/05\/jak-byc-widocznym-w-zimie\/\",\"url\":\"https:\/\/www.welovecycling.com\/pl\/2016\/02\/05\/jak-byc-widocznym-w-zimie\/\",\"name\":\"Jak by\u0107 widocznym w zimie? - \u0160koda We Love Cycling - Poland\",\"isPartOf\":{\"@id\":\"https:\/\/www.welovecycling.com\/pl\/#website\"},\"primaryImageOfPage\":{\"@id\":\"https:\/\/www.welovecycling.com\/pl\/2016\/02\/05\/jak-byc-widocznym-w-zimie\/#primaryimage\"},\"image\":{\"@id\":\"https:\/\/www.welovecycling.com\/pl\/2016\/02\/05\/jak-byc-widocznym-w-zimie\/#primaryimage\"},\"thumbnailUrl\":\"https:\/\/d2p6e6u75xmxt8.cloudfront.net\/5\/2016\/02\/3-1.jpg\",\"datePublished\":\"2016-02-05T13:53:22+00:00\",\"dateModified\":\"2016-12-05T09:57:55+00:00\",\"author\":{\"@id\":\"https:\/\/www.welovecycling.com\/pl\/#\/schema\/person\/e5187c9cac8dd619ebc7b41bd73c2fd9\"},\"breadcrumb\":{\"@id\":\"https:\/\/www.welovecycling.com\/pl\/2016\/02\/05\/jak-byc-widocznym-w-zimie\/#breadcrumb\"},\"inLanguage\":\"pl-PL\",\"potentialAction\":[{\"@type\":\"ReadAction\",\"target\":[\"https:\/\/www.welovecycling.com\/pl\/2016\/02\/05\/jak-byc-widocznym-w-zimie\/\"]}]},{\"@type\":\"ImageObject\",\"inLanguage\":\"pl-PL\",\"@id\":\"https:\/\/www.welovecycling.com\/pl\/2016\/02\/05\/jak-byc-widocznym-w-zimie\/#primaryimage\",\"url\":\"https:\/\/d2p6e6u75xmxt8.cloudfront.net\/5\/2016\/02\/3-1.jpg\",\"contentUrl\":\"https:\/\/d2p6e6u75xmxt8.cloudfront.net\/5\/2016\/02\/3-1.jpg\",\"width\":1250,\"height\":830,\"caption\":\", Image: 53695245, License: Royalty-free, Restrictions: Not available for distribution, sale, or license by Corbis' international representatives. Not available for license and invoicing to customers located in Germany. Not available for license and invoicing to customers located in Norway. Not available for license and invoicing to customers located in Finland. Not available for license and invoicing to customers located in Sweden. Not available for license and invoicing to customers located in Denmark., Model Release: yes, Credit line: Profimedia, Corbis\"},{\"@type\":\"BreadcrumbList\",\"@id\":\"https:\/\/www.welovecycling.com\/pl\/2016\/02\/05\/jak-byc-widocznym-w-zimie\/#breadcrumb\",\"itemListElement\":[{\"@type\":\"ListItem\",\"position\":1,\"name\":\"Home\",\"item\":\"https:\/\/www.welovecycling.com\/pl\/\"},{\"@type\":\"ListItem\",\"position\":2,\"name\":\"Jak by\u0107 widocznym w zimie?\"}]},{\"@type\":\"WebSite\",\"@id\":\"https:\/\/www.welovecycling.com\/pl\/#website\",\"url\":\"https:\/\/www.welovecycling.com\/pl\/\",\"name\":\"\u0160koda We Love Cycling - Poland\",\"description\":\"\",\"potentialAction\":[{\"@type\":\"SearchAction\",\"target\":{\"@type\":\"EntryPoint\",\"urlTemplate\":\"https:\/\/www.welovecycling.com\/pl\/?s={search_term_string}\"},\"query-input\":{\"@type\":\"PropertyValueSpecification\",\"valueRequired\":true,\"valueName\":\"search_term_string\"}}],\"inLanguage\":\"pl-PL\"},{\"@type\":\"Person\",\"@id\":\"https:\/\/www.welovecycling.com\/pl\/#\/schema\/person\/e5187c9cac8dd619ebc7b41bd73c2fd9\",\"name\":\"WeLoveCycling\",\"image\":{\"@type\":\"ImageObject\",\"inLanguage\":\"pl-PL\",\"@id\":\"https:\/\/www.welovecycling.com\/pl\/#\/schema\/person\/image\/\",\"url\":\"https:\/\/secure.gravatar.com\/avatar\/7e1ee0ecc5e294b19ef32b9f6086e0afbb9da00c3cb0d465ba4695331f4a9187?s=96&d=mm&r=g\",\"contentUrl\":\"https:\/\/secure.gravatar.com\/avatar\/7e1ee0ecc5e294b19ef32b9f6086e0afbb9da00c3cb0d465ba4695331f4a9187?s=96&d=mm&r=g\",\"caption\":\"WeLoveCycling\"},\"url\":\"https:\/\/www.welovecycling.com\/pl\/author\/lukascech\/\"}]}<\/script>\n<!-- \/ Yoast SEO Premium plugin. -->","yoast_head_json":{"title":"Jak by\u0107 widocznym w zimie? - \u0160koda We Love Cycling - Poland","robots":{"index":"index","follow":"follow","max-snippet":"max-snippet:-1","max-image-preview":"max-image-preview:large","max-video-preview":"max-video-preview:-1"},"canonical":"https:\/\/www.welovecycling.com\/pl\/2016\/02\/05\/jak-byc-widocznym-w-zimie\/","og_locale":"pl_PL","og_type":"article","og_title":"Jak by\u0107 widocznym w zimie?","og_description":"Zimowa\u00a0aura nie rozpieszcza amator\u00f3w dw\u00f3ch k\u00f3\u0142ek \u2013 na zewn\u0105trz jest ciemno, zimno i\u00a0mokro, a ilo\u015b\u0107 \u015bwiat\u0142a zmniejsza si\u0119 do minimum [&hellip;]","og_url":"https:\/\/www.welovecycling.com\/pl\/2016\/02\/05\/jak-byc-widocznym-w-zimie\/","og_site_name":"\u0160koda We Love Cycling - Poland","article_published_time":"2016-02-05T13:53:22+00:00","article_modified_time":"2016-12-05T09:57:55+00:00","og_image":[{"width":1250,"height":830,"url":"https:\/\/d2p6e6u75xmxt8.cloudfront.net\/5\/2016\/02\/3-1.jpg","type":"image\/jpeg"}],"author":"WeLoveCycling","twitter_card":"summary_large_image","twitter_misc":{"Written by":"WeLoveCycling","Est. reading time":"3 minutes"},"schema":{"@context":"https:\/\/schema.org","@graph":[{"@type":"WebPage","@id":"https:\/\/www.welovecycling.com\/pl\/2016\/02\/05\/jak-byc-widocznym-w-zimie\/","url":"https:\/\/www.welovecycling.com\/pl\/2016\/02\/05\/jak-byc-widocznym-w-zimie\/","name":"Jak by\u0107 widocznym w zimie? - \u0160koda We Love Cycling - Poland","isPartOf":{"@id":"https:\/\/www.welovecycling.com\/pl\/#website"},"primaryImageOfPage":{"@id":"https:\/\/www.welovecycling.com\/pl\/2016\/02\/05\/jak-byc-widocznym-w-zimie\/#primaryimage"},"image":{"@id":"https:\/\/www.welovecycling.com\/pl\/2016\/02\/05\/jak-byc-widocznym-w-zimie\/#primaryimage"},"thumbnailUrl":"https:\/\/d2p6e6u75xmxt8.cloudfront.net\/5\/2016\/02\/3-1.jpg","datePublished":"2016-02-05T13:53:22+00:00","dateModified":"2016-12-05T09:57:55+00:00","author":{"@id":"https:\/\/www.welovecycling.com\/pl\/#\/schema\/person\/e5187c9cac8dd619ebc7b41bd73c2fd9"},"breadcrumb":{"@id":"https:\/\/www.welovecycling.com\/pl\/2016\/02\/05\/jak-byc-widocznym-w-zimie\/#breadcrumb"},"inLanguage":"pl-PL","potentialAction":[{"@type":"ReadAction","target":["https:\/\/www.welovecycling.com\/pl\/2016\/02\/05\/jak-byc-widocznym-w-zimie\/"]}]},{"@type":"ImageObject","inLanguage":"pl-PL","@id":"https:\/\/www.welovecycling.com\/pl\/2016\/02\/05\/jak-byc-widocznym-w-zimie\/#primaryimage","url":"https:\/\/d2p6e6u75xmxt8.cloudfront.net\/5\/2016\/02\/3-1.jpg","contentUrl":"https:\/\/d2p6e6u75xmxt8.cloudfront.net\/5\/2016\/02\/3-1.jpg","width":1250,"height":830,"caption":", Image: 53695245, License: Royalty-free, Restrictions: Not available for distribution, sale, or license by Corbis' international representatives. Not available for license and invoicing to customers located in Germany. Not available for license and invoicing to customers located in Norway. Not available for license and invoicing to customers located in Finland. Not available for license and invoicing to customers located in Sweden. Not available for license and invoicing to customers located in Denmark., Model Release: yes, Credit line: Profimedia, Corbis"},{"@type":"BreadcrumbList","@id":"https:\/\/www.welovecycling.com\/pl\/2016\/02\/05\/jak-byc-widocznym-w-zimie\/#breadcrumb","itemListElement":[{"@type":"ListItem","position":1,"name":"Home","item":"https:\/\/www.welovecycling.com\/pl\/"},{"@type":"ListItem","position":2,"name":"Jak by\u0107 widocznym w zimie?"}]},{"@type":"WebSite","@id":"https:\/\/www.welovecycling.com\/pl\/#website","url":"https:\/\/www.welovecycling.com\/pl\/","name":"\u0160koda We Love Cycling - Poland","description":"","potentialAction":[{"@type":"SearchAction","target":{"@type":"EntryPoint","urlTemplate":"https:\/\/www.welovecycling.com\/pl\/?s={search_term_string}"},"query-input":{"@type":"PropertyValueSpecification","valueRequired":true,"valueName":"search_term_string"}}],"inLanguage":"pl-PL"},{"@type":"Person","@id":"https:\/\/www.welovecycling.com\/pl\/#\/schema\/person\/e5187c9cac8dd619ebc7b41bd73c2fd9","name":"WeLoveCycling","image":{"@type":"ImageObject","inLanguage":"pl-PL","@id":"https:\/\/www.welovecycling.com\/pl\/#\/schema\/person\/image\/","url":"https:\/\/secure.gravatar.com\/avatar\/7e1ee0ecc5e294b19ef32b9f6086e0afbb9da00c3cb0d465ba4695331f4a9187?s=96&d=mm&r=g","contentUrl":"https:\/\/secure.gravatar.com\/avatar\/7e1ee0ecc5e294b19ef32b9f6086e0afbb9da00c3cb0d465ba4695331f4a9187?s=96&d=mm&r=g","caption":"WeLoveCycling"},"url":"https:\/\/www.welovecycling.com\/pl\/author\/lukascech\/"}]}},"_links":{"self":[{"href":"https:\/\/www.welovecycling.com\/pl\/wp-json\/wp\/v2\/posts\/2313","targetHints":{"allow":["GET"]}}],"collection":[{"href":"https:\/\/www.welovecycling.com\/pl\/wp-json\/wp\/v2\/posts"}],"about":[{"href":"https:\/\/www.welovecycling.com\/pl\/wp-json\/wp\/v2\/types\/post"}],"author":[{"embeddable":true,"href":"https:\/\/www.welovecycling.com\/pl\/wp-json\/wp\/v2\/users\/1"}],"replies":[{"embeddable":true,"href":"https:\/\/www.welovecycling.com\/pl\/wp-json\/wp\/v2\/comments?post=2313"}],"version-history":[{"count":1,"href":"https:\/\/www.welovecycling.com\/pl\/wp-json\/wp\/v2\/posts\/2313\/revisions"}],"predecessor-version":[{"id":2494,"href":"https:\/\/www.welovecycling.com\/pl\/wp-json\/wp\/v2\/posts\/2313\/revisions\/2494"}],"wp:featuredmedia":[{"embeddable":true,"href":"https:\/\/www.welovecycling.com\/pl\/wp-json\/wp\/v2\/media\/602"}],"wp:attachment":[{"href":"https:\/\/www.welovecycling.com\/pl\/wp-json\/wp\/v2\/media?parent=2313"}],"wp:term":[{"taxonomy":"category","embeddable":true,"href":"https:\/\/www.welovecycling.com\/pl\/wp-json\/wp\/v2\/categories?post=2313"},{"taxonomy":"post_tag","embeddable":true,"href":"https:\/\/www.welovecycling.com\/pl\/wp-json\/wp\/v2\/tags?post=2313"},{"taxonomy":"global-categories","embeddable":true,"href":"https:\/\/www.welovecycling.com\/pl\/wp-json\/wp\/v2\/global-categories?post=2313"}],"curies":[{"name":"wp","href":"https:\/\/api.w.org\/{rel}","templated":true}]}}