{"id":2312,"date":"2016-02-09T15:41:46","date_gmt":"2016-02-09T15:41:46","guid":{"rendered":"http:\/\/serwer1629254.home.pl\/index.php\/2016\/02\/09\/tour-de-france-2017-wystartuje-z-niemiec\/"},"modified":"2016-12-05T09:57:45","modified_gmt":"2016-12-05T09:57:45","slug":"tour-de-france-2017-wystartuje-z-niemiec","status":"publish","type":"post","link":"https:\/\/www.welovecycling.com\/pl\/2016\/02\/09\/tour-de-france-2017-wystartuje-z-niemiec\/","title":{"rendered":"Tour de France 2017 wystartuje z Niemiec"},"content":{"rendered":"<p>To ju\u017c oficjalna wiadomo\u015b\u0107! W przysz\u0142ym roku Tour de\u00a0France wystartuje z Niemiec i rozpocznie si\u0119 13 &#8211; kilometrow\u0105 czas\u00f3wk\u0105.<!--more--><\/p>\n<p>Wielki\u00a0peleton kolarski wyjedzie z ulic D\u00fcsseldorfu. To\u00a0pierwszy raz od 1987 roku, kiedy Niemcy organizuj\u0105 Grand Depart.<\/p>\n<figure class=\"tmblr-full\"><img decoding=\"async\" src=\"http:\/\/41.media.tumblr.com\/9fa0f0f2e700856bada2b4c8e596b4c8\/tumblr_inline_o2ae68acnS1sfrvl6_540.jpg\" alt=\"\" \/><\/figure>\n<p><!-- more --><\/p>\n<p>Jeszcze par\u0119 dni przed og\u0142oszeniem oficjalnego\u00a0komunikatu przez organizatora TdF <b>&#8211; <\/b>Amaury Sport Organisation\u00a0wszyscy\u00a0obstawiali, \u017ce wy\u015bcig rozpocznie si\u0119 w Londynie.<b> <\/b>Niestety Londyn musia\u0142\u00a0wycofa\u0107 si\u0119 z organizacji eventu w zwi\u0105zku z olbrzymimi kosztami, jakie mia\u0142by\u00a0ponie\u015b\u0107 (ok. 10 milion\u00f3w dolar\u00f3w). Wielka Brytania woli inwestowa\u0107 w trwa\u0142\u0105\u00a0infrastruktur\u0119 dla rowerzyst\u00f3w, ni\u017c w jednorazowe wydarzenia.<\/p>\n<figure class=\"tmblr-full\"><img decoding=\"async\" src=\"http:\/\/36.media.tumblr.com\/629b242e21f7bebe64fdaad53c81b1e7\/tumblr_inline_o2ae6k5kmm1sfrvl6_540.jpg\" alt=\"\" \/><\/figure>\n<p>Ju\u017c po raz 22\u00a0raz w historii \u00a0Wielka P\u0119tla startuje z\u00a0innego kraju ni\u017c Francja. Z kolei Niemcy zostali gospodarzami Grand Depart ju\u017c\u00a0po raz czwarty (ostatnim razem w 1987 wy\u015bcig startowa\u0142 ze wschodnich Niemiec).<\/p>\n<figure class=\"tmblr-full\"><img decoding=\"async\" src=\"http:\/\/41.media.tumblr.com\/ba7def905dade0c0924fc4d806943f7e\/tumblr_inline_o2ae78N7tC1sfrvl6_540.jpg\" alt=\"\" \/><\/figure>\n<p>Na starcie, w\u00a0ramach pierwszego etapu, kt\u00f3ry odb\u0119dzie si\u0119 w centrum D\u00fcsseldorfu na\u00a0zawodnik\u00f3w TdF b\u0119dzie czeka\u0142a czas\u00f3wka. Sk\u0105d wystartuje drugi etap wy\u015bcigu\u00a0jeszcze nie wiadomo, ale pierwszym wzniesieniem do pokonania b\u0119dzie Grafenberg.<\/p>\n<p>Sprawd\u017a tras\u0119\u00a0Tour de France na rok 2016.<\/p>\n<figure class=\"tmblr-embed tmblr-full\"><\/figure>\n<p>(\u017ar\u00f3d\u0142o zdj\u0119\u0107: welovecycling.com)<\/p>\n","protected":false},"excerpt":{"rendered":"<p>To ju\u017c oficjalna wiadomo\u015b\u0107! W przysz\u0142ym roku Tour de\u00a0France wystartuje z Niemiec i rozpocznie si\u0119 13 &#8211; kilometrow\u0105 czas\u00f3wk\u0105.<\/p>\n","protected":false},"author":1,"featured_media":601,"comment_status":"open","ping_status":"open","sticky":false,"template":"","format":"standard","meta":{"footnotes":""},"categories":[1],"tags":[71],"global-categories":[],"class_list":["post-2312","post","type-post","status-publish","format-standard","has-post-thumbnail","hentry","category-uncategorized","tag-skodarowery-tourdefrance"],"yoast_head":"<!-- This site is optimized with the Yoast SEO Premium plugin v25.3 (Yoast SEO v25.9) - https:\/\/yoast.com\/wordpress\/plugins\/seo\/ -->\n<title>Tour de France 2017 wystartuje z Niemiec - \u0160koda We Love Cycling - Poland<\/title>\n<meta name=\"robots\" content=\"index, follow, max-snippet:-1, max-image-preview:large, max-video-preview:-1\" \/>\n<link rel=\"canonical\" href=\"https:\/\/www.welovecycling.com\/pl\/2016\/02\/09\/tour-de-france-2017-wystartuje-z-niemiec\/\" \/>\n<meta property=\"og:locale\" content=\"pl_PL\" \/>\n<meta property=\"og:type\" content=\"article\" \/>\n<meta property=\"og:title\" content=\"Tour de France 2017 wystartuje z Niemiec\" \/>\n<meta property=\"og:description\" content=\"To ju\u017c oficjalna wiadomo\u015b\u0107! W przysz\u0142ym roku Tour de\u00a0France wystartuje z Niemiec i rozpocznie si\u0119 13 &#8211; kilometrow\u0105 czas\u00f3wk\u0105.\" \/>\n<meta property=\"og:url\" content=\"https:\/\/www.welovecycling.com\/pl\/2016\/02\/09\/tour-de-france-2017-wystartuje-z-niemiec\/\" \/>\n<meta property=\"og:site_name\" content=\"\u0160koda We Love Cycling - Poland\" \/>\n<meta property=\"article:published_time\" content=\"2016-02-09T15:41:46+00:00\" \/>\n<meta property=\"article:modified_time\" content=\"2016-12-05T09:57:45+00:00\" \/>\n<meta property=\"og:image\" content=\"https:\/\/d2p6e6u75xmxt8.cloudfront.net\/5\/2016\/02\/2-1.jpg\" \/>\n\t<meta property=\"og:image:width\" content=\"1250\" \/>\n\t<meta property=\"og:image:height\" content=\"833\" \/>\n\t<meta property=\"og:image:type\" content=\"image\/jpeg\" \/>\n<meta name=\"author\" content=\"WeLoveCycling\" \/>\n<meta name=\"twitter:card\" content=\"summary_large_image\" \/>\n<meta name=\"twitter:label1\" content=\"Written by\" \/>\n\t<meta name=\"twitter:data1\" content=\"WeLoveCycling\" \/>\n\t<meta name=\"twitter:label2\" content=\"Est. reading time\" \/>\n\t<meta name=\"twitter:data2\" content=\"1 minute\" \/>\n<script type=\"application\/ld+json\" class=\"yoast-schema-graph\">{\"@context\":\"https:\/\/schema.org\",\"@graph\":[{\"@type\":\"WebPage\",\"@id\":\"https:\/\/www.welovecycling.com\/pl\/2016\/02\/09\/tour-de-france-2017-wystartuje-z-niemiec\/\",\"url\":\"https:\/\/www.welovecycling.com\/pl\/2016\/02\/09\/tour-de-france-2017-wystartuje-z-niemiec\/\",\"name\":\"Tour de France 2017 wystartuje z Niemiec - \u0160koda We Love Cycling - Poland\",\"isPartOf\":{\"@id\":\"https:\/\/www.welovecycling.com\/pl\/#website\"},\"primaryImageOfPage\":{\"@id\":\"https:\/\/www.welovecycling.com\/pl\/2016\/02\/09\/tour-de-france-2017-wystartuje-z-niemiec\/#primaryimage\"},\"image\":{\"@id\":\"https:\/\/www.welovecycling.com\/pl\/2016\/02\/09\/tour-de-france-2017-wystartuje-z-niemiec\/#primaryimage\"},\"thumbnailUrl\":\"https:\/\/d2p6e6u75xmxt8.cloudfront.net\/5\/2016\/02\/2-1.jpg\",\"datePublished\":\"2016-02-09T15:41:46+00:00\",\"dateModified\":\"2016-12-05T09:57:45+00:00\",\"author\":{\"@id\":\"https:\/\/www.welovecycling.com\/pl\/#\/schema\/person\/e5187c9cac8dd619ebc7b41bd73c2fd9\"},\"breadcrumb\":{\"@id\":\"https:\/\/www.welovecycling.com\/pl\/2016\/02\/09\/tour-de-france-2017-wystartuje-z-niemiec\/#breadcrumb\"},\"inLanguage\":\"pl-PL\",\"potentialAction\":[{\"@type\":\"ReadAction\",\"target\":[\"https:\/\/www.welovecycling.com\/pl\/2016\/02\/09\/tour-de-france-2017-wystartuje-z-niemiec\/\"]}]},{\"@type\":\"ImageObject\",\"inLanguage\":\"pl-PL\",\"@id\":\"https:\/\/www.welovecycling.com\/pl\/2016\/02\/09\/tour-de-france-2017-wystartuje-z-niemiec\/#primaryimage\",\"url\":\"https:\/\/d2p6e6u75xmxt8.cloudfront.net\/5\/2016\/02\/2-1.jpg\",\"contentUrl\":\"https:\/\/d2p6e6u75xmxt8.cloudfront.net\/5\/2016\/02\/2-1.jpg\",\"width\":1250,\"height\":833,\"caption\":\"(150727) -- PARIS, July 27, 2015 (Xinhua) -- Team Sky rider Chris Froome of Britain celebrates during the awarding ceremony for Tour de France cycling race 2015 in Paris, France, July 26, 2015. Chris Froome claimed the title of the event with a overall time of 84 hours, 46 minutes and 16 seconds. (Xinhua\/Chen Xiaowei) \/CHINENOUVELLE_1302.04\/Credit:Chen Xiaowei\/Xinhua\/SIPA\/1507271312, Image: 253949230, License: Rights-managed, Restrictions: , Model Release: no, Credit line: Profimedia, TEMP Sipa Press\"},{\"@type\":\"BreadcrumbList\",\"@id\":\"https:\/\/www.welovecycling.com\/pl\/2016\/02\/09\/tour-de-france-2017-wystartuje-z-niemiec\/#breadcrumb\",\"itemListElement\":[{\"@type\":\"ListItem\",\"position\":1,\"name\":\"Home\",\"item\":\"https:\/\/www.welovecycling.com\/pl\/\"},{\"@type\":\"ListItem\",\"position\":2,\"name\":\"Tour de France 2017 wystartuje z Niemiec\"}]},{\"@type\":\"WebSite\",\"@id\":\"https:\/\/www.welovecycling.com\/pl\/#website\",\"url\":\"https:\/\/www.welovecycling.com\/pl\/\",\"name\":\"\u0160koda We Love Cycling - Poland\",\"description\":\"\",\"potentialAction\":[{\"@type\":\"SearchAction\",\"target\":{\"@type\":\"EntryPoint\",\"urlTemplate\":\"https:\/\/www.welovecycling.com\/pl\/?s={search_term_string}\"},\"query-input\":{\"@type\":\"PropertyValueSpecification\",\"valueRequired\":true,\"valueName\":\"search_term_string\"}}],\"inLanguage\":\"pl-PL\"},{\"@type\":\"Person\",\"@id\":\"https:\/\/www.welovecycling.com\/pl\/#\/schema\/person\/e5187c9cac8dd619ebc7b41bd73c2fd9\",\"name\":\"WeLoveCycling\",\"image\":{\"@type\":\"ImageObject\",\"inLanguage\":\"pl-PL\",\"@id\":\"https:\/\/www.welovecycling.com\/pl\/#\/schema\/person\/image\/\",\"url\":\"https:\/\/secure.gravatar.com\/avatar\/7e1ee0ecc5e294b19ef32b9f6086e0afbb9da00c3cb0d465ba4695331f4a9187?s=96&d=mm&r=g\",\"contentUrl\":\"https:\/\/secure.gravatar.com\/avatar\/7e1ee0ecc5e294b19ef32b9f6086e0afbb9da00c3cb0d465ba4695331f4a9187?s=96&d=mm&r=g\",\"caption\":\"WeLoveCycling\"},\"url\":\"https:\/\/www.welovecycling.com\/pl\/author\/lukascech\/\"}]}<\/script>\n<!-- \/ Yoast SEO Premium plugin. -->","yoast_head_json":{"title":"Tour de France 2017 wystartuje z Niemiec - \u0160koda We Love Cycling - Poland","robots":{"index":"index","follow":"follow","max-snippet":"max-snippet:-1","max-image-preview":"max-image-preview:large","max-video-preview":"max-video-preview:-1"},"canonical":"https:\/\/www.welovecycling.com\/pl\/2016\/02\/09\/tour-de-france-2017-wystartuje-z-niemiec\/","og_locale":"pl_PL","og_type":"article","og_title":"Tour de France 2017 wystartuje z Niemiec","og_description":"To ju\u017c oficjalna wiadomo\u015b\u0107! W przysz\u0142ym roku Tour de\u00a0France wystartuje z Niemiec i rozpocznie si\u0119 13 &#8211; kilometrow\u0105 czas\u00f3wk\u0105.","og_url":"https:\/\/www.welovecycling.com\/pl\/2016\/02\/09\/tour-de-france-2017-wystartuje-z-niemiec\/","og_site_name":"\u0160koda We Love Cycling - Poland","article_published_time":"2016-02-09T15:41:46+00:00","article_modified_time":"2016-12-05T09:57:45+00:00","og_image":[{"width":1250,"height":833,"url":"https:\/\/d2p6e6u75xmxt8.cloudfront.net\/5\/2016\/02\/2-1.jpg","type":"image\/jpeg"}],"author":"WeLoveCycling","twitter_card":"summary_large_image","twitter_misc":{"Written by":"WeLoveCycling","Est. reading time":"1 minute"},"schema":{"@context":"https:\/\/schema.org","@graph":[{"@type":"WebPage","@id":"https:\/\/www.welovecycling.com\/pl\/2016\/02\/09\/tour-de-france-2017-wystartuje-z-niemiec\/","url":"https:\/\/www.welovecycling.com\/pl\/2016\/02\/09\/tour-de-france-2017-wystartuje-z-niemiec\/","name":"Tour de France 2017 wystartuje z Niemiec - \u0160koda We Love Cycling - Poland","isPartOf":{"@id":"https:\/\/www.welovecycling.com\/pl\/#website"},"primaryImageOfPage":{"@id":"https:\/\/www.welovecycling.com\/pl\/2016\/02\/09\/tour-de-france-2017-wystartuje-z-niemiec\/#primaryimage"},"image":{"@id":"https:\/\/www.welovecycling.com\/pl\/2016\/02\/09\/tour-de-france-2017-wystartuje-z-niemiec\/#primaryimage"},"thumbnailUrl":"https:\/\/d2p6e6u75xmxt8.cloudfront.net\/5\/2016\/02\/2-1.jpg","datePublished":"2016-02-09T15:41:46+00:00","dateModified":"2016-12-05T09:57:45+00:00","author":{"@id":"https:\/\/www.welovecycling.com\/pl\/#\/schema\/person\/e5187c9cac8dd619ebc7b41bd73c2fd9"},"breadcrumb":{"@id":"https:\/\/www.welovecycling.com\/pl\/2016\/02\/09\/tour-de-france-2017-wystartuje-z-niemiec\/#breadcrumb"},"inLanguage":"pl-PL","potentialAction":[{"@type":"ReadAction","target":["https:\/\/www.welovecycling.com\/pl\/2016\/02\/09\/tour-de-france-2017-wystartuje-z-niemiec\/"]}]},{"@type":"ImageObject","inLanguage":"pl-PL","@id":"https:\/\/www.welovecycling.com\/pl\/2016\/02\/09\/tour-de-france-2017-wystartuje-z-niemiec\/#primaryimage","url":"https:\/\/d2p6e6u75xmxt8.cloudfront.net\/5\/2016\/02\/2-1.jpg","contentUrl":"https:\/\/d2p6e6u75xmxt8.cloudfront.net\/5\/2016\/02\/2-1.jpg","width":1250,"height":833,"caption":"(150727) -- PARIS, July 27, 2015 (Xinhua) -- Team Sky rider Chris Froome of Britain celebrates during the awarding ceremony for Tour de France cycling race 2015 in Paris, France, July 26, 2015. Chris Froome claimed the title of the event with a overall time of 84 hours, 46 minutes and 16 seconds. (Xinhua\/Chen Xiaowei) \/CHINENOUVELLE_1302.04\/Credit:Chen Xiaowei\/Xinhua\/SIPA\/1507271312, Image: 253949230, License: Rights-managed, Restrictions: , Model Release: no, Credit line: Profimedia, TEMP Sipa Press"},{"@type":"BreadcrumbList","@id":"https:\/\/www.welovecycling.com\/pl\/2016\/02\/09\/tour-de-france-2017-wystartuje-z-niemiec\/#breadcrumb","itemListElement":[{"@type":"ListItem","position":1,"name":"Home","item":"https:\/\/www.welovecycling.com\/pl\/"},{"@type":"ListItem","position":2,"name":"Tour de France 2017 wystartuje z Niemiec"}]},{"@type":"WebSite","@id":"https:\/\/www.welovecycling.com\/pl\/#website","url":"https:\/\/www.welovecycling.com\/pl\/","name":"\u0160koda We Love Cycling - Poland","description":"","potentialAction":[{"@type":"SearchAction","target":{"@type":"EntryPoint","urlTemplate":"https:\/\/www.welovecycling.com\/pl\/?s={search_term_string}"},"query-input":{"@type":"PropertyValueSpecification","valueRequired":true,"valueName":"search_term_string"}}],"inLanguage":"pl-PL"},{"@type":"Person","@id":"https:\/\/www.welovecycling.com\/pl\/#\/schema\/person\/e5187c9cac8dd619ebc7b41bd73c2fd9","name":"WeLoveCycling","image":{"@type":"ImageObject","inLanguage":"pl-PL","@id":"https:\/\/www.welovecycling.com\/pl\/#\/schema\/person\/image\/","url":"https:\/\/secure.gravatar.com\/avatar\/7e1ee0ecc5e294b19ef32b9f6086e0afbb9da00c3cb0d465ba4695331f4a9187?s=96&d=mm&r=g","contentUrl":"https:\/\/secure.gravatar.com\/avatar\/7e1ee0ecc5e294b19ef32b9f6086e0afbb9da00c3cb0d465ba4695331f4a9187?s=96&d=mm&r=g","caption":"WeLoveCycling"},"url":"https:\/\/www.welovecycling.com\/pl\/author\/lukascech\/"}]}},"_links":{"self":[{"href":"https:\/\/www.welovecycling.com\/pl\/wp-json\/wp\/v2\/posts\/2312","targetHints":{"allow":["GET"]}}],"collection":[{"href":"https:\/\/www.welovecycling.com\/pl\/wp-json\/wp\/v2\/posts"}],"about":[{"href":"https:\/\/www.welovecycling.com\/pl\/wp-json\/wp\/v2\/types\/post"}],"author":[{"embeddable":true,"href":"https:\/\/www.welovecycling.com\/pl\/wp-json\/wp\/v2\/users\/1"}],"replies":[{"embeddable":true,"href":"https:\/\/www.welovecycling.com\/pl\/wp-json\/wp\/v2\/comments?post=2312"}],"version-history":[{"count":1,"href":"https:\/\/www.welovecycling.com\/pl\/wp-json\/wp\/v2\/posts\/2312\/revisions"}],"predecessor-version":[{"id":2493,"href":"https:\/\/www.welovecycling.com\/pl\/wp-json\/wp\/v2\/posts\/2312\/revisions\/2493"}],"wp:featuredmedia":[{"embeddable":true,"href":"https:\/\/www.welovecycling.com\/pl\/wp-json\/wp\/v2\/media\/601"}],"wp:attachment":[{"href":"https:\/\/www.welovecycling.com\/pl\/wp-json\/wp\/v2\/media?parent=2312"}],"wp:term":[{"taxonomy":"category","embeddable":true,"href":"https:\/\/www.welovecycling.com\/pl\/wp-json\/wp\/v2\/categories?post=2312"},{"taxonomy":"post_tag","embeddable":true,"href":"https:\/\/www.welovecycling.com\/pl\/wp-json\/wp\/v2\/tags?post=2312"},{"taxonomy":"global-categories","embeddable":true,"href":"https:\/\/www.welovecycling.com\/pl\/wp-json\/wp\/v2\/global-categories?post=2312"}],"curies":[{"name":"wp","href":"https:\/\/api.w.org\/{rel}","templated":true}]}}