{"id":2311,"date":"2016-02-12T14:47:33","date_gmt":"2016-02-12T14:47:33","guid":{"rendered":"http:\/\/serwer1629254.home.pl\/index.php\/2016\/02\/12\/najszybszy-rower-swiata\/"},"modified":"2016-12-05T09:57:37","modified_gmt":"2016-12-05T09:57:37","slug":"najszybszy-rower-swiata","status":"publish","type":"post","link":"https:\/\/www.welovecycling.com\/pl\/2016\/02\/12\/najszybszy-rower-swiata\/","title":{"rendered":"Najszybszy rower \u015bwiata"},"content":{"rendered":"<p style=\"text-align: justify\">Jakim mo\u017cesz si\u0119 pochwali\u0107 rekordem pr\u0119dko\u015bci w je\u017adzie na rowerze? 90 km\/h? Mo\u017cliwe!<!--more--><\/p>\n<p style=\"text-align: justify\">Mo\u017ce nawet blisko 100 km\/h, przy za\u0142o\u017ceniu, \u017ce\u00a0zje\u017cd\u017ca\u0142e\u015b z g\u00f3ry. Okazuje si\u0119, \u017ce jest na \u015bwiecie kto\u015b szybszy, nawet od\u00a0Ciebie. \u00a0Nale\u017cy do dru\u017cyny AeroVelo.<\/p>\n<p style=\"text-align: justify\"><img loading=\"lazy\" decoding=\"async\" class=\"alignnone wp-image-813\" src=\"http:\/\/skoda-rowery.pl\/wp-content\/uploads\/2016\/02\/FotorCreated1.jpg\" alt=\"\" width=\"1042\" height=\"384\" srcset=\"https:\/\/d2p6e6u75xmxt8.cloudfront.net\/5\/2016\/02\/FotorCreated1.jpg 950w, https:\/\/d2p6e6u75xmxt8.cloudfront.net\/5\/2016\/02\/FotorCreated1-300x111.jpg 300w, https:\/\/d2p6e6u75xmxt8.cloudfront.net\/5\/2016\/02\/FotorCreated1-768x283.jpg 768w\" sizes=\"auto, (max-width: 1042px) 100vw, 1042px\" \/><\/p>\n<p style=\"text-align: justify\"><!-- more --><\/p>\n<p style=\"text-align: justify\">Brawo dla Todda Reicherta i najszybszego roweru na\u015bwiecie, na kt\u00f3rym pobi\u0142 rekord. Wynaleziony przez \u00a0student\u00f3w i absolwent\u00f3w Uniwersytetu w\u00a0Toronto pojazd rozp\u0119dzi\u0142 si\u0119 do 139, 45 km\/h.\u00a0Poprzedni rekord to 133, 78 km\/h, wi\u0119c r\u00f3\u017cnica wynosi a\u017c \u00a06 km\/h na godzin\u0119!<\/p>\n<figure class=\"tmblr-full\" style=\"text-align: justify\"><\/figure>\n<p style=\"text-align: justify\">Wynalazek ekipy z Toronto jest maksymalnie aerodynamiczny,\u00a0dlatego u\u017cytkownik takiego pojazdu musi siedzie\u0107 w bardzo nienaturalnej, zupe\u0142nie\u00a0horyzontalnej pozycji.<\/p>\n<p style=\"text-align: justify\"><img loading=\"lazy\" decoding=\"async\" class=\"alignnone size-large wp-image-812\" src=\"http:\/\/skoda-rowery.pl\/wp-content\/uploads\/2016\/02\/es_Eta-at-Catch-1024x574.jpg\" alt=\"\" width=\"1024\" height=\"574\" srcset=\"https:\/\/d2p6e6u75xmxt8.cloudfront.net\/5\/2016\/02\/es_Eta-at-Catch-1024x574.jpg 1024w, https:\/\/d2p6e6u75xmxt8.cloudfront.net\/5\/2016\/02\/es_Eta-at-Catch-300x168.jpg 300w, https:\/\/d2p6e6u75xmxt8.cloudfront.net\/5\/2016\/02\/es_Eta-at-Catch-768x431.jpg 768w, https:\/\/d2p6e6u75xmxt8.cloudfront.net\/5\/2016\/02\/es_Eta-at-Catch.jpg 1500w\" sizes=\"auto, (max-width: 1024px) 100vw, 1024px\" \/><\/p>\n<p style=\"text-align: justify\">Todd Reichert jest znany ze swojego nieposkromionego\u00a0zapa\u0142u \u2013 nie dziwi wi\u0119c, \u017ce odby\u0142 a\u017c trzy pr\u00f3by pobicia rekordu. Najwi\u0119kszym\u00a0sukcesem okaza\u0142a si\u0119 ostatnia z nich. Za pierwszym\u00a0razem osi\u0105gn\u0105\u0142 137,93 km\/h, za drugim\u00a0razem 139,21 km\/h, a za trzecim razem 139,45. Na o\u015bmiokilometrowej trasie o\u00a0zupe\u0142nie p\u0142askim pod\u0142o\u017cu Toddowi uda\u0142o si\u0119 osi\u0105gn\u0105\u0107 maksymaln\u0105 pr\u0119dko\u015b\u0107 na\u00a0ostatnich 200 metrach.<\/p>\n<p style=\"text-align: justify\">Zobacz jak si\u0119 pobija rekordy:<\/p>\n<p style=\"text-align: justify\">\n<figure class=\"tmblr-embed tmblr-full\" style=\"text-align: justify\"><\/figure>\n<p style=\"text-align: justify\">Niestety pobijanie rekordu sko\u0144czy\u0142o si\u0119 mandatem, kt\u00f3ry\u00a0Todd dosta\u0142 od policji w dniu pobicia rekordu. Wizyta policji nie zepsu\u0142a dobrego\u00a0humoru rekordzi\u015bcie i zgromadzonym na miejscu fanom.<\/p>\n<p style=\"text-align: justify\"><img loading=\"lazy\" decoding=\"async\" class=\"alignnone wp-image-814\" src=\"http:\/\/skoda-rowery.pl\/wp-content\/uploads\/2016\/02\/1443666106871.jpeg\" alt=\"\" width=\"1000\" height=\"750\" srcset=\"https:\/\/d2p6e6u75xmxt8.cloudfront.net\/5\/2016\/02\/1443666106871.jpeg 960w, https:\/\/d2p6e6u75xmxt8.cloudfront.net\/5\/2016\/02\/1443666106871-300x225.jpeg 300w, https:\/\/d2p6e6u75xmxt8.cloudfront.net\/5\/2016\/02\/1443666106871-768x576.jpeg 768w\" sizes=\"auto, (max-width: 1000px) 100vw, 1000px\" \/><\/p>\n<p style=\"text-align: justify\">(\u017ar\u00f3d\u0142o zdj\u0119\u0107: welovecycling.com)<\/p>\n","protected":false},"excerpt":{"rendered":"<p>Jakim mo\u017cesz si\u0119 pochwali\u0107 rekordem pr\u0119dko\u015bci w je\u017adzie na rowerze? 90 km\/h? Mo\u017cliwe!<\/p>\n","protected":false},"author":1,"featured_media":600,"comment_status":"open","ping_status":"open","sticky":false,"template":"","format":"standard","meta":{"footnotes":""},"categories":[3],"tags":[69],"global-categories":[],"class_list":["post-2311","post","type-post","status-publish","format-standard","has-post-thumbnail","hentry","category-adrenalina","tag-skodarowery-cycling"],"yoast_head":"<!-- This site is optimized with the Yoast SEO Premium plugin v25.3 (Yoast SEO v25.9) - https:\/\/yoast.com\/wordpress\/plugins\/seo\/ -->\n<title>Najszybszy rower \u015bwiata - \u0160koda We Love Cycling - Poland<\/title>\n<meta name=\"robots\" content=\"index, follow, max-snippet:-1, max-image-preview:large, max-video-preview:-1\" \/>\n<link rel=\"canonical\" href=\"https:\/\/www.welovecycling.com\/pl\/2016\/02\/12\/najszybszy-rower-swiata\/\" \/>\n<meta property=\"og:locale\" content=\"pl_PL\" \/>\n<meta property=\"og:type\" content=\"article\" \/>\n<meta property=\"og:title\" content=\"Najszybszy rower \u015bwiata\" \/>\n<meta property=\"og:description\" content=\"Jakim mo\u017cesz si\u0119 pochwali\u0107 rekordem pr\u0119dko\u015bci w je\u017adzie na rowerze? 90 km\/h? Mo\u017cliwe!\" \/>\n<meta property=\"og:url\" content=\"https:\/\/www.welovecycling.com\/pl\/2016\/02\/12\/najszybszy-rower-swiata\/\" \/>\n<meta property=\"og:site_name\" content=\"\u0160koda We Love Cycling - Poland\" \/>\n<meta property=\"article:published_time\" content=\"2016-02-12T14:47:33+00:00\" \/>\n<meta property=\"article:modified_time\" content=\"2016-12-05T09:57:37+00:00\" \/>\n<meta property=\"og:image\" content=\"https:\/\/d2p6e6u75xmxt8.cloudfront.net\/5\/2016\/02\/DSC_0613.jpg\" \/>\n\t<meta property=\"og:image:width\" content=\"1500\" \/>\n\t<meta property=\"og:image:height\" content=\"997\" \/>\n\t<meta property=\"og:image:type\" content=\"image\/jpeg\" \/>\n<meta name=\"author\" content=\"WeLoveCycling\" \/>\n<meta name=\"twitter:card\" content=\"summary_large_image\" \/>\n<meta name=\"twitter:label1\" content=\"Written by\" \/>\n\t<meta name=\"twitter:data1\" content=\"WeLoveCycling\" \/>\n\t<meta name=\"twitter:label2\" content=\"Est. reading time\" \/>\n\t<meta name=\"twitter:data2\" content=\"1 minute\" \/>\n<script type=\"application\/ld+json\" class=\"yoast-schema-graph\">{\"@context\":\"https:\/\/schema.org\",\"@graph\":[{\"@type\":\"WebPage\",\"@id\":\"https:\/\/www.welovecycling.com\/pl\/2016\/02\/12\/najszybszy-rower-swiata\/\",\"url\":\"https:\/\/www.welovecycling.com\/pl\/2016\/02\/12\/najszybszy-rower-swiata\/\",\"name\":\"Najszybszy rower \u015bwiata - \u0160koda We Love Cycling - Poland\",\"isPartOf\":{\"@id\":\"https:\/\/www.welovecycling.com\/pl\/#website\"},\"primaryImageOfPage\":{\"@id\":\"https:\/\/www.welovecycling.com\/pl\/2016\/02\/12\/najszybszy-rower-swiata\/#primaryimage\"},\"image\":{\"@id\":\"https:\/\/www.welovecycling.com\/pl\/2016\/02\/12\/najszybszy-rower-swiata\/#primaryimage\"},\"thumbnailUrl\":\"https:\/\/d2p6e6u75xmxt8.cloudfront.net\/5\/2016\/02\/DSC_0613.jpg\",\"datePublished\":\"2016-02-12T14:47:33+00:00\",\"dateModified\":\"2016-12-05T09:57:37+00:00\",\"author\":{\"@id\":\"https:\/\/www.welovecycling.com\/pl\/#\/schema\/person\/e5187c9cac8dd619ebc7b41bd73c2fd9\"},\"breadcrumb\":{\"@id\":\"https:\/\/www.welovecycling.com\/pl\/2016\/02\/12\/najszybszy-rower-swiata\/#breadcrumb\"},\"inLanguage\":\"pl-PL\",\"potentialAction\":[{\"@type\":\"ReadAction\",\"target\":[\"https:\/\/www.welovecycling.com\/pl\/2016\/02\/12\/najszybszy-rower-swiata\/\"]}]},{\"@type\":\"ImageObject\",\"inLanguage\":\"pl-PL\",\"@id\":\"https:\/\/www.welovecycling.com\/pl\/2016\/02\/12\/najszybszy-rower-swiata\/#primaryimage\",\"url\":\"https:\/\/d2p6e6u75xmxt8.cloudfront.net\/5\/2016\/02\/DSC_0613.jpg\",\"contentUrl\":\"https:\/\/d2p6e6u75xmxt8.cloudfront.net\/5\/2016\/02\/DSC_0613.jpg\",\"width\":1500,\"height\":997},{\"@type\":\"BreadcrumbList\",\"@id\":\"https:\/\/www.welovecycling.com\/pl\/2016\/02\/12\/najszybszy-rower-swiata\/#breadcrumb\",\"itemListElement\":[{\"@type\":\"ListItem\",\"position\":1,\"name\":\"Home\",\"item\":\"https:\/\/www.welovecycling.com\/pl\/\"},{\"@type\":\"ListItem\",\"position\":2,\"name\":\"Najszybszy rower \u015bwiata\"}]},{\"@type\":\"WebSite\",\"@id\":\"https:\/\/www.welovecycling.com\/pl\/#website\",\"url\":\"https:\/\/www.welovecycling.com\/pl\/\",\"name\":\"\u0160koda We Love Cycling - Poland\",\"description\":\"\",\"potentialAction\":[{\"@type\":\"SearchAction\",\"target\":{\"@type\":\"EntryPoint\",\"urlTemplate\":\"https:\/\/www.welovecycling.com\/pl\/?s={search_term_string}\"},\"query-input\":{\"@type\":\"PropertyValueSpecification\",\"valueRequired\":true,\"valueName\":\"search_term_string\"}}],\"inLanguage\":\"pl-PL\"},{\"@type\":\"Person\",\"@id\":\"https:\/\/www.welovecycling.com\/pl\/#\/schema\/person\/e5187c9cac8dd619ebc7b41bd73c2fd9\",\"name\":\"WeLoveCycling\",\"image\":{\"@type\":\"ImageObject\",\"inLanguage\":\"pl-PL\",\"@id\":\"https:\/\/www.welovecycling.com\/pl\/#\/schema\/person\/image\/\",\"url\":\"https:\/\/secure.gravatar.com\/avatar\/7e1ee0ecc5e294b19ef32b9f6086e0afbb9da00c3cb0d465ba4695331f4a9187?s=96&d=mm&r=g\",\"contentUrl\":\"https:\/\/secure.gravatar.com\/avatar\/7e1ee0ecc5e294b19ef32b9f6086e0afbb9da00c3cb0d465ba4695331f4a9187?s=96&d=mm&r=g\",\"caption\":\"WeLoveCycling\"},\"url\":\"https:\/\/www.welovecycling.com\/pl\/author\/lukascech\/\"}]}<\/script>\n<!-- \/ Yoast SEO Premium plugin. -->","yoast_head_json":{"title":"Najszybszy rower \u015bwiata - \u0160koda We Love Cycling - Poland","robots":{"index":"index","follow":"follow","max-snippet":"max-snippet:-1","max-image-preview":"max-image-preview:large","max-video-preview":"max-video-preview:-1"},"canonical":"https:\/\/www.welovecycling.com\/pl\/2016\/02\/12\/najszybszy-rower-swiata\/","og_locale":"pl_PL","og_type":"article","og_title":"Najszybszy rower \u015bwiata","og_description":"Jakim mo\u017cesz si\u0119 pochwali\u0107 rekordem pr\u0119dko\u015bci w je\u017adzie na rowerze? 90 km\/h? Mo\u017cliwe!","og_url":"https:\/\/www.welovecycling.com\/pl\/2016\/02\/12\/najszybszy-rower-swiata\/","og_site_name":"\u0160koda We Love Cycling - Poland","article_published_time":"2016-02-12T14:47:33+00:00","article_modified_time":"2016-12-05T09:57:37+00:00","og_image":[{"width":1500,"height":997,"url":"https:\/\/d2p6e6u75xmxt8.cloudfront.net\/5\/2016\/02\/DSC_0613.jpg","type":"image\/jpeg"}],"author":"WeLoveCycling","twitter_card":"summary_large_image","twitter_misc":{"Written by":"WeLoveCycling","Est. reading time":"1 minute"},"schema":{"@context":"https:\/\/schema.org","@graph":[{"@type":"WebPage","@id":"https:\/\/www.welovecycling.com\/pl\/2016\/02\/12\/najszybszy-rower-swiata\/","url":"https:\/\/www.welovecycling.com\/pl\/2016\/02\/12\/najszybszy-rower-swiata\/","name":"Najszybszy rower \u015bwiata - \u0160koda We Love Cycling - Poland","isPartOf":{"@id":"https:\/\/www.welovecycling.com\/pl\/#website"},"primaryImageOfPage":{"@id":"https:\/\/www.welovecycling.com\/pl\/2016\/02\/12\/najszybszy-rower-swiata\/#primaryimage"},"image":{"@id":"https:\/\/www.welovecycling.com\/pl\/2016\/02\/12\/najszybszy-rower-swiata\/#primaryimage"},"thumbnailUrl":"https:\/\/d2p6e6u75xmxt8.cloudfront.net\/5\/2016\/02\/DSC_0613.jpg","datePublished":"2016-02-12T14:47:33+00:00","dateModified":"2016-12-05T09:57:37+00:00","author":{"@id":"https:\/\/www.welovecycling.com\/pl\/#\/schema\/person\/e5187c9cac8dd619ebc7b41bd73c2fd9"},"breadcrumb":{"@id":"https:\/\/www.welovecycling.com\/pl\/2016\/02\/12\/najszybszy-rower-swiata\/#breadcrumb"},"inLanguage":"pl-PL","potentialAction":[{"@type":"ReadAction","target":["https:\/\/www.welovecycling.com\/pl\/2016\/02\/12\/najszybszy-rower-swiata\/"]}]},{"@type":"ImageObject","inLanguage":"pl-PL","@id":"https:\/\/www.welovecycling.com\/pl\/2016\/02\/12\/najszybszy-rower-swiata\/#primaryimage","url":"https:\/\/d2p6e6u75xmxt8.cloudfront.net\/5\/2016\/02\/DSC_0613.jpg","contentUrl":"https:\/\/d2p6e6u75xmxt8.cloudfront.net\/5\/2016\/02\/DSC_0613.jpg","width":1500,"height":997},{"@type":"BreadcrumbList","@id":"https:\/\/www.welovecycling.com\/pl\/2016\/02\/12\/najszybszy-rower-swiata\/#breadcrumb","itemListElement":[{"@type":"ListItem","position":1,"name":"Home","item":"https:\/\/www.welovecycling.com\/pl\/"},{"@type":"ListItem","position":2,"name":"Najszybszy rower \u015bwiata"}]},{"@type":"WebSite","@id":"https:\/\/www.welovecycling.com\/pl\/#website","url":"https:\/\/www.welovecycling.com\/pl\/","name":"\u0160koda We Love Cycling - Poland","description":"","potentialAction":[{"@type":"SearchAction","target":{"@type":"EntryPoint","urlTemplate":"https:\/\/www.welovecycling.com\/pl\/?s={search_term_string}"},"query-input":{"@type":"PropertyValueSpecification","valueRequired":true,"valueName":"search_term_string"}}],"inLanguage":"pl-PL"},{"@type":"Person","@id":"https:\/\/www.welovecycling.com\/pl\/#\/schema\/person\/e5187c9cac8dd619ebc7b41bd73c2fd9","name":"WeLoveCycling","image":{"@type":"ImageObject","inLanguage":"pl-PL","@id":"https:\/\/www.welovecycling.com\/pl\/#\/schema\/person\/image\/","url":"https:\/\/secure.gravatar.com\/avatar\/7e1ee0ecc5e294b19ef32b9f6086e0afbb9da00c3cb0d465ba4695331f4a9187?s=96&d=mm&r=g","contentUrl":"https:\/\/secure.gravatar.com\/avatar\/7e1ee0ecc5e294b19ef32b9f6086e0afbb9da00c3cb0d465ba4695331f4a9187?s=96&d=mm&r=g","caption":"WeLoveCycling"},"url":"https:\/\/www.welovecycling.com\/pl\/author\/lukascech\/"}]}},"_links":{"self":[{"href":"https:\/\/www.welovecycling.com\/pl\/wp-json\/wp\/v2\/posts\/2311","targetHints":{"allow":["GET"]}}],"collection":[{"href":"https:\/\/www.welovecycling.com\/pl\/wp-json\/wp\/v2\/posts"}],"about":[{"href":"https:\/\/www.welovecycling.com\/pl\/wp-json\/wp\/v2\/types\/post"}],"author":[{"embeddable":true,"href":"https:\/\/www.welovecycling.com\/pl\/wp-json\/wp\/v2\/users\/1"}],"replies":[{"embeddable":true,"href":"https:\/\/www.welovecycling.com\/pl\/wp-json\/wp\/v2\/comments?post=2311"}],"version-history":[{"count":1,"href":"https:\/\/www.welovecycling.com\/pl\/wp-json\/wp\/v2\/posts\/2311\/revisions"}],"predecessor-version":[{"id":2492,"href":"https:\/\/www.welovecycling.com\/pl\/wp-json\/wp\/v2\/posts\/2311\/revisions\/2492"}],"wp:featuredmedia":[{"embeddable":true,"href":"https:\/\/www.welovecycling.com\/pl\/wp-json\/wp\/v2\/media\/600"}],"wp:attachment":[{"href":"https:\/\/www.welovecycling.com\/pl\/wp-json\/wp\/v2\/media?parent=2311"}],"wp:term":[{"taxonomy":"category","embeddable":true,"href":"https:\/\/www.welovecycling.com\/pl\/wp-json\/wp\/v2\/categories?post=2311"},{"taxonomy":"post_tag","embeddable":true,"href":"https:\/\/www.welovecycling.com\/pl\/wp-json\/wp\/v2\/tags?post=2311"},{"taxonomy":"global-categories","embeddable":true,"href":"https:\/\/www.welovecycling.com\/pl\/wp-json\/wp\/v2\/global-categories?post=2311"}],"curies":[{"name":"wp","href":"https:\/\/api.w.org\/{rel}","templated":true}]}}