{"id":2309,"date":"2015-04-22T14:25:46","date_gmt":"2015-04-22T12:25:46","guid":{"rendered":"http:\/\/serwer1629254.home.pl\/index.php\/2015\/04\/22\/rozpocznij-sezon-ze-skoda\/"},"modified":"2016-12-05T10:00:02","modified_gmt":"2016-12-05T10:00:02","slug":"rozpocznij-sezon-ze-skoda","status":"publish","type":"post","link":"https:\/\/www.welovecycling.com\/pl\/2015\/04\/22\/rozpocznij-sezon-ze-skoda\/","title":{"rendered":"Rozpocznij sezon ze \u0160KOD\u0104"},"content":{"rendered":"<p>Przygotowany do sezonu? Tym razem \u0160koda nap\u0119dza a\u017c 3 wy\u015bcigi kolarskie \u2013 w Toruniu, Poznaniu i Gdyni.<\/p>\n<p><!--more-->Z okazji 120 lat marki w ramach wy\u015bcig\u00f3w Velo Toru\u0144 i\u00a0Solid Logistics Pozna\u0144 Bike Challenge jedna z tras b\u0119dzie mie\u0107 d\u0142ugo\u015b\u0107 120 km. Przygotowali\u015bmy r\u00f3wnie\u017c atrakcje dla rodzin i dzieci \u2013 na wydarzenia \u015bmia\u0142o mo\u017cna si\u0119 wybra\u0107 ca\u0142\u0105 rodzin\u0105, kibicowa\u0107 w specjalnych miasteczkach kibica i uczestniczy\u0107 w piknikach.<\/p>\n<p><!-- more --><\/p>\n<p>Najwcze\u015bniej, bo ju\u017c 17 maja zapraszamy na \u0160koda Velo Toru\u0144. To pierwsza edycja bardzo dobrze zapowiadaj\u0105cego si\u0119 wy\u015bcigu szosowego. Na starcie \u0160koda Velo Toru\u0144 spotkamy Mistrza \u015awiata Micha\u0142a Kwiatkowskiego i wielu zawodnik\u00f3w zwi\u0105zanych z Akademi\u0105 Copernicus.<\/p>\n<p>&nbsp;<\/p>\n<figure class=\"tmblr-full\"><img decoding=\"async\" src=\"http:\/\/36.media.tumblr.com\/a7bf761fc1e69c27a29e817fe0be6288\/tumblr_inline_nn7qseoPuw1sfrvl6_540.jpg\" alt=\"image\" \/><\/figure>\n<p>Wejd\u017a na <a href=\"http:\/\/velotorun.com\/\">http:\/\/velotorun.com\/<\/a> i zapisz si\u0119 na wy\u015bcig. Startuj na jednym z trzech dystans\u00f3w: 120 km, 73 km, 44 km lub na trasie rodzinnej -16 km.<\/p>\n<p>Nast\u0119pnie 6 wrze\u015bnia startuje Cyklo Gdynia, kt\u00f3rego jednym ze sponsor\u00f3w g\u0142\u00f3wnych jest nasza marka. Jeszcze nie och\u0142on\u0119li\u015bmy po poprzedniej edycji, a ju\u017c nie mo\u017cemy doczeka\u0107 si\u0119 nast\u0119pnej!<\/p>\n<figure class=\"tmblr-full\"><img decoding=\"async\" src=\"http:\/\/41.media.tumblr.com\/d0df233a57abe5c5cd9e0258b9d650d9\/tumblr_inline_nn7qsn6Eyh1sfrvl6_540.jpg\" alt=\"image\" \/><\/figure>\n<p>13 wrze\u015bnia Solid Logistics Pozna\u0144 Bike Challenge \u2013 druga edycja najwi\u0119kszego wy\u015bcigu miejskiego w Polsce. Wybierz spo\u015br\u00f3d czterech tras nad Jeziorem Malta\u0144skim: 120 km, 50 km, 18 km lub 5 km (trasa dla dzieci). Zapisy na Solid Logistics Pozna\u0144 Bike Challenge ju\u017c otwarte! Dowiedz si\u0119 wi\u0119cej na\u00a0<a href=\"http:\/\/bike.poznan.pl\/\">http:\/\/bike.poznan.p<\/a>l\/<\/p>\n<p>Startuj z nami w trzech wy\u015bcigach kolarskich. Dopasuj dystans do swoich mo\u017cliwo\u015bci i si\u0119gnij po kolarskie emocje!<\/p>\n","protected":false},"excerpt":{"rendered":"<p>Przygotowany do sezonu? Tym razem \u0160koda nap\u0119dza a\u017c 3 wy\u015bcigi kolarskie \u2013 w Toruniu, Poznaniu i Gdyni.<\/p>\n","protected":false},"author":1,"featured_media":493,"comment_status":"open","ping_status":"open","sticky":false,"template":"","format":"standard","meta":{"footnotes":""},"categories":[1],"tags":[],"global-categories":[],"class_list":["post-2309","post","type-post","status-publish","format-standard","has-post-thumbnail","hentry","category-uncategorized"],"yoast_head":"<!-- This site is optimized with the Yoast SEO Premium plugin v25.3 (Yoast SEO v25.9) - https:\/\/yoast.com\/wordpress\/plugins\/seo\/ -->\n<title>Rozpocznij sezon ze \u0160KOD\u0104 - \u0160koda We Love Cycling - Poland<\/title>\n<meta name=\"robots\" content=\"index, follow, max-snippet:-1, max-image-preview:large, max-video-preview:-1\" \/>\n<link rel=\"canonical\" href=\"https:\/\/www.welovecycling.com\/pl\/2015\/04\/22\/rozpocznij-sezon-ze-skoda\/\" \/>\n<meta property=\"og:locale\" content=\"pl_PL\" \/>\n<meta property=\"og:type\" content=\"article\" \/>\n<meta property=\"og:title\" content=\"Rozpocznij sezon ze \u0160KOD\u0104\" \/>\n<meta property=\"og:description\" content=\"Przygotowany do sezonu? Tym razem \u0160koda nap\u0119dza a\u017c 3 wy\u015bcigi kolarskie \u2013 w Toruniu, Poznaniu i Gdyni.\" \/>\n<meta property=\"og:url\" content=\"https:\/\/www.welovecycling.com\/pl\/2015\/04\/22\/rozpocznij-sezon-ze-skoda\/\" \/>\n<meta property=\"og:site_name\" content=\"\u0160koda We Love Cycling - Poland\" \/>\n<meta property=\"article:published_time\" content=\"2015-04-22T12:25:46+00:00\" \/>\n<meta property=\"article:modified_time\" content=\"2016-12-05T10:00:02+00:00\" \/>\n<meta property=\"og:image\" content=\"https:\/\/d2p6e6u75xmxt8.cloudfront.net\/5\/2015\/04\/33.jpg\" \/>\n\t<meta property=\"og:image:width\" content=\"540\" \/>\n\t<meta property=\"og:image:height\" content=\"366\" \/>\n\t<meta property=\"og:image:type\" content=\"image\/jpeg\" \/>\n<meta name=\"author\" content=\"WeLoveCycling\" \/>\n<meta name=\"twitter:card\" content=\"summary_large_image\" \/>\n<meta name=\"twitter:label1\" content=\"Written by\" \/>\n\t<meta name=\"twitter:data1\" content=\"WeLoveCycling\" \/>\n\t<meta name=\"twitter:label2\" content=\"Est. reading time\" \/>\n\t<meta name=\"twitter:data2\" content=\"1 minute\" \/>\n<script type=\"application\/ld+json\" class=\"yoast-schema-graph\">{\"@context\":\"https:\/\/schema.org\",\"@graph\":[{\"@type\":\"WebPage\",\"@id\":\"https:\/\/www.welovecycling.com\/pl\/2015\/04\/22\/rozpocznij-sezon-ze-skoda\/\",\"url\":\"https:\/\/www.welovecycling.com\/pl\/2015\/04\/22\/rozpocznij-sezon-ze-skoda\/\",\"name\":\"Rozpocznij sezon ze \u0160KOD\u0104 - \u0160koda We Love Cycling - Poland\",\"isPartOf\":{\"@id\":\"https:\/\/www.welovecycling.com\/pl\/#website\"},\"primaryImageOfPage\":{\"@id\":\"https:\/\/www.welovecycling.com\/pl\/2015\/04\/22\/rozpocznij-sezon-ze-skoda\/#primaryimage\"},\"image\":{\"@id\":\"https:\/\/www.welovecycling.com\/pl\/2015\/04\/22\/rozpocznij-sezon-ze-skoda\/#primaryimage\"},\"thumbnailUrl\":\"https:\/\/d2p6e6u75xmxt8.cloudfront.net\/5\/2015\/04\/33.jpg\",\"datePublished\":\"2015-04-22T12:25:46+00:00\",\"dateModified\":\"2016-12-05T10:00:02+00:00\",\"author\":{\"@id\":\"https:\/\/www.welovecycling.com\/pl\/#\/schema\/person\/e5187c9cac8dd619ebc7b41bd73c2fd9\"},\"breadcrumb\":{\"@id\":\"https:\/\/www.welovecycling.com\/pl\/2015\/04\/22\/rozpocznij-sezon-ze-skoda\/#breadcrumb\"},\"inLanguage\":\"pl-PL\",\"potentialAction\":[{\"@type\":\"ReadAction\",\"target\":[\"https:\/\/www.welovecycling.com\/pl\/2015\/04\/22\/rozpocznij-sezon-ze-skoda\/\"]}]},{\"@type\":\"ImageObject\",\"inLanguage\":\"pl-PL\",\"@id\":\"https:\/\/www.welovecycling.com\/pl\/2015\/04\/22\/rozpocznij-sezon-ze-skoda\/#primaryimage\",\"url\":\"https:\/\/d2p6e6u75xmxt8.cloudfront.net\/5\/2015\/04\/33.jpg\",\"contentUrl\":\"https:\/\/d2p6e6u75xmxt8.cloudfront.net\/5\/2015\/04\/33.jpg\",\"width\":540,\"height\":366},{\"@type\":\"BreadcrumbList\",\"@id\":\"https:\/\/www.welovecycling.com\/pl\/2015\/04\/22\/rozpocznij-sezon-ze-skoda\/#breadcrumb\",\"itemListElement\":[{\"@type\":\"ListItem\",\"position\":1,\"name\":\"Home\",\"item\":\"https:\/\/www.welovecycling.com\/pl\/\"},{\"@type\":\"ListItem\",\"position\":2,\"name\":\"Rozpocznij sezon ze \u0160KOD\u0104\"}]},{\"@type\":\"WebSite\",\"@id\":\"https:\/\/www.welovecycling.com\/pl\/#website\",\"url\":\"https:\/\/www.welovecycling.com\/pl\/\",\"name\":\"\u0160koda We Love Cycling - Poland\",\"description\":\"\",\"potentialAction\":[{\"@type\":\"SearchAction\",\"target\":{\"@type\":\"EntryPoint\",\"urlTemplate\":\"https:\/\/www.welovecycling.com\/pl\/?s={search_term_string}\"},\"query-input\":{\"@type\":\"PropertyValueSpecification\",\"valueRequired\":true,\"valueName\":\"search_term_string\"}}],\"inLanguage\":\"pl-PL\"},{\"@type\":\"Person\",\"@id\":\"https:\/\/www.welovecycling.com\/pl\/#\/schema\/person\/e5187c9cac8dd619ebc7b41bd73c2fd9\",\"name\":\"WeLoveCycling\",\"image\":{\"@type\":\"ImageObject\",\"inLanguage\":\"pl-PL\",\"@id\":\"https:\/\/www.welovecycling.com\/pl\/#\/schema\/person\/image\/\",\"url\":\"https:\/\/secure.gravatar.com\/avatar\/7e1ee0ecc5e294b19ef32b9f6086e0afbb9da00c3cb0d465ba4695331f4a9187?s=96&d=mm&r=g\",\"contentUrl\":\"https:\/\/secure.gravatar.com\/avatar\/7e1ee0ecc5e294b19ef32b9f6086e0afbb9da00c3cb0d465ba4695331f4a9187?s=96&d=mm&r=g\",\"caption\":\"WeLoveCycling\"},\"url\":\"https:\/\/www.welovecycling.com\/pl\/author\/lukascech\/\"}]}<\/script>\n<!-- \/ Yoast SEO Premium plugin. -->","yoast_head_json":{"title":"Rozpocznij sezon ze \u0160KOD\u0104 - \u0160koda We Love Cycling - Poland","robots":{"index":"index","follow":"follow","max-snippet":"max-snippet:-1","max-image-preview":"max-image-preview:large","max-video-preview":"max-video-preview:-1"},"canonical":"https:\/\/www.welovecycling.com\/pl\/2015\/04\/22\/rozpocznij-sezon-ze-skoda\/","og_locale":"pl_PL","og_type":"article","og_title":"Rozpocznij sezon ze \u0160KOD\u0104","og_description":"Przygotowany do sezonu? Tym razem \u0160koda nap\u0119dza a\u017c 3 wy\u015bcigi kolarskie \u2013 w Toruniu, Poznaniu i Gdyni.","og_url":"https:\/\/www.welovecycling.com\/pl\/2015\/04\/22\/rozpocznij-sezon-ze-skoda\/","og_site_name":"\u0160koda We Love Cycling - Poland","article_published_time":"2015-04-22T12:25:46+00:00","article_modified_time":"2016-12-05T10:00:02+00:00","og_image":[{"width":540,"height":366,"url":"https:\/\/d2p6e6u75xmxt8.cloudfront.net\/5\/2015\/04\/33.jpg","type":"image\/jpeg"}],"author":"WeLoveCycling","twitter_card":"summary_large_image","twitter_misc":{"Written by":"WeLoveCycling","Est. reading time":"1 minute"},"schema":{"@context":"https:\/\/schema.org","@graph":[{"@type":"WebPage","@id":"https:\/\/www.welovecycling.com\/pl\/2015\/04\/22\/rozpocznij-sezon-ze-skoda\/","url":"https:\/\/www.welovecycling.com\/pl\/2015\/04\/22\/rozpocznij-sezon-ze-skoda\/","name":"Rozpocznij sezon ze \u0160KOD\u0104 - \u0160koda We Love Cycling - Poland","isPartOf":{"@id":"https:\/\/www.welovecycling.com\/pl\/#website"},"primaryImageOfPage":{"@id":"https:\/\/www.welovecycling.com\/pl\/2015\/04\/22\/rozpocznij-sezon-ze-skoda\/#primaryimage"},"image":{"@id":"https:\/\/www.welovecycling.com\/pl\/2015\/04\/22\/rozpocznij-sezon-ze-skoda\/#primaryimage"},"thumbnailUrl":"https:\/\/d2p6e6u75xmxt8.cloudfront.net\/5\/2015\/04\/33.jpg","datePublished":"2015-04-22T12:25:46+00:00","dateModified":"2016-12-05T10:00:02+00:00","author":{"@id":"https:\/\/www.welovecycling.com\/pl\/#\/schema\/person\/e5187c9cac8dd619ebc7b41bd73c2fd9"},"breadcrumb":{"@id":"https:\/\/www.welovecycling.com\/pl\/2015\/04\/22\/rozpocznij-sezon-ze-skoda\/#breadcrumb"},"inLanguage":"pl-PL","potentialAction":[{"@type":"ReadAction","target":["https:\/\/www.welovecycling.com\/pl\/2015\/04\/22\/rozpocznij-sezon-ze-skoda\/"]}]},{"@type":"ImageObject","inLanguage":"pl-PL","@id":"https:\/\/www.welovecycling.com\/pl\/2015\/04\/22\/rozpocznij-sezon-ze-skoda\/#primaryimage","url":"https:\/\/d2p6e6u75xmxt8.cloudfront.net\/5\/2015\/04\/33.jpg","contentUrl":"https:\/\/d2p6e6u75xmxt8.cloudfront.net\/5\/2015\/04\/33.jpg","width":540,"height":366},{"@type":"BreadcrumbList","@id":"https:\/\/www.welovecycling.com\/pl\/2015\/04\/22\/rozpocznij-sezon-ze-skoda\/#breadcrumb","itemListElement":[{"@type":"ListItem","position":1,"name":"Home","item":"https:\/\/www.welovecycling.com\/pl\/"},{"@type":"ListItem","position":2,"name":"Rozpocznij sezon ze \u0160KOD\u0104"}]},{"@type":"WebSite","@id":"https:\/\/www.welovecycling.com\/pl\/#website","url":"https:\/\/www.welovecycling.com\/pl\/","name":"\u0160koda We Love Cycling - Poland","description":"","potentialAction":[{"@type":"SearchAction","target":{"@type":"EntryPoint","urlTemplate":"https:\/\/www.welovecycling.com\/pl\/?s={search_term_string}"},"query-input":{"@type":"PropertyValueSpecification","valueRequired":true,"valueName":"search_term_string"}}],"inLanguage":"pl-PL"},{"@type":"Person","@id":"https:\/\/www.welovecycling.com\/pl\/#\/schema\/person\/e5187c9cac8dd619ebc7b41bd73c2fd9","name":"WeLoveCycling","image":{"@type":"ImageObject","inLanguage":"pl-PL","@id":"https:\/\/www.welovecycling.com\/pl\/#\/schema\/person\/image\/","url":"https:\/\/secure.gravatar.com\/avatar\/7e1ee0ecc5e294b19ef32b9f6086e0afbb9da00c3cb0d465ba4695331f4a9187?s=96&d=mm&r=g","contentUrl":"https:\/\/secure.gravatar.com\/avatar\/7e1ee0ecc5e294b19ef32b9f6086e0afbb9da00c3cb0d465ba4695331f4a9187?s=96&d=mm&r=g","caption":"WeLoveCycling"},"url":"https:\/\/www.welovecycling.com\/pl\/author\/lukascech\/"}]}},"_links":{"self":[{"href":"https:\/\/www.welovecycling.com\/pl\/wp-json\/wp\/v2\/posts\/2309","targetHints":{"allow":["GET"]}}],"collection":[{"href":"https:\/\/www.welovecycling.com\/pl\/wp-json\/wp\/v2\/posts"}],"about":[{"href":"https:\/\/www.welovecycling.com\/pl\/wp-json\/wp\/v2\/types\/post"}],"author":[{"embeddable":true,"href":"https:\/\/www.welovecycling.com\/pl\/wp-json\/wp\/v2\/users\/1"}],"replies":[{"embeddable":true,"href":"https:\/\/www.welovecycling.com\/pl\/wp-json\/wp\/v2\/comments?post=2309"}],"version-history":[{"count":1,"href":"https:\/\/www.welovecycling.com\/pl\/wp-json\/wp\/v2\/posts\/2309\/revisions"}],"predecessor-version":[{"id":2521,"href":"https:\/\/www.welovecycling.com\/pl\/wp-json\/wp\/v2\/posts\/2309\/revisions\/2521"}],"wp:featuredmedia":[{"embeddable":true,"href":"https:\/\/www.welovecycling.com\/pl\/wp-json\/wp\/v2\/media\/493"}],"wp:attachment":[{"href":"https:\/\/www.welovecycling.com\/pl\/wp-json\/wp\/v2\/media?parent=2309"}],"wp:term":[{"taxonomy":"category","embeddable":true,"href":"https:\/\/www.welovecycling.com\/pl\/wp-json\/wp\/v2\/categories?post=2309"},{"taxonomy":"post_tag","embeddable":true,"href":"https:\/\/www.welovecycling.com\/pl\/wp-json\/wp\/v2\/tags?post=2309"},{"taxonomy":"global-categories","embeddable":true,"href":"https:\/\/www.welovecycling.com\/pl\/wp-json\/wp\/v2\/global-categories?post=2309"}],"curies":[{"name":"wp","href":"https:\/\/api.w.org\/{rel}","templated":true}]}}