{"id":2308,"date":"2015-05-12T12:16:35","date_gmt":"2015-05-12T12:16:35","guid":{"rendered":"http:\/\/serwer1629254.home.pl\/index.php\/2015\/05\/12\/scigaj-sie-z-mistrzem\/"},"modified":"2016-12-05T10:03:11","modified_gmt":"2016-12-05T10:03:11","slug":"scigaj-sie-z-mistrzem","status":"publish","type":"post","link":"https:\/\/www.welovecycling.com\/pl\/2015\/05\/12\/scigaj-sie-z-mistrzem\/","title":{"rendered":"\u015acigaj si\u0119 z Mistrzem"},"content":{"rendered":"<figure class=\"tmblr-full\"><\/figure>\n<p><!-- more --><\/p>\n<p>Jeste\u015b gotowy na\u00a0kolarskie emocje? Spotkajmy si\u0119 na starcie \u0160koda Velo Toru\u0144 ju\u017c 17\u00a0maja, by razem z Micha\u0142em Kwiatkowskim wzi\u0105\u0107 udzia\u0142 w otwieraj\u0105cym sezon wielkim\u00a0wy\u015bcigu kolarskim dla profesjonalist\u00f3w, amator\u00f3w i dzieci.<\/p>\n<p><!--more--><\/p>\n<figure class=\"tmblr-full\"><\/figure>\n<p>(\u0179r\u00f3d\u0142o: \u0160koda Velo Toru\u0144. Fot. Tim de Waele )<\/p>\n<p>Z okazji 120 lat marki \u0160koda najd\u0142u\u017csza trasa wy\u015bcigu\u00a0b\u0119dzie mia\u0142a d\u0142ugo\u015b\u0107 120 km. Opr\u00f3cz tego \u015bciga\u0107 si\u0119 mo\u017cna na dystansach 71 km,\u00a042 km i na trasie rodzinnej \u2013 16 km. Dystans rodzinny b\u0119dzie rozgrywany w\u00a0formie gry miejskiej. Do\u0142\u0105cz do naszej zabawy \u2013 zapisy zbieramy na stoisku\u00a0\u0160KODY w specjalnej strefie na Bulwarze Filadelfijskim, w kt\u00f3rej znajdziesz\u00a0r\u00f3wnie\u017c wiele innych atrakcji dla dzieci i doros\u0142ych.<\/p>\n<figure class=\"tmblr-full\"><img decoding=\"async\" src=\"http:\/\/40.media.tumblr.com\/03301d5cd8327920f0758e84689efe43\/tumblr_inline_no8khlXo8n1sfrvl6_540.jpg\" alt=\"image\" \/><\/figure>\n<p><i>(\u0179r\u00f3d\u0142o: \u0160koda Velo Toru\u0144. Fot. Tim de Waele ) <\/i><\/p>\n<p>Nie bez powodu \u015bwi\u0119tujemy nasze urodziny wydarzeniami\u00a0kolarskimi \u2013 swoj\u0105 dzia\u0142alno\u015b\u0107 rozpoczynali\u015bmy od produkcji rower\u00f3w i s\u0142abo\u015b\u0107\u00a0do dw\u00f3ch k\u00f3\u0142ek mamy od zawsze. Cieszymy si\u0119, \u017ce mo\u017cemy wspiera\u0107 takie\u00a0inicjatywy jak \u0160koda Velo Toru\u0144. O kolejnych naszych akcjach dowiesz si\u0119 ju\u017c\u00a0wkr\u00f3tce.<\/p>\n<p>Wi\u0119cej informacji znajdziesz na <a href=\"http:\/\/velotorun.com\/\">http:\/\/velotorun.com<\/a> .<br \/>\nZapisz si\u0119 czym pr\u0119dzej!<\/p>\n","protected":false},"excerpt":{"rendered":"<p>Jeste\u015b gotowy na\u00a0kolarskie emocje? Spotkajmy si\u0119 na starcie \u0160koda Velo Toru\u0144 ju\u017c 17\u00a0maja, by razem z Micha\u0142em Kwiatkowskim wzi\u0105\u0107 udzia\u0142 [&hellip;]<\/p>\n","protected":false},"author":1,"featured_media":491,"comment_status":"open","ping_status":"open","sticky":false,"template":"","format":"standard","meta":{"footnotes":""},"categories":[1],"tags":[],"global-categories":[],"class_list":["post-2308","post","type-post","status-publish","format-standard","has-post-thumbnail","hentry","category-uncategorized"],"yoast_head":"<!-- This site is optimized with the Yoast SEO Premium plugin v25.3 (Yoast SEO v25.9) - https:\/\/yoast.com\/wordpress\/plugins\/seo\/ -->\n<title>\u015acigaj si\u0119 z Mistrzem - \u0160koda We Love Cycling - Poland<\/title>\n<meta name=\"robots\" content=\"index, follow, max-snippet:-1, max-image-preview:large, max-video-preview:-1\" \/>\n<link rel=\"canonical\" href=\"https:\/\/www.welovecycling.com\/pl\/2015\/05\/12\/scigaj-sie-z-mistrzem\/\" \/>\n<meta property=\"og:locale\" content=\"pl_PL\" \/>\n<meta property=\"og:type\" content=\"article\" \/>\n<meta property=\"og:title\" content=\"\u015acigaj si\u0119 z Mistrzem\" \/>\n<meta property=\"og:description\" content=\"Jeste\u015b gotowy na\u00a0kolarskie emocje? Spotkajmy si\u0119 na starcie \u0160koda Velo Toru\u0144 ju\u017c 17\u00a0maja, by razem z Micha\u0142em Kwiatkowskim wzi\u0105\u0107 udzia\u0142 [&hellip;]\" \/>\n<meta property=\"og:url\" content=\"https:\/\/www.welovecycling.com\/pl\/2015\/05\/12\/scigaj-sie-z-mistrzem\/\" \/>\n<meta property=\"og:site_name\" content=\"\u0160koda We Love Cycling - Poland\" \/>\n<meta property=\"article:published_time\" content=\"2015-05-12T12:16:35+00:00\" \/>\n<meta property=\"article:modified_time\" content=\"2016-12-05T10:03:11+00:00\" \/>\n<meta property=\"og:image\" content=\"https:\/\/d2p6e6u75xmxt8.cloudfront.net\/5\/2015\/05\/32.jpg\" \/>\n\t<meta property=\"og:image:width\" content=\"540\" \/>\n\t<meta property=\"og:image:height\" content=\"369\" \/>\n\t<meta property=\"og:image:type\" content=\"image\/jpeg\" \/>\n<meta name=\"author\" content=\"WeLoveCycling\" \/>\n<meta name=\"twitter:card\" content=\"summary_large_image\" \/>\n<meta name=\"twitter:label1\" content=\"Written by\" \/>\n\t<meta name=\"twitter:data1\" content=\"WeLoveCycling\" \/>\n\t<meta name=\"twitter:label2\" content=\"Est. reading time\" \/>\n\t<meta name=\"twitter:data2\" content=\"1 minute\" \/>\n<script type=\"application\/ld+json\" class=\"yoast-schema-graph\">{\"@context\":\"https:\/\/schema.org\",\"@graph\":[{\"@type\":\"WebPage\",\"@id\":\"https:\/\/www.welovecycling.com\/pl\/2015\/05\/12\/scigaj-sie-z-mistrzem\/\",\"url\":\"https:\/\/www.welovecycling.com\/pl\/2015\/05\/12\/scigaj-sie-z-mistrzem\/\",\"name\":\"\u015acigaj si\u0119 z Mistrzem - \u0160koda We Love Cycling - Poland\",\"isPartOf\":{\"@id\":\"https:\/\/www.welovecycling.com\/pl\/#website\"},\"primaryImageOfPage\":{\"@id\":\"https:\/\/www.welovecycling.com\/pl\/2015\/05\/12\/scigaj-sie-z-mistrzem\/#primaryimage\"},\"image\":{\"@id\":\"https:\/\/www.welovecycling.com\/pl\/2015\/05\/12\/scigaj-sie-z-mistrzem\/#primaryimage\"},\"thumbnailUrl\":\"https:\/\/d2p6e6u75xmxt8.cloudfront.net\/5\/2015\/05\/32.jpg\",\"datePublished\":\"2015-05-12T12:16:35+00:00\",\"dateModified\":\"2016-12-05T10:03:11+00:00\",\"author\":{\"@id\":\"https:\/\/www.welovecycling.com\/pl\/#\/schema\/person\/e5187c9cac8dd619ebc7b41bd73c2fd9\"},\"breadcrumb\":{\"@id\":\"https:\/\/www.welovecycling.com\/pl\/2015\/05\/12\/scigaj-sie-z-mistrzem\/#breadcrumb\"},\"inLanguage\":\"pl-PL\",\"potentialAction\":[{\"@type\":\"ReadAction\",\"target\":[\"https:\/\/www.welovecycling.com\/pl\/2015\/05\/12\/scigaj-sie-z-mistrzem\/\"]}]},{\"@type\":\"ImageObject\",\"inLanguage\":\"pl-PL\",\"@id\":\"https:\/\/www.welovecycling.com\/pl\/2015\/05\/12\/scigaj-sie-z-mistrzem\/#primaryimage\",\"url\":\"https:\/\/d2p6e6u75xmxt8.cloudfront.net\/5\/2015\/05\/32.jpg\",\"contentUrl\":\"https:\/\/d2p6e6u75xmxt8.cloudfront.net\/5\/2015\/05\/32.jpg\",\"width\":540,\"height\":369,\"caption\":\"Cycling: Team Etixx - Quick-Step 2015 \/ Training KWIATKOWSKI Michal (POL)\/ Training Camp Entrainement \/ Equipe Ploeg \/(c)Tim De Waele\"},{\"@type\":\"BreadcrumbList\",\"@id\":\"https:\/\/www.welovecycling.com\/pl\/2015\/05\/12\/scigaj-sie-z-mistrzem\/#breadcrumb\",\"itemListElement\":[{\"@type\":\"ListItem\",\"position\":1,\"name\":\"Home\",\"item\":\"https:\/\/www.welovecycling.com\/pl\/\"},{\"@type\":\"ListItem\",\"position\":2,\"name\":\"\u015acigaj si\u0119 z Mistrzem\"}]},{\"@type\":\"WebSite\",\"@id\":\"https:\/\/www.welovecycling.com\/pl\/#website\",\"url\":\"https:\/\/www.welovecycling.com\/pl\/\",\"name\":\"\u0160koda We Love Cycling - Poland\",\"description\":\"\",\"potentialAction\":[{\"@type\":\"SearchAction\",\"target\":{\"@type\":\"EntryPoint\",\"urlTemplate\":\"https:\/\/www.welovecycling.com\/pl\/?s={search_term_string}\"},\"query-input\":{\"@type\":\"PropertyValueSpecification\",\"valueRequired\":true,\"valueName\":\"search_term_string\"}}],\"inLanguage\":\"pl-PL\"},{\"@type\":\"Person\",\"@id\":\"https:\/\/www.welovecycling.com\/pl\/#\/schema\/person\/e5187c9cac8dd619ebc7b41bd73c2fd9\",\"name\":\"WeLoveCycling\",\"image\":{\"@type\":\"ImageObject\",\"inLanguage\":\"pl-PL\",\"@id\":\"https:\/\/www.welovecycling.com\/pl\/#\/schema\/person\/image\/\",\"url\":\"https:\/\/secure.gravatar.com\/avatar\/7e1ee0ecc5e294b19ef32b9f6086e0afbb9da00c3cb0d465ba4695331f4a9187?s=96&d=mm&r=g\",\"contentUrl\":\"https:\/\/secure.gravatar.com\/avatar\/7e1ee0ecc5e294b19ef32b9f6086e0afbb9da00c3cb0d465ba4695331f4a9187?s=96&d=mm&r=g\",\"caption\":\"WeLoveCycling\"},\"url\":\"https:\/\/www.welovecycling.com\/pl\/author\/lukascech\/\"}]}<\/script>\n<!-- \/ Yoast SEO Premium plugin. -->","yoast_head_json":{"title":"\u015acigaj si\u0119 z Mistrzem - \u0160koda We Love Cycling - Poland","robots":{"index":"index","follow":"follow","max-snippet":"max-snippet:-1","max-image-preview":"max-image-preview:large","max-video-preview":"max-video-preview:-1"},"canonical":"https:\/\/www.welovecycling.com\/pl\/2015\/05\/12\/scigaj-sie-z-mistrzem\/","og_locale":"pl_PL","og_type":"article","og_title":"\u015acigaj si\u0119 z Mistrzem","og_description":"Jeste\u015b gotowy na\u00a0kolarskie emocje? Spotkajmy si\u0119 na starcie \u0160koda Velo Toru\u0144 ju\u017c 17\u00a0maja, by razem z Micha\u0142em Kwiatkowskim wzi\u0105\u0107 udzia\u0142 [&hellip;]","og_url":"https:\/\/www.welovecycling.com\/pl\/2015\/05\/12\/scigaj-sie-z-mistrzem\/","og_site_name":"\u0160koda We Love Cycling - Poland","article_published_time":"2015-05-12T12:16:35+00:00","article_modified_time":"2016-12-05T10:03:11+00:00","og_image":[{"width":540,"height":369,"url":"https:\/\/d2p6e6u75xmxt8.cloudfront.net\/5\/2015\/05\/32.jpg","type":"image\/jpeg"}],"author":"WeLoveCycling","twitter_card":"summary_large_image","twitter_misc":{"Written by":"WeLoveCycling","Est. reading time":"1 minute"},"schema":{"@context":"https:\/\/schema.org","@graph":[{"@type":"WebPage","@id":"https:\/\/www.welovecycling.com\/pl\/2015\/05\/12\/scigaj-sie-z-mistrzem\/","url":"https:\/\/www.welovecycling.com\/pl\/2015\/05\/12\/scigaj-sie-z-mistrzem\/","name":"\u015acigaj si\u0119 z Mistrzem - \u0160koda We Love Cycling - Poland","isPartOf":{"@id":"https:\/\/www.welovecycling.com\/pl\/#website"},"primaryImageOfPage":{"@id":"https:\/\/www.welovecycling.com\/pl\/2015\/05\/12\/scigaj-sie-z-mistrzem\/#primaryimage"},"image":{"@id":"https:\/\/www.welovecycling.com\/pl\/2015\/05\/12\/scigaj-sie-z-mistrzem\/#primaryimage"},"thumbnailUrl":"https:\/\/d2p6e6u75xmxt8.cloudfront.net\/5\/2015\/05\/32.jpg","datePublished":"2015-05-12T12:16:35+00:00","dateModified":"2016-12-05T10:03:11+00:00","author":{"@id":"https:\/\/www.welovecycling.com\/pl\/#\/schema\/person\/e5187c9cac8dd619ebc7b41bd73c2fd9"},"breadcrumb":{"@id":"https:\/\/www.welovecycling.com\/pl\/2015\/05\/12\/scigaj-sie-z-mistrzem\/#breadcrumb"},"inLanguage":"pl-PL","potentialAction":[{"@type":"ReadAction","target":["https:\/\/www.welovecycling.com\/pl\/2015\/05\/12\/scigaj-sie-z-mistrzem\/"]}]},{"@type":"ImageObject","inLanguage":"pl-PL","@id":"https:\/\/www.welovecycling.com\/pl\/2015\/05\/12\/scigaj-sie-z-mistrzem\/#primaryimage","url":"https:\/\/d2p6e6u75xmxt8.cloudfront.net\/5\/2015\/05\/32.jpg","contentUrl":"https:\/\/d2p6e6u75xmxt8.cloudfront.net\/5\/2015\/05\/32.jpg","width":540,"height":369,"caption":"Cycling: Team Etixx - Quick-Step 2015 \/ Training KWIATKOWSKI Michal (POL)\/ Training Camp Entrainement \/ Equipe Ploeg \/(c)Tim De Waele"},{"@type":"BreadcrumbList","@id":"https:\/\/www.welovecycling.com\/pl\/2015\/05\/12\/scigaj-sie-z-mistrzem\/#breadcrumb","itemListElement":[{"@type":"ListItem","position":1,"name":"Home","item":"https:\/\/www.welovecycling.com\/pl\/"},{"@type":"ListItem","position":2,"name":"\u015acigaj si\u0119 z Mistrzem"}]},{"@type":"WebSite","@id":"https:\/\/www.welovecycling.com\/pl\/#website","url":"https:\/\/www.welovecycling.com\/pl\/","name":"\u0160koda We Love Cycling - Poland","description":"","potentialAction":[{"@type":"SearchAction","target":{"@type":"EntryPoint","urlTemplate":"https:\/\/www.welovecycling.com\/pl\/?s={search_term_string}"},"query-input":{"@type":"PropertyValueSpecification","valueRequired":true,"valueName":"search_term_string"}}],"inLanguage":"pl-PL"},{"@type":"Person","@id":"https:\/\/www.welovecycling.com\/pl\/#\/schema\/person\/e5187c9cac8dd619ebc7b41bd73c2fd9","name":"WeLoveCycling","image":{"@type":"ImageObject","inLanguage":"pl-PL","@id":"https:\/\/www.welovecycling.com\/pl\/#\/schema\/person\/image\/","url":"https:\/\/secure.gravatar.com\/avatar\/7e1ee0ecc5e294b19ef32b9f6086e0afbb9da00c3cb0d465ba4695331f4a9187?s=96&d=mm&r=g","contentUrl":"https:\/\/secure.gravatar.com\/avatar\/7e1ee0ecc5e294b19ef32b9f6086e0afbb9da00c3cb0d465ba4695331f4a9187?s=96&d=mm&r=g","caption":"WeLoveCycling"},"url":"https:\/\/www.welovecycling.com\/pl\/author\/lukascech\/"}]}},"_links":{"self":[{"href":"https:\/\/www.welovecycling.com\/pl\/wp-json\/wp\/v2\/posts\/2308","targetHints":{"allow":["GET"]}}],"collection":[{"href":"https:\/\/www.welovecycling.com\/pl\/wp-json\/wp\/v2\/posts"}],"about":[{"href":"https:\/\/www.welovecycling.com\/pl\/wp-json\/wp\/v2\/types\/post"}],"author":[{"embeddable":true,"href":"https:\/\/www.welovecycling.com\/pl\/wp-json\/wp\/v2\/users\/1"}],"replies":[{"embeddable":true,"href":"https:\/\/www.welovecycling.com\/pl\/wp-json\/wp\/v2\/comments?post=2308"}],"version-history":[{"count":1,"href":"https:\/\/www.welovecycling.com\/pl\/wp-json\/wp\/v2\/posts\/2308\/revisions"}],"predecessor-version":[{"id":2520,"href":"https:\/\/www.welovecycling.com\/pl\/wp-json\/wp\/v2\/posts\/2308\/revisions\/2520"}],"wp:featuredmedia":[{"embeddable":true,"href":"https:\/\/www.welovecycling.com\/pl\/wp-json\/wp\/v2\/media\/491"}],"wp:attachment":[{"href":"https:\/\/www.welovecycling.com\/pl\/wp-json\/wp\/v2\/media?parent=2308"}],"wp:term":[{"taxonomy":"category","embeddable":true,"href":"https:\/\/www.welovecycling.com\/pl\/wp-json\/wp\/v2\/categories?post=2308"},{"taxonomy":"post_tag","embeddable":true,"href":"https:\/\/www.welovecycling.com\/pl\/wp-json\/wp\/v2\/tags?post=2308"},{"taxonomy":"global-categories","embeddable":true,"href":"https:\/\/www.welovecycling.com\/pl\/wp-json\/wp\/v2\/global-categories?post=2308"}],"curies":[{"name":"wp","href":"https:\/\/api.w.org\/{rel}","templated":true}]}}