{"id":2307,"date":"2015-05-19T10:53:40","date_gmt":"2015-05-19T10:53:40","guid":{"rendered":"http:\/\/serwer1629254.home.pl\/index.php\/2015\/05\/19\/polmetek-rodzinnego-rajdu-rowerowego-w-zz-auto\/"},"modified":"2016-12-05T10:02:59","modified_gmt":"2016-12-05T10:02:59","slug":"polmetek-rodzinnego-rajdu-rowerowego-w-zz-auto","status":"publish","type":"post","link":"https:\/\/www.welovecycling.com\/pl\/2015\/05\/19\/polmetek-rodzinnego-rajdu-rowerowego-w-zz-auto\/","title":{"rendered":"P\u00f3\u0142metek Rodzinnego Rajdu Rowerowego w Z&amp;Z Auto Z\u0142oma\u0144czuk"},"content":{"rendered":"<p>Przy okazji wielkiego kolarskiego \u015bwi\u0119ta jakim by\u0142o \u0160koda Velo\u00a0Toru\u0144, w salonie \u0160KODY \u2013 Z&amp;Z Auto Z\u0142oma\u0144czuk, znajdowa\u0142 si\u0119 p\u00f3\u0142metek\u00a0Rodzinnego Rajdu Rowerowego, rozgrywanego w formie gry miejskiej.<\/p>\n<p><!--more--><\/p>\n<figure class=\"tmblr-full\"><\/figure>\n<p>(\u0179r\u00f3d\u0142o: \u0160koda Polska)<\/p>\n<p>Niedzielny poranek\u00a017 maja, przywita\u0142 nas w Toruniu opadami deszczu. Wszyscy dr\u017celi o frekwencj\u0119\u00a0na trasie i w naszym salonie. Jednak w miar\u0119 up\u0142ywu czasu pogoda okaza\u0142a si\u0119\u00a0dla nas \u0142askawa i jedynym naszym przeciwnikiem by\u0142 do\u015b\u0107 silny, miejscami\u00a0porywisty wiatr.<\/p>\n<figure class=\"tmblr-full\"><img decoding=\"async\" src=\"http:\/\/41.media.tumblr.com\/69e08581253143a85ad325eb5db69344\/tumblr_inline_nolfbbMzda1sfrvl6_540.jpg\" alt=\"image\" \/><\/figure>\n<p><i>(\u0179r\u00f3d\u0142o: \u0160koda Polska)<\/i><\/p>\n<p>Pierwsza dw\u00f3jka uczestnik\u00f3w pojawi\u0142a si\u0119 u nas ju\u017c ok. godz.\u00a010.30. Nast\u0119pne, ju\u017c bardziej liczne grupy sukcesywnie doje\u017cd\u017ca\u0142y do nas w\u00a0trakcie dnia. Ostatnia grupa przyjecha\u0142a ok. 14.20. W ca\u0142\u0105 niedziel\u0119 odwiedzi\u0142o\u00a0nas 96 os\u00f3b, z czego 66 uczestnik\u00f3w \u0160koda Velo Toru\u0144. Pozostali uczestnicy tozaprzyja\u017anieni Klienci, oraz okoliczni mieszka\u0144cy, kt\u00f3rzy dowiedzieli si\u0119 o\u00a0naszym evencie z przygotowanych wcze\u015bniej plakat\u00f3w i reklamy radiowej.<\/p>\n<figure class=\"tmblr-full\"><img decoding=\"async\" src=\"http:\/\/40.media.tumblr.com\/b09910bd1692f2aa84411da2738f761b\/tumblr_inline_noletc0QU41sfrvl6_540.jpg\" alt=\"image\" \/><\/figure>\n<p><i>(\u0179r\u00f3d\u0142o: \u0160koda Polska)<\/i><\/p>\n<p>Dla przyby\u0142ych cyklist\u00f3w w salonie czeka\u0142o jedno z zada\u0144\u00a0specjalnych wpisanych w program przejazdu. Przybyli go\u015bcie musieli odnale\u017a\u0107 w\u00a0pojazdach stoj\u0105cych w salonie naklejki z logo \u0160koda, kt\u00f3re po odnalezieniu\u00a0wymieniali na zestawy przygotowanych przez nas upomink\u00f3w rowerowych.<\/p>\n<figure class=\"tmblr-full\"><img decoding=\"async\" src=\"http:\/\/40.media.tumblr.com\/da03e05e58e2d6d17e4877302a59ec30\/tumblr_inline_noleurETKu1sfrvl6_540.jpg\" alt=\"image\" \/><\/figure>\n<p><i>(\u0179r\u00f3d\u0142o: \u0160koda Polska)<\/i><\/p>\n<p>Ch\u0119tni uczestnicy mogli rozwi\u0105za\u0107 kr\u00f3tki test z wiedzy omarce \u0160koda. Tu przygotowali\u015bmy 10 nagr\u00f3d z logo \u0160KODY- po 5 par okular\u00f3w kolarskich\u00a0i 5 par r\u0119kawiczek rowerowych oraz pi\u0119\u0107 koszulek typu \u201epolo\u201d wyprodukowanych\u00a0specjalnie na ten dzie\u0144. 61 uczestnik\u00f3w wype\u0142ni\u0142o nasz test. Do laureat\u00f3w\u00a0konkursu z wiedzy o marce, kt\u00f3rzy poprawnie wype\u0142nili testy, a tak\u017ce u\u0142o\u017cyli\u00a0slogan reklamowy zwi\u0105zany z premier\u0105 Nowej \u0160KODY Superb, wys\u0142ali\u015bmy\u00a0spersonalizowane listy z gratulacjami oraz nagrody.<\/p>\n<figure class=\"tmblr-full\"><img decoding=\"async\" src=\"http:\/\/41.media.tumblr.com\/0e1789a9dc95088499b071f7e310ce40\/tumblr_inline_nolf6jeWEA1sfrvl6_540.jpg\" alt=\"image\" \/><\/figure>\n<p><i>(\u0179r\u00f3d\u0142o: \u0160koda Polska)<\/i><\/p>\n<p>Ponadto na przyby\u0142ych uczestnik\u00f3w i ich pociechy czeka\u0142o\u00a0pyszne jedzenie przygotowywane na bie\u017c\u0105co na grillu oraz dodatkowe atrakcje:\u00a0dmuchany zamek, dmuchana \u015bcianka wspinaczkowa, trampolina, malowanie twarzy,<br \/>\nmini boisko do gry w pi\u0142k\u0119, mini kort do badmintona (ze wzgl\u0119du na porywisty\u00a0wiatr zamiast badmintona odby\u0142y si\u0119 mecze siatk\u00f3wki) oraz stanowisko do\u00a0strzelania z \u0142uku. \u00a0Prowadz\u0105cy prezenter\u00a0z toru\u0144skiego Radio Gra przeprowadza\u0142 konkursy w\u015br\u00f3d przyby\u0142ych.<\/p>\n<figure class=\"tmblr-full\"><img decoding=\"async\" src=\"http:\/\/41.media.tumblr.com\/a98c9655b7f62b46b108d354fef7c392\/tumblr_inline_nolixcm4171sfrvl6_540.jpg\" alt=\"\" \/><\/figure>\n<p><i>(\u0179r\u00f3d\u0142o: \u0160koda Polska)<\/i><\/p>\n<p>Na zdj\u0119ciu powy\u017cej bieg dooko\u0142a salonu w specjalnych kaskach\u00a0z kubeczkami w \u015brodku \u2013 szlaban jako ta\u015bma startowa.\u00a0Najlepszych w poszczeg\u00f3lnych konkurencjach oczywi\u015bcie\u00a0nagrodzili\u015bmy fajnymi nagrodami. Opraw\u0119 muzyczn\u0105 zapewnia\u0142 DJ Bartek.<\/p>\n<figure class=\"tmblr-full\"><img decoding=\"async\" src=\"http:\/\/36.media.tumblr.com\/3e99a8ec1457941d6bc31b5128a2d9b9\/tumblr_inline_nolfkbAcN81sfrvl6_540.jpg\" alt=\"image\" \/><\/figure>\n<p>Ponadto od jednego z zaprzyja\u017anionych \u017cu\u017clowc\u00f3w z\u00a0toru\u0144skiego klubu po\u017cyczyli\u015bmy motocykl \u017cu\u017clowy, aby uatrakcyjni\u0107 pobyt dzieci\u00a0w trakcie odwiedzin w naszym \u00a0salonie.<\/p>\n<figure class=\"tmblr-full\"><img decoding=\"async\" src=\"http:\/\/40.media.tumblr.com\/8b6f53eb3460f021383a1975be8c5b8f\/tumblr_inline_noleylSnrv1sfrvl6_540.jpg\" alt=\"image\" \/><\/figure>\n<p><i>(\u0179r\u00f3d\u0142o: \u0160koda Polska)<\/i><\/p>\n<p>Nad poprawnym przebiegiem ca\u0142ej imprezy czuwa\u0142 nasz \u0160koda Team\u00a0(na zdj. brakuje jeszcze 5 os\u00f3b z naszego niedzielnego sk\u0142adu).<\/p>\n<figure class=\"tmblr-full\"><img decoding=\"async\" src=\"http:\/\/41.media.tumblr.com\/fa85c87081fde887b7433b39a388ab8d\/tumblr_inline_nolf4gxFSO1sfrvl6_540.jpg\" alt=\"image\" \/><\/figure>\n<p>\u00a0<i>(\u0179r\u00f3d\u0142o: \u0160koda Polska)<\/i><\/p>\n<p>Piotr Ratke<\/p>\n<p>Dyrektor Zarz\u0105dzaj\u0105cy<\/p>\n<p>Z&amp;Z Auto Z\u0142oma\u0144czuk Sp. z o.o.<\/p>\n","protected":false},"excerpt":{"rendered":"<p>Przy okazji wielkiego kolarskiego \u015bwi\u0119ta jakim by\u0142o \u0160koda Velo\u00a0Toru\u0144, w salonie \u0160KODY \u2013 Z&amp;Z Auto Z\u0142oma\u0144czuk, znajdowa\u0142 si\u0119 p\u00f3\u0142metek\u00a0Rodzinnego Rajdu [&hellip;]<\/p>\n","protected":false},"author":1,"featured_media":488,"comment_status":"open","ping_status":"open","sticky":false,"template":"","format":"standard","meta":{"footnotes":""},"categories":[1],"tags":[],"global-categories":[],"class_list":["post-2307","post","type-post","status-publish","format-standard","has-post-thumbnail","hentry","category-uncategorized"],"yoast_head":"<!-- This site is optimized with the Yoast SEO Premium plugin v25.3 (Yoast SEO v25.9) - https:\/\/yoast.com\/wordpress\/plugins\/seo\/ -->\n<title>P\u00f3\u0142metek Rodzinnego Rajdu Rowerowego w Z&amp;Z Auto Z\u0142oma\u0144czuk - \u0160koda We Love Cycling - Poland<\/title>\n<meta name=\"robots\" content=\"index, follow, max-snippet:-1, max-image-preview:large, max-video-preview:-1\" \/>\n<link rel=\"canonical\" href=\"https:\/\/www.welovecycling.com\/pl\/2015\/05\/19\/polmetek-rodzinnego-rajdu-rowerowego-w-zz-auto\/\" \/>\n<meta property=\"og:locale\" content=\"pl_PL\" \/>\n<meta property=\"og:type\" content=\"article\" \/>\n<meta property=\"og:title\" content=\"P\u00f3\u0142metek Rodzinnego Rajdu Rowerowego w Z&amp;Z Auto Z\u0142oma\u0144czuk\" \/>\n<meta property=\"og:description\" content=\"Przy okazji wielkiego kolarskiego \u015bwi\u0119ta jakim by\u0142o \u0160koda Velo\u00a0Toru\u0144, w salonie \u0160KODY \u2013 Z&amp;Z Auto Z\u0142oma\u0144czuk, znajdowa\u0142 si\u0119 p\u00f3\u0142metek\u00a0Rodzinnego Rajdu [&hellip;]\" \/>\n<meta property=\"og:url\" content=\"https:\/\/www.welovecycling.com\/pl\/2015\/05\/19\/polmetek-rodzinnego-rajdu-rowerowego-w-zz-auto\/\" \/>\n<meta property=\"og:site_name\" content=\"\u0160koda We Love Cycling - Poland\" \/>\n<meta property=\"article:published_time\" content=\"2015-05-19T10:53:40+00:00\" \/>\n<meta property=\"article:modified_time\" content=\"2016-12-05T10:02:59+00:00\" \/>\n<meta property=\"og:image\" content=\"https:\/\/d2p6e6u75xmxt8.cloudfront.net\/5\/2015\/05\/31.jpg\" \/>\n\t<meta property=\"og:image:width\" content=\"540\" \/>\n\t<meta property=\"og:image:height\" content=\"304\" \/>\n\t<meta property=\"og:image:type\" content=\"image\/jpeg\" \/>\n<meta name=\"author\" content=\"WeLoveCycling\" \/>\n<meta name=\"twitter:card\" content=\"summary_large_image\" \/>\n<meta name=\"twitter:label1\" content=\"Written by\" \/>\n\t<meta name=\"twitter:data1\" content=\"WeLoveCycling\" \/>\n\t<meta name=\"twitter:label2\" content=\"Est. reading time\" \/>\n\t<meta name=\"twitter:data2\" content=\"3 minutes\" \/>\n<script type=\"application\/ld+json\" class=\"yoast-schema-graph\">{\"@context\":\"https:\/\/schema.org\",\"@graph\":[{\"@type\":\"WebPage\",\"@id\":\"https:\/\/www.welovecycling.com\/pl\/2015\/05\/19\/polmetek-rodzinnego-rajdu-rowerowego-w-zz-auto\/\",\"url\":\"https:\/\/www.welovecycling.com\/pl\/2015\/05\/19\/polmetek-rodzinnego-rajdu-rowerowego-w-zz-auto\/\",\"name\":\"P\u00f3\u0142metek Rodzinnego Rajdu Rowerowego w Z&amp;Z Auto Z\u0142oma\u0144czuk - \u0160koda We Love Cycling - Poland\",\"isPartOf\":{\"@id\":\"https:\/\/www.welovecycling.com\/pl\/#website\"},\"primaryImageOfPage\":{\"@id\":\"https:\/\/www.welovecycling.com\/pl\/2015\/05\/19\/polmetek-rodzinnego-rajdu-rowerowego-w-zz-auto\/#primaryimage\"},\"image\":{\"@id\":\"https:\/\/www.welovecycling.com\/pl\/2015\/05\/19\/polmetek-rodzinnego-rajdu-rowerowego-w-zz-auto\/#primaryimage\"},\"thumbnailUrl\":\"https:\/\/d2p6e6u75xmxt8.cloudfront.net\/5\/2015\/05\/31.jpg\",\"datePublished\":\"2015-05-19T10:53:40+00:00\",\"dateModified\":\"2016-12-05T10:02:59+00:00\",\"author\":{\"@id\":\"https:\/\/www.welovecycling.com\/pl\/#\/schema\/person\/e5187c9cac8dd619ebc7b41bd73c2fd9\"},\"breadcrumb\":{\"@id\":\"https:\/\/www.welovecycling.com\/pl\/2015\/05\/19\/polmetek-rodzinnego-rajdu-rowerowego-w-zz-auto\/#breadcrumb\"},\"inLanguage\":\"pl-PL\",\"potentialAction\":[{\"@type\":\"ReadAction\",\"target\":[\"https:\/\/www.welovecycling.com\/pl\/2015\/05\/19\/polmetek-rodzinnego-rajdu-rowerowego-w-zz-auto\/\"]}]},{\"@type\":\"ImageObject\",\"inLanguage\":\"pl-PL\",\"@id\":\"https:\/\/www.welovecycling.com\/pl\/2015\/05\/19\/polmetek-rodzinnego-rajdu-rowerowego-w-zz-auto\/#primaryimage\",\"url\":\"https:\/\/d2p6e6u75xmxt8.cloudfront.net\/5\/2015\/05\/31.jpg\",\"contentUrl\":\"https:\/\/d2p6e6u75xmxt8.cloudfront.net\/5\/2015\/05\/31.jpg\",\"width\":540,\"height\":304},{\"@type\":\"BreadcrumbList\",\"@id\":\"https:\/\/www.welovecycling.com\/pl\/2015\/05\/19\/polmetek-rodzinnego-rajdu-rowerowego-w-zz-auto\/#breadcrumb\",\"itemListElement\":[{\"@type\":\"ListItem\",\"position\":1,\"name\":\"Home\",\"item\":\"https:\/\/www.welovecycling.com\/pl\/\"},{\"@type\":\"ListItem\",\"position\":2,\"name\":\"P\u00f3\u0142metek Rodzinnego Rajdu Rowerowego w Z&amp;Z Auto Z\u0142oma\u0144czuk\"}]},{\"@type\":\"WebSite\",\"@id\":\"https:\/\/www.welovecycling.com\/pl\/#website\",\"url\":\"https:\/\/www.welovecycling.com\/pl\/\",\"name\":\"\u0160koda We Love Cycling - Poland\",\"description\":\"\",\"potentialAction\":[{\"@type\":\"SearchAction\",\"target\":{\"@type\":\"EntryPoint\",\"urlTemplate\":\"https:\/\/www.welovecycling.com\/pl\/?s={search_term_string}\"},\"query-input\":{\"@type\":\"PropertyValueSpecification\",\"valueRequired\":true,\"valueName\":\"search_term_string\"}}],\"inLanguage\":\"pl-PL\"},{\"@type\":\"Person\",\"@id\":\"https:\/\/www.welovecycling.com\/pl\/#\/schema\/person\/e5187c9cac8dd619ebc7b41bd73c2fd9\",\"name\":\"WeLoveCycling\",\"image\":{\"@type\":\"ImageObject\",\"inLanguage\":\"pl-PL\",\"@id\":\"https:\/\/www.welovecycling.com\/pl\/#\/schema\/person\/image\/\",\"url\":\"https:\/\/secure.gravatar.com\/avatar\/7e1ee0ecc5e294b19ef32b9f6086e0afbb9da00c3cb0d465ba4695331f4a9187?s=96&d=mm&r=g\",\"contentUrl\":\"https:\/\/secure.gravatar.com\/avatar\/7e1ee0ecc5e294b19ef32b9f6086e0afbb9da00c3cb0d465ba4695331f4a9187?s=96&d=mm&r=g\",\"caption\":\"WeLoveCycling\"},\"url\":\"https:\/\/www.welovecycling.com\/pl\/author\/lukascech\/\"}]}<\/script>\n<!-- \/ Yoast SEO Premium plugin. -->","yoast_head_json":{"title":"P\u00f3\u0142metek Rodzinnego Rajdu Rowerowego w Z&amp;Z Auto Z\u0142oma\u0144czuk - \u0160koda We Love Cycling - Poland","robots":{"index":"index","follow":"follow","max-snippet":"max-snippet:-1","max-image-preview":"max-image-preview:large","max-video-preview":"max-video-preview:-1"},"canonical":"https:\/\/www.welovecycling.com\/pl\/2015\/05\/19\/polmetek-rodzinnego-rajdu-rowerowego-w-zz-auto\/","og_locale":"pl_PL","og_type":"article","og_title":"P\u00f3\u0142metek Rodzinnego Rajdu Rowerowego w Z&amp;Z Auto Z\u0142oma\u0144czuk","og_description":"Przy okazji wielkiego kolarskiego \u015bwi\u0119ta jakim by\u0142o \u0160koda Velo\u00a0Toru\u0144, w salonie \u0160KODY \u2013 Z&amp;Z Auto Z\u0142oma\u0144czuk, znajdowa\u0142 si\u0119 p\u00f3\u0142metek\u00a0Rodzinnego Rajdu [&hellip;]","og_url":"https:\/\/www.welovecycling.com\/pl\/2015\/05\/19\/polmetek-rodzinnego-rajdu-rowerowego-w-zz-auto\/","og_site_name":"\u0160koda We Love Cycling - Poland","article_published_time":"2015-05-19T10:53:40+00:00","article_modified_time":"2016-12-05T10:02:59+00:00","og_image":[{"width":540,"height":304,"url":"https:\/\/d2p6e6u75xmxt8.cloudfront.net\/5\/2015\/05\/31.jpg","type":"image\/jpeg"}],"author":"WeLoveCycling","twitter_card":"summary_large_image","twitter_misc":{"Written by":"WeLoveCycling","Est. reading time":"3 minutes"},"schema":{"@context":"https:\/\/schema.org","@graph":[{"@type":"WebPage","@id":"https:\/\/www.welovecycling.com\/pl\/2015\/05\/19\/polmetek-rodzinnego-rajdu-rowerowego-w-zz-auto\/","url":"https:\/\/www.welovecycling.com\/pl\/2015\/05\/19\/polmetek-rodzinnego-rajdu-rowerowego-w-zz-auto\/","name":"P\u00f3\u0142metek Rodzinnego Rajdu Rowerowego w Z&amp;Z Auto Z\u0142oma\u0144czuk - \u0160koda We Love Cycling - Poland","isPartOf":{"@id":"https:\/\/www.welovecycling.com\/pl\/#website"},"primaryImageOfPage":{"@id":"https:\/\/www.welovecycling.com\/pl\/2015\/05\/19\/polmetek-rodzinnego-rajdu-rowerowego-w-zz-auto\/#primaryimage"},"image":{"@id":"https:\/\/www.welovecycling.com\/pl\/2015\/05\/19\/polmetek-rodzinnego-rajdu-rowerowego-w-zz-auto\/#primaryimage"},"thumbnailUrl":"https:\/\/d2p6e6u75xmxt8.cloudfront.net\/5\/2015\/05\/31.jpg","datePublished":"2015-05-19T10:53:40+00:00","dateModified":"2016-12-05T10:02:59+00:00","author":{"@id":"https:\/\/www.welovecycling.com\/pl\/#\/schema\/person\/e5187c9cac8dd619ebc7b41bd73c2fd9"},"breadcrumb":{"@id":"https:\/\/www.welovecycling.com\/pl\/2015\/05\/19\/polmetek-rodzinnego-rajdu-rowerowego-w-zz-auto\/#breadcrumb"},"inLanguage":"pl-PL","potentialAction":[{"@type":"ReadAction","target":["https:\/\/www.welovecycling.com\/pl\/2015\/05\/19\/polmetek-rodzinnego-rajdu-rowerowego-w-zz-auto\/"]}]},{"@type":"ImageObject","inLanguage":"pl-PL","@id":"https:\/\/www.welovecycling.com\/pl\/2015\/05\/19\/polmetek-rodzinnego-rajdu-rowerowego-w-zz-auto\/#primaryimage","url":"https:\/\/d2p6e6u75xmxt8.cloudfront.net\/5\/2015\/05\/31.jpg","contentUrl":"https:\/\/d2p6e6u75xmxt8.cloudfront.net\/5\/2015\/05\/31.jpg","width":540,"height":304},{"@type":"BreadcrumbList","@id":"https:\/\/www.welovecycling.com\/pl\/2015\/05\/19\/polmetek-rodzinnego-rajdu-rowerowego-w-zz-auto\/#breadcrumb","itemListElement":[{"@type":"ListItem","position":1,"name":"Home","item":"https:\/\/www.welovecycling.com\/pl\/"},{"@type":"ListItem","position":2,"name":"P\u00f3\u0142metek Rodzinnego Rajdu Rowerowego w Z&amp;Z Auto Z\u0142oma\u0144czuk"}]},{"@type":"WebSite","@id":"https:\/\/www.welovecycling.com\/pl\/#website","url":"https:\/\/www.welovecycling.com\/pl\/","name":"\u0160koda We Love Cycling - Poland","description":"","potentialAction":[{"@type":"SearchAction","target":{"@type":"EntryPoint","urlTemplate":"https:\/\/www.welovecycling.com\/pl\/?s={search_term_string}"},"query-input":{"@type":"PropertyValueSpecification","valueRequired":true,"valueName":"search_term_string"}}],"inLanguage":"pl-PL"},{"@type":"Person","@id":"https:\/\/www.welovecycling.com\/pl\/#\/schema\/person\/e5187c9cac8dd619ebc7b41bd73c2fd9","name":"WeLoveCycling","image":{"@type":"ImageObject","inLanguage":"pl-PL","@id":"https:\/\/www.welovecycling.com\/pl\/#\/schema\/person\/image\/","url":"https:\/\/secure.gravatar.com\/avatar\/7e1ee0ecc5e294b19ef32b9f6086e0afbb9da00c3cb0d465ba4695331f4a9187?s=96&d=mm&r=g","contentUrl":"https:\/\/secure.gravatar.com\/avatar\/7e1ee0ecc5e294b19ef32b9f6086e0afbb9da00c3cb0d465ba4695331f4a9187?s=96&d=mm&r=g","caption":"WeLoveCycling"},"url":"https:\/\/www.welovecycling.com\/pl\/author\/lukascech\/"}]}},"_links":{"self":[{"href":"https:\/\/www.welovecycling.com\/pl\/wp-json\/wp\/v2\/posts\/2307","targetHints":{"allow":["GET"]}}],"collection":[{"href":"https:\/\/www.welovecycling.com\/pl\/wp-json\/wp\/v2\/posts"}],"about":[{"href":"https:\/\/www.welovecycling.com\/pl\/wp-json\/wp\/v2\/types\/post"}],"author":[{"embeddable":true,"href":"https:\/\/www.welovecycling.com\/pl\/wp-json\/wp\/v2\/users\/1"}],"replies":[{"embeddable":true,"href":"https:\/\/www.welovecycling.com\/pl\/wp-json\/wp\/v2\/comments?post=2307"}],"version-history":[{"count":1,"href":"https:\/\/www.welovecycling.com\/pl\/wp-json\/wp\/v2\/posts\/2307\/revisions"}],"predecessor-version":[{"id":2519,"href":"https:\/\/www.welovecycling.com\/pl\/wp-json\/wp\/v2\/posts\/2307\/revisions\/2519"}],"wp:featuredmedia":[{"embeddable":true,"href":"https:\/\/www.welovecycling.com\/pl\/wp-json\/wp\/v2\/media\/488"}],"wp:attachment":[{"href":"https:\/\/www.welovecycling.com\/pl\/wp-json\/wp\/v2\/media?parent=2307"}],"wp:term":[{"taxonomy":"category","embeddable":true,"href":"https:\/\/www.welovecycling.com\/pl\/wp-json\/wp\/v2\/categories?post=2307"},{"taxonomy":"post_tag","embeddable":true,"href":"https:\/\/www.welovecycling.com\/pl\/wp-json\/wp\/v2\/tags?post=2307"},{"taxonomy":"global-categories","embeddable":true,"href":"https:\/\/www.welovecycling.com\/pl\/wp-json\/wp\/v2\/global-categories?post=2307"}],"curies":[{"name":"wp","href":"https:\/\/api.w.org\/{rel}","templated":true}]}}