{"id":2305,"date":"2015-06-11T12:24:43","date_gmt":"2015-06-11T12:24:43","guid":{"rendered":"http:\/\/serwer1629254.home.pl\/index.php\/2015\/06\/11\/v-supermaraton-jastrzebi-laskich\/"},"modified":"2016-12-05T10:02:46","modified_gmt":"2016-12-05T10:02:46","slug":"v-supermaraton-jastrzebi-laskich","status":"publish","type":"post","link":"https:\/\/www.welovecycling.com\/pl\/2015\/06\/11\/v-supermaraton-jastrzebi-laskich\/","title":{"rendered":"V Supermaraton Jastrz\u0119bi \u0141askich"},"content":{"rendered":"<p>Za nami pi\u0105ta edycja\u00a0lokalnej imprezy rowerowej organizowanej przez Klub Rowerowy Jastrz\u0119bie \u0141askie.<\/p>\n<p><!--more--><br \/>\n<i>(\u0179r\u00f3d\u0142o: <\/i>Autoryzowany Salon i Serwis \u0160koda Auto Bednarek)<\/p>\n<p>Sprzyjaj\u0105ca pogoda oraz wysoka frekwencja przyczyni\u0142y si\u0119 do wspania\u0142ej\u00a0atmosfery ca\u0142ego wydarzenia. Nie mog\u0142o tam zabrakn\u0105\u0107 marki \u0160koda, kt\u00f3r\u0105 godnie\u00a0reprezentowa\u0142 miejscowy dealer &#8211; Bednarek.<\/p>\n<p><b>Dobry start<\/b><\/p>\n<p>7 czerwca, pi\u0119kny niedzielny poranek w miejscowo\u015bci \u0141ask w\u00a0wojew\u00f3dztwie \u0142\u00f3dzkim. Kierowcy z ca\u0142ej polski sprawnie zape\u0142niaj\u0105 przygotowane\u00a0miejsca parkingowe, by po chwili przesi\u0105\u015b\u0107 si\u0119 z czterech na dwa ko\u0142a. Wszystko<br \/>\nto za spraw\u0105 wyj\u0105tkowej imprezy rowerowej organizowanej przez miejscowy klub \u2013\u00a0V Supermaraton Jastrz\u0119bi \u0141askich. Wydarzenie nale\u017cy do cyklu amatorskich\u00a0wy\u015bcig\u00f3w kolarskich o Puchar Polski w Szosowych Maratonach Rowerowych 2015.\u00a0Cykl ten obj\u0119ty jest honorowym patronatem Ministra Sportu, Andrzeja Biernata.<\/p>\n<p>Jastrz\u0119bie po raz pi\u0105ty z rz\u0119du zaprosi\u0142y do \u0141asku kolarzy z\u00a0ca\u0142ego kraju kusz\u0105c ciekaw\u0105 tras\u0105 i atrakcyjnymi nagrodami. Ostateczna liczba\u00a0uczestnik\u00f3w przekroczy\u0142a naj\u015bmielsze oczekiwania organizator\u00f3w \u2013 634 os\u00f3b w\u00a0wieku od 2 (!) do 82 lat stawi\u0142o\u00a0si\u0119 na starcie, by poszerza\u0107 granice w\u0142asnej wytrzyma\u0142o\u015bci.<\/p>\n<figure class=\"tmblr-full\"><img decoding=\"async\" src=\"http:\/\/41.media.tumblr.com\/5c119c4ad7738f3dd12269057f43504d\/tumblr_inline_nps3zi1GzW1sfrvl6_540.jpg\" alt=\"image\" \/><\/figure>\n<p><i>(\u0179r\u00f3d\u0142o: Autoryzowany Salon i Serwis \u0160koda Auto Bednarek)<\/i><b>\u00a0<\/b><\/p>\n<p><b>Dystans dla ka\u017cdego<\/b><\/p>\n<p>Zr\u00f3\u017cnicowanie uczestnik\u00f3w ze wzgl\u0119du na p\u0142e\u0107, wiek, zaawansowanie\u00a0oraz rodzaj roweru nie zaskoczy\u0142o koordynator\u00f3w, kt\u00f3rzy przygotowali cztery\u00a0dystanse do wyboru: RODZINNY (34 km), MINI (73 km), MEGA (146 km) oraz GIGA (219km). Trasa by\u0142a w pe\u0142ni asfaltowa i przebiega\u0142a przez cztery gminy: \u0141ask, Buczek, Widaw\u0119 oraz S\u0119dziejowice.\u00a0Znaczna cz\u0119\u015b\u0107 okr\u0105\u017cenia wiod\u0142a przez malownicze lasy centralnej Polski. Co\u00a0wa\u017cne, kolarze na dystansach MEGA i GIGA mieli szans\u0119 zdoby\u0107 punkty do\u00a0klasyfikacji Pucharu Polski, co dodatkowo mobilizowa\u0142o zawodnik\u00f3w.<\/p>\n<figure class=\"tmblr-full\"><img decoding=\"async\" src=\"http:\/\/40.media.tumblr.com\/d98b1d44f1d4be59e9c3621f30b937de\/tumblr_inline_nps4t9yZCF1sfrvl6_540.jpg\" alt=\"image\" \/><\/figure>\n<p><i>(\u0179r\u00f3d\u0142o: Autoryzowany Salon i Serwis \u0160koda Auto Bednarek)<\/i><\/p>\n<p>&nbsp;<\/p>\n<p><b>Nagrody i rekordy<\/b><\/p>\n<p>A\u017c 617 kolarzy szcz\u0119\u015bliwie uko\u0144czy\u0142o wybran\u0105 przez siebie\u00a0tras\u0119. Wszyscy witani byli na mecie gromkimi brawami, by zaraz po jej\u00a0przekroczeniu otrzyma\u0107 pami\u0105tkowe medale. Za\u0142o\u017ceniem organizator\u00f3w by\u0142y r\u00f3wne\u00a0szanse zdobycia cennych nagr\u00f3d, dlatego zorganizowano konkurs, w kt\u00f3rym do\u00a0zdobycia by\u0142y m.in. warto\u015bciowe zestawy akcesori\u00f3w rowerowych \u0160koda.<\/p>\n<p>Ze wzgl\u0119du na wspomniane wcze\u015bniej zr\u00f3\u017cnicowanie wiekowe oraz\u00a0sprz\u0119towe, organizatorzy nagrodzili pucharami uczestnik\u00f3w w a\u017c 60 kategoriach!\u00a0O wysokim poziomie zawod\u00f3w najlepiej \u015bwiadcz\u0105 osi\u0105gni\u0119te wyniki. \u015arednia<br \/>\npr\u0119dko\u015b\u0107 niekt\u00f3rych zawodnik\u00f3w przekroczy\u0142a 40 km\/h!<\/p>\n<figure class=\"tmblr-full\"><img decoding=\"async\" src=\"http:\/\/40.media.tumblr.com\/6f0b1517220baf31644701bba01b0590\/tumblr_inline_nps4yvdXB21sfrvl6_540.jpg\" alt=\"image\" \/><\/figure>\n<p><i>(\u0179r\u00f3d\u0142o: Autoryzowany Salon i Serwis \u0160koda Auto Bednarek)<\/i><\/p>\n<p><b>Do zobaczenia za rok<\/b><\/p>\n<p>Niepowtarzalna atmosfera Supermaratonu\u00a0oraz liczna obecno\u015b\u0107 zawodnik\u00f3w i kibic\u00f3w sprawiaj\u0105, \u017ce impreza na sta\u0142e<br \/>\nwpisa\u0142a si\u0119 w kalendarz najbardziej wyczekiwanych wydarze\u0144 sportowych w\u00a0regionie. Osobiste\u00a0sukcesy zawodnik\u00f3w, zdrowa rywalizacja oraz promowanie aktywnego trybu \u017cycia zas\u0142uguj\u0105\u00a0na wielkie uznanie. Po raz kolejny ju\u017c \u0160koda Bednarek udowadnia, \u017ce z pe\u0142nym\u00a0zaanga\u017cowaniem podpisuje si\u0119 pod popularyzacj\u0105 aktywnego wypoczynku i z<br \/>\nprzyjemno\u015bci\u0105 wspiera tego typu dzia\u0142ania w swoim regionie.<\/p>\n","protected":false},"excerpt":{"rendered":"<p>Za nami pi\u0105ta edycja\u00a0lokalnej imprezy rowerowej organizowanej przez Klub Rowerowy Jastrz\u0119bie \u0141askie.<\/p>\n","protected":false},"author":1,"featured_media":482,"comment_status":"open","ping_status":"open","sticky":false,"template":"","format":"standard","meta":{"footnotes":""},"categories":[1],"tags":[],"global-categories":[],"class_list":["post-2305","post","type-post","status-publish","format-standard","has-post-thumbnail","hentry","category-uncategorized"],"yoast_head":"<!-- This site is optimized with the Yoast SEO Premium plugin v25.3 (Yoast SEO v25.9) - https:\/\/yoast.com\/wordpress\/plugins\/seo\/ -->\n<title>V Supermaraton Jastrz\u0119bi \u0141askich - \u0160koda We Love Cycling - Poland<\/title>\n<meta name=\"robots\" content=\"index, follow, max-snippet:-1, max-image-preview:large, max-video-preview:-1\" \/>\n<link rel=\"canonical\" href=\"https:\/\/www.welovecycling.com\/pl\/2015\/06\/11\/v-supermaraton-jastrzebi-laskich\/\" \/>\n<meta property=\"og:locale\" content=\"pl_PL\" \/>\n<meta property=\"og:type\" content=\"article\" \/>\n<meta property=\"og:title\" content=\"V Supermaraton Jastrz\u0119bi \u0141askich\" \/>\n<meta property=\"og:description\" content=\"Za nami pi\u0105ta edycja\u00a0lokalnej imprezy rowerowej organizowanej przez Klub Rowerowy Jastrz\u0119bie \u0141askie.\" \/>\n<meta property=\"og:url\" content=\"https:\/\/www.welovecycling.com\/pl\/2015\/06\/11\/v-supermaraton-jastrzebi-laskich\/\" \/>\n<meta property=\"og:site_name\" content=\"\u0160koda We Love Cycling - Poland\" \/>\n<meta property=\"article:published_time\" content=\"2015-06-11T12:24:43+00:00\" \/>\n<meta property=\"article:modified_time\" content=\"2016-12-05T10:02:46+00:00\" \/>\n<meta property=\"og:image\" content=\"https:\/\/d2p6e6u75xmxt8.cloudfront.net\/5\/2015\/06\/29.jpg\" \/>\n\t<meta property=\"og:image:width\" content=\"540\" \/>\n\t<meta property=\"og:image:height\" content=\"361\" \/>\n\t<meta property=\"og:image:type\" content=\"image\/jpeg\" \/>\n<meta name=\"author\" content=\"WeLoveCycling\" \/>\n<meta name=\"twitter:card\" content=\"summary_large_image\" \/>\n<meta name=\"twitter:label1\" content=\"Written by\" \/>\n\t<meta name=\"twitter:data1\" content=\"WeLoveCycling\" \/>\n\t<meta name=\"twitter:label2\" content=\"Est. reading time\" \/>\n\t<meta name=\"twitter:data2\" content=\"3 minutes\" \/>\n<script type=\"application\/ld+json\" class=\"yoast-schema-graph\">{\"@context\":\"https:\/\/schema.org\",\"@graph\":[{\"@type\":\"WebPage\",\"@id\":\"https:\/\/www.welovecycling.com\/pl\/2015\/06\/11\/v-supermaraton-jastrzebi-laskich\/\",\"url\":\"https:\/\/www.welovecycling.com\/pl\/2015\/06\/11\/v-supermaraton-jastrzebi-laskich\/\",\"name\":\"V Supermaraton Jastrz\u0119bi \u0141askich - \u0160koda We Love Cycling - Poland\",\"isPartOf\":{\"@id\":\"https:\/\/www.welovecycling.com\/pl\/#website\"},\"primaryImageOfPage\":{\"@id\":\"https:\/\/www.welovecycling.com\/pl\/2015\/06\/11\/v-supermaraton-jastrzebi-laskich\/#primaryimage\"},\"image\":{\"@id\":\"https:\/\/www.welovecycling.com\/pl\/2015\/06\/11\/v-supermaraton-jastrzebi-laskich\/#primaryimage\"},\"thumbnailUrl\":\"https:\/\/d2p6e6u75xmxt8.cloudfront.net\/5\/2015\/06\/29.jpg\",\"datePublished\":\"2015-06-11T12:24:43+00:00\",\"dateModified\":\"2016-12-05T10:02:46+00:00\",\"author\":{\"@id\":\"https:\/\/www.welovecycling.com\/pl\/#\/schema\/person\/e5187c9cac8dd619ebc7b41bd73c2fd9\"},\"breadcrumb\":{\"@id\":\"https:\/\/www.welovecycling.com\/pl\/2015\/06\/11\/v-supermaraton-jastrzebi-laskich\/#breadcrumb\"},\"inLanguage\":\"pl-PL\",\"potentialAction\":[{\"@type\":\"ReadAction\",\"target\":[\"https:\/\/www.welovecycling.com\/pl\/2015\/06\/11\/v-supermaraton-jastrzebi-laskich\/\"]}]},{\"@type\":\"ImageObject\",\"inLanguage\":\"pl-PL\",\"@id\":\"https:\/\/www.welovecycling.com\/pl\/2015\/06\/11\/v-supermaraton-jastrzebi-laskich\/#primaryimage\",\"url\":\"https:\/\/d2p6e6u75xmxt8.cloudfront.net\/5\/2015\/06\/29.jpg\",\"contentUrl\":\"https:\/\/d2p6e6u75xmxt8.cloudfront.net\/5\/2015\/06\/29.jpg\",\"width\":540,\"height\":361},{\"@type\":\"BreadcrumbList\",\"@id\":\"https:\/\/www.welovecycling.com\/pl\/2015\/06\/11\/v-supermaraton-jastrzebi-laskich\/#breadcrumb\",\"itemListElement\":[{\"@type\":\"ListItem\",\"position\":1,\"name\":\"Home\",\"item\":\"https:\/\/www.welovecycling.com\/pl\/\"},{\"@type\":\"ListItem\",\"position\":2,\"name\":\"V Supermaraton Jastrz\u0119bi \u0141askich\"}]},{\"@type\":\"WebSite\",\"@id\":\"https:\/\/www.welovecycling.com\/pl\/#website\",\"url\":\"https:\/\/www.welovecycling.com\/pl\/\",\"name\":\"\u0160koda We Love Cycling - Poland\",\"description\":\"\",\"potentialAction\":[{\"@type\":\"SearchAction\",\"target\":{\"@type\":\"EntryPoint\",\"urlTemplate\":\"https:\/\/www.welovecycling.com\/pl\/?s={search_term_string}\"},\"query-input\":{\"@type\":\"PropertyValueSpecification\",\"valueRequired\":true,\"valueName\":\"search_term_string\"}}],\"inLanguage\":\"pl-PL\"},{\"@type\":\"Person\",\"@id\":\"https:\/\/www.welovecycling.com\/pl\/#\/schema\/person\/e5187c9cac8dd619ebc7b41bd73c2fd9\",\"name\":\"WeLoveCycling\",\"image\":{\"@type\":\"ImageObject\",\"inLanguage\":\"pl-PL\",\"@id\":\"https:\/\/www.welovecycling.com\/pl\/#\/schema\/person\/image\/\",\"url\":\"https:\/\/secure.gravatar.com\/avatar\/7e1ee0ecc5e294b19ef32b9f6086e0afbb9da00c3cb0d465ba4695331f4a9187?s=96&d=mm&r=g\",\"contentUrl\":\"https:\/\/secure.gravatar.com\/avatar\/7e1ee0ecc5e294b19ef32b9f6086e0afbb9da00c3cb0d465ba4695331f4a9187?s=96&d=mm&r=g\",\"caption\":\"WeLoveCycling\"},\"url\":\"https:\/\/www.welovecycling.com\/pl\/author\/lukascech\/\"}]}<\/script>\n<!-- \/ Yoast SEO Premium plugin. -->","yoast_head_json":{"title":"V Supermaraton Jastrz\u0119bi \u0141askich - \u0160koda We Love Cycling - Poland","robots":{"index":"index","follow":"follow","max-snippet":"max-snippet:-1","max-image-preview":"max-image-preview:large","max-video-preview":"max-video-preview:-1"},"canonical":"https:\/\/www.welovecycling.com\/pl\/2015\/06\/11\/v-supermaraton-jastrzebi-laskich\/","og_locale":"pl_PL","og_type":"article","og_title":"V Supermaraton Jastrz\u0119bi \u0141askich","og_description":"Za nami pi\u0105ta edycja\u00a0lokalnej imprezy rowerowej organizowanej przez Klub Rowerowy Jastrz\u0119bie \u0141askie.","og_url":"https:\/\/www.welovecycling.com\/pl\/2015\/06\/11\/v-supermaraton-jastrzebi-laskich\/","og_site_name":"\u0160koda We Love Cycling - Poland","article_published_time":"2015-06-11T12:24:43+00:00","article_modified_time":"2016-12-05T10:02:46+00:00","og_image":[{"width":540,"height":361,"url":"https:\/\/d2p6e6u75xmxt8.cloudfront.net\/5\/2015\/06\/29.jpg","type":"image\/jpeg"}],"author":"WeLoveCycling","twitter_card":"summary_large_image","twitter_misc":{"Written by":"WeLoveCycling","Est. reading time":"3 minutes"},"schema":{"@context":"https:\/\/schema.org","@graph":[{"@type":"WebPage","@id":"https:\/\/www.welovecycling.com\/pl\/2015\/06\/11\/v-supermaraton-jastrzebi-laskich\/","url":"https:\/\/www.welovecycling.com\/pl\/2015\/06\/11\/v-supermaraton-jastrzebi-laskich\/","name":"V Supermaraton Jastrz\u0119bi \u0141askich - \u0160koda We Love Cycling - Poland","isPartOf":{"@id":"https:\/\/www.welovecycling.com\/pl\/#website"},"primaryImageOfPage":{"@id":"https:\/\/www.welovecycling.com\/pl\/2015\/06\/11\/v-supermaraton-jastrzebi-laskich\/#primaryimage"},"image":{"@id":"https:\/\/www.welovecycling.com\/pl\/2015\/06\/11\/v-supermaraton-jastrzebi-laskich\/#primaryimage"},"thumbnailUrl":"https:\/\/d2p6e6u75xmxt8.cloudfront.net\/5\/2015\/06\/29.jpg","datePublished":"2015-06-11T12:24:43+00:00","dateModified":"2016-12-05T10:02:46+00:00","author":{"@id":"https:\/\/www.welovecycling.com\/pl\/#\/schema\/person\/e5187c9cac8dd619ebc7b41bd73c2fd9"},"breadcrumb":{"@id":"https:\/\/www.welovecycling.com\/pl\/2015\/06\/11\/v-supermaraton-jastrzebi-laskich\/#breadcrumb"},"inLanguage":"pl-PL","potentialAction":[{"@type":"ReadAction","target":["https:\/\/www.welovecycling.com\/pl\/2015\/06\/11\/v-supermaraton-jastrzebi-laskich\/"]}]},{"@type":"ImageObject","inLanguage":"pl-PL","@id":"https:\/\/www.welovecycling.com\/pl\/2015\/06\/11\/v-supermaraton-jastrzebi-laskich\/#primaryimage","url":"https:\/\/d2p6e6u75xmxt8.cloudfront.net\/5\/2015\/06\/29.jpg","contentUrl":"https:\/\/d2p6e6u75xmxt8.cloudfront.net\/5\/2015\/06\/29.jpg","width":540,"height":361},{"@type":"BreadcrumbList","@id":"https:\/\/www.welovecycling.com\/pl\/2015\/06\/11\/v-supermaraton-jastrzebi-laskich\/#breadcrumb","itemListElement":[{"@type":"ListItem","position":1,"name":"Home","item":"https:\/\/www.welovecycling.com\/pl\/"},{"@type":"ListItem","position":2,"name":"V Supermaraton Jastrz\u0119bi \u0141askich"}]},{"@type":"WebSite","@id":"https:\/\/www.welovecycling.com\/pl\/#website","url":"https:\/\/www.welovecycling.com\/pl\/","name":"\u0160koda We Love Cycling - Poland","description":"","potentialAction":[{"@type":"SearchAction","target":{"@type":"EntryPoint","urlTemplate":"https:\/\/www.welovecycling.com\/pl\/?s={search_term_string}"},"query-input":{"@type":"PropertyValueSpecification","valueRequired":true,"valueName":"search_term_string"}}],"inLanguage":"pl-PL"},{"@type":"Person","@id":"https:\/\/www.welovecycling.com\/pl\/#\/schema\/person\/e5187c9cac8dd619ebc7b41bd73c2fd9","name":"WeLoveCycling","image":{"@type":"ImageObject","inLanguage":"pl-PL","@id":"https:\/\/www.welovecycling.com\/pl\/#\/schema\/person\/image\/","url":"https:\/\/secure.gravatar.com\/avatar\/7e1ee0ecc5e294b19ef32b9f6086e0afbb9da00c3cb0d465ba4695331f4a9187?s=96&d=mm&r=g","contentUrl":"https:\/\/secure.gravatar.com\/avatar\/7e1ee0ecc5e294b19ef32b9f6086e0afbb9da00c3cb0d465ba4695331f4a9187?s=96&d=mm&r=g","caption":"WeLoveCycling"},"url":"https:\/\/www.welovecycling.com\/pl\/author\/lukascech\/"}]}},"_links":{"self":[{"href":"https:\/\/www.welovecycling.com\/pl\/wp-json\/wp\/v2\/posts\/2305","targetHints":{"allow":["GET"]}}],"collection":[{"href":"https:\/\/www.welovecycling.com\/pl\/wp-json\/wp\/v2\/posts"}],"about":[{"href":"https:\/\/www.welovecycling.com\/pl\/wp-json\/wp\/v2\/types\/post"}],"author":[{"embeddable":true,"href":"https:\/\/www.welovecycling.com\/pl\/wp-json\/wp\/v2\/users\/1"}],"replies":[{"embeddable":true,"href":"https:\/\/www.welovecycling.com\/pl\/wp-json\/wp\/v2\/comments?post=2305"}],"version-history":[{"count":1,"href":"https:\/\/www.welovecycling.com\/pl\/wp-json\/wp\/v2\/posts\/2305\/revisions"}],"predecessor-version":[{"id":2517,"href":"https:\/\/www.welovecycling.com\/pl\/wp-json\/wp\/v2\/posts\/2305\/revisions\/2517"}],"wp:featuredmedia":[{"embeddable":true,"href":"https:\/\/www.welovecycling.com\/pl\/wp-json\/wp\/v2\/media\/482"}],"wp:attachment":[{"href":"https:\/\/www.welovecycling.com\/pl\/wp-json\/wp\/v2\/media?parent=2305"}],"wp:term":[{"taxonomy":"category","embeddable":true,"href":"https:\/\/www.welovecycling.com\/pl\/wp-json\/wp\/v2\/categories?post=2305"},{"taxonomy":"post_tag","embeddable":true,"href":"https:\/\/www.welovecycling.com\/pl\/wp-json\/wp\/v2\/tags?post=2305"},{"taxonomy":"global-categories","embeddable":true,"href":"https:\/\/www.welovecycling.com\/pl\/wp-json\/wp\/v2\/global-categories?post=2305"}],"curies":[{"name":"wp","href":"https:\/\/api.w.org\/{rel}","templated":true}]}}