{"id":2304,"date":"2015-07-06T08:55:47","date_gmt":"2015-07-06T06:55:47","guid":{"rendered":"http:\/\/serwer1629254.home.pl\/index.php\/2015\/07\/06\/nowa-skoda-superb-czerwonym-samochodem-na-tour\/"},"modified":"2016-12-05T10:00:01","modified_gmt":"2016-12-05T10:00:01","slug":"nowa-skoda-superb-czerwonym-samochodem-na-tour","status":"publish","type":"post","link":"https:\/\/www.welovecycling.com\/pl\/2015\/07\/06\/nowa-skoda-superb-czerwonym-samochodem-na-tour\/","title":{"rendered":"Nowa \u0160koda Superb \u201eCzerwonym Samochodem\u201d na Tour de France"},"content":{"rendered":"<p>Gotowi\u00a0na Tour de France? W sobot\u0119 rozpocz\u0105\u0142 si\u0119 jeden z najwi\u0119kszych\u00a0rowerowych wy\u015bcig\u00f3w \u015bwiata. To ju\u017c 102. edycja \u201eWielkiej P\u0119tli\u201d.<\/p>\n<p><!--more-->(\u0179r\u00f3d\u0142o: welovecycling.com)<\/p>\n<p>W tym roku\u00a0\u201eCzerwonym Samochodem\u201d wy\u015bcigu jest Nowa \u0160koda Superb, a\u00a0zapleczem technicznym w sumie a\u017c 120 samochod\u00f3w dostarczonych przez \u0160KOD\u0118.<\/p>\n<p>Cieszymy si\u0119, \u017ce nied\u0142ugo po premierze Nowa \u0160koda\u00a0Superb sta\u0142a si\u0119 najwa\u017cniejszym samochodem s\u0142ynnego francuskiego wy\u015bcigu. Na\u00a0czas kolarskiego \u015bwi\u0119ta \u0160koda Superb III generacji zamieni si\u0119 w mobilne biuro\u00a0Dyrektora Tour de France, kt\u00f3re jako jedyny samoch\u00f3d mo\u017ce przekracza\u0107\u00a0lini\u0119 mety ka\u017cdego etapu razem z kolarzami. Czerowona limuzyna Dyrektora Wy\u015bcigu\u00a0jest wyposa\u017cona w a\u017c cztery kana\u0142y radiowe, s\u0142u\u017c\u0105ce lepszemu przekazywaniu\u00a0informacji.<\/p>\n<figure class=\"tmblr-full\"><img decoding=\"async\" src=\"http:\/\/41.media.tumblr.com\/d22b516e2a7bda7ab38b0d7c325c76de\/tumblr_inline_nr258pA7uw1sfrvl6_540.jpg\" alt=\"image\" \/><\/figure>\n<p><i>(\u0179r\u00f3d\u0142o: welovecycling.com)<\/i><\/p>\n<p>O to, co powiedzia\u0142 o Nowej \u0160KODZIE Superb\u00a0Dyrektor Christian Prudhomme:<\/p>\n<p><i>Uwielbiam\u00a0now\u0105 \u0160KOD\u0118 Superb. To fantastyczny samoch\u00f3d. Gilles Maignan, m\u00f3j kierowca, ma\u00a0188 cm wzrostu tak jak ja, a mie\u015bcimy si\u0119 w \u015brodku razem bez najmniejszego\u00a0problemu \u2013 mam nawet miejsce na za\u0142o\u017cenie nogi na nog\u0119. W tym roku b\u0119d\u0119 mia\u0142\u00a0przywilej podr\u00f3\u017cy tym samochodem i do\u015bwiadczenia wszystkich jego zalet\u00a0w\u00a0trasie.<\/i><\/p>\n<figure class=\"tmblr-full\"><img decoding=\"async\" src=\"http:\/\/40.media.tumblr.com\/30a6a795d622f616c9bc70d1228c7721\/tumblr_inline_nr2643Me5e1sfrvl6_540.jpg\" alt=\"image\" \/><\/figure>\n<p><i>(\u0179r\u00f3d\u0142o: welovecycling.com)<\/i><\/p>\n<p>\u0160koda nap\u0119dza rowery.<\/p>\n<p>Opr\u00f3cz\u00a0Tour de France i\u00a0La Vuelta a Espa\u00f1a, wspieramy wiele innych wy\u015bcig\u00f3w\u00a0kolarskich, od tych o\u00a0mi\u0119dzynarodowej renomie, po regionalne imprezy dla\u00a0pocz\u0105tkuj\u0105cych.\u00a0W Polsce otworzyli\u015bmy sezon rowerowy wy\u015bcigiem \u0160koda Velo\u00a0Toru\u0144, a ju\u017c we wrze\u015bniu b\u0119dziemy czeka\u0107 na Was na Solid Logistics \u0160koda Bike<br \/>\nChallenge.<\/p>\n","protected":false},"excerpt":{"rendered":"<p>Gotowi\u00a0na Tour de France? W sobot\u0119 rozpocz\u0105\u0142 si\u0119 jeden z najwi\u0119kszych\u00a0rowerowych wy\u015bcig\u00f3w \u015bwiata. To ju\u017c 102. edycja \u201eWielkiej P\u0119tli\u201d.<\/p>\n","protected":false},"author":1,"featured_media":479,"comment_status":"open","ping_status":"open","sticky":false,"template":"","format":"standard","meta":{"footnotes":""},"categories":[1],"tags":[],"global-categories":[],"class_list":["post-2304","post","type-post","status-publish","format-standard","has-post-thumbnail","hentry","category-uncategorized"],"yoast_head":"<!-- This site is optimized with the Yoast SEO Premium plugin v25.3 (Yoast SEO v25.9) - https:\/\/yoast.com\/wordpress\/plugins\/seo\/ -->\n<title>Nowa \u0160koda Superb \u201eCzerwonym Samochodem\u201d na Tour de France - \u0160koda We Love Cycling - Poland<\/title>\n<meta name=\"robots\" content=\"index, follow, max-snippet:-1, max-image-preview:large, max-video-preview:-1\" \/>\n<link rel=\"canonical\" href=\"https:\/\/www.welovecycling.com\/pl\/2015\/07\/06\/nowa-skoda-superb-czerwonym-samochodem-na-tour\/\" \/>\n<meta property=\"og:locale\" content=\"pl_PL\" \/>\n<meta property=\"og:type\" content=\"article\" \/>\n<meta property=\"og:title\" content=\"Nowa \u0160koda Superb \u201eCzerwonym Samochodem\u201d na Tour de France\" \/>\n<meta property=\"og:description\" content=\"Gotowi\u00a0na Tour de France? W sobot\u0119 rozpocz\u0105\u0142 si\u0119 jeden z najwi\u0119kszych\u00a0rowerowych wy\u015bcig\u00f3w \u015bwiata. To ju\u017c 102. edycja \u201eWielkiej P\u0119tli\u201d.\" \/>\n<meta property=\"og:url\" content=\"https:\/\/www.welovecycling.com\/pl\/2015\/07\/06\/nowa-skoda-superb-czerwonym-samochodem-na-tour\/\" \/>\n<meta property=\"og:site_name\" content=\"\u0160koda We Love Cycling - Poland\" \/>\n<meta property=\"article:published_time\" content=\"2015-07-06T06:55:47+00:00\" \/>\n<meta property=\"article:modified_time\" content=\"2016-12-05T10:00:01+00:00\" \/>\n<meta property=\"og:image\" content=\"https:\/\/d2p6e6u75xmxt8.cloudfront.net\/5\/2015\/07\/28.jpg\" \/>\n\t<meta property=\"og:image:width\" content=\"540\" \/>\n\t<meta property=\"og:image:height\" content=\"360\" \/>\n\t<meta property=\"og:image:type\" content=\"image\/jpeg\" \/>\n<meta name=\"author\" content=\"WeLoveCycling\" \/>\n<meta name=\"twitter:card\" content=\"summary_large_image\" \/>\n<meta name=\"twitter:label1\" content=\"Written by\" \/>\n\t<meta name=\"twitter:data1\" content=\"WeLoveCycling\" \/>\n\t<meta name=\"twitter:label2\" content=\"Est. reading time\" \/>\n\t<meta name=\"twitter:data2\" content=\"1 minute\" \/>\n<script type=\"application\/ld+json\" class=\"yoast-schema-graph\">{\"@context\":\"https:\/\/schema.org\",\"@graph\":[{\"@type\":\"WebPage\",\"@id\":\"https:\/\/www.welovecycling.com\/pl\/2015\/07\/06\/nowa-skoda-superb-czerwonym-samochodem-na-tour\/\",\"url\":\"https:\/\/www.welovecycling.com\/pl\/2015\/07\/06\/nowa-skoda-superb-czerwonym-samochodem-na-tour\/\",\"name\":\"Nowa \u0160koda Superb \u201eCzerwonym Samochodem\u201d na Tour de France - \u0160koda We Love Cycling - Poland\",\"isPartOf\":{\"@id\":\"https:\/\/www.welovecycling.com\/pl\/#website\"},\"primaryImageOfPage\":{\"@id\":\"https:\/\/www.welovecycling.com\/pl\/2015\/07\/06\/nowa-skoda-superb-czerwonym-samochodem-na-tour\/#primaryimage\"},\"image\":{\"@id\":\"https:\/\/www.welovecycling.com\/pl\/2015\/07\/06\/nowa-skoda-superb-czerwonym-samochodem-na-tour\/#primaryimage\"},\"thumbnailUrl\":\"https:\/\/d2p6e6u75xmxt8.cloudfront.net\/5\/2015\/07\/28.jpg\",\"datePublished\":\"2015-07-06T06:55:47+00:00\",\"dateModified\":\"2016-12-05T10:00:01+00:00\",\"author\":{\"@id\":\"https:\/\/www.welovecycling.com\/pl\/#\/schema\/person\/e5187c9cac8dd619ebc7b41bd73c2fd9\"},\"breadcrumb\":{\"@id\":\"https:\/\/www.welovecycling.com\/pl\/2015\/07\/06\/nowa-skoda-superb-czerwonym-samochodem-na-tour\/#breadcrumb\"},\"inLanguage\":\"pl-PL\",\"potentialAction\":[{\"@type\":\"ReadAction\",\"target\":[\"https:\/\/www.welovecycling.com\/pl\/2015\/07\/06\/nowa-skoda-superb-czerwonym-samochodem-na-tour\/\"]}]},{\"@type\":\"ImageObject\",\"inLanguage\":\"pl-PL\",\"@id\":\"https:\/\/www.welovecycling.com\/pl\/2015\/07\/06\/nowa-skoda-superb-czerwonym-samochodem-na-tour\/#primaryimage\",\"url\":\"https:\/\/d2p6e6u75xmxt8.cloudfront.net\/5\/2015\/07\/28.jpg\",\"contentUrl\":\"https:\/\/d2p6e6u75xmxt8.cloudfront.net\/5\/2015\/07\/28.jpg\",\"width\":540,\"height\":360},{\"@type\":\"BreadcrumbList\",\"@id\":\"https:\/\/www.welovecycling.com\/pl\/2015\/07\/06\/nowa-skoda-superb-czerwonym-samochodem-na-tour\/#breadcrumb\",\"itemListElement\":[{\"@type\":\"ListItem\",\"position\":1,\"name\":\"Home\",\"item\":\"https:\/\/www.welovecycling.com\/pl\/\"},{\"@type\":\"ListItem\",\"position\":2,\"name\":\"Nowa \u0160koda Superb \u201eCzerwonym Samochodem\u201d na Tour de France\"}]},{\"@type\":\"WebSite\",\"@id\":\"https:\/\/www.welovecycling.com\/pl\/#website\",\"url\":\"https:\/\/www.welovecycling.com\/pl\/\",\"name\":\"\u0160koda We Love Cycling - Poland\",\"description\":\"\",\"potentialAction\":[{\"@type\":\"SearchAction\",\"target\":{\"@type\":\"EntryPoint\",\"urlTemplate\":\"https:\/\/www.welovecycling.com\/pl\/?s={search_term_string}\"},\"query-input\":{\"@type\":\"PropertyValueSpecification\",\"valueRequired\":true,\"valueName\":\"search_term_string\"}}],\"inLanguage\":\"pl-PL\"},{\"@type\":\"Person\",\"@id\":\"https:\/\/www.welovecycling.com\/pl\/#\/schema\/person\/e5187c9cac8dd619ebc7b41bd73c2fd9\",\"name\":\"WeLoveCycling\",\"image\":{\"@type\":\"ImageObject\",\"inLanguage\":\"pl-PL\",\"@id\":\"https:\/\/www.welovecycling.com\/pl\/#\/schema\/person\/image\/\",\"url\":\"https:\/\/secure.gravatar.com\/avatar\/7e1ee0ecc5e294b19ef32b9f6086e0afbb9da00c3cb0d465ba4695331f4a9187?s=96&d=mm&r=g\",\"contentUrl\":\"https:\/\/secure.gravatar.com\/avatar\/7e1ee0ecc5e294b19ef32b9f6086e0afbb9da00c3cb0d465ba4695331f4a9187?s=96&d=mm&r=g\",\"caption\":\"WeLoveCycling\"},\"url\":\"https:\/\/www.welovecycling.com\/pl\/author\/lukascech\/\"}]}<\/script>\n<!-- \/ Yoast SEO Premium plugin. -->","yoast_head_json":{"title":"Nowa \u0160koda Superb \u201eCzerwonym Samochodem\u201d na Tour de France - \u0160koda We Love Cycling - Poland","robots":{"index":"index","follow":"follow","max-snippet":"max-snippet:-1","max-image-preview":"max-image-preview:large","max-video-preview":"max-video-preview:-1"},"canonical":"https:\/\/www.welovecycling.com\/pl\/2015\/07\/06\/nowa-skoda-superb-czerwonym-samochodem-na-tour\/","og_locale":"pl_PL","og_type":"article","og_title":"Nowa \u0160koda Superb \u201eCzerwonym Samochodem\u201d na Tour de France","og_description":"Gotowi\u00a0na Tour de France? W sobot\u0119 rozpocz\u0105\u0142 si\u0119 jeden z najwi\u0119kszych\u00a0rowerowych wy\u015bcig\u00f3w \u015bwiata. To ju\u017c 102. edycja \u201eWielkiej P\u0119tli\u201d.","og_url":"https:\/\/www.welovecycling.com\/pl\/2015\/07\/06\/nowa-skoda-superb-czerwonym-samochodem-na-tour\/","og_site_name":"\u0160koda We Love Cycling - Poland","article_published_time":"2015-07-06T06:55:47+00:00","article_modified_time":"2016-12-05T10:00:01+00:00","og_image":[{"width":540,"height":360,"url":"https:\/\/d2p6e6u75xmxt8.cloudfront.net\/5\/2015\/07\/28.jpg","type":"image\/jpeg"}],"author":"WeLoveCycling","twitter_card":"summary_large_image","twitter_misc":{"Written by":"WeLoveCycling","Est. reading time":"1 minute"},"schema":{"@context":"https:\/\/schema.org","@graph":[{"@type":"WebPage","@id":"https:\/\/www.welovecycling.com\/pl\/2015\/07\/06\/nowa-skoda-superb-czerwonym-samochodem-na-tour\/","url":"https:\/\/www.welovecycling.com\/pl\/2015\/07\/06\/nowa-skoda-superb-czerwonym-samochodem-na-tour\/","name":"Nowa \u0160koda Superb \u201eCzerwonym Samochodem\u201d na Tour de France - \u0160koda We Love Cycling - Poland","isPartOf":{"@id":"https:\/\/www.welovecycling.com\/pl\/#website"},"primaryImageOfPage":{"@id":"https:\/\/www.welovecycling.com\/pl\/2015\/07\/06\/nowa-skoda-superb-czerwonym-samochodem-na-tour\/#primaryimage"},"image":{"@id":"https:\/\/www.welovecycling.com\/pl\/2015\/07\/06\/nowa-skoda-superb-czerwonym-samochodem-na-tour\/#primaryimage"},"thumbnailUrl":"https:\/\/d2p6e6u75xmxt8.cloudfront.net\/5\/2015\/07\/28.jpg","datePublished":"2015-07-06T06:55:47+00:00","dateModified":"2016-12-05T10:00:01+00:00","author":{"@id":"https:\/\/www.welovecycling.com\/pl\/#\/schema\/person\/e5187c9cac8dd619ebc7b41bd73c2fd9"},"breadcrumb":{"@id":"https:\/\/www.welovecycling.com\/pl\/2015\/07\/06\/nowa-skoda-superb-czerwonym-samochodem-na-tour\/#breadcrumb"},"inLanguage":"pl-PL","potentialAction":[{"@type":"ReadAction","target":["https:\/\/www.welovecycling.com\/pl\/2015\/07\/06\/nowa-skoda-superb-czerwonym-samochodem-na-tour\/"]}]},{"@type":"ImageObject","inLanguage":"pl-PL","@id":"https:\/\/www.welovecycling.com\/pl\/2015\/07\/06\/nowa-skoda-superb-czerwonym-samochodem-na-tour\/#primaryimage","url":"https:\/\/d2p6e6u75xmxt8.cloudfront.net\/5\/2015\/07\/28.jpg","contentUrl":"https:\/\/d2p6e6u75xmxt8.cloudfront.net\/5\/2015\/07\/28.jpg","width":540,"height":360},{"@type":"BreadcrumbList","@id":"https:\/\/www.welovecycling.com\/pl\/2015\/07\/06\/nowa-skoda-superb-czerwonym-samochodem-na-tour\/#breadcrumb","itemListElement":[{"@type":"ListItem","position":1,"name":"Home","item":"https:\/\/www.welovecycling.com\/pl\/"},{"@type":"ListItem","position":2,"name":"Nowa \u0160koda Superb \u201eCzerwonym Samochodem\u201d na Tour de France"}]},{"@type":"WebSite","@id":"https:\/\/www.welovecycling.com\/pl\/#website","url":"https:\/\/www.welovecycling.com\/pl\/","name":"\u0160koda We Love Cycling - Poland","description":"","potentialAction":[{"@type":"SearchAction","target":{"@type":"EntryPoint","urlTemplate":"https:\/\/www.welovecycling.com\/pl\/?s={search_term_string}"},"query-input":{"@type":"PropertyValueSpecification","valueRequired":true,"valueName":"search_term_string"}}],"inLanguage":"pl-PL"},{"@type":"Person","@id":"https:\/\/www.welovecycling.com\/pl\/#\/schema\/person\/e5187c9cac8dd619ebc7b41bd73c2fd9","name":"WeLoveCycling","image":{"@type":"ImageObject","inLanguage":"pl-PL","@id":"https:\/\/www.welovecycling.com\/pl\/#\/schema\/person\/image\/","url":"https:\/\/secure.gravatar.com\/avatar\/7e1ee0ecc5e294b19ef32b9f6086e0afbb9da00c3cb0d465ba4695331f4a9187?s=96&d=mm&r=g","contentUrl":"https:\/\/secure.gravatar.com\/avatar\/7e1ee0ecc5e294b19ef32b9f6086e0afbb9da00c3cb0d465ba4695331f4a9187?s=96&d=mm&r=g","caption":"WeLoveCycling"},"url":"https:\/\/www.welovecycling.com\/pl\/author\/lukascech\/"}]}},"_links":{"self":[{"href":"https:\/\/www.welovecycling.com\/pl\/wp-json\/wp\/v2\/posts\/2304","targetHints":{"allow":["GET"]}}],"collection":[{"href":"https:\/\/www.welovecycling.com\/pl\/wp-json\/wp\/v2\/posts"}],"about":[{"href":"https:\/\/www.welovecycling.com\/pl\/wp-json\/wp\/v2\/types\/post"}],"author":[{"embeddable":true,"href":"https:\/\/www.welovecycling.com\/pl\/wp-json\/wp\/v2\/users\/1"}],"replies":[{"embeddable":true,"href":"https:\/\/www.welovecycling.com\/pl\/wp-json\/wp\/v2\/comments?post=2304"}],"version-history":[{"count":1,"href":"https:\/\/www.welovecycling.com\/pl\/wp-json\/wp\/v2\/posts\/2304\/revisions"}],"predecessor-version":[{"id":2516,"href":"https:\/\/www.welovecycling.com\/pl\/wp-json\/wp\/v2\/posts\/2304\/revisions\/2516"}],"wp:featuredmedia":[{"embeddable":true,"href":"https:\/\/www.welovecycling.com\/pl\/wp-json\/wp\/v2\/media\/479"}],"wp:attachment":[{"href":"https:\/\/www.welovecycling.com\/pl\/wp-json\/wp\/v2\/media?parent=2304"}],"wp:term":[{"taxonomy":"category","embeddable":true,"href":"https:\/\/www.welovecycling.com\/pl\/wp-json\/wp\/v2\/categories?post=2304"},{"taxonomy":"post_tag","embeddable":true,"href":"https:\/\/www.welovecycling.com\/pl\/wp-json\/wp\/v2\/tags?post=2304"},{"taxonomy":"global-categories","embeddable":true,"href":"https:\/\/www.welovecycling.com\/pl\/wp-json\/wp\/v2\/global-categories?post=2304"}],"curies":[{"name":"wp","href":"https:\/\/api.w.org\/{rel}","templated":true}]}}