{"id":2303,"date":"2015-07-06T15:24:14","date_gmt":"2015-07-06T13:24:14","guid":{"rendered":"http:\/\/serwer1629254.home.pl\/index.php\/2015\/07\/06\/tour-de-france-powraca\/"},"modified":"2016-12-05T10:00:01","modified_gmt":"2016-12-05T10:00:01","slug":"tour-de-france-powraca","status":"publish","type":"post","link":"https:\/\/www.welovecycling.com\/pl\/2015\/07\/06\/tour-de-france-powraca\/","title":{"rendered":"Tour de France powraca"},"content":{"rendered":"<p>Wielkie\u00a0kolarskie \u015bwi\u0119to rozpocz\u0119te! W t\u0119 sobot\u0119 wystartowa\u0142 wy\u015bcig, na kt\u00f3ry\u00a0czekali\u015bmy ca\u0142y rok. Poni\u017cej kilka ciekawostek na temat Tour de France 2015.<\/p>\n<p><!--more--><\/p>\n<p>(\u0179r\u00f3d\u0142o: welovecycling.com)<\/p>\n<p><b>D\u0142ugo\u015b\u0107 wy\u015bcigu<\/b><\/p>\n<p>Ca\u0142kowita\u00a0d\u0142ugo\u015b\u0107 wy\u015bcigu w tym roku to 3 344 km. W por\u00f3wnaniu z najd\u0142u\u017csz\u0105 tras\u0105 w\u00a0historii \u2013 5 745 km w 1926 roku, kolarze nie maj\u0105 na co narzeka\u0107!<\/p>\n<p><b>Etapy<\/b><\/p>\n<p>W tym roku Tour de France\u00a0sk\u0142ada si\u0119 z 21 etap\u00f3w. Na przestrzeni lat przybywa etap\u00f3w wy\u015bcigu. Dla\u00a0przypomnienia: pierwsza edycja Wielkiej P\u0119tli sk\u0142ada\u0142a si\u0119 z 6 etap\u00f3w.\u00a0Tegorocznym najd\u0142u\u017cszym etapem b\u0119dzie droga od Seraing do Cambrai (4 etap),\u00a0maj\u0105ca d\u0142ugo\u015b\u0107 221 km. <b><\/b><\/p>\n<figure class=\"tmblr-full\"><img decoding=\"async\" src=\"http:\/\/40.media.tumblr.com\/a915c64c34833b035a38aebad5434820\/tumblr_inline_nr2nqb3tQv1sfrvl6_540.png\" alt=\"image\" \/><\/figure>\n<p><i>(\u0179r\u00f3d\u0142o: welovecycling.com)<\/i><\/p>\n<p><b>Wzniesienia<\/b><\/p>\n<p>Najwy\u017cszym punktem w\u00a0tegorocznym wy\u015bcigu jest \u00a0prze\u0142\u0119cz\u00a0Galibier (2,645 m), a zaraz po niej wzniesienia na 20 etapie, prowadz\u0105cym z\u00a0Modane do Alped\u2019Hues (najwy\u017csze wzniesienie mierzy 1 850 m). W tym roku do\u00a0trasy wy\u015bcigu dodano r\u00f3wnie\u017c wzniesienia w Rhone Alps.<\/p>\n<p><b>Pr\u0119dko\u015b\u0107<\/b><\/p>\n<p>Nikogo nie zdziwi fakt,\u00a0\u017ce najwi\u0119ksze pr\u0119dko\u015bci kolarze osi\u0105gaj\u0105 podczas etap\u00f3w zwanych \u201eczas\u00f3wkami\u201d. Najwy\u017csza<br \/>\n\u015brednia pr\u0119dko\u015b\u0107 osi\u0105gni\u0119ta podczas wy\u015bcigu to 57 841 km\/h. Czy kto\u015b w tym roku\u00a0pobije rekord na 28. kilometrowej trasie pomi\u0119dzy Vannes a Plumenec na 9 etapie?<\/p>\n<figure class=\"tmblr-full\"><img decoding=\"async\" src=\"http:\/\/41.media.tumblr.com\/b70417db324fd986f7bf6985116c72b2\/tumblr_inline_nr2nspo8jj1sfrvl6_540.png\" alt=\"image\" \/><\/figure>\n<p><i>(\u0179r\u00f3d\u0142o: welovecycling.com)<\/i><\/p>\n<p><b>Niebezpiecze\u0144stwa<\/b><\/p>\n<p>Wypadki podczas wy\u015bcig\u00f3w\u00a0kolarskich s\u0105 nieuniknione. Trudnych warunk\u00f3w kolarze mog\u0105 spodziewa\u0107 si\u0119 w<br \/>\ndu\u017cej mierze w pierwszym tygodniu wy\u015bcigu w okolicach Utrechtu, gdzie rozpocz\u0105\u0142\u00a0si\u0119 wy\u015bcig. Wielu problem\u00f3w mo\u017ce przysporzy\u0107 zawodnikom brukowana droga na 4\u00a0etapie wy\u015bcigu, szczeg\u00f3lnie, je\u015bli b\u0119dzie pada\u0107. Upadki w g\u00f3rach tak\u017ce mog\u0105 by\u0107\u00a0bolesne i cz\u0119sto oznaczaj\u0105 dla kolarza zako\u0144czenie wy\u015bcigu.<\/p>\n<figure class=\"tmblr-full\"><img decoding=\"async\" src=\"http:\/\/41.media.tumblr.com\/26f8d0f98e220a7f5392a793d1480dea\/tumblr_inline_nr2nv78oaq1sfrvl6_540.jpg\" alt=\"image\" \/><\/figure>\n<p><i>(\u0179r\u00f3d\u0142o: welovecycling.com)<\/i><\/p>\n<p>K<b>ontrola\u00a0wagi<\/b><\/p>\n<p>Zgodnie z zasadami Mi\u0119dzynarodowej\u00a0Unii Kolarskiej rowery zawodnik\u00f3w uczestnicz\u0105cych w wy\u015bcigu nie mog\u0105 by\u0107<br \/>\nl\u017cejsze ni\u017c 6,8 kg. Wszystko po to, by nie by\u0142y zagro\u017ceniem dla kolarzy.<\/p>\n<p><b>Dyrektor Wy\u015bcigu<\/b><\/p>\n<p>Tak wielkie kolarskie\u00a0wydarzenie potrzebuje silnego cz\u0142owieka, kt\u00f3ry nim zarz\u0105dza. Obecny Dyrektor\u00a0Wy\u015bcigu, Christian Prudhomme, przewodzi wy\u015bcigowi od 2006 roku.<\/p>\n<p>W tym roku \u201eCzerwonym Samochodem\u201d\u00a0wy\u015bcigu jest Nowa \u0160koda Superb, kt\u00f3ra na czas trwania Wielkiej P\u0119tli zamieni\u0142a si\u0119 w\u00a0mobilne biuro Dyrektora Prudhomme. Wi\u0119cej o tym samochodzie tutaj:<\/p>\n<p><a href=\"http:\/\/www.skoda-auto.pl\/aktualnosci\/nowa-skoda-superb-czerwonym-samochodem-w-tour-de-france-2015\">http:\/\/www.skoda-auto.pl\/aktualnosci\/nowa-skoda-superb-czerwonym-samochodem-w-tour-de-france-2015<\/a><\/p>\n<figure class=\"tmblr-full\"><img decoding=\"async\" src=\"http:\/\/36.media.tumblr.com\/d22b516e2a7bda7ab38b0d7c325c76de\/tumblr_inline_nr2nz5uK1Q1sfrvl6_540.jpg\" alt=\"image\" \/><\/figure>\n<p><i>(\u0179r\u00f3d\u0142o: welovecycling.com)<\/i><\/p>\n<p><b>Kandydaci do zwyci\u0119stwa<\/b><\/p>\n<p>Zwyci\u0119zca Giro d\u2019Italia\u00a0Alberto Contador jedzie po drugie w tym sezonie zwyci\u0119stwo. Do tej pory uda\u0142o<br \/>\nsi\u0119 to tylko siedmiu kolarzom na \u015bwiecie.<\/p>\n<p>Contador b\u0119dzie\u00a0rywalizowa\u0142 ze zwyci\u0119zc\u0105 Wielkiej P\u0119ti z 2013 roku \u2013 Chrisem Froome. Kolarz ma<br \/>\nszans\u0119 na zostanie pierwszym w historii Hiszpanem, kt\u00f3ry wygra Tour de France\u00a0dwa razy z rz\u0119du. Contador i Froome walczyli ze sob\u0105 zaciekle w ostatnim Tour\u00a0de France, co zako\u0144czy\u0142o si\u0119 kraks\u0105, na czym skorzysta\u0142 zwyci\u0119zca\u00a0zesz\u0142orocznego Tour de France, Vincenzo Nibali.<\/p>\n<p>Tr\u00f3jk\u0119 faworyt\u00f3w mo\u017ce dogoni\u0107\u00a0Nairo Quintana. Dorastaj\u0105cemu w g\u00f3rach Combita Kolumbijczykowi jazda po<br \/>\nnajtrudniejszych terenach nie sprawia najmniejszego problemu. Jego organizm\u00a0przystosowany jest do wysokog\u00f3rskich warunk\u00f3w, wi\u0119c trzeba si\u0119 z nim liczy\u0107!<\/p>\n<figure class=\"tmblr-full\"><img decoding=\"async\" src=\"http:\/\/41.media.tumblr.com\/d42fe92de871b6ae104ef28f9e279dee\/tumblr_inline_nr2o1osU7Q1sfrvl6_540.jpg\" alt=\"image\" \/><\/figure>\n<p><i>(\u0179r\u00f3d\u0142o: welovecycling.com)<\/i><\/p>\n<p>Niestety, Marcel Kittel, wspania\u0142y\u00a0sprinter i zwyci\u0119zca prolog\u00f3w w ostatnich dw\u00f3ch edycjach Tour de France nie\u00a0pojawi si\u0119 na starcie tegorocznego wy\u015bcigu z powodu choroby. \u017byczymy szybkiego\u00a0powrotu do zdrowia!<\/p>\n<p><b>Media<\/b><\/p>\n<p>Oko\u0142o 2000 dziennikarzy ze<br \/>\n121 r\u00f3\u017cnych stacji telewizyjnych b\u0119dzie obecnych na Tour de France w tym roku.\u00a0To oznacza, \u017ce wy\u015bcig b\u0119dzie transmitowany a\u017c w 188 krajach. Czyni to Tour de\u00a0France \u00a0najwi\u0119kszym wydarzeniem sportowym\u00a0na \u015bwiecie!<\/p>\n<p><b>Publiczno\u015b\u0107<\/b><\/p>\n<p>Organizatorzy Tour de France\u00a0spodziewaj\u0105 si\u0119 w sumie 12 milion\u00f3w widz\u00f3w \u015bledz\u0105cych zmagania kolarzy wzd\u0142u\u017c\u00a0tras. Kto nie mo\u017ce obejrze\u0107 tej rywalizacji na \u017cywo, niech zasi\u0105dzie przed\u00a0telewizorem, na pewno emocji nie zabraknie.<\/p>\n<figure class=\"tmblr-full\"><img decoding=\"async\" src=\"http:\/\/40.media.tumblr.com\/e63228ba23a699ab809a285a834e26be\/tumblr_inline_nr2o44wP3x1sfrvl6_540.jpg\" alt=\"image\" \/><\/figure>\n<p><i>(\u0179r\u00f3d\u0142o: welovecycling.com)<\/i><\/p>\n","protected":false},"excerpt":{"rendered":"<p>Wielkie\u00a0kolarskie \u015bwi\u0119to rozpocz\u0119te! W t\u0119 sobot\u0119 wystartowa\u0142 wy\u015bcig, na kt\u00f3ry\u00a0czekali\u015bmy ca\u0142y rok. Poni\u017cej kilka ciekawostek na temat Tour de France [&hellip;]<\/p>\n","protected":false},"author":1,"featured_media":476,"comment_status":"open","ping_status":"open","sticky":false,"template":"","format":"standard","meta":{"footnotes":""},"categories":[1],"tags":[],"global-categories":[],"class_list":["post-2303","post","type-post","status-publish","format-standard","has-post-thumbnail","hentry","category-uncategorized"],"yoast_head":"<!-- This site is optimized with the Yoast SEO Premium plugin v25.3 (Yoast SEO v25.9) - https:\/\/yoast.com\/wordpress\/plugins\/seo\/ -->\n<title>Tour de France powraca - \u0160koda We Love Cycling - Poland<\/title>\n<meta name=\"robots\" content=\"index, follow, max-snippet:-1, max-image-preview:large, max-video-preview:-1\" \/>\n<link rel=\"canonical\" href=\"https:\/\/www.welovecycling.com\/pl\/2015\/07\/06\/tour-de-france-powraca\/\" \/>\n<meta property=\"og:locale\" content=\"pl_PL\" \/>\n<meta property=\"og:type\" content=\"article\" \/>\n<meta property=\"og:title\" content=\"Tour de France powraca\" \/>\n<meta property=\"og:description\" content=\"Wielkie\u00a0kolarskie \u015bwi\u0119to rozpocz\u0119te! W t\u0119 sobot\u0119 wystartowa\u0142 wy\u015bcig, na kt\u00f3ry\u00a0czekali\u015bmy ca\u0142y rok. Poni\u017cej kilka ciekawostek na temat Tour de France [&hellip;]\" \/>\n<meta property=\"og:url\" content=\"https:\/\/www.welovecycling.com\/pl\/2015\/07\/06\/tour-de-france-powraca\/\" \/>\n<meta property=\"og:site_name\" content=\"\u0160koda We Love Cycling - Poland\" \/>\n<meta property=\"article:published_time\" content=\"2015-07-06T13:24:14+00:00\" \/>\n<meta property=\"article:modified_time\" content=\"2016-12-05T10:00:01+00:00\" \/>\n<meta property=\"og:image\" content=\"https:\/\/d2p6e6u75xmxt8.cloudfront.net\/5\/2015\/07\/27.jpg\" \/>\n\t<meta property=\"og:image:width\" content=\"540\" \/>\n\t<meta property=\"og:image:height\" content=\"378\" \/>\n\t<meta property=\"og:image:type\" content=\"image\/jpeg\" \/>\n<meta name=\"author\" content=\"WeLoveCycling\" \/>\n<meta name=\"twitter:card\" content=\"summary_large_image\" \/>\n<meta name=\"twitter:label1\" content=\"Written by\" \/>\n\t<meta name=\"twitter:data1\" content=\"WeLoveCycling\" \/>\n\t<meta name=\"twitter:label2\" content=\"Est. reading time\" \/>\n\t<meta name=\"twitter:data2\" content=\"3 minutes\" \/>\n<script type=\"application\/ld+json\" class=\"yoast-schema-graph\">{\"@context\":\"https:\/\/schema.org\",\"@graph\":[{\"@type\":\"WebPage\",\"@id\":\"https:\/\/www.welovecycling.com\/pl\/2015\/07\/06\/tour-de-france-powraca\/\",\"url\":\"https:\/\/www.welovecycling.com\/pl\/2015\/07\/06\/tour-de-france-powraca\/\",\"name\":\"Tour de France powraca - \u0160koda We Love Cycling - Poland\",\"isPartOf\":{\"@id\":\"https:\/\/www.welovecycling.com\/pl\/#website\"},\"primaryImageOfPage\":{\"@id\":\"https:\/\/www.welovecycling.com\/pl\/2015\/07\/06\/tour-de-france-powraca\/#primaryimage\"},\"image\":{\"@id\":\"https:\/\/www.welovecycling.com\/pl\/2015\/07\/06\/tour-de-france-powraca\/#primaryimage\"},\"thumbnailUrl\":\"https:\/\/d2p6e6u75xmxt8.cloudfront.net\/5\/2015\/07\/27.jpg\",\"datePublished\":\"2015-07-06T13:24:14+00:00\",\"dateModified\":\"2016-12-05T10:00:01+00:00\",\"author\":{\"@id\":\"https:\/\/www.welovecycling.com\/pl\/#\/schema\/person\/e5187c9cac8dd619ebc7b41bd73c2fd9\"},\"breadcrumb\":{\"@id\":\"https:\/\/www.welovecycling.com\/pl\/2015\/07\/06\/tour-de-france-powraca\/#breadcrumb\"},\"inLanguage\":\"pl-PL\",\"potentialAction\":[{\"@type\":\"ReadAction\",\"target\":[\"https:\/\/www.welovecycling.com\/pl\/2015\/07\/06\/tour-de-france-powraca\/\"]}]},{\"@type\":\"ImageObject\",\"inLanguage\":\"pl-PL\",\"@id\":\"https:\/\/www.welovecycling.com\/pl\/2015\/07\/06\/tour-de-france-powraca\/#primaryimage\",\"url\":\"https:\/\/d2p6e6u75xmxt8.cloudfront.net\/5\/2015\/07\/27.jpg\",\"contentUrl\":\"https:\/\/d2p6e6u75xmxt8.cloudfront.net\/5\/2015\/07\/27.jpg\",\"width\":540,\"height\":378},{\"@type\":\"BreadcrumbList\",\"@id\":\"https:\/\/www.welovecycling.com\/pl\/2015\/07\/06\/tour-de-france-powraca\/#breadcrumb\",\"itemListElement\":[{\"@type\":\"ListItem\",\"position\":1,\"name\":\"Home\",\"item\":\"https:\/\/www.welovecycling.com\/pl\/\"},{\"@type\":\"ListItem\",\"position\":2,\"name\":\"Tour de France powraca\"}]},{\"@type\":\"WebSite\",\"@id\":\"https:\/\/www.welovecycling.com\/pl\/#website\",\"url\":\"https:\/\/www.welovecycling.com\/pl\/\",\"name\":\"\u0160koda We Love Cycling - Poland\",\"description\":\"\",\"potentialAction\":[{\"@type\":\"SearchAction\",\"target\":{\"@type\":\"EntryPoint\",\"urlTemplate\":\"https:\/\/www.welovecycling.com\/pl\/?s={search_term_string}\"},\"query-input\":{\"@type\":\"PropertyValueSpecification\",\"valueRequired\":true,\"valueName\":\"search_term_string\"}}],\"inLanguage\":\"pl-PL\"},{\"@type\":\"Person\",\"@id\":\"https:\/\/www.welovecycling.com\/pl\/#\/schema\/person\/e5187c9cac8dd619ebc7b41bd73c2fd9\",\"name\":\"WeLoveCycling\",\"image\":{\"@type\":\"ImageObject\",\"inLanguage\":\"pl-PL\",\"@id\":\"https:\/\/www.welovecycling.com\/pl\/#\/schema\/person\/image\/\",\"url\":\"https:\/\/secure.gravatar.com\/avatar\/7e1ee0ecc5e294b19ef32b9f6086e0afbb9da00c3cb0d465ba4695331f4a9187?s=96&d=mm&r=g\",\"contentUrl\":\"https:\/\/secure.gravatar.com\/avatar\/7e1ee0ecc5e294b19ef32b9f6086e0afbb9da00c3cb0d465ba4695331f4a9187?s=96&d=mm&r=g\",\"caption\":\"WeLoveCycling\"},\"url\":\"https:\/\/www.welovecycling.com\/pl\/author\/lukascech\/\"}]}<\/script>\n<!-- \/ Yoast SEO Premium plugin. -->","yoast_head_json":{"title":"Tour de France powraca - \u0160koda We Love Cycling - Poland","robots":{"index":"index","follow":"follow","max-snippet":"max-snippet:-1","max-image-preview":"max-image-preview:large","max-video-preview":"max-video-preview:-1"},"canonical":"https:\/\/www.welovecycling.com\/pl\/2015\/07\/06\/tour-de-france-powraca\/","og_locale":"pl_PL","og_type":"article","og_title":"Tour de France powraca","og_description":"Wielkie\u00a0kolarskie \u015bwi\u0119to rozpocz\u0119te! W t\u0119 sobot\u0119 wystartowa\u0142 wy\u015bcig, na kt\u00f3ry\u00a0czekali\u015bmy ca\u0142y rok. Poni\u017cej kilka ciekawostek na temat Tour de France [&hellip;]","og_url":"https:\/\/www.welovecycling.com\/pl\/2015\/07\/06\/tour-de-france-powraca\/","og_site_name":"\u0160koda We Love Cycling - Poland","article_published_time":"2015-07-06T13:24:14+00:00","article_modified_time":"2016-12-05T10:00:01+00:00","og_image":[{"width":540,"height":378,"url":"https:\/\/d2p6e6u75xmxt8.cloudfront.net\/5\/2015\/07\/27.jpg","type":"image\/jpeg"}],"author":"WeLoveCycling","twitter_card":"summary_large_image","twitter_misc":{"Written by":"WeLoveCycling","Est. reading time":"3 minutes"},"schema":{"@context":"https:\/\/schema.org","@graph":[{"@type":"WebPage","@id":"https:\/\/www.welovecycling.com\/pl\/2015\/07\/06\/tour-de-france-powraca\/","url":"https:\/\/www.welovecycling.com\/pl\/2015\/07\/06\/tour-de-france-powraca\/","name":"Tour de France powraca - \u0160koda We Love Cycling - Poland","isPartOf":{"@id":"https:\/\/www.welovecycling.com\/pl\/#website"},"primaryImageOfPage":{"@id":"https:\/\/www.welovecycling.com\/pl\/2015\/07\/06\/tour-de-france-powraca\/#primaryimage"},"image":{"@id":"https:\/\/www.welovecycling.com\/pl\/2015\/07\/06\/tour-de-france-powraca\/#primaryimage"},"thumbnailUrl":"https:\/\/d2p6e6u75xmxt8.cloudfront.net\/5\/2015\/07\/27.jpg","datePublished":"2015-07-06T13:24:14+00:00","dateModified":"2016-12-05T10:00:01+00:00","author":{"@id":"https:\/\/www.welovecycling.com\/pl\/#\/schema\/person\/e5187c9cac8dd619ebc7b41bd73c2fd9"},"breadcrumb":{"@id":"https:\/\/www.welovecycling.com\/pl\/2015\/07\/06\/tour-de-france-powraca\/#breadcrumb"},"inLanguage":"pl-PL","potentialAction":[{"@type":"ReadAction","target":["https:\/\/www.welovecycling.com\/pl\/2015\/07\/06\/tour-de-france-powraca\/"]}]},{"@type":"ImageObject","inLanguage":"pl-PL","@id":"https:\/\/www.welovecycling.com\/pl\/2015\/07\/06\/tour-de-france-powraca\/#primaryimage","url":"https:\/\/d2p6e6u75xmxt8.cloudfront.net\/5\/2015\/07\/27.jpg","contentUrl":"https:\/\/d2p6e6u75xmxt8.cloudfront.net\/5\/2015\/07\/27.jpg","width":540,"height":378},{"@type":"BreadcrumbList","@id":"https:\/\/www.welovecycling.com\/pl\/2015\/07\/06\/tour-de-france-powraca\/#breadcrumb","itemListElement":[{"@type":"ListItem","position":1,"name":"Home","item":"https:\/\/www.welovecycling.com\/pl\/"},{"@type":"ListItem","position":2,"name":"Tour de France powraca"}]},{"@type":"WebSite","@id":"https:\/\/www.welovecycling.com\/pl\/#website","url":"https:\/\/www.welovecycling.com\/pl\/","name":"\u0160koda We Love Cycling - Poland","description":"","potentialAction":[{"@type":"SearchAction","target":{"@type":"EntryPoint","urlTemplate":"https:\/\/www.welovecycling.com\/pl\/?s={search_term_string}"},"query-input":{"@type":"PropertyValueSpecification","valueRequired":true,"valueName":"search_term_string"}}],"inLanguage":"pl-PL"},{"@type":"Person","@id":"https:\/\/www.welovecycling.com\/pl\/#\/schema\/person\/e5187c9cac8dd619ebc7b41bd73c2fd9","name":"WeLoveCycling","image":{"@type":"ImageObject","inLanguage":"pl-PL","@id":"https:\/\/www.welovecycling.com\/pl\/#\/schema\/person\/image\/","url":"https:\/\/secure.gravatar.com\/avatar\/7e1ee0ecc5e294b19ef32b9f6086e0afbb9da00c3cb0d465ba4695331f4a9187?s=96&d=mm&r=g","contentUrl":"https:\/\/secure.gravatar.com\/avatar\/7e1ee0ecc5e294b19ef32b9f6086e0afbb9da00c3cb0d465ba4695331f4a9187?s=96&d=mm&r=g","caption":"WeLoveCycling"},"url":"https:\/\/www.welovecycling.com\/pl\/author\/lukascech\/"}]}},"_links":{"self":[{"href":"https:\/\/www.welovecycling.com\/pl\/wp-json\/wp\/v2\/posts\/2303","targetHints":{"allow":["GET"]}}],"collection":[{"href":"https:\/\/www.welovecycling.com\/pl\/wp-json\/wp\/v2\/posts"}],"about":[{"href":"https:\/\/www.welovecycling.com\/pl\/wp-json\/wp\/v2\/types\/post"}],"author":[{"embeddable":true,"href":"https:\/\/www.welovecycling.com\/pl\/wp-json\/wp\/v2\/users\/1"}],"replies":[{"embeddable":true,"href":"https:\/\/www.welovecycling.com\/pl\/wp-json\/wp\/v2\/comments?post=2303"}],"version-history":[{"count":1,"href":"https:\/\/www.welovecycling.com\/pl\/wp-json\/wp\/v2\/posts\/2303\/revisions"}],"predecessor-version":[{"id":2515,"href":"https:\/\/www.welovecycling.com\/pl\/wp-json\/wp\/v2\/posts\/2303\/revisions\/2515"}],"wp:featuredmedia":[{"embeddable":true,"href":"https:\/\/www.welovecycling.com\/pl\/wp-json\/wp\/v2\/media\/476"}],"wp:attachment":[{"href":"https:\/\/www.welovecycling.com\/pl\/wp-json\/wp\/v2\/media?parent=2303"}],"wp:term":[{"taxonomy":"category","embeddable":true,"href":"https:\/\/www.welovecycling.com\/pl\/wp-json\/wp\/v2\/categories?post=2303"},{"taxonomy":"post_tag","embeddable":true,"href":"https:\/\/www.welovecycling.com\/pl\/wp-json\/wp\/v2\/tags?post=2303"},{"taxonomy":"global-categories","embeddable":true,"href":"https:\/\/www.welovecycling.com\/pl\/wp-json\/wp\/v2\/global-categories?post=2303"}],"curies":[{"name":"wp","href":"https:\/\/api.w.org\/{rel}","templated":true}]}}