{"id":2302,"date":"2015-07-09T12:05:31","date_gmt":"2015-07-09T10:05:31","guid":{"rendered":"http:\/\/serwer1629254.home.pl\/index.php\/2015\/07\/09\/skoda-napedza-tour-de-france\/"},"modified":"2016-12-05T10:00:01","modified_gmt":"2016-12-05T10:00:01","slug":"skoda-napedza-tour-de-france","status":"publish","type":"post","link":"https:\/\/www.welovecycling.com\/pl\/2015\/07\/09\/skoda-napedza-tour-de-france\/","title":{"rendered":"\u0160koda nap\u0119dza Tour de France"},"content":{"rendered":"<p>Z dum\u0105\u00a0mo\u017cemy powiedzie\u0107, \u017ce ju\u017c po raz dwunasty wspieramy najwi\u0119ksze\u00a0kolarskie wydarzenie na \u015bwiecie \u2013 Tour de France. <!--more-->Nieprzypadkowo rowery s\u0105 nam\u00a0szczeg\u00f3lnie bliskie. To w\u0142a\u015bnie od bicykli rozpoczynali swoj\u0105 dzia\u0142alno\u015b\u0107 \u00a0w 1895 roku prekursorzy marki \u0160koda \u2013 V\u00e1clav Klement\u00a0i V\u00e1clav Laurin.<\/p>\n<p>W tegorocznej edycji Wielkiej P\u0119tli nasz\u00a0flagowy model &#8211; Nowa \u0160koda Superb zosta\u0142 wybrany na \u201eCzerwony Samoch\u00f3d\u201d\u00a0Tour de France, co oznacza, \u017ce je\u017adzi nim sam Dyrektor Wy\u015bcigu \u2013\u00a0Christian Prudhomme. Spo\u015br\u00f3d 250 samochod\u00f3w marki \u0160koda, b\u0119d\u0105cych\u00a0zapleczem technicznym,to w\u0142a\u015bnie ten samoch\u00f3d w charakterystycznym,<br \/>\nczerwonym kolorze jako jedyny mo\u017ce razem z kolarzami przekracza\u0107 lini\u0119 mety\u00a0ka\u017cdego z etap\u00f3w.<\/p>\n<p>Zawsze pod\u0105\u017cali\u015bmy za duchem innowacji i zosta\u0142o nam\u00a0to do dzisiaj. W\u0142a\u015bnie dlatego przedstawiamy Ci aplikacj\u0119, kt\u00f3ra pozwoli by\u0107 na\u00a0bie\u017c\u0105co podczas tego rowerowego \u015bwi\u0119ta: \u015bci\u0105gnij j\u0105 na sw\u00f3j telefon, by\u00a0otrzyma\u0107 dost\u0119p do ekskluzywnych materia\u0142\u00f3w foto\/video oraz naj\u015bwie\u017cszych\u00a0informacji o przebiegu wy\u015bcigu, a nawet \u015bledzi\u0107 zawodnik\u00f3w przy pomocy urz\u0105dze\u0144\u00a0GPS. Je\u015bli\u00a0tak jak my uwielbiasz kolarstwo, z t\u0105 aplikacj\u0105 z pewno\u015bci\u0105 nie przegapisz\u00a0\u017cadnego wa\u017cnego wydarzenia podczas Wielkiej P\u0119tli. \u015aled\u017a wy\u015bcig minuta po\u00a0minucie!<\/p>\n<p><a href=\"https:\/\/play.google.com\/store\/apps\/details?id=com.aso.tdf2012int&amp;hl=pl\">https:\/\/play.google.com\/store\/apps\/details?id=com.aso.tdf2012int&amp;hl=pl<\/a><\/p>\n<p><a href=\"https:\/\/itunes.apple.com\/gb\/app\/tour-france-2014-presented\/id537634796?l=en&amp;ls=1&amp;mt=8\">https:\/\/itunes.apple.com\/gb\/app\/tour-france-2014-presented\/id537634796?l=en&amp;ls=1&amp;mt=8<\/a><\/p>\n<p>Nie zapomnij tak\u017ce zagl\u0105da\u0107\u00a0na stron\u0119 <a href=\"http:\/\/www.skoda-rowery.pl\">www.skoda-rowery.pl<\/a>.\u00a0Znajdziesz tu kolarskie ciekawostki, filmy z udzia\u0142em Mistrza \u015awiata \u2013 Micha\u0142a Kwiatkowskiego,\u00a0a tak\u017ce informacje o naszych kolarskich projektach.<\/p>\n","protected":false},"excerpt":{"rendered":"<p>Z dum\u0105\u00a0mo\u017cemy powiedzie\u0107, \u017ce ju\u017c po raz dwunasty wspieramy najwi\u0119ksze\u00a0kolarskie wydarzenie na \u015bwiecie \u2013 Tour de France.<\/p>\n","protected":false},"author":1,"featured_media":472,"comment_status":"open","ping_status":"open","sticky":false,"template":"","format":"standard","meta":{"footnotes":""},"categories":[1],"tags":[],"global-categories":[],"class_list":["post-2302","post","type-post","status-publish","format-standard","has-post-thumbnail","hentry","category-uncategorized"],"yoast_head":"<!-- This site is optimized with the Yoast SEO Premium plugin v25.3 (Yoast SEO v25.9) - https:\/\/yoast.com\/wordpress\/plugins\/seo\/ -->\n<title>\u0160koda nap\u0119dza Tour de France - \u0160koda We Love Cycling - Poland<\/title>\n<meta name=\"robots\" content=\"index, follow, max-snippet:-1, max-image-preview:large, max-video-preview:-1\" \/>\n<link rel=\"canonical\" href=\"https:\/\/www.welovecycling.com\/pl\/2015\/07\/09\/skoda-napedza-tour-de-france\/\" \/>\n<meta property=\"og:locale\" content=\"pl_PL\" \/>\n<meta property=\"og:type\" content=\"article\" \/>\n<meta property=\"og:title\" content=\"\u0160koda nap\u0119dza Tour de France\" \/>\n<meta property=\"og:description\" content=\"Z dum\u0105\u00a0mo\u017cemy powiedzie\u0107, \u017ce ju\u017c po raz dwunasty wspieramy najwi\u0119ksze\u00a0kolarskie wydarzenie na \u015bwiecie \u2013 Tour de France.\" \/>\n<meta property=\"og:url\" content=\"https:\/\/www.welovecycling.com\/pl\/2015\/07\/09\/skoda-napedza-tour-de-france\/\" \/>\n<meta property=\"og:site_name\" content=\"\u0160koda We Love Cycling - Poland\" \/>\n<meta property=\"article:published_time\" content=\"2015-07-09T10:05:31+00:00\" \/>\n<meta property=\"article:modified_time\" content=\"2016-12-05T10:00:01+00:00\" \/>\n<meta property=\"og:image\" content=\"https:\/\/d2p6e6u75xmxt8.cloudfront.net\/5\/2015\/07\/26.jpg\" \/>\n\t<meta property=\"og:image:width\" content=\"540\" \/>\n\t<meta property=\"og:image:height\" content=\"281\" \/>\n\t<meta property=\"og:image:type\" content=\"image\/jpeg\" \/>\n<meta name=\"author\" content=\"WeLoveCycling\" \/>\n<meta name=\"twitter:card\" content=\"summary_large_image\" \/>\n<meta name=\"twitter:label1\" content=\"Written by\" \/>\n\t<meta name=\"twitter:data1\" content=\"WeLoveCycling\" \/>\n\t<meta name=\"twitter:label2\" content=\"Est. reading time\" \/>\n\t<meta name=\"twitter:data2\" content=\"1 minute\" \/>\n<script type=\"application\/ld+json\" class=\"yoast-schema-graph\">{\"@context\":\"https:\/\/schema.org\",\"@graph\":[{\"@type\":\"WebPage\",\"@id\":\"https:\/\/www.welovecycling.com\/pl\/2015\/07\/09\/skoda-napedza-tour-de-france\/\",\"url\":\"https:\/\/www.welovecycling.com\/pl\/2015\/07\/09\/skoda-napedza-tour-de-france\/\",\"name\":\"\u0160koda nap\u0119dza Tour de France - \u0160koda We Love Cycling - Poland\",\"isPartOf\":{\"@id\":\"https:\/\/www.welovecycling.com\/pl\/#website\"},\"primaryImageOfPage\":{\"@id\":\"https:\/\/www.welovecycling.com\/pl\/2015\/07\/09\/skoda-napedza-tour-de-france\/#primaryimage\"},\"image\":{\"@id\":\"https:\/\/www.welovecycling.com\/pl\/2015\/07\/09\/skoda-napedza-tour-de-france\/#primaryimage\"},\"thumbnailUrl\":\"https:\/\/d2p6e6u75xmxt8.cloudfront.net\/5\/2015\/07\/26.jpg\",\"datePublished\":\"2015-07-09T10:05:31+00:00\",\"dateModified\":\"2016-12-05T10:00:01+00:00\",\"author\":{\"@id\":\"https:\/\/www.welovecycling.com\/pl\/#\/schema\/person\/e5187c9cac8dd619ebc7b41bd73c2fd9\"},\"breadcrumb\":{\"@id\":\"https:\/\/www.welovecycling.com\/pl\/2015\/07\/09\/skoda-napedza-tour-de-france\/#breadcrumb\"},\"inLanguage\":\"pl-PL\",\"potentialAction\":[{\"@type\":\"ReadAction\",\"target\":[\"https:\/\/www.welovecycling.com\/pl\/2015\/07\/09\/skoda-napedza-tour-de-france\/\"]}]},{\"@type\":\"ImageObject\",\"inLanguage\":\"pl-PL\",\"@id\":\"https:\/\/www.welovecycling.com\/pl\/2015\/07\/09\/skoda-napedza-tour-de-france\/#primaryimage\",\"url\":\"https:\/\/d2p6e6u75xmxt8.cloudfront.net\/5\/2015\/07\/26.jpg\",\"contentUrl\":\"https:\/\/d2p6e6u75xmxt8.cloudfront.net\/5\/2015\/07\/26.jpg\",\"width\":540,\"height\":281},{\"@type\":\"BreadcrumbList\",\"@id\":\"https:\/\/www.welovecycling.com\/pl\/2015\/07\/09\/skoda-napedza-tour-de-france\/#breadcrumb\",\"itemListElement\":[{\"@type\":\"ListItem\",\"position\":1,\"name\":\"Home\",\"item\":\"https:\/\/www.welovecycling.com\/pl\/\"},{\"@type\":\"ListItem\",\"position\":2,\"name\":\"\u0160koda nap\u0119dza Tour de France\"}]},{\"@type\":\"WebSite\",\"@id\":\"https:\/\/www.welovecycling.com\/pl\/#website\",\"url\":\"https:\/\/www.welovecycling.com\/pl\/\",\"name\":\"\u0160koda We Love Cycling - Poland\",\"description\":\"\",\"potentialAction\":[{\"@type\":\"SearchAction\",\"target\":{\"@type\":\"EntryPoint\",\"urlTemplate\":\"https:\/\/www.welovecycling.com\/pl\/?s={search_term_string}\"},\"query-input\":{\"@type\":\"PropertyValueSpecification\",\"valueRequired\":true,\"valueName\":\"search_term_string\"}}],\"inLanguage\":\"pl-PL\"},{\"@type\":\"Person\",\"@id\":\"https:\/\/www.welovecycling.com\/pl\/#\/schema\/person\/e5187c9cac8dd619ebc7b41bd73c2fd9\",\"name\":\"WeLoveCycling\",\"image\":{\"@type\":\"ImageObject\",\"inLanguage\":\"pl-PL\",\"@id\":\"https:\/\/www.welovecycling.com\/pl\/#\/schema\/person\/image\/\",\"url\":\"https:\/\/secure.gravatar.com\/avatar\/7e1ee0ecc5e294b19ef32b9f6086e0afbb9da00c3cb0d465ba4695331f4a9187?s=96&d=mm&r=g\",\"contentUrl\":\"https:\/\/secure.gravatar.com\/avatar\/7e1ee0ecc5e294b19ef32b9f6086e0afbb9da00c3cb0d465ba4695331f4a9187?s=96&d=mm&r=g\",\"caption\":\"WeLoveCycling\"},\"url\":\"https:\/\/www.welovecycling.com\/pl\/author\/lukascech\/\"}]}<\/script>\n<!-- \/ Yoast SEO Premium plugin. -->","yoast_head_json":{"title":"\u0160koda nap\u0119dza Tour de France - \u0160koda We Love Cycling - Poland","robots":{"index":"index","follow":"follow","max-snippet":"max-snippet:-1","max-image-preview":"max-image-preview:large","max-video-preview":"max-video-preview:-1"},"canonical":"https:\/\/www.welovecycling.com\/pl\/2015\/07\/09\/skoda-napedza-tour-de-france\/","og_locale":"pl_PL","og_type":"article","og_title":"\u0160koda nap\u0119dza Tour de France","og_description":"Z dum\u0105\u00a0mo\u017cemy powiedzie\u0107, \u017ce ju\u017c po raz dwunasty wspieramy najwi\u0119ksze\u00a0kolarskie wydarzenie na \u015bwiecie \u2013 Tour de France.","og_url":"https:\/\/www.welovecycling.com\/pl\/2015\/07\/09\/skoda-napedza-tour-de-france\/","og_site_name":"\u0160koda We Love Cycling - Poland","article_published_time":"2015-07-09T10:05:31+00:00","article_modified_time":"2016-12-05T10:00:01+00:00","og_image":[{"width":540,"height":281,"url":"https:\/\/d2p6e6u75xmxt8.cloudfront.net\/5\/2015\/07\/26.jpg","type":"image\/jpeg"}],"author":"WeLoveCycling","twitter_card":"summary_large_image","twitter_misc":{"Written by":"WeLoveCycling","Est. reading time":"1 minute"},"schema":{"@context":"https:\/\/schema.org","@graph":[{"@type":"WebPage","@id":"https:\/\/www.welovecycling.com\/pl\/2015\/07\/09\/skoda-napedza-tour-de-france\/","url":"https:\/\/www.welovecycling.com\/pl\/2015\/07\/09\/skoda-napedza-tour-de-france\/","name":"\u0160koda nap\u0119dza Tour de France - \u0160koda We Love Cycling - Poland","isPartOf":{"@id":"https:\/\/www.welovecycling.com\/pl\/#website"},"primaryImageOfPage":{"@id":"https:\/\/www.welovecycling.com\/pl\/2015\/07\/09\/skoda-napedza-tour-de-france\/#primaryimage"},"image":{"@id":"https:\/\/www.welovecycling.com\/pl\/2015\/07\/09\/skoda-napedza-tour-de-france\/#primaryimage"},"thumbnailUrl":"https:\/\/d2p6e6u75xmxt8.cloudfront.net\/5\/2015\/07\/26.jpg","datePublished":"2015-07-09T10:05:31+00:00","dateModified":"2016-12-05T10:00:01+00:00","author":{"@id":"https:\/\/www.welovecycling.com\/pl\/#\/schema\/person\/e5187c9cac8dd619ebc7b41bd73c2fd9"},"breadcrumb":{"@id":"https:\/\/www.welovecycling.com\/pl\/2015\/07\/09\/skoda-napedza-tour-de-france\/#breadcrumb"},"inLanguage":"pl-PL","potentialAction":[{"@type":"ReadAction","target":["https:\/\/www.welovecycling.com\/pl\/2015\/07\/09\/skoda-napedza-tour-de-france\/"]}]},{"@type":"ImageObject","inLanguage":"pl-PL","@id":"https:\/\/www.welovecycling.com\/pl\/2015\/07\/09\/skoda-napedza-tour-de-france\/#primaryimage","url":"https:\/\/d2p6e6u75xmxt8.cloudfront.net\/5\/2015\/07\/26.jpg","contentUrl":"https:\/\/d2p6e6u75xmxt8.cloudfront.net\/5\/2015\/07\/26.jpg","width":540,"height":281},{"@type":"BreadcrumbList","@id":"https:\/\/www.welovecycling.com\/pl\/2015\/07\/09\/skoda-napedza-tour-de-france\/#breadcrumb","itemListElement":[{"@type":"ListItem","position":1,"name":"Home","item":"https:\/\/www.welovecycling.com\/pl\/"},{"@type":"ListItem","position":2,"name":"\u0160koda nap\u0119dza Tour de France"}]},{"@type":"WebSite","@id":"https:\/\/www.welovecycling.com\/pl\/#website","url":"https:\/\/www.welovecycling.com\/pl\/","name":"\u0160koda We Love Cycling - Poland","description":"","potentialAction":[{"@type":"SearchAction","target":{"@type":"EntryPoint","urlTemplate":"https:\/\/www.welovecycling.com\/pl\/?s={search_term_string}"},"query-input":{"@type":"PropertyValueSpecification","valueRequired":true,"valueName":"search_term_string"}}],"inLanguage":"pl-PL"},{"@type":"Person","@id":"https:\/\/www.welovecycling.com\/pl\/#\/schema\/person\/e5187c9cac8dd619ebc7b41bd73c2fd9","name":"WeLoveCycling","image":{"@type":"ImageObject","inLanguage":"pl-PL","@id":"https:\/\/www.welovecycling.com\/pl\/#\/schema\/person\/image\/","url":"https:\/\/secure.gravatar.com\/avatar\/7e1ee0ecc5e294b19ef32b9f6086e0afbb9da00c3cb0d465ba4695331f4a9187?s=96&d=mm&r=g","contentUrl":"https:\/\/secure.gravatar.com\/avatar\/7e1ee0ecc5e294b19ef32b9f6086e0afbb9da00c3cb0d465ba4695331f4a9187?s=96&d=mm&r=g","caption":"WeLoveCycling"},"url":"https:\/\/www.welovecycling.com\/pl\/author\/lukascech\/"}]}},"_links":{"self":[{"href":"https:\/\/www.welovecycling.com\/pl\/wp-json\/wp\/v2\/posts\/2302","targetHints":{"allow":["GET"]}}],"collection":[{"href":"https:\/\/www.welovecycling.com\/pl\/wp-json\/wp\/v2\/posts"}],"about":[{"href":"https:\/\/www.welovecycling.com\/pl\/wp-json\/wp\/v2\/types\/post"}],"author":[{"embeddable":true,"href":"https:\/\/www.welovecycling.com\/pl\/wp-json\/wp\/v2\/users\/1"}],"replies":[{"embeddable":true,"href":"https:\/\/www.welovecycling.com\/pl\/wp-json\/wp\/v2\/comments?post=2302"}],"version-history":[{"count":1,"href":"https:\/\/www.welovecycling.com\/pl\/wp-json\/wp\/v2\/posts\/2302\/revisions"}],"predecessor-version":[{"id":2514,"href":"https:\/\/www.welovecycling.com\/pl\/wp-json\/wp\/v2\/posts\/2302\/revisions\/2514"}],"wp:featuredmedia":[{"embeddable":true,"href":"https:\/\/www.welovecycling.com\/pl\/wp-json\/wp\/v2\/media\/472"}],"wp:attachment":[{"href":"https:\/\/www.welovecycling.com\/pl\/wp-json\/wp\/v2\/media?parent=2302"}],"wp:term":[{"taxonomy":"category","embeddable":true,"href":"https:\/\/www.welovecycling.com\/pl\/wp-json\/wp\/v2\/categories?post=2302"},{"taxonomy":"post_tag","embeddable":true,"href":"https:\/\/www.welovecycling.com\/pl\/wp-json\/wp\/v2\/tags?post=2302"},{"taxonomy":"global-categories","embeddable":true,"href":"https:\/\/www.welovecycling.com\/pl\/wp-json\/wp\/v2\/global-categories?post=2302"}],"curies":[{"name":"wp","href":"https:\/\/api.w.org\/{rel}","templated":true}]}}