{"id":2301,"date":"2015-07-10T14:13:01","date_gmt":"2015-07-10T12:13:01","guid":{"rendered":"http:\/\/serwer1629254.home.pl\/index.php\/2015\/07\/10\/ostatnie-wiesci-z-tour-de-france\/"},"modified":"2016-12-05T10:00:01","modified_gmt":"2016-12-05T10:00:01","slug":"ostatnie-wiesci-z-tour-de-france","status":"publish","type":"post","link":"https:\/\/www.welovecycling.com\/pl\/2015\/07\/10\/ostatnie-wiesci-z-tour-de-france\/","title":{"rendered":"Ostatnie wie\u015bci z Tour de France"},"content":{"rendered":"<p><i><\/i>Tony Martin, kt\u00f3ry do tej pory by\u0142 liderem Tour de France,\u00a0nieszcz\u0119\u015bliwie z\u0142ama\u0142 obojczyk na sz\u00f3stym etapie i wycofa\u0142 si\u0119 z wy\u015bcigu.\u00a0Niemiec dotar\u0142 do linii mety z pomoc\u0105 koleg\u00f3w klubowych, m.in. Micha\u0142a\u00a0Kwiatkowskiego.<\/p>\n<p><!--more--><\/p>\n<p><i>(\u0179r\u00f3d\u0142o: welovecycling.com)<\/i><\/p>\n<p>W wypadku uczestniczyli r\u00f3wnie\u017c zesz\u0142oroczny zwyci\u0119zca Wielkiej\u00a0P\u0119tli \u2013 Vincenzo Nibali i Kolumbijczyk Nairo Quintana, kt\u00f3rzy na szcz\u0119\u015bcie zd\u0105\u017cyli\u00a0znale\u017a\u0107 si\u0119 w strefie ochronnej i unikn\u0105\u0107 strat czasowych.<\/p>\n<p><i>Mam\u00a0nadziej\u0119, \u017ce jutro wystartuj\u0119. Teraz pojad\u0119 na prze\u015bwietlenie. Nie pami\u0119tam, co\u00a0si\u0119 sta\u0142o. Przypuszczam, \u017ce dotkn\u0105\u0142em tylnego ko\u0142a zawodnika przede mn\u0105<\/i>, m\u00f3wi\u0142\u00a0Polskiemu Radiu Tony Martin.<\/p>\n<p>Dzisiaj jednak podj\u0105\u0142 decyzj\u0119 o przedwczesnym uko\u0144czeniu\u00a0wy\u015bcigu, w klasyfikacji generalnej prowadzi wi\u0119c Chris Froome. Martin jest ju\u017c drugim\u00a0zawodnikiem w \u017c\u00f3\u0142tej koszulce w tegorocznym wy\u015bcigu, kt\u00f3ry zrezygnowa\u0142 z\u00a0dalszej jazdy \u2013 na trzecim etapie w zwi\u0105zku z kontuzj\u0105 wycofa\u0142 si\u0119 Fabian\u00a0Cancellara ze Szwajcarii.<\/p>\n<p>Decyzja o za\u0142o\u017ceniu \u017c\u00f3\u0142tej koszulki nale\u017cy teraz do Chrisa\u00a0Froome\u2019a \u2013 zgodnie z regulaminem wy\u015bcigu mo\u017ce tego nie zrobi\u0107 ze wzgl\u0119du na\u00a0szacunek dla Tony\u2019ego Martina, kt\u00f3ry uleg\u0142 pechowemu wypadkowi.<\/p>\n<figure class=\"tmblr-full\"><img decoding=\"async\" src=\"http:\/\/40.media.tumblr.com\/9de66d01d0ee4412c071e2eca0407c5c\/tumblr_inline_nr9zhhnPiu1sfrvl6_540.jpg\" alt=\"image\" \/><\/figure>\n<p><i>(\u0179r\u00f3d\u0142o: welovecycling.com)<\/i><\/p>\n<p>To tylko niewielki fragment tego, co dzieje si\u0119 podczas\u00a0najwi\u0119kszego kolarskiego \u015bwi\u0119ta. \u015aled\u017a wy\u015bcig minuta po minucie dzi\u0119ki oficjalnej\u00a0aplikacji Tour de France:<\/p>\n<p><a href=\"https:\/\/play.google.com\/store\/apps\/details?id=com.aso.tdf2012int&amp;hl=pl\">https:\/\/play.google.com\/store\/apps\/details?id=com.aso.tdf2012int&amp;hl=pl<\/a><\/p>\n<p><a href=\"https:\/\/itunes.apple.com\/gb\/app\/tour-france-2014-presented\/id537634796?l=en&amp;ls=1&amp;mt=8\">https:\/\/itunes.apple.com\/gb\/app\/tour-france-2014-presented\/id537634796?l=en&amp;ls=1&amp;mt=8<\/a><\/p>\n<p>Masz ochot\u0119 na jeszcze wi\u0119cej kolarskich emocji? Zagl\u0105daj do\u00a0nas po naj\u015bwie\u017csze wie\u015bci z Tour de France,\u00a0rowerowe ciekawostki i filmy z udzia\u0142em Mistrza \u015awiata \u2013 Micha\u0142a\u00a0Kwiatkowskiego.<\/p>\n","protected":false},"excerpt":{"rendered":"<p>Tony Martin, kt\u00f3ry do tej pory by\u0142 liderem Tour de France,\u00a0nieszcz\u0119\u015bliwie z\u0142ama\u0142 obojczyk na sz\u00f3stym etapie i wycofa\u0142 si\u0119 z [&hellip;]<\/p>\n","protected":false},"author":1,"featured_media":469,"comment_status":"open","ping_status":"open","sticky":false,"template":"","format":"standard","meta":{"footnotes":""},"categories":[1],"tags":[],"global-categories":[],"class_list":["post-2301","post","type-post","status-publish","format-standard","has-post-thumbnail","hentry","category-uncategorized"],"yoast_head":"<!-- This site is optimized with the Yoast SEO Premium plugin v25.3 (Yoast SEO v25.9) - https:\/\/yoast.com\/wordpress\/plugins\/seo\/ -->\n<title>Ostatnie wie\u015bci z Tour de France - \u0160koda We Love Cycling - Poland<\/title>\n<meta name=\"robots\" content=\"index, follow, max-snippet:-1, max-image-preview:large, max-video-preview:-1\" \/>\n<link rel=\"canonical\" href=\"https:\/\/www.welovecycling.com\/pl\/2015\/07\/10\/ostatnie-wiesci-z-tour-de-france\/\" \/>\n<meta property=\"og:locale\" content=\"pl_PL\" \/>\n<meta property=\"og:type\" content=\"article\" \/>\n<meta property=\"og:title\" content=\"Ostatnie wie\u015bci z Tour de France\" \/>\n<meta property=\"og:description\" content=\"Tony Martin, kt\u00f3ry do tej pory by\u0142 liderem Tour de France,\u00a0nieszcz\u0119\u015bliwie z\u0142ama\u0142 obojczyk na sz\u00f3stym etapie i wycofa\u0142 si\u0119 z [&hellip;]\" \/>\n<meta property=\"og:url\" content=\"https:\/\/www.welovecycling.com\/pl\/2015\/07\/10\/ostatnie-wiesci-z-tour-de-france\/\" \/>\n<meta property=\"og:site_name\" content=\"\u0160koda We Love Cycling - Poland\" \/>\n<meta property=\"article:published_time\" content=\"2015-07-10T12:13:01+00:00\" \/>\n<meta property=\"article:modified_time\" content=\"2016-12-05T10:00:01+00:00\" \/>\n<meta property=\"og:image\" content=\"https:\/\/d2p6e6u75xmxt8.cloudfront.net\/5\/2015\/07\/25.jpg\" \/>\n\t<meta property=\"og:image:width\" content=\"540\" \/>\n\t<meta property=\"og:image:height\" content=\"360\" \/>\n\t<meta property=\"og:image:type\" content=\"image\/jpeg\" \/>\n<meta name=\"author\" content=\"WeLoveCycling\" \/>\n<meta name=\"twitter:card\" content=\"summary_large_image\" \/>\n<meta name=\"twitter:label1\" content=\"Written by\" \/>\n\t<meta name=\"twitter:data1\" content=\"WeLoveCycling\" \/>\n\t<meta name=\"twitter:label2\" content=\"Est. reading time\" \/>\n\t<meta name=\"twitter:data2\" content=\"1 minute\" \/>\n<script type=\"application\/ld+json\" class=\"yoast-schema-graph\">{\"@context\":\"https:\/\/schema.org\",\"@graph\":[{\"@type\":\"WebPage\",\"@id\":\"https:\/\/www.welovecycling.com\/pl\/2015\/07\/10\/ostatnie-wiesci-z-tour-de-france\/\",\"url\":\"https:\/\/www.welovecycling.com\/pl\/2015\/07\/10\/ostatnie-wiesci-z-tour-de-france\/\",\"name\":\"Ostatnie wie\u015bci z Tour de France - \u0160koda We Love Cycling - Poland\",\"isPartOf\":{\"@id\":\"https:\/\/www.welovecycling.com\/pl\/#website\"},\"primaryImageOfPage\":{\"@id\":\"https:\/\/www.welovecycling.com\/pl\/2015\/07\/10\/ostatnie-wiesci-z-tour-de-france\/#primaryimage\"},\"image\":{\"@id\":\"https:\/\/www.welovecycling.com\/pl\/2015\/07\/10\/ostatnie-wiesci-z-tour-de-france\/#primaryimage\"},\"thumbnailUrl\":\"https:\/\/d2p6e6u75xmxt8.cloudfront.net\/5\/2015\/07\/25.jpg\",\"datePublished\":\"2015-07-10T12:13:01+00:00\",\"dateModified\":\"2016-12-05T10:00:01+00:00\",\"author\":{\"@id\":\"https:\/\/www.welovecycling.com\/pl\/#\/schema\/person\/e5187c9cac8dd619ebc7b41bd73c2fd9\"},\"breadcrumb\":{\"@id\":\"https:\/\/www.welovecycling.com\/pl\/2015\/07\/10\/ostatnie-wiesci-z-tour-de-france\/#breadcrumb\"},\"inLanguage\":\"pl-PL\",\"potentialAction\":[{\"@type\":\"ReadAction\",\"target\":[\"https:\/\/www.welovecycling.com\/pl\/2015\/07\/10\/ostatnie-wiesci-z-tour-de-france\/\"]}]},{\"@type\":\"ImageObject\",\"inLanguage\":\"pl-PL\",\"@id\":\"https:\/\/www.welovecycling.com\/pl\/2015\/07\/10\/ostatnie-wiesci-z-tour-de-france\/#primaryimage\",\"url\":\"https:\/\/d2p6e6u75xmxt8.cloudfront.net\/5\/2015\/07\/25.jpg\",\"contentUrl\":\"https:\/\/d2p6e6u75xmxt8.cloudfront.net\/5\/2015\/07\/25.jpg\",\"width\":540,\"height\":360},{\"@type\":\"BreadcrumbList\",\"@id\":\"https:\/\/www.welovecycling.com\/pl\/2015\/07\/10\/ostatnie-wiesci-z-tour-de-france\/#breadcrumb\",\"itemListElement\":[{\"@type\":\"ListItem\",\"position\":1,\"name\":\"Home\",\"item\":\"https:\/\/www.welovecycling.com\/pl\/\"},{\"@type\":\"ListItem\",\"position\":2,\"name\":\"Ostatnie wie\u015bci z Tour de France\"}]},{\"@type\":\"WebSite\",\"@id\":\"https:\/\/www.welovecycling.com\/pl\/#website\",\"url\":\"https:\/\/www.welovecycling.com\/pl\/\",\"name\":\"\u0160koda We Love Cycling - Poland\",\"description\":\"\",\"potentialAction\":[{\"@type\":\"SearchAction\",\"target\":{\"@type\":\"EntryPoint\",\"urlTemplate\":\"https:\/\/www.welovecycling.com\/pl\/?s={search_term_string}\"},\"query-input\":{\"@type\":\"PropertyValueSpecification\",\"valueRequired\":true,\"valueName\":\"search_term_string\"}}],\"inLanguage\":\"pl-PL\"},{\"@type\":\"Person\",\"@id\":\"https:\/\/www.welovecycling.com\/pl\/#\/schema\/person\/e5187c9cac8dd619ebc7b41bd73c2fd9\",\"name\":\"WeLoveCycling\",\"image\":{\"@type\":\"ImageObject\",\"inLanguage\":\"pl-PL\",\"@id\":\"https:\/\/www.welovecycling.com\/pl\/#\/schema\/person\/image\/\",\"url\":\"https:\/\/secure.gravatar.com\/avatar\/7e1ee0ecc5e294b19ef32b9f6086e0afbb9da00c3cb0d465ba4695331f4a9187?s=96&d=mm&r=g\",\"contentUrl\":\"https:\/\/secure.gravatar.com\/avatar\/7e1ee0ecc5e294b19ef32b9f6086e0afbb9da00c3cb0d465ba4695331f4a9187?s=96&d=mm&r=g\",\"caption\":\"WeLoveCycling\"},\"url\":\"https:\/\/www.welovecycling.com\/pl\/author\/lukascech\/\"}]}<\/script>\n<!-- \/ Yoast SEO Premium plugin. -->","yoast_head_json":{"title":"Ostatnie wie\u015bci z Tour de France - \u0160koda We Love Cycling - Poland","robots":{"index":"index","follow":"follow","max-snippet":"max-snippet:-1","max-image-preview":"max-image-preview:large","max-video-preview":"max-video-preview:-1"},"canonical":"https:\/\/www.welovecycling.com\/pl\/2015\/07\/10\/ostatnie-wiesci-z-tour-de-france\/","og_locale":"pl_PL","og_type":"article","og_title":"Ostatnie wie\u015bci z Tour de France","og_description":"Tony Martin, kt\u00f3ry do tej pory by\u0142 liderem Tour de France,\u00a0nieszcz\u0119\u015bliwie z\u0142ama\u0142 obojczyk na sz\u00f3stym etapie i wycofa\u0142 si\u0119 z [&hellip;]","og_url":"https:\/\/www.welovecycling.com\/pl\/2015\/07\/10\/ostatnie-wiesci-z-tour-de-france\/","og_site_name":"\u0160koda We Love Cycling - Poland","article_published_time":"2015-07-10T12:13:01+00:00","article_modified_time":"2016-12-05T10:00:01+00:00","og_image":[{"width":540,"height":360,"url":"https:\/\/d2p6e6u75xmxt8.cloudfront.net\/5\/2015\/07\/25.jpg","type":"image\/jpeg"}],"author":"WeLoveCycling","twitter_card":"summary_large_image","twitter_misc":{"Written by":"WeLoveCycling","Est. reading time":"1 minute"},"schema":{"@context":"https:\/\/schema.org","@graph":[{"@type":"WebPage","@id":"https:\/\/www.welovecycling.com\/pl\/2015\/07\/10\/ostatnie-wiesci-z-tour-de-france\/","url":"https:\/\/www.welovecycling.com\/pl\/2015\/07\/10\/ostatnie-wiesci-z-tour-de-france\/","name":"Ostatnie wie\u015bci z Tour de France - \u0160koda We Love Cycling - Poland","isPartOf":{"@id":"https:\/\/www.welovecycling.com\/pl\/#website"},"primaryImageOfPage":{"@id":"https:\/\/www.welovecycling.com\/pl\/2015\/07\/10\/ostatnie-wiesci-z-tour-de-france\/#primaryimage"},"image":{"@id":"https:\/\/www.welovecycling.com\/pl\/2015\/07\/10\/ostatnie-wiesci-z-tour-de-france\/#primaryimage"},"thumbnailUrl":"https:\/\/d2p6e6u75xmxt8.cloudfront.net\/5\/2015\/07\/25.jpg","datePublished":"2015-07-10T12:13:01+00:00","dateModified":"2016-12-05T10:00:01+00:00","author":{"@id":"https:\/\/www.welovecycling.com\/pl\/#\/schema\/person\/e5187c9cac8dd619ebc7b41bd73c2fd9"},"breadcrumb":{"@id":"https:\/\/www.welovecycling.com\/pl\/2015\/07\/10\/ostatnie-wiesci-z-tour-de-france\/#breadcrumb"},"inLanguage":"pl-PL","potentialAction":[{"@type":"ReadAction","target":["https:\/\/www.welovecycling.com\/pl\/2015\/07\/10\/ostatnie-wiesci-z-tour-de-france\/"]}]},{"@type":"ImageObject","inLanguage":"pl-PL","@id":"https:\/\/www.welovecycling.com\/pl\/2015\/07\/10\/ostatnie-wiesci-z-tour-de-france\/#primaryimage","url":"https:\/\/d2p6e6u75xmxt8.cloudfront.net\/5\/2015\/07\/25.jpg","contentUrl":"https:\/\/d2p6e6u75xmxt8.cloudfront.net\/5\/2015\/07\/25.jpg","width":540,"height":360},{"@type":"BreadcrumbList","@id":"https:\/\/www.welovecycling.com\/pl\/2015\/07\/10\/ostatnie-wiesci-z-tour-de-france\/#breadcrumb","itemListElement":[{"@type":"ListItem","position":1,"name":"Home","item":"https:\/\/www.welovecycling.com\/pl\/"},{"@type":"ListItem","position":2,"name":"Ostatnie wie\u015bci z Tour de France"}]},{"@type":"WebSite","@id":"https:\/\/www.welovecycling.com\/pl\/#website","url":"https:\/\/www.welovecycling.com\/pl\/","name":"\u0160koda We Love Cycling - Poland","description":"","potentialAction":[{"@type":"SearchAction","target":{"@type":"EntryPoint","urlTemplate":"https:\/\/www.welovecycling.com\/pl\/?s={search_term_string}"},"query-input":{"@type":"PropertyValueSpecification","valueRequired":true,"valueName":"search_term_string"}}],"inLanguage":"pl-PL"},{"@type":"Person","@id":"https:\/\/www.welovecycling.com\/pl\/#\/schema\/person\/e5187c9cac8dd619ebc7b41bd73c2fd9","name":"WeLoveCycling","image":{"@type":"ImageObject","inLanguage":"pl-PL","@id":"https:\/\/www.welovecycling.com\/pl\/#\/schema\/person\/image\/","url":"https:\/\/secure.gravatar.com\/avatar\/7e1ee0ecc5e294b19ef32b9f6086e0afbb9da00c3cb0d465ba4695331f4a9187?s=96&d=mm&r=g","contentUrl":"https:\/\/secure.gravatar.com\/avatar\/7e1ee0ecc5e294b19ef32b9f6086e0afbb9da00c3cb0d465ba4695331f4a9187?s=96&d=mm&r=g","caption":"WeLoveCycling"},"url":"https:\/\/www.welovecycling.com\/pl\/author\/lukascech\/"}]}},"_links":{"self":[{"href":"https:\/\/www.welovecycling.com\/pl\/wp-json\/wp\/v2\/posts\/2301","targetHints":{"allow":["GET"]}}],"collection":[{"href":"https:\/\/www.welovecycling.com\/pl\/wp-json\/wp\/v2\/posts"}],"about":[{"href":"https:\/\/www.welovecycling.com\/pl\/wp-json\/wp\/v2\/types\/post"}],"author":[{"embeddable":true,"href":"https:\/\/www.welovecycling.com\/pl\/wp-json\/wp\/v2\/users\/1"}],"replies":[{"embeddable":true,"href":"https:\/\/www.welovecycling.com\/pl\/wp-json\/wp\/v2\/comments?post=2301"}],"version-history":[{"count":1,"href":"https:\/\/www.welovecycling.com\/pl\/wp-json\/wp\/v2\/posts\/2301\/revisions"}],"predecessor-version":[{"id":2513,"href":"https:\/\/www.welovecycling.com\/pl\/wp-json\/wp\/v2\/posts\/2301\/revisions\/2513"}],"wp:featuredmedia":[{"embeddable":true,"href":"https:\/\/www.welovecycling.com\/pl\/wp-json\/wp\/v2\/media\/469"}],"wp:attachment":[{"href":"https:\/\/www.welovecycling.com\/pl\/wp-json\/wp\/v2\/media?parent=2301"}],"wp:term":[{"taxonomy":"category","embeddable":true,"href":"https:\/\/www.welovecycling.com\/pl\/wp-json\/wp\/v2\/categories?post=2301"},{"taxonomy":"post_tag","embeddable":true,"href":"https:\/\/www.welovecycling.com\/pl\/wp-json\/wp\/v2\/tags?post=2301"},{"taxonomy":"global-categories","embeddable":true,"href":"https:\/\/www.welovecycling.com\/pl\/wp-json\/wp\/v2\/global-categories?post=2301"}],"curies":[{"name":"wp","href":"https:\/\/api.w.org\/{rel}","templated":true}]}}