{"id":2300,"date":"2015-07-13T13:51:08","date_gmt":"2015-07-13T13:51:08","guid":{"rendered":"http:\/\/serwer1629254.home.pl\/index.php\/2015\/07\/13\/sztuka-na-dwoch-kolkach\/"},"modified":"2016-12-05T10:02:39","modified_gmt":"2016-12-05T10:02:39","slug":"sztuka-na-dwoch-kolkach","status":"publish","type":"post","link":"https:\/\/www.welovecycling.com\/pl\/2015\/07\/13\/sztuka-na-dwoch-kolkach\/","title":{"rendered":"Sztuka na dw\u00f3ch k\u00f3\u0142kach"},"content":{"rendered":"<p>Ekspresja artystycznej wizji, uproszczony design, czy po prostu genialne,\u00a0funkcjonalne rozwi\u0105zanie? Tak naprawd\u0119 \u201eOstre ko\u0142o\u201d, bo o nim tutaj mowa, \u0142\u0105czy\u00a0w sobie wszystkie te cechy.<\/p>\n<p><!--more-->(\u0179r\u00f3d\u0142o: welovecycling.com)<\/p>\n<p>Sprawd\u017a o co dok\u0142adnie chodzi i poznaj \u015bwiat\u00a0entuzjast\u00f3w \u201cFixie\u201d, czyli rower\u00f3w bez hamulc\u00f3w i przerzutek.<\/p>\n<p><b>Ostre ko\u0142o do pracy<\/b><\/p>\n<p>Mod\u0119 na ostre ko\u0142o\u00a0rozpocz\u0119li kurierzy rowerowi. W tym zawodzie szybko\u015b\u0107 to priorytet \u2013 go\u0144cy s\u0105\u00a0ci\u0105gle w ruchu, a z przesy\u0142kami musz\u0105 by\u0107 zawsze na czas. Dla wi\u0119kszo\u015bci z nich\u00a0ostre ko\u0142o sta\u0142o si\u0119 codziennym i, co wa\u017cne, niezawodnym \u015brodkiem transportu,\u00a0kt\u00f3ry sprawdzi si\u0119 w ka\u017cdych warunkach \u2013 nawet podczas srogich zim. Konstrukcyjny\u00a0minimalizm \u201eostrego\u201d sprawia, \u017ce w takim rowerze praktycznie nie ma si\u0119 co<br \/>\npopsu\u0107.<\/p>\n<figure class=\"tmblr-full\"><img decoding=\"async\" src=\"http:\/\/41.media.tumblr.com\/f4536ebc48c76cf8bdd2b99d6c6f43a5\/tumblr_inline_nrfi9fakXt1sfrvl6_540.jpg\" alt=\"\" \/><\/figure>\n<p><i><i>(\u0179r\u00f3d\u0142o: welovecycling.com)<\/i><\/i><b>\u00a0<\/b><\/p>\n<p><b>Szpanerzy czy kurierzy?<\/b><\/p>\n<p>Z czasem trend ostrego\u00a0ko\u0142a rozprzestrzeni\u0142 si\u0119. Nie trzeba by\u0107 ju\u017c kurierem, \u017ceby pozna\u0107 zalety ostrej<br \/>\njazdy \u2013 wiedz\u0105 o tym najlepiej u\u017cytkownicy, kt\u00f3rzy wcale nie maj\u0105 pilnych\u00a0przesy\u0142ek do dostarczenia, ironicznie nazywani przez kurier\u00f3w \u201efakengersami\u201d,\u00a0co w wolnym t\u0142umaczeniu mo\u017cna nazwa\u0107 \u201epodr\u00f3bk\u0105 kuriera\u201d. Czyste linie i prosty\u00a0design takich rower\u00f3w sprawiaj\u0105, \u017ce podobaj\u0105 si\u0119 hipsterom, kt\u00f3rzy kochaj\u0105\u00a0mod\u0119, trendy i gad\u017cety. Nic dziwnego, ka\u017cdy z nich jest wyrazem indywidualizmu\u00a0jego w\u0142a\u015bciciela, a niekt\u00f3re z nich przypominaj\u0105 nawet dzie\u0142a sztuki na dw\u00f3ch <a>k\u00f3\u0142kach<\/a>.<\/p>\n<p><b>Drogie, ale oszcz\u0119dne w eksploatacji<\/b><\/p>\n<p>Mo\u017cliwo\u015bci\u00a0personalizowania \u201efixies\u201d ogranicza jedynie wyobra\u017ania posiadacza. Mo\u017ce i dopasowanie\u00a0roweru do jego w\u0142a\u015bciciela poch\u0142ania du\u017co czasu i pieni\u0119dzy, ale za to po wybraniu\u00a0odpowiedniego dla siebie prze\u0142o\u017cenia i sfinalizowaniu zakupu, koszty napraw s\u0105\u00a0znikome ze wzgl\u0119du na ma\u0142\u0105 ilo\u015b\u0107 detali, kt\u00f3re mog\u0105 si\u0119 zepsu\u0107. Sprzedawcy<br \/>\njednak ostrzegaj\u0105 przed zakupem pierwszego \u201eostrego ko\u0142a\u201d. Chocia\u017c do roweru\u00a0bez hamulc\u00f3w i przerzutek mo\u017cna si\u0119 przyzwyczai\u0107 i w dodatku dobrze wygl\u0105da, nie\u00a0jest on rozwi\u0105zaniem dla ka\u017cdego \u2013 jazda na jednym prze\u0142o\u017ceniu mo\u017ce okaza\u0107 si\u0119\u00a0ma\u0142o praktyczna. Istnieje obawa, \u017ce szybko po\u017ca\u0142ujemy wydanych pieni\u0119dzy i\u00a0zat\u0119sknimy za klasycznymi dwoma k\u00f3\u0142kami.<\/p>\n<p><b>Kiedy sztuka spotyka technologi\u0119<\/b><\/p>\n<p>Dla niekt\u00f3rych\u00a0ostre ko\u0142o to idealna p\u0142aszczyzna artystycznej ekspresji. Ostre ko\u0142a s\u0105 pi\u0119kne\u00a0w swojej oszcz\u0119dno\u015bci i prostocie, dlatego z \u0142atwo\u015bci\u0105 udaje si\u0119 je\u00a0przyozdabia\u0107. Czasami wystarczy odpowiednia wizja, talent oraz zami\u0142owanie do\u00a0designu i mo\u017cna wystawi\u0107 swoje arcydzie\u0142o w mi\u0119dzynarodowych galeriach sztuki,\u00a0o czym przekona\u0142 si\u0119 duet artystyczny z Czech \u2013 Tomski &amp; Polanski design. Ostatnio\u00a0prace Tomski&amp;Polanski mo\u017cna by\u0142o zobaczy\u0107 r\u00f3wnie\u017c w filmie Wesa Andersona\u00a0\u201eGrand Budapest Hotel\u201d.<\/p>\n<figure class=\"tmblr-full\"><img decoding=\"async\" src=\"http:\/\/41.media.tumblr.com\/3c8201eb3369bd68ce378b0e3ce2d81f\/tumblr_inline_nrfie6lnm51sfrvl6_540.jpg\" alt=\"\" \/><\/figure>\n<p><i><i>(\u0179r\u00f3d\u0142o: welovecycling.com)<\/i><\/i><\/p>\n<p>Koncept \u201cilustrowanego\u00a0roweru\u201d Lukasa Tomka i Ilony Polanskiej jest naturaln\u0105 kontynuacj\u0105 ich\u00a0tw\u00f3rczo\u015bci \u2013 wcze\u015bniej zajmowali si\u0119 g\u0142\u00f3wnie ilustracjami do ksi\u0105\u017cek i gazet,\u00a0ale jako, \u017ce oboje s\u0105 zapalonymi rowerzystami stworzyli lini\u0119 rower\u00f3w Festka Urban Zero.<\/p>\n<p><b>Zakazana mi\u0142o\u015b\u0107<\/b><\/p>\n<p>Trzeba przyzna\u0107, \u017ce ostre ko\u0142o to wy\u017csza szko\u0142a jazdy \u2013 przemieszczanie\u00a0si\u0119 na takim rowerze wymaga od u\u017cytkownika ci\u0105g\u0142ej pracy mi\u0119\u015bni. Nie ka\u017cdego\u00a0poci\u0105ga te\u017c ryzykowna i bardzo szybka jazda\u2013 np. w Berlinie poruszanie si\u0119 na\u00a0rowerach bez hamulc\u00f3w zosta\u0142o zabronione. Taki \u015brodek transportu niemieccy\u00a0policjanci rekwiruj\u0105 ze wzgl\u0119du na bezpiecze\u0144stwo. Na szcz\u0119\u015bcie w Polsce ka\u017cdy\u00a0mi\u0142o\u015bnik dw\u00f3ch k\u00f3\u0142ek mo\u017ce wybra\u0107 jakim rowerem b\u0119dzie je\u017adzi\u0107.<\/p>\n","protected":false},"excerpt":{"rendered":"<p>Ekspresja artystycznej wizji, uproszczony design, czy po prostu genialne,\u00a0funkcjonalne rozwi\u0105zanie? Tak naprawd\u0119 \u201eOstre ko\u0142o\u201d, bo o nim tutaj mowa, \u0142\u0105czy\u00a0w [&hellip;]<\/p>\n","protected":false},"author":1,"featured_media":465,"comment_status":"open","ping_status":"open","sticky":false,"template":"","format":"standard","meta":{"footnotes":""},"categories":[1],"tags":[],"global-categories":[],"class_list":["post-2300","post","type-post","status-publish","format-standard","has-post-thumbnail","hentry","category-uncategorized"],"yoast_head":"<!-- This site is optimized with the Yoast SEO Premium plugin v25.3 (Yoast SEO v25.9) - https:\/\/yoast.com\/wordpress\/plugins\/seo\/ -->\n<title>Sztuka na dw\u00f3ch k\u00f3\u0142kach - \u0160koda We Love Cycling - Poland<\/title>\n<meta name=\"robots\" content=\"index, follow, max-snippet:-1, max-image-preview:large, max-video-preview:-1\" \/>\n<link rel=\"canonical\" href=\"https:\/\/www.welovecycling.com\/pl\/2015\/07\/13\/sztuka-na-dwoch-kolkach\/\" \/>\n<meta property=\"og:locale\" content=\"pl_PL\" \/>\n<meta property=\"og:type\" content=\"article\" \/>\n<meta property=\"og:title\" content=\"Sztuka na dw\u00f3ch k\u00f3\u0142kach\" \/>\n<meta property=\"og:description\" content=\"Ekspresja artystycznej wizji, uproszczony design, czy po prostu genialne,\u00a0funkcjonalne rozwi\u0105zanie? Tak naprawd\u0119 \u201eOstre ko\u0142o\u201d, bo o nim tutaj mowa, \u0142\u0105czy\u00a0w [&hellip;]\" \/>\n<meta property=\"og:url\" content=\"https:\/\/www.welovecycling.com\/pl\/2015\/07\/13\/sztuka-na-dwoch-kolkach\/\" \/>\n<meta property=\"og:site_name\" content=\"\u0160koda We Love Cycling - Poland\" \/>\n<meta property=\"article:published_time\" content=\"2015-07-13T13:51:08+00:00\" \/>\n<meta property=\"article:modified_time\" content=\"2016-12-05T10:02:39+00:00\" \/>\n<meta property=\"og:image\" content=\"https:\/\/d2p6e6u75xmxt8.cloudfront.net\/5\/2015\/07\/24.jpg\" \/>\n\t<meta property=\"og:image:width\" content=\"540\" \/>\n\t<meta property=\"og:image:height\" content=\"331\" \/>\n\t<meta property=\"og:image:type\" content=\"image\/jpeg\" \/>\n<meta name=\"author\" content=\"WeLoveCycling\" \/>\n<meta name=\"twitter:card\" content=\"summary_large_image\" \/>\n<meta name=\"twitter:label1\" content=\"Written by\" \/>\n\t<meta name=\"twitter:data1\" content=\"WeLoveCycling\" \/>\n\t<meta name=\"twitter:label2\" content=\"Est. reading time\" \/>\n\t<meta name=\"twitter:data2\" content=\"3 minutes\" \/>\n<script type=\"application\/ld+json\" class=\"yoast-schema-graph\">{\"@context\":\"https:\/\/schema.org\",\"@graph\":[{\"@type\":\"WebPage\",\"@id\":\"https:\/\/www.welovecycling.com\/pl\/2015\/07\/13\/sztuka-na-dwoch-kolkach\/\",\"url\":\"https:\/\/www.welovecycling.com\/pl\/2015\/07\/13\/sztuka-na-dwoch-kolkach\/\",\"name\":\"Sztuka na dw\u00f3ch k\u00f3\u0142kach - \u0160koda We Love Cycling - Poland\",\"isPartOf\":{\"@id\":\"https:\/\/www.welovecycling.com\/pl\/#website\"},\"primaryImageOfPage\":{\"@id\":\"https:\/\/www.welovecycling.com\/pl\/2015\/07\/13\/sztuka-na-dwoch-kolkach\/#primaryimage\"},\"image\":{\"@id\":\"https:\/\/www.welovecycling.com\/pl\/2015\/07\/13\/sztuka-na-dwoch-kolkach\/#primaryimage\"},\"thumbnailUrl\":\"https:\/\/d2p6e6u75xmxt8.cloudfront.net\/5\/2015\/07\/24.jpg\",\"datePublished\":\"2015-07-13T13:51:08+00:00\",\"dateModified\":\"2016-12-05T10:02:39+00:00\",\"author\":{\"@id\":\"https:\/\/www.welovecycling.com\/pl\/#\/schema\/person\/e5187c9cac8dd619ebc7b41bd73c2fd9\"},\"breadcrumb\":{\"@id\":\"https:\/\/www.welovecycling.com\/pl\/2015\/07\/13\/sztuka-na-dwoch-kolkach\/#breadcrumb\"},\"inLanguage\":\"pl-PL\",\"potentialAction\":[{\"@type\":\"ReadAction\",\"target\":[\"https:\/\/www.welovecycling.com\/pl\/2015\/07\/13\/sztuka-na-dwoch-kolkach\/\"]}]},{\"@type\":\"ImageObject\",\"inLanguage\":\"pl-PL\",\"@id\":\"https:\/\/www.welovecycling.com\/pl\/2015\/07\/13\/sztuka-na-dwoch-kolkach\/#primaryimage\",\"url\":\"https:\/\/d2p6e6u75xmxt8.cloudfront.net\/5\/2015\/07\/24.jpg\",\"contentUrl\":\"https:\/\/d2p6e6u75xmxt8.cloudfront.net\/5\/2015\/07\/24.jpg\",\"width\":540,\"height\":331},{\"@type\":\"BreadcrumbList\",\"@id\":\"https:\/\/www.welovecycling.com\/pl\/2015\/07\/13\/sztuka-na-dwoch-kolkach\/#breadcrumb\",\"itemListElement\":[{\"@type\":\"ListItem\",\"position\":1,\"name\":\"Home\",\"item\":\"https:\/\/www.welovecycling.com\/pl\/\"},{\"@type\":\"ListItem\",\"position\":2,\"name\":\"Sztuka na dw\u00f3ch k\u00f3\u0142kach\"}]},{\"@type\":\"WebSite\",\"@id\":\"https:\/\/www.welovecycling.com\/pl\/#website\",\"url\":\"https:\/\/www.welovecycling.com\/pl\/\",\"name\":\"\u0160koda We Love Cycling - Poland\",\"description\":\"\",\"potentialAction\":[{\"@type\":\"SearchAction\",\"target\":{\"@type\":\"EntryPoint\",\"urlTemplate\":\"https:\/\/www.welovecycling.com\/pl\/?s={search_term_string}\"},\"query-input\":{\"@type\":\"PropertyValueSpecification\",\"valueRequired\":true,\"valueName\":\"search_term_string\"}}],\"inLanguage\":\"pl-PL\"},{\"@type\":\"Person\",\"@id\":\"https:\/\/www.welovecycling.com\/pl\/#\/schema\/person\/e5187c9cac8dd619ebc7b41bd73c2fd9\",\"name\":\"WeLoveCycling\",\"image\":{\"@type\":\"ImageObject\",\"inLanguage\":\"pl-PL\",\"@id\":\"https:\/\/www.welovecycling.com\/pl\/#\/schema\/person\/image\/\",\"url\":\"https:\/\/secure.gravatar.com\/avatar\/7e1ee0ecc5e294b19ef32b9f6086e0afbb9da00c3cb0d465ba4695331f4a9187?s=96&d=mm&r=g\",\"contentUrl\":\"https:\/\/secure.gravatar.com\/avatar\/7e1ee0ecc5e294b19ef32b9f6086e0afbb9da00c3cb0d465ba4695331f4a9187?s=96&d=mm&r=g\",\"caption\":\"WeLoveCycling\"},\"url\":\"https:\/\/www.welovecycling.com\/pl\/author\/lukascech\/\"}]}<\/script>\n<!-- \/ Yoast SEO Premium plugin. -->","yoast_head_json":{"title":"Sztuka na dw\u00f3ch k\u00f3\u0142kach - \u0160koda We Love Cycling - Poland","robots":{"index":"index","follow":"follow","max-snippet":"max-snippet:-1","max-image-preview":"max-image-preview:large","max-video-preview":"max-video-preview:-1"},"canonical":"https:\/\/www.welovecycling.com\/pl\/2015\/07\/13\/sztuka-na-dwoch-kolkach\/","og_locale":"pl_PL","og_type":"article","og_title":"Sztuka na dw\u00f3ch k\u00f3\u0142kach","og_description":"Ekspresja artystycznej wizji, uproszczony design, czy po prostu genialne,\u00a0funkcjonalne rozwi\u0105zanie? Tak naprawd\u0119 \u201eOstre ko\u0142o\u201d, bo o nim tutaj mowa, \u0142\u0105czy\u00a0w [&hellip;]","og_url":"https:\/\/www.welovecycling.com\/pl\/2015\/07\/13\/sztuka-na-dwoch-kolkach\/","og_site_name":"\u0160koda We Love Cycling - Poland","article_published_time":"2015-07-13T13:51:08+00:00","article_modified_time":"2016-12-05T10:02:39+00:00","og_image":[{"width":540,"height":331,"url":"https:\/\/d2p6e6u75xmxt8.cloudfront.net\/5\/2015\/07\/24.jpg","type":"image\/jpeg"}],"author":"WeLoveCycling","twitter_card":"summary_large_image","twitter_misc":{"Written by":"WeLoveCycling","Est. reading time":"3 minutes"},"schema":{"@context":"https:\/\/schema.org","@graph":[{"@type":"WebPage","@id":"https:\/\/www.welovecycling.com\/pl\/2015\/07\/13\/sztuka-na-dwoch-kolkach\/","url":"https:\/\/www.welovecycling.com\/pl\/2015\/07\/13\/sztuka-na-dwoch-kolkach\/","name":"Sztuka na dw\u00f3ch k\u00f3\u0142kach - \u0160koda We Love Cycling - Poland","isPartOf":{"@id":"https:\/\/www.welovecycling.com\/pl\/#website"},"primaryImageOfPage":{"@id":"https:\/\/www.welovecycling.com\/pl\/2015\/07\/13\/sztuka-na-dwoch-kolkach\/#primaryimage"},"image":{"@id":"https:\/\/www.welovecycling.com\/pl\/2015\/07\/13\/sztuka-na-dwoch-kolkach\/#primaryimage"},"thumbnailUrl":"https:\/\/d2p6e6u75xmxt8.cloudfront.net\/5\/2015\/07\/24.jpg","datePublished":"2015-07-13T13:51:08+00:00","dateModified":"2016-12-05T10:02:39+00:00","author":{"@id":"https:\/\/www.welovecycling.com\/pl\/#\/schema\/person\/e5187c9cac8dd619ebc7b41bd73c2fd9"},"breadcrumb":{"@id":"https:\/\/www.welovecycling.com\/pl\/2015\/07\/13\/sztuka-na-dwoch-kolkach\/#breadcrumb"},"inLanguage":"pl-PL","potentialAction":[{"@type":"ReadAction","target":["https:\/\/www.welovecycling.com\/pl\/2015\/07\/13\/sztuka-na-dwoch-kolkach\/"]}]},{"@type":"ImageObject","inLanguage":"pl-PL","@id":"https:\/\/www.welovecycling.com\/pl\/2015\/07\/13\/sztuka-na-dwoch-kolkach\/#primaryimage","url":"https:\/\/d2p6e6u75xmxt8.cloudfront.net\/5\/2015\/07\/24.jpg","contentUrl":"https:\/\/d2p6e6u75xmxt8.cloudfront.net\/5\/2015\/07\/24.jpg","width":540,"height":331},{"@type":"BreadcrumbList","@id":"https:\/\/www.welovecycling.com\/pl\/2015\/07\/13\/sztuka-na-dwoch-kolkach\/#breadcrumb","itemListElement":[{"@type":"ListItem","position":1,"name":"Home","item":"https:\/\/www.welovecycling.com\/pl\/"},{"@type":"ListItem","position":2,"name":"Sztuka na dw\u00f3ch k\u00f3\u0142kach"}]},{"@type":"WebSite","@id":"https:\/\/www.welovecycling.com\/pl\/#website","url":"https:\/\/www.welovecycling.com\/pl\/","name":"\u0160koda We Love Cycling - Poland","description":"","potentialAction":[{"@type":"SearchAction","target":{"@type":"EntryPoint","urlTemplate":"https:\/\/www.welovecycling.com\/pl\/?s={search_term_string}"},"query-input":{"@type":"PropertyValueSpecification","valueRequired":true,"valueName":"search_term_string"}}],"inLanguage":"pl-PL"},{"@type":"Person","@id":"https:\/\/www.welovecycling.com\/pl\/#\/schema\/person\/e5187c9cac8dd619ebc7b41bd73c2fd9","name":"WeLoveCycling","image":{"@type":"ImageObject","inLanguage":"pl-PL","@id":"https:\/\/www.welovecycling.com\/pl\/#\/schema\/person\/image\/","url":"https:\/\/secure.gravatar.com\/avatar\/7e1ee0ecc5e294b19ef32b9f6086e0afbb9da00c3cb0d465ba4695331f4a9187?s=96&d=mm&r=g","contentUrl":"https:\/\/secure.gravatar.com\/avatar\/7e1ee0ecc5e294b19ef32b9f6086e0afbb9da00c3cb0d465ba4695331f4a9187?s=96&d=mm&r=g","caption":"WeLoveCycling"},"url":"https:\/\/www.welovecycling.com\/pl\/author\/lukascech\/"}]}},"_links":{"self":[{"href":"https:\/\/www.welovecycling.com\/pl\/wp-json\/wp\/v2\/posts\/2300","targetHints":{"allow":["GET"]}}],"collection":[{"href":"https:\/\/www.welovecycling.com\/pl\/wp-json\/wp\/v2\/posts"}],"about":[{"href":"https:\/\/www.welovecycling.com\/pl\/wp-json\/wp\/v2\/types\/post"}],"author":[{"embeddable":true,"href":"https:\/\/www.welovecycling.com\/pl\/wp-json\/wp\/v2\/users\/1"}],"replies":[{"embeddable":true,"href":"https:\/\/www.welovecycling.com\/pl\/wp-json\/wp\/v2\/comments?post=2300"}],"version-history":[{"count":1,"href":"https:\/\/www.welovecycling.com\/pl\/wp-json\/wp\/v2\/posts\/2300\/revisions"}],"predecessor-version":[{"id":2512,"href":"https:\/\/www.welovecycling.com\/pl\/wp-json\/wp\/v2\/posts\/2300\/revisions\/2512"}],"wp:featuredmedia":[{"embeddable":true,"href":"https:\/\/www.welovecycling.com\/pl\/wp-json\/wp\/v2\/media\/465"}],"wp:attachment":[{"href":"https:\/\/www.welovecycling.com\/pl\/wp-json\/wp\/v2\/media?parent=2300"}],"wp:term":[{"taxonomy":"category","embeddable":true,"href":"https:\/\/www.welovecycling.com\/pl\/wp-json\/wp\/v2\/categories?post=2300"},{"taxonomy":"post_tag","embeddable":true,"href":"https:\/\/www.welovecycling.com\/pl\/wp-json\/wp\/v2\/tags?post=2300"},{"taxonomy":"global-categories","embeddable":true,"href":"https:\/\/www.welovecycling.com\/pl\/wp-json\/wp\/v2\/global-categories?post=2300"}],"curies":[{"name":"wp","href":"https:\/\/api.w.org\/{rel}","templated":true}]}}