{"id":2298,"date":"2015-07-17T07:49:41","date_gmt":"2015-07-17T05:49:41","guid":{"rendered":"http:\/\/serwer1629254.home.pl\/index.php\/2015\/07\/17\/sprawozdanie-z-kolejnych-dwoch-etapow-tour-de\/"},"modified":"2016-12-05T10:00:00","modified_gmt":"2016-12-05T10:00:00","slug":"sprawozdanie-z-kolejnych-dwoch-etapow-tour-de","status":"publish","type":"post","link":"https:\/\/www.welovecycling.com\/pl\/2015\/07\/17\/sprawozdanie-z-kolejnych-dwoch-etapow-tour-de\/","title":{"rendered":"Sprawozdanie z kolejnych dw\u00f3ch etap\u00f3w Tour de France"},"content":{"rendered":"<p>Dziesi\u0105ty etap Tour de France nale\u017cy ju\u017c do przesz\u0142o\u015bci \u2013po samotnej ucieczce w La Pierre- Saint \u2013 Martin w Pirenejach, we wspania\u0142ym\u00a0stylu, wygra\u0142 go Chris Froome, kt\u00f3ry wysun\u0105\u0142 si\u0119 na prowadzenie w klasyfikacji\u00a0generalnej.<\/p>\n<p><!--more-->(\u0179r\u00f3d\u0142o: welovecycling.com)<\/p>\n<p>Na tym etapie Froome (SKY) wyprzedza\u0142 Amerykanina Tejaya Van\u00a0Garderena (BMC) oraz Kolumbijczyka Nairo Quintan\u0119 (Movistar).\u00a0Najlepszym\u00a0z Polak\u00f3w na etapie dziesi\u0105tym by\u0142 Bartosz Huzarski, kt\u00f3ry do Froome&#8217;a straci\u0142 troch\u0119\u00a0powy\u017cej sze\u015bciu sekund. Rafa\u0142 Majka przyjecha\u0142 48.\u00a0W 11. etapie na uczestnik\u00f3w \u201eWielkiej P\u0119tli\u201d czeka\u0142\u00a0kolejny g\u00f3rski odcinek prowadz\u0105cy z Pau do Cauterets przez s\u0142ynn\u0105 prze\u0142\u0119cz\u00a0Aspin (1490 m) i\u00a0legendarny podjazd Tourmalet (2115 m). Tym razem, po jego\u00a0uko\u0144czeniu nazwisko Rafa\u0142a Majki odmieniane by\u0142o przez wszystkie przypadki.<\/p>\n<figure class=\"tmblr-full\"><img decoding=\"async\" src=\"http:\/\/41.media.tumblr.com\/c27d2603c73c288f86ea2c602ef1d373\/tumblr_inline_nrmgeevc9Y1sfrvl6_540.jpg\" alt=\"image\" \/><\/figure>\n<p><i><i>(\u0179r\u00f3d\u0142o: welovecycling.com)<\/i><\/i><\/p>\n<p>Rafa\u0142 Majka oderwa\u0142 si\u0119 z 8-osobowej ucieczki, by\u00a0ostatnie 50 km przejecha\u0107 samotnie, ze spokojem przecinaj\u0105c jako pierwszy lini\u0119\u00a0mety. Zwyci\u0119stwo zadedykowa\u0142 kolegom Ivanowi Basso i Daniele Bennatiemu. Dzi\u0119ki\u00a0sukcesowi Rafa\u0142 nie tylko podni\u00f3s\u0142 morale swojego teamu, ale te\u017c przesun\u0105\u0142 si\u0119\u00a0ze 104. pozycji na 46. Liderem nadal pozostaje Christopher Froome.<\/p>\n<p>Wczoraj natomiast o zawa\u0142 serca przyprawia\u0142 nas kolejny\u00a0nasz rodak, Micha\u0142 Kwiatkowski. Jego heroiczna walka w ci\u0119\u017ckich warunkach\u00a0pogodowych zosta\u0142a nagrodzona, drugim ju\u017c w tym roku, tytu\u0142em najbardziej\u00a0aktywnego zawodnika etapu Tour de France.<\/p>\n<p>Kto poradzi sobie najlepiej na kolejnym odcinku? \u015aled\u017a wy\u015bcig minuta po\u00a0minucie dzi\u0119ki oficjalnej aplikacji\u201eWielkiej P\u0119tli\u201d, bo emocji ca\u0142y czas nie brakuje:<\/p>\n<p><a href=\"https:\/\/play.google.com\/store\/apps\/details?id=com.aso.tdf2012int&amp;hl=pl\">https:\/\/play.google.com\/store\/apps\/details?id=com.aso.tdf2012int&amp;hl=pl<\/a><\/p>\n<p><a href=\"https:\/\/itunes.apple.com\/gb\/app\/tour-france-2014-presented\/id537634796?l=en&amp;ls=1&amp;mt=8\">https:\/\/itunes.apple.com\/gb\/app\/tour-france-2014-presented\/id537634796?l=en&amp;ls=1&amp;mt=8<\/a><\/p>\n<p>Kochasz kolarstwo? Zagl\u0105daj na nasz\u0105 stron\u0119 po jeszcze\u00a0wi\u0119cej sportowych emocji, porady, artyku\u0142y i filmiki z udzia\u0142em Mistrza \u015awiata,\u00a0Micha\u0142a Kwiatkowskiego.<\/p>\n","protected":false},"excerpt":{"rendered":"<p>Dziesi\u0105ty etap Tour de France nale\u017cy ju\u017c do przesz\u0142o\u015bci \u2013po samotnej ucieczce w La Pierre- Saint \u2013 Martin w Pirenejach, [&hellip;]<\/p>\n","protected":false},"author":1,"featured_media":457,"comment_status":"open","ping_status":"open","sticky":false,"template":"","format":"standard","meta":{"footnotes":""},"categories":[1],"tags":[],"global-categories":[],"class_list":["post-2298","post","type-post","status-publish","format-standard","has-post-thumbnail","hentry","category-uncategorized"],"yoast_head":"<!-- This site is optimized with the Yoast SEO Premium plugin v25.3 (Yoast SEO v25.9) - https:\/\/yoast.com\/wordpress\/plugins\/seo\/ -->\n<title>Sprawozdanie z kolejnych dw\u00f3ch etap\u00f3w Tour de France - \u0160koda We Love Cycling - Poland<\/title>\n<meta name=\"robots\" content=\"index, follow, max-snippet:-1, max-image-preview:large, max-video-preview:-1\" \/>\n<link rel=\"canonical\" href=\"https:\/\/www.welovecycling.com\/pl\/2015\/07\/17\/sprawozdanie-z-kolejnych-dwoch-etapow-tour-de\/\" \/>\n<meta property=\"og:locale\" content=\"pl_PL\" \/>\n<meta property=\"og:type\" content=\"article\" \/>\n<meta property=\"og:title\" content=\"Sprawozdanie z kolejnych dw\u00f3ch etap\u00f3w Tour de France\" \/>\n<meta property=\"og:description\" content=\"Dziesi\u0105ty etap Tour de France nale\u017cy ju\u017c do przesz\u0142o\u015bci \u2013po samotnej ucieczce w La Pierre- Saint \u2013 Martin w Pirenejach, [&hellip;]\" \/>\n<meta property=\"og:url\" content=\"https:\/\/www.welovecycling.com\/pl\/2015\/07\/17\/sprawozdanie-z-kolejnych-dwoch-etapow-tour-de\/\" \/>\n<meta property=\"og:site_name\" content=\"\u0160koda We Love Cycling - Poland\" \/>\n<meta property=\"article:published_time\" content=\"2015-07-17T05:49:41+00:00\" \/>\n<meta property=\"article:modified_time\" content=\"2016-12-05T10:00:00+00:00\" \/>\n<meta property=\"og:image\" content=\"https:\/\/d2p6e6u75xmxt8.cloudfront.net\/5\/2015\/07\/21.jpg\" \/>\n\t<meta property=\"og:image:width\" content=\"540\" \/>\n\t<meta property=\"og:image:height\" content=\"359\" \/>\n\t<meta property=\"og:image:type\" content=\"image\/jpeg\" \/>\n<meta name=\"author\" content=\"WeLoveCycling\" \/>\n<meta name=\"twitter:card\" content=\"summary_large_image\" \/>\n<meta name=\"twitter:label1\" content=\"Written by\" \/>\n\t<meta name=\"twitter:data1\" content=\"WeLoveCycling\" \/>\n\t<meta name=\"twitter:label2\" content=\"Est. reading time\" \/>\n\t<meta name=\"twitter:data2\" content=\"2 minutes\" \/>\n<script type=\"application\/ld+json\" class=\"yoast-schema-graph\">{\"@context\":\"https:\/\/schema.org\",\"@graph\":[{\"@type\":\"WebPage\",\"@id\":\"https:\/\/www.welovecycling.com\/pl\/2015\/07\/17\/sprawozdanie-z-kolejnych-dwoch-etapow-tour-de\/\",\"url\":\"https:\/\/www.welovecycling.com\/pl\/2015\/07\/17\/sprawozdanie-z-kolejnych-dwoch-etapow-tour-de\/\",\"name\":\"Sprawozdanie z kolejnych dw\u00f3ch etap\u00f3w Tour de France - \u0160koda We Love Cycling - Poland\",\"isPartOf\":{\"@id\":\"https:\/\/www.welovecycling.com\/pl\/#website\"},\"primaryImageOfPage\":{\"@id\":\"https:\/\/www.welovecycling.com\/pl\/2015\/07\/17\/sprawozdanie-z-kolejnych-dwoch-etapow-tour-de\/#primaryimage\"},\"image\":{\"@id\":\"https:\/\/www.welovecycling.com\/pl\/2015\/07\/17\/sprawozdanie-z-kolejnych-dwoch-etapow-tour-de\/#primaryimage\"},\"thumbnailUrl\":\"https:\/\/d2p6e6u75xmxt8.cloudfront.net\/5\/2015\/07\/21.jpg\",\"datePublished\":\"2015-07-17T05:49:41+00:00\",\"dateModified\":\"2016-12-05T10:00:00+00:00\",\"author\":{\"@id\":\"https:\/\/www.welovecycling.com\/pl\/#\/schema\/person\/e5187c9cac8dd619ebc7b41bd73c2fd9\"},\"breadcrumb\":{\"@id\":\"https:\/\/www.welovecycling.com\/pl\/2015\/07\/17\/sprawozdanie-z-kolejnych-dwoch-etapow-tour-de\/#breadcrumb\"},\"inLanguage\":\"pl-PL\",\"potentialAction\":[{\"@type\":\"ReadAction\",\"target\":[\"https:\/\/www.welovecycling.com\/pl\/2015\/07\/17\/sprawozdanie-z-kolejnych-dwoch-etapow-tour-de\/\"]}]},{\"@type\":\"ImageObject\",\"inLanguage\":\"pl-PL\",\"@id\":\"https:\/\/www.welovecycling.com\/pl\/2015\/07\/17\/sprawozdanie-z-kolejnych-dwoch-etapow-tour-de\/#primaryimage\",\"url\":\"https:\/\/d2p6e6u75xmxt8.cloudfront.net\/5\/2015\/07\/21.jpg\",\"contentUrl\":\"https:\/\/d2p6e6u75xmxt8.cloudfront.net\/5\/2015\/07\/21.jpg\",\"width\":540,\"height\":359},{\"@type\":\"BreadcrumbList\",\"@id\":\"https:\/\/www.welovecycling.com\/pl\/2015\/07\/17\/sprawozdanie-z-kolejnych-dwoch-etapow-tour-de\/#breadcrumb\",\"itemListElement\":[{\"@type\":\"ListItem\",\"position\":1,\"name\":\"Home\",\"item\":\"https:\/\/www.welovecycling.com\/pl\/\"},{\"@type\":\"ListItem\",\"position\":2,\"name\":\"Sprawozdanie z kolejnych dw\u00f3ch etap\u00f3w Tour de France\"}]},{\"@type\":\"WebSite\",\"@id\":\"https:\/\/www.welovecycling.com\/pl\/#website\",\"url\":\"https:\/\/www.welovecycling.com\/pl\/\",\"name\":\"\u0160koda We Love Cycling - Poland\",\"description\":\"\",\"potentialAction\":[{\"@type\":\"SearchAction\",\"target\":{\"@type\":\"EntryPoint\",\"urlTemplate\":\"https:\/\/www.welovecycling.com\/pl\/?s={search_term_string}\"},\"query-input\":{\"@type\":\"PropertyValueSpecification\",\"valueRequired\":true,\"valueName\":\"search_term_string\"}}],\"inLanguage\":\"pl-PL\"},{\"@type\":\"Person\",\"@id\":\"https:\/\/www.welovecycling.com\/pl\/#\/schema\/person\/e5187c9cac8dd619ebc7b41bd73c2fd9\",\"name\":\"WeLoveCycling\",\"image\":{\"@type\":\"ImageObject\",\"inLanguage\":\"pl-PL\",\"@id\":\"https:\/\/www.welovecycling.com\/pl\/#\/schema\/person\/image\/\",\"url\":\"https:\/\/secure.gravatar.com\/avatar\/7e1ee0ecc5e294b19ef32b9f6086e0afbb9da00c3cb0d465ba4695331f4a9187?s=96&d=mm&r=g\",\"contentUrl\":\"https:\/\/secure.gravatar.com\/avatar\/7e1ee0ecc5e294b19ef32b9f6086e0afbb9da00c3cb0d465ba4695331f4a9187?s=96&d=mm&r=g\",\"caption\":\"WeLoveCycling\"},\"url\":\"https:\/\/www.welovecycling.com\/pl\/author\/lukascech\/\"}]}<\/script>\n<!-- \/ Yoast SEO Premium plugin. -->","yoast_head_json":{"title":"Sprawozdanie z kolejnych dw\u00f3ch etap\u00f3w Tour de France - \u0160koda We Love Cycling - Poland","robots":{"index":"index","follow":"follow","max-snippet":"max-snippet:-1","max-image-preview":"max-image-preview:large","max-video-preview":"max-video-preview:-1"},"canonical":"https:\/\/www.welovecycling.com\/pl\/2015\/07\/17\/sprawozdanie-z-kolejnych-dwoch-etapow-tour-de\/","og_locale":"pl_PL","og_type":"article","og_title":"Sprawozdanie z kolejnych dw\u00f3ch etap\u00f3w Tour de France","og_description":"Dziesi\u0105ty etap Tour de France nale\u017cy ju\u017c do przesz\u0142o\u015bci \u2013po samotnej ucieczce w La Pierre- Saint \u2013 Martin w Pirenejach, [&hellip;]","og_url":"https:\/\/www.welovecycling.com\/pl\/2015\/07\/17\/sprawozdanie-z-kolejnych-dwoch-etapow-tour-de\/","og_site_name":"\u0160koda We Love Cycling - Poland","article_published_time":"2015-07-17T05:49:41+00:00","article_modified_time":"2016-12-05T10:00:00+00:00","og_image":[{"width":540,"height":359,"url":"https:\/\/d2p6e6u75xmxt8.cloudfront.net\/5\/2015\/07\/21.jpg","type":"image\/jpeg"}],"author":"WeLoveCycling","twitter_card":"summary_large_image","twitter_misc":{"Written by":"WeLoveCycling","Est. reading time":"2 minutes"},"schema":{"@context":"https:\/\/schema.org","@graph":[{"@type":"WebPage","@id":"https:\/\/www.welovecycling.com\/pl\/2015\/07\/17\/sprawozdanie-z-kolejnych-dwoch-etapow-tour-de\/","url":"https:\/\/www.welovecycling.com\/pl\/2015\/07\/17\/sprawozdanie-z-kolejnych-dwoch-etapow-tour-de\/","name":"Sprawozdanie z kolejnych dw\u00f3ch etap\u00f3w Tour de France - \u0160koda We Love Cycling - Poland","isPartOf":{"@id":"https:\/\/www.welovecycling.com\/pl\/#website"},"primaryImageOfPage":{"@id":"https:\/\/www.welovecycling.com\/pl\/2015\/07\/17\/sprawozdanie-z-kolejnych-dwoch-etapow-tour-de\/#primaryimage"},"image":{"@id":"https:\/\/www.welovecycling.com\/pl\/2015\/07\/17\/sprawozdanie-z-kolejnych-dwoch-etapow-tour-de\/#primaryimage"},"thumbnailUrl":"https:\/\/d2p6e6u75xmxt8.cloudfront.net\/5\/2015\/07\/21.jpg","datePublished":"2015-07-17T05:49:41+00:00","dateModified":"2016-12-05T10:00:00+00:00","author":{"@id":"https:\/\/www.welovecycling.com\/pl\/#\/schema\/person\/e5187c9cac8dd619ebc7b41bd73c2fd9"},"breadcrumb":{"@id":"https:\/\/www.welovecycling.com\/pl\/2015\/07\/17\/sprawozdanie-z-kolejnych-dwoch-etapow-tour-de\/#breadcrumb"},"inLanguage":"pl-PL","potentialAction":[{"@type":"ReadAction","target":["https:\/\/www.welovecycling.com\/pl\/2015\/07\/17\/sprawozdanie-z-kolejnych-dwoch-etapow-tour-de\/"]}]},{"@type":"ImageObject","inLanguage":"pl-PL","@id":"https:\/\/www.welovecycling.com\/pl\/2015\/07\/17\/sprawozdanie-z-kolejnych-dwoch-etapow-tour-de\/#primaryimage","url":"https:\/\/d2p6e6u75xmxt8.cloudfront.net\/5\/2015\/07\/21.jpg","contentUrl":"https:\/\/d2p6e6u75xmxt8.cloudfront.net\/5\/2015\/07\/21.jpg","width":540,"height":359},{"@type":"BreadcrumbList","@id":"https:\/\/www.welovecycling.com\/pl\/2015\/07\/17\/sprawozdanie-z-kolejnych-dwoch-etapow-tour-de\/#breadcrumb","itemListElement":[{"@type":"ListItem","position":1,"name":"Home","item":"https:\/\/www.welovecycling.com\/pl\/"},{"@type":"ListItem","position":2,"name":"Sprawozdanie z kolejnych dw\u00f3ch etap\u00f3w Tour de France"}]},{"@type":"WebSite","@id":"https:\/\/www.welovecycling.com\/pl\/#website","url":"https:\/\/www.welovecycling.com\/pl\/","name":"\u0160koda We Love Cycling - Poland","description":"","potentialAction":[{"@type":"SearchAction","target":{"@type":"EntryPoint","urlTemplate":"https:\/\/www.welovecycling.com\/pl\/?s={search_term_string}"},"query-input":{"@type":"PropertyValueSpecification","valueRequired":true,"valueName":"search_term_string"}}],"inLanguage":"pl-PL"},{"@type":"Person","@id":"https:\/\/www.welovecycling.com\/pl\/#\/schema\/person\/e5187c9cac8dd619ebc7b41bd73c2fd9","name":"WeLoveCycling","image":{"@type":"ImageObject","inLanguage":"pl-PL","@id":"https:\/\/www.welovecycling.com\/pl\/#\/schema\/person\/image\/","url":"https:\/\/secure.gravatar.com\/avatar\/7e1ee0ecc5e294b19ef32b9f6086e0afbb9da00c3cb0d465ba4695331f4a9187?s=96&d=mm&r=g","contentUrl":"https:\/\/secure.gravatar.com\/avatar\/7e1ee0ecc5e294b19ef32b9f6086e0afbb9da00c3cb0d465ba4695331f4a9187?s=96&d=mm&r=g","caption":"WeLoveCycling"},"url":"https:\/\/www.welovecycling.com\/pl\/author\/lukascech\/"}]}},"_links":{"self":[{"href":"https:\/\/www.welovecycling.com\/pl\/wp-json\/wp\/v2\/posts\/2298","targetHints":{"allow":["GET"]}}],"collection":[{"href":"https:\/\/www.welovecycling.com\/pl\/wp-json\/wp\/v2\/posts"}],"about":[{"href":"https:\/\/www.welovecycling.com\/pl\/wp-json\/wp\/v2\/types\/post"}],"author":[{"embeddable":true,"href":"https:\/\/www.welovecycling.com\/pl\/wp-json\/wp\/v2\/users\/1"}],"replies":[{"embeddable":true,"href":"https:\/\/www.welovecycling.com\/pl\/wp-json\/wp\/v2\/comments?post=2298"}],"version-history":[{"count":1,"href":"https:\/\/www.welovecycling.com\/pl\/wp-json\/wp\/v2\/posts\/2298\/revisions"}],"predecessor-version":[{"id":2510,"href":"https:\/\/www.welovecycling.com\/pl\/wp-json\/wp\/v2\/posts\/2298\/revisions\/2510"}],"wp:featuredmedia":[{"embeddable":true,"href":"https:\/\/www.welovecycling.com\/pl\/wp-json\/wp\/v2\/media\/457"}],"wp:attachment":[{"href":"https:\/\/www.welovecycling.com\/pl\/wp-json\/wp\/v2\/media?parent=2298"}],"wp:term":[{"taxonomy":"category","embeddable":true,"href":"https:\/\/www.welovecycling.com\/pl\/wp-json\/wp\/v2\/categories?post=2298"},{"taxonomy":"post_tag","embeddable":true,"href":"https:\/\/www.welovecycling.com\/pl\/wp-json\/wp\/v2\/tags?post=2298"},{"taxonomy":"global-categories","embeddable":true,"href":"https:\/\/www.welovecycling.com\/pl\/wp-json\/wp\/v2\/global-categories?post=2298"}],"curies":[{"name":"wp","href":"https:\/\/api.w.org\/{rel}","templated":true}]}}