{"id":2294,"date":"2015-07-29T14:06:21","date_gmt":"2015-07-29T12:06:21","guid":{"rendered":"http:\/\/serwer1629254.home.pl\/index.php\/2015\/07\/29\/zwyciestwo-po-raz-drugi\/"},"modified":"2016-12-05T09:59:59","modified_gmt":"2016-12-05T09:59:59","slug":"zwyciestwo-po-raz-drugi","status":"publish","type":"post","link":"https:\/\/www.welovecycling.com\/pl\/2015\/07\/29\/zwyciestwo-po-raz-drugi\/","title":{"rendered":"Zwyci\u0119stwo po raz drugi"},"content":{"rendered":"<p>Najs\u0142ynniejszy, wieloetapowy wy\u015bcig Tour de France zako\u0144czy\u0142 si\u0119 zwyci\u0119stwem\u00a0Chrisa Froome\u2019a z dru\u017cyny Sky.<\/p>\n<p><!--more-->(\u0179r\u00f3d\u0142o: welovecycling.com)<\/p>\n<p>Na wspania\u0142ej,\u00a0reprezentacyjnej alei Pary\u017ca, otrzyma\u0142 on gratulacje, m. in. z r\u0105k dyrektora\u00a0dzia\u0142u personalnego \u0160KODY, Bohdana Wojnara.\u00a0(W klasyfikacji generalnej Brytyjczyk wyprzedzi\u0142 dw\u00f3ch kolarzy w grupy\u00a0Movistar \u2013 Kolumbijczyka Nairo Quintan\u0119 i Hiszpana Alejandra Valverde. Opr\u00f3cz\u00a0zwyci\u0119stwa ca\u0142ego wy\u015bcigu Froome uplasowa\u0142 si\u0119 r\u00f3wnie\u017c na pierwszym miejscu\u00a0klasyfikacji g\u00f3rskiej. Ju\u017c na pierwszym g\u00f3rskim etapie w Pirenejach Brytyjczyk\u00a0pokaza\u0142, \u017ce nie b\u0119dzie z nim \u0142atwo. Gratulujemy, tym bardziej, \u017ce Froome wygra\u0142\u00a0Wielk\u0105 P\u0119tl\u0119 po raz drugi!<\/p>\n<p>Tak\u017ce po raz drugi z kolei, niestety, Nairo Quintana musia\u0142 zadowoli\u0107 si\u0119\u00a0\u015brodkowym miejscem na podium. Jednak bior\u0105c pod uwag\u0119 jego wiek (25 lat), to\u00a0jeszcze wszystko przed nim!<\/p>\n<p>Najlepszym zawodnikiem w\u015br\u00f3d Polak\u00f3w okaza\u0142 si\u0119\u00a0Rafa\u0142 Majka, kt\u00f3ry w klasyfikacji generalnej uplasowa\u0142 si\u0119 na 28. miejscu. Na\u00a095. miejsce wspi\u0105\u0142 si\u0119 Micha\u0142 Go\u0142a\u015b, a na 108. Bartosz Huzarski. Micha\u0142\u00a0Kwiatkowski wycofa\u0142 si\u0119 w trzecim tygodniu wy\u015bcigu na etapie w Alpach. Liczymy\u00a0na to, \u017ce zbierze si\u0142y i jeszcze nas zaskoczy!<\/p>\n<p>Klasyfikacja\u00a0generalna Tour de France:<\/p>\n<p>1. Christopher Froome (SKY)<\/p>\n<p>2.Nairo Alexander Quintana Rojas (MOV) +\u00a01:12<\/p>\n<p>3.Alejandro Valverde Belmonte (MOV) + 5:25<\/p>\n<p>4.Vincenzo Nibali (AST) + 8:36<\/p>\n<p>5.Alberto Contador (TCS) + 9:48<\/p>\n<p>6.Robert Gesink (TLJ) + 10:47<\/p>\n<p>7.Bauke Mollema (TFR) + 15:14<\/p>\n<p>8.Mathias Frank (IAM) + 15:39<\/p>\n<p>9.Romain Bardet (ALM) + 16:00<\/p>\n<p>10. Pierre Rolland (EUC) + 17:30<br \/>\n\u2014<\/p>\n<p>28. Rafa\u0142 Majka (TCS) +\u00a01.35:06<br \/>\n95. Micha\u0142 Go\u0142a\u015b (EQS) + 3.21:17<\/p>\n<p>108. Bartosz Huzarski\u00a0(BOA) + 3.38:06<\/p>\n<p>(\u017ar\u00f3d\u0142o danych: EuroSport)<\/p>\n<p>Zwyci\u0119zcy wy\u015bcigu podczas wr\u0119czania nagr\u00f3d z rado\u015bci\u0105 wznosili wykonane z\u00a0czeskich kryszta\u0142\u00f3w puchary, kt\u00f3re zaprojektowa\u0142a \u0160koda. Zwyci\u0119zca\u00a0zielonej koszulki, najlepszy sprinter Peter Sagan zosta\u0142 obdarowany specjalnym<br \/>\nzielonym pucharem.<\/p>\n<figure class=\"tmblr-full\"><img decoding=\"async\" src=\"http:\/\/36.media.tumblr.com\/20c9b9087c1ed6bea93875654573bca3\/tumblr_inline_ns95tgbuhj1sfrvl6_540.jpg\" alt=\"image\" \/><\/figure>\n<p><i><i>(\u0179r\u00f3d\u0142o: welovecycling.com)<\/i><\/i><\/p>\n<p>Cieszymy si\u0119, \u017ce\u00a0ju\u017c po raz dwunasty mogli\u015bmy wspiera\u0107 najwi\u0119ksze kolarskie wydarzenie na<br \/>\n\u015bwiecie, a najlepsza \u0160koda w\u00a0historii \u2013 premierowa Nowa \u0160koda Superb jako<b> <\/b>\u201eczerwonym samoch\u00f3d\u201d Tour de France\u00a0przewodzi\u0142a peletonowi kolarzy.<\/p>\n<figure class=\"tmblr-full\"><img decoding=\"async\" src=\"http:\/\/41.media.tumblr.com\/cf7136ac4df965f86add365ec59d3ed0\/tumblr_inline_ns95u3NjxV1sfrvl6_540.jpg\" alt=\"image\" \/><\/figure>\n<p><i><i>(\u0179r\u00f3d\u0142o: welovecycling.com)<\/i><\/i><\/p>\n<p>Kolejny raz nasze\u00a0samochody okaza\u0142y si\u0119 niezawodne i mog\u0142y by\u0107 wsparciem dla zawodnik\u00f3w podczas\u00a0wy\u015bcigu, co jest dla nas prawdziwym powodem do dumy.<\/p>\n<p>Dzi\u0119kujemy i do\u00a0zobaczenia za rok!<\/p>\n","protected":false},"excerpt":{"rendered":"<p>Najs\u0142ynniejszy, wieloetapowy wy\u015bcig Tour de France zako\u0144czy\u0142 si\u0119 zwyci\u0119stwem\u00a0Chrisa Froome\u2019a z dru\u017cyny Sky.<\/p>\n","protected":false},"author":1,"featured_media":443,"comment_status":"open","ping_status":"open","sticky":false,"template":"","format":"standard","meta":{"footnotes":""},"categories":[1],"tags":[],"global-categories":[],"class_list":["post-2294","post","type-post","status-publish","format-standard","has-post-thumbnail","hentry","category-uncategorized"],"yoast_head":"<!-- This site is optimized with the Yoast SEO Premium plugin v25.3 (Yoast SEO v25.9) - https:\/\/yoast.com\/wordpress\/plugins\/seo\/ -->\n<title>Zwyci\u0119stwo po raz drugi - \u0160koda We Love Cycling - Poland<\/title>\n<meta name=\"robots\" content=\"index, follow, max-snippet:-1, max-image-preview:large, max-video-preview:-1\" \/>\n<link rel=\"canonical\" href=\"https:\/\/www.welovecycling.com\/pl\/2015\/07\/29\/zwyciestwo-po-raz-drugi\/\" \/>\n<meta property=\"og:locale\" content=\"pl_PL\" \/>\n<meta property=\"og:type\" content=\"article\" \/>\n<meta property=\"og:title\" content=\"Zwyci\u0119stwo po raz drugi\" \/>\n<meta property=\"og:description\" content=\"Najs\u0142ynniejszy, wieloetapowy wy\u015bcig Tour de France zako\u0144czy\u0142 si\u0119 zwyci\u0119stwem\u00a0Chrisa Froome\u2019a z dru\u017cyny Sky.\" \/>\n<meta property=\"og:url\" content=\"https:\/\/www.welovecycling.com\/pl\/2015\/07\/29\/zwyciestwo-po-raz-drugi\/\" \/>\n<meta property=\"og:site_name\" content=\"\u0160koda We Love Cycling - Poland\" \/>\n<meta property=\"article:published_time\" content=\"2015-07-29T12:06:21+00:00\" \/>\n<meta property=\"article:modified_time\" content=\"2016-12-05T09:59:59+00:00\" \/>\n<meta property=\"og:image\" content=\"https:\/\/d2p6e6u75xmxt8.cloudfront.net\/5\/2015\/07\/17.jpg\" \/>\n\t<meta property=\"og:image:width\" content=\"540\" \/>\n\t<meta property=\"og:image:height\" content=\"359\" \/>\n\t<meta property=\"og:image:type\" content=\"image\/jpeg\" \/>\n<meta name=\"author\" content=\"WeLoveCycling\" \/>\n<meta name=\"twitter:card\" content=\"summary_large_image\" \/>\n<meta name=\"twitter:label1\" content=\"Written by\" \/>\n\t<meta name=\"twitter:data1\" content=\"WeLoveCycling\" \/>\n\t<meta name=\"twitter:label2\" content=\"Est. reading time\" \/>\n\t<meta name=\"twitter:data2\" content=\"2 minutes\" \/>\n<script type=\"application\/ld+json\" class=\"yoast-schema-graph\">{\"@context\":\"https:\/\/schema.org\",\"@graph\":[{\"@type\":\"WebPage\",\"@id\":\"https:\/\/www.welovecycling.com\/pl\/2015\/07\/29\/zwyciestwo-po-raz-drugi\/\",\"url\":\"https:\/\/www.welovecycling.com\/pl\/2015\/07\/29\/zwyciestwo-po-raz-drugi\/\",\"name\":\"Zwyci\u0119stwo po raz drugi - \u0160koda We Love Cycling - Poland\",\"isPartOf\":{\"@id\":\"https:\/\/www.welovecycling.com\/pl\/#website\"},\"primaryImageOfPage\":{\"@id\":\"https:\/\/www.welovecycling.com\/pl\/2015\/07\/29\/zwyciestwo-po-raz-drugi\/#primaryimage\"},\"image\":{\"@id\":\"https:\/\/www.welovecycling.com\/pl\/2015\/07\/29\/zwyciestwo-po-raz-drugi\/#primaryimage\"},\"thumbnailUrl\":\"https:\/\/d2p6e6u75xmxt8.cloudfront.net\/5\/2015\/07\/17.jpg\",\"datePublished\":\"2015-07-29T12:06:21+00:00\",\"dateModified\":\"2016-12-05T09:59:59+00:00\",\"author\":{\"@id\":\"https:\/\/www.welovecycling.com\/pl\/#\/schema\/person\/e5187c9cac8dd619ebc7b41bd73c2fd9\"},\"breadcrumb\":{\"@id\":\"https:\/\/www.welovecycling.com\/pl\/2015\/07\/29\/zwyciestwo-po-raz-drugi\/#breadcrumb\"},\"inLanguage\":\"pl-PL\",\"potentialAction\":[{\"@type\":\"ReadAction\",\"target\":[\"https:\/\/www.welovecycling.com\/pl\/2015\/07\/29\/zwyciestwo-po-raz-drugi\/\"]}]},{\"@type\":\"ImageObject\",\"inLanguage\":\"pl-PL\",\"@id\":\"https:\/\/www.welovecycling.com\/pl\/2015\/07\/29\/zwyciestwo-po-raz-drugi\/#primaryimage\",\"url\":\"https:\/\/d2p6e6u75xmxt8.cloudfront.net\/5\/2015\/07\/17.jpg\",\"contentUrl\":\"https:\/\/d2p6e6u75xmxt8.cloudfront.net\/5\/2015\/07\/17.jpg\",\"width\":540,\"height\":359},{\"@type\":\"BreadcrumbList\",\"@id\":\"https:\/\/www.welovecycling.com\/pl\/2015\/07\/29\/zwyciestwo-po-raz-drugi\/#breadcrumb\",\"itemListElement\":[{\"@type\":\"ListItem\",\"position\":1,\"name\":\"Home\",\"item\":\"https:\/\/www.welovecycling.com\/pl\/\"},{\"@type\":\"ListItem\",\"position\":2,\"name\":\"Zwyci\u0119stwo po raz drugi\"}]},{\"@type\":\"WebSite\",\"@id\":\"https:\/\/www.welovecycling.com\/pl\/#website\",\"url\":\"https:\/\/www.welovecycling.com\/pl\/\",\"name\":\"\u0160koda We Love Cycling - Poland\",\"description\":\"\",\"potentialAction\":[{\"@type\":\"SearchAction\",\"target\":{\"@type\":\"EntryPoint\",\"urlTemplate\":\"https:\/\/www.welovecycling.com\/pl\/?s={search_term_string}\"},\"query-input\":{\"@type\":\"PropertyValueSpecification\",\"valueRequired\":true,\"valueName\":\"search_term_string\"}}],\"inLanguage\":\"pl-PL\"},{\"@type\":\"Person\",\"@id\":\"https:\/\/www.welovecycling.com\/pl\/#\/schema\/person\/e5187c9cac8dd619ebc7b41bd73c2fd9\",\"name\":\"WeLoveCycling\",\"image\":{\"@type\":\"ImageObject\",\"inLanguage\":\"pl-PL\",\"@id\":\"https:\/\/www.welovecycling.com\/pl\/#\/schema\/person\/image\/\",\"url\":\"https:\/\/secure.gravatar.com\/avatar\/7e1ee0ecc5e294b19ef32b9f6086e0afbb9da00c3cb0d465ba4695331f4a9187?s=96&d=mm&r=g\",\"contentUrl\":\"https:\/\/secure.gravatar.com\/avatar\/7e1ee0ecc5e294b19ef32b9f6086e0afbb9da00c3cb0d465ba4695331f4a9187?s=96&d=mm&r=g\",\"caption\":\"WeLoveCycling\"},\"url\":\"https:\/\/www.welovecycling.com\/pl\/author\/lukascech\/\"}]}<\/script>\n<!-- \/ Yoast SEO Premium plugin. -->","yoast_head_json":{"title":"Zwyci\u0119stwo po raz drugi - \u0160koda We Love Cycling - Poland","robots":{"index":"index","follow":"follow","max-snippet":"max-snippet:-1","max-image-preview":"max-image-preview:large","max-video-preview":"max-video-preview:-1"},"canonical":"https:\/\/www.welovecycling.com\/pl\/2015\/07\/29\/zwyciestwo-po-raz-drugi\/","og_locale":"pl_PL","og_type":"article","og_title":"Zwyci\u0119stwo po raz drugi","og_description":"Najs\u0142ynniejszy, wieloetapowy wy\u015bcig Tour de France zako\u0144czy\u0142 si\u0119 zwyci\u0119stwem\u00a0Chrisa Froome\u2019a z dru\u017cyny Sky.","og_url":"https:\/\/www.welovecycling.com\/pl\/2015\/07\/29\/zwyciestwo-po-raz-drugi\/","og_site_name":"\u0160koda We Love Cycling - Poland","article_published_time":"2015-07-29T12:06:21+00:00","article_modified_time":"2016-12-05T09:59:59+00:00","og_image":[{"width":540,"height":359,"url":"https:\/\/d2p6e6u75xmxt8.cloudfront.net\/5\/2015\/07\/17.jpg","type":"image\/jpeg"}],"author":"WeLoveCycling","twitter_card":"summary_large_image","twitter_misc":{"Written by":"WeLoveCycling","Est. reading time":"2 minutes"},"schema":{"@context":"https:\/\/schema.org","@graph":[{"@type":"WebPage","@id":"https:\/\/www.welovecycling.com\/pl\/2015\/07\/29\/zwyciestwo-po-raz-drugi\/","url":"https:\/\/www.welovecycling.com\/pl\/2015\/07\/29\/zwyciestwo-po-raz-drugi\/","name":"Zwyci\u0119stwo po raz drugi - \u0160koda We Love Cycling - Poland","isPartOf":{"@id":"https:\/\/www.welovecycling.com\/pl\/#website"},"primaryImageOfPage":{"@id":"https:\/\/www.welovecycling.com\/pl\/2015\/07\/29\/zwyciestwo-po-raz-drugi\/#primaryimage"},"image":{"@id":"https:\/\/www.welovecycling.com\/pl\/2015\/07\/29\/zwyciestwo-po-raz-drugi\/#primaryimage"},"thumbnailUrl":"https:\/\/d2p6e6u75xmxt8.cloudfront.net\/5\/2015\/07\/17.jpg","datePublished":"2015-07-29T12:06:21+00:00","dateModified":"2016-12-05T09:59:59+00:00","author":{"@id":"https:\/\/www.welovecycling.com\/pl\/#\/schema\/person\/e5187c9cac8dd619ebc7b41bd73c2fd9"},"breadcrumb":{"@id":"https:\/\/www.welovecycling.com\/pl\/2015\/07\/29\/zwyciestwo-po-raz-drugi\/#breadcrumb"},"inLanguage":"pl-PL","potentialAction":[{"@type":"ReadAction","target":["https:\/\/www.welovecycling.com\/pl\/2015\/07\/29\/zwyciestwo-po-raz-drugi\/"]}]},{"@type":"ImageObject","inLanguage":"pl-PL","@id":"https:\/\/www.welovecycling.com\/pl\/2015\/07\/29\/zwyciestwo-po-raz-drugi\/#primaryimage","url":"https:\/\/d2p6e6u75xmxt8.cloudfront.net\/5\/2015\/07\/17.jpg","contentUrl":"https:\/\/d2p6e6u75xmxt8.cloudfront.net\/5\/2015\/07\/17.jpg","width":540,"height":359},{"@type":"BreadcrumbList","@id":"https:\/\/www.welovecycling.com\/pl\/2015\/07\/29\/zwyciestwo-po-raz-drugi\/#breadcrumb","itemListElement":[{"@type":"ListItem","position":1,"name":"Home","item":"https:\/\/www.welovecycling.com\/pl\/"},{"@type":"ListItem","position":2,"name":"Zwyci\u0119stwo po raz drugi"}]},{"@type":"WebSite","@id":"https:\/\/www.welovecycling.com\/pl\/#website","url":"https:\/\/www.welovecycling.com\/pl\/","name":"\u0160koda We Love Cycling - Poland","description":"","potentialAction":[{"@type":"SearchAction","target":{"@type":"EntryPoint","urlTemplate":"https:\/\/www.welovecycling.com\/pl\/?s={search_term_string}"},"query-input":{"@type":"PropertyValueSpecification","valueRequired":true,"valueName":"search_term_string"}}],"inLanguage":"pl-PL"},{"@type":"Person","@id":"https:\/\/www.welovecycling.com\/pl\/#\/schema\/person\/e5187c9cac8dd619ebc7b41bd73c2fd9","name":"WeLoveCycling","image":{"@type":"ImageObject","inLanguage":"pl-PL","@id":"https:\/\/www.welovecycling.com\/pl\/#\/schema\/person\/image\/","url":"https:\/\/secure.gravatar.com\/avatar\/7e1ee0ecc5e294b19ef32b9f6086e0afbb9da00c3cb0d465ba4695331f4a9187?s=96&d=mm&r=g","contentUrl":"https:\/\/secure.gravatar.com\/avatar\/7e1ee0ecc5e294b19ef32b9f6086e0afbb9da00c3cb0d465ba4695331f4a9187?s=96&d=mm&r=g","caption":"WeLoveCycling"},"url":"https:\/\/www.welovecycling.com\/pl\/author\/lukascech\/"}]}},"_links":{"self":[{"href":"https:\/\/www.welovecycling.com\/pl\/wp-json\/wp\/v2\/posts\/2294","targetHints":{"allow":["GET"]}}],"collection":[{"href":"https:\/\/www.welovecycling.com\/pl\/wp-json\/wp\/v2\/posts"}],"about":[{"href":"https:\/\/www.welovecycling.com\/pl\/wp-json\/wp\/v2\/types\/post"}],"author":[{"embeddable":true,"href":"https:\/\/www.welovecycling.com\/pl\/wp-json\/wp\/v2\/users\/1"}],"replies":[{"embeddable":true,"href":"https:\/\/www.welovecycling.com\/pl\/wp-json\/wp\/v2\/comments?post=2294"}],"version-history":[{"count":1,"href":"https:\/\/www.welovecycling.com\/pl\/wp-json\/wp\/v2\/posts\/2294\/revisions"}],"predecessor-version":[{"id":2506,"href":"https:\/\/www.welovecycling.com\/pl\/wp-json\/wp\/v2\/posts\/2294\/revisions\/2506"}],"wp:featuredmedia":[{"embeddable":true,"href":"https:\/\/www.welovecycling.com\/pl\/wp-json\/wp\/v2\/media\/443"}],"wp:attachment":[{"href":"https:\/\/www.welovecycling.com\/pl\/wp-json\/wp\/v2\/media?parent=2294"}],"wp:term":[{"taxonomy":"category","embeddable":true,"href":"https:\/\/www.welovecycling.com\/pl\/wp-json\/wp\/v2\/categories?post=2294"},{"taxonomy":"post_tag","embeddable":true,"href":"https:\/\/www.welovecycling.com\/pl\/wp-json\/wp\/v2\/tags?post=2294"},{"taxonomy":"global-categories","embeddable":true,"href":"https:\/\/www.welovecycling.com\/pl\/wp-json\/wp\/v2\/global-categories?post=2294"}],"curies":[{"name":"wp","href":"https:\/\/api.w.org\/{rel}","templated":true}]}}