{"id":2293,"date":"2015-08-06T09:55:37","date_gmt":"2015-08-06T09:55:37","guid":{"rendered":"http:\/\/serwer1629254.home.pl\/index.php\/2015\/08\/06\/relacja-z-tour-de-france-uczestnikow-konkursu-tour\/"},"modified":"2016-12-05T09:59:48","modified_gmt":"2016-12-05T09:59:48","slug":"relacja-z-tour-de-france-uczestnikow-konkursu-tour","status":"publish","type":"post","link":"https:\/\/www.welovecycling.com\/pl\/2015\/08\/06\/relacja-z-tour-de-france-uczestnikow-konkursu-tour\/","title":{"rendered":"Relacja z Tour de France uczestnik\u00f3w konkursu Tour de\u00a0\u0160koda"},"content":{"rendered":"<p>Min\u0119\u0142o ju\u017c kilka dni od prze\u017cycia fantastycznej przygody, w\u0142a\u015bciwie m\u00f3g\u0142bym j\u0105 potraktowa\u0107 jako wymarzony prezent urodzinowy, gdy\u017c o wygranej dowiedzia\u0142em si\u0119 dos\u0142ownie dwa dni po moich urodzinach.<\/p>\n<p><!--more--><\/p>\n<p>(\u0179r\u00f3d\u0142o: Jakub Pawluczuk)<\/p>\n<p>Pocz\u0105tkowo trudno by\u0142o mi uwierzy\u0107, \u017ce to naprawd\u0119 ma si\u0119\u00a0wydarzy\u0107, i w\u0142a\u015bciwie jeszcze po przyje\u017adzie do Eybens, gdzie rozpocz\u0119\u0142a si\u0119\u00a0nasza przygoda podobne emocje towarzyszy\u0142y nie tylko mi, ale tak\u017ce Robertowi,\u00a0drugiemu zwyci\u0119zcy, szczeg\u00f3lnie dlatego \u017ce znale\u017ali\u015bmy si\u0119 w miejscu niemal jak\u00a0z bajki.<\/p>\n<figure class=\"tmblr-full\"><img decoding=\"async\" src=\"http:\/\/36.media.tumblr.com\/2c61adc56747f9fc10d188750183beeb\/tumblr_inline_nsnncvAbTO1sfrvl6_540.jpg\" alt=\"\" \/><\/figure>\n<p>Do hotelu, a w\u0142a\u015bciwie pa\u0142acu po\u0142o\u017conego w Alpach, dotarli\u015bmy\u00a0p\u00f3\u017anym popo\u0142udniem. Tam poznali\u015bmy bardzo sympatycznych ludzi ze \u0160koda\u00a0Hospitality Team, kt\u00f3rzy dbali \u017ceby niczego nam nie brakowa\u0142o przez ca\u0142y nasz\u00a0pobyt. Wiecz\u00f3r sp\u0119dzili\u015bmy przy fantastycznym jedzeniu, w towarzystwie by\u0142ych\u00a0zawodowc\u00f3w, rozmawiaj\u0105c o kolarstwie. Do pokoj\u00f3w wr\u00f3cili\u015bmy dosy\u0107 p\u00f3\u017ano, jednak\u00a0wcale nie oznacza\u0142o to spokojnego snu, \u015bwiadomo\u015b\u0107 tego co mia\u0142o si\u0119 wydarzy\u0107\u00a0nast\u0119pnego dnia powodowa\u0142a \u017ce d\u0142ugo nie mog\u0142em zasn\u0105\u0107. W ko\u0144cu jednak nadszed\u0142\u00a0ten d\u0142ugo wyczekiwany dzie\u0144, kt\u00f3rego z pewno\u015bci\u0105 nigdy nie zapomn\u0119.<\/p>\n<p>Wszystko zacz\u0119\u0142o si\u0119 wcze\u015bnie rano, kiedy to wyruszyli\u015bmy na\u00a0przeja\u017cd\u017ck\u0119 z Stephenem Roche, by\u0142ym kolarzem, kt\u00f3ry wygra\u0142 Giro d&#8217;Italia, Tour\u00a0de France i zdoby\u0142 Mistrzostwo \u015awiata, na dodatek dokona\u0142 tego wszystkiego w<br \/>\njednym roku! Podczas przeja\u017cd\u017cki Stephen stara\u0142 si\u0119 z ka\u017cdym porozmawia\u0107,\u00a0podczas rozmowy da\u0142 mi kilka cennych wskaz\u00f3wek dotycz\u0105cych techniki jazdy,\u00a0chyba trudno sobie wyobrazi\u0107 lepszego trenera?<\/p>\n<p>Po blisko godzinnej wycieczce czas mija\u0142 szybko i ju\u017c\u00a0nied\u0142ugo jechali\u015bmy na start 16 etapu Tour de France. Kiedy dotarli\u015bmy do\u00a0Bourg-de-P\u00e9age udzieli\u0142a nam si\u0119 atmosfera niezwyk\u0142ego wydarzenia, ca\u0142a masa\u00a0kibic\u00f3w, niezliczona ilo\u015b\u0107 samochod\u00f3w oklejonych logiem wy\u015bcigu, autobusy i\u00a0samochody teamowe sprawi\u0142y, \u017ce uwierzy\u0142em w to gdzie jestem.<\/p>\n<figure class=\"tmblr-full\"><img decoding=\"async\" src=\"http:\/\/41.media.tumblr.com\/6f016653213e4782ef8c93acada3e3f0\/tumblr_inline_nsnnfasEVe1sfrvl6_540.jpg\" alt=\"\" \/><\/figure>\n<p><i><i>(\u0179r\u00f3d\u0142o: Jakub Pawluczuk)<\/i><\/i><\/p>\n<p>Podczas kr\u00f3tkiego spaceru po wiosce wy\u015bcigowej, gdzie\u00a0prezentowany by\u0142 samoch\u00f3d dyrektora wy\u015bcigu, czy koszulki lider\u00f3w\u00a0poszczeg\u00f3lnych klasyfikacji, pr\u00f3bowali\u015bmy wy\u015bmienitego francuskiego jedzenia,\u00a0jednak by\u0142o to tylko oczekiwanie na to co mia\u0142o si\u0119 za chwil\u0119 wydarzy\u0107, a na\u00a0sam\u0105 my\u015bl o poznaniu Kwiatka ciarki przechodzi\u0142y mi po plecach.<\/p>\n<p>Tak, za spraw\u0105 Artura, naszego opiekuna podczas wyjazdu,\u00a0byli\u015bmy um\u00f3wieni na spotkanie z Micha\u0142em Kwiatkowskim, te kilka minut rozmowy z\u00a0mistrzem \u015bwiata by\u0142o dla mnie chyba najwi\u0119kszym wydarzeniem, a zdj\u0119cia z tym\u00a0wspania\u0142ym kolarzem s\u0105 niesamowit\u0105 pami\u0105tk\u0105 tamtego dnia. Wkr\u00f3tce Kwiatek\u00a0musia\u0142 wraca\u0107 do autobusu przygotowa\u0107 si\u0119 do etapu, a my udali\u015bmy si\u0119 w stron\u0119\u00a0naszego auta, jednak zanim tam dotarli\u015bmy spotkali\u015bmy Bartka Huzarskiego i\u00a0Micha\u0142a Go\u0142asia udaj\u0105cych si\u0119 na start, opr\u00f3cz nich spotkali\u015bmy tak wielkie\u00a0gwiazdy peletonu jak Nibali, Valverde, Cavendish, czy Greipel.<\/p>\n<p>Tego dnia mieli\u015bmy przejecha\u0107 ca\u0142y etap przed kolarzami\u00a0dlatego nie mogli\u015bmy ogl\u0105da\u0107 startu, za to widzieli\u015bmy tysi\u0105ce kibic\u00f3w\u00a0czekaj\u0105cych na peleton, siedzieli w miasteczkach, wioskach i na otwartych\u00a0przestrzeniach ca\u0142ymi rodzinami, poprzebierani, gotowi do szale\u0144czego dopingu.\u00a0W pewnym momencie do\u0142\u0105czyli\u015bmy do kibicowania czekaj\u0105c na lot helikopterem, po\u00a0wykrzyczeniu kilku s\u0142\u00f3w otuchy do Micha\u0142a Go\u0142asia jad\u0105cego w ucieczce, zapi\u0119li\u015bmy\u00a0pasy i unie\u015bli\u015bmy si\u0119 w przestworza podziwiaj\u0105c prac\u0119 peletonu, g\u00f3ry i stare\u00a0francuskie miasteczka z lotu ptaka, z tej perspektywy wszystko wygl\u0105da\u0142o\u00a0jeszcze pi\u0119kniej.<\/p>\n<figure class=\"tmblr-full\"><img decoding=\"async\" src=\"http:\/\/41.media.tumblr.com\/a8969251951cc3bafd28b0b47093b35b\/tumblr_inline_nsnng7gAoO1sfrvl6_540.jpg\" alt=\"\" \/><\/figure>\n<p><i><i>(\u0179r\u00f3d\u0142o: Jakub Pawluczuk)<\/i><\/i><\/p>\n<p>Zanim dotarli\u015bmy na met\u0119 spotkali\u015bmy legendarnego diab\u0142a,\u00a0kt\u00f3ry ju\u017c po raz 26 kibicuje na trasie TdF, a przez ca\u0142y etap nasz kierowca Tim\u00a0Harris, kt\u00f3ry zdoby\u0142 w przesz\u0142o\u015bci mistrzostwo Wielkiej Brytanii, umila\u0142 nam\u00a0dzie\u0144 zdradzaj\u0105c tajemnice zawodowego peletonu.\u00a0W Gap ostanie metry ogl\u0105dali\u015bmy niemal z linii mety,\u00a0atmosfera na mecie by\u0142a piorunuj\u0105ca, ten niesamowity huk d\u0142oni uderzaj\u0105cych o\u00a0bandy musi kolarzom dodawa\u0107 skrzyde\u0142, a warto wspomnie\u0107, \u017ce taki doping\u00a0otrzymywa\u0142 ka\u017cdy kolarz, kt\u00f3ry doje\u017cd\u017ca\u0142 do mety.<\/p>\n<figure class=\"tmblr-full\"><img decoding=\"async\" src=\"http:\/\/40.media.tumblr.com\/1f45cd81fa3010af6d27655c9bb6cf05\/tumblr_inline_nsnnirJ9L71sfrvl6_540.jpg\" alt=\"\" \/><\/figure>\n<p><i><i>(\u0179r\u00f3d\u0142o: Jakub Pawluczuk)<\/i><\/i><\/p>\n<p>Prawd\u0119 m\u00f3wi\u0105c do dzisiaj nie mog\u0119 wyj\u015b\u0107 z podziwu dla\u00a0kolarzy, po tym co zobaczy\u0142em mam jeszcze wi\u0119kszy szacunek do tego co robi\u0105.\u00a0Jednak na r\u00f3wnie du\u017cy szacunek zas\u0142uguj\u0105 te\u017c ludzie ze \u0160koda Hospitality Team, kt\u00f3rzy<br \/>\norganizowali ca\u0142y nasz pobyt, wszystko by\u0142o zorganizowane w spos\u00f3b niesamowicie\u00a0profesjonalny, wida\u0107 by\u0142o w nich wielk\u0105 pasj\u0119 do swojej pracy, budowali w ten\u00a0spos\u00f3b niezapomnian\u0105 atmosfer\u0119, chcia\u0142oby si\u0119 tam wr\u00f3ci\u0107 i prze\u017cy\u0107 jeszcze\u00a0jeden tak niezwyk\u0142y dzie\u0144.<\/p>\n<p>Jakub Pawluczuk<\/p>\n","protected":false},"excerpt":{"rendered":"<p>Min\u0119\u0142o ju\u017c kilka dni od prze\u017cycia fantastycznej przygody, w\u0142a\u015bciwie m\u00f3g\u0142bym j\u0105 potraktowa\u0107 jako wymarzony prezent urodzinowy, gdy\u017c o wygranej dowiedzia\u0142em [&hellip;]<\/p>\n","protected":false},"author":1,"featured_media":440,"comment_status":"open","ping_status":"open","sticky":false,"template":"","format":"standard","meta":{"footnotes":""},"categories":[1],"tags":[],"global-categories":[],"class_list":["post-2293","post","type-post","status-publish","format-standard","has-post-thumbnail","hentry","category-uncategorized"],"yoast_head":"<!-- This site is optimized with the Yoast SEO Premium plugin v25.3 (Yoast SEO v25.9) - https:\/\/yoast.com\/wordpress\/plugins\/seo\/ -->\n<title>Relacja z Tour de France uczestnik\u00f3w konkursu Tour de\u00a0\u0160koda - \u0160koda We Love Cycling - Poland<\/title>\n<meta name=\"robots\" content=\"index, follow, max-snippet:-1, max-image-preview:large, max-video-preview:-1\" \/>\n<link rel=\"canonical\" href=\"https:\/\/www.welovecycling.com\/pl\/2015\/08\/06\/relacja-z-tour-de-france-uczestnikow-konkursu-tour\/\" \/>\n<meta property=\"og:locale\" content=\"pl_PL\" \/>\n<meta property=\"og:type\" content=\"article\" \/>\n<meta property=\"og:title\" content=\"Relacja z Tour de France uczestnik\u00f3w konkursu Tour de\u00a0\u0160koda\" \/>\n<meta property=\"og:description\" content=\"Min\u0119\u0142o ju\u017c kilka dni od prze\u017cycia fantastycznej przygody, w\u0142a\u015bciwie m\u00f3g\u0142bym j\u0105 potraktowa\u0107 jako wymarzony prezent urodzinowy, gdy\u017c o wygranej dowiedzia\u0142em [&hellip;]\" \/>\n<meta property=\"og:url\" content=\"https:\/\/www.welovecycling.com\/pl\/2015\/08\/06\/relacja-z-tour-de-france-uczestnikow-konkursu-tour\/\" \/>\n<meta property=\"og:site_name\" content=\"\u0160koda We Love Cycling - Poland\" \/>\n<meta property=\"article:published_time\" content=\"2015-08-06T09:55:37+00:00\" \/>\n<meta property=\"article:modified_time\" content=\"2016-12-05T09:59:48+00:00\" \/>\n<meta property=\"og:image\" content=\"https:\/\/d2p6e6u75xmxt8.cloudfront.net\/5\/2015\/08\/16.jpg\" \/>\n\t<meta property=\"og:image:width\" content=\"540\" \/>\n\t<meta property=\"og:image:height\" content=\"405\" \/>\n\t<meta property=\"og:image:type\" content=\"image\/jpeg\" \/>\n<meta name=\"author\" content=\"WeLoveCycling\" \/>\n<meta name=\"twitter:card\" content=\"summary_large_image\" \/>\n<meta name=\"twitter:label1\" content=\"Written by\" \/>\n\t<meta name=\"twitter:data1\" content=\"WeLoveCycling\" \/>\n\t<meta name=\"twitter:label2\" content=\"Est. reading time\" \/>\n\t<meta name=\"twitter:data2\" content=\"4 minutes\" \/>\n<script type=\"application\/ld+json\" class=\"yoast-schema-graph\">{\"@context\":\"https:\/\/schema.org\",\"@graph\":[{\"@type\":\"WebPage\",\"@id\":\"https:\/\/www.welovecycling.com\/pl\/2015\/08\/06\/relacja-z-tour-de-france-uczestnikow-konkursu-tour\/\",\"url\":\"https:\/\/www.welovecycling.com\/pl\/2015\/08\/06\/relacja-z-tour-de-france-uczestnikow-konkursu-tour\/\",\"name\":\"Relacja z Tour de France uczestnik\u00f3w konkursu Tour de\u00a0\u0160koda - \u0160koda We Love Cycling - Poland\",\"isPartOf\":{\"@id\":\"https:\/\/www.welovecycling.com\/pl\/#website\"},\"primaryImageOfPage\":{\"@id\":\"https:\/\/www.welovecycling.com\/pl\/2015\/08\/06\/relacja-z-tour-de-france-uczestnikow-konkursu-tour\/#primaryimage\"},\"image\":{\"@id\":\"https:\/\/www.welovecycling.com\/pl\/2015\/08\/06\/relacja-z-tour-de-france-uczestnikow-konkursu-tour\/#primaryimage\"},\"thumbnailUrl\":\"https:\/\/d2p6e6u75xmxt8.cloudfront.net\/5\/2015\/08\/16.jpg\",\"datePublished\":\"2015-08-06T09:55:37+00:00\",\"dateModified\":\"2016-12-05T09:59:48+00:00\",\"author\":{\"@id\":\"https:\/\/www.welovecycling.com\/pl\/#\/schema\/person\/e5187c9cac8dd619ebc7b41bd73c2fd9\"},\"breadcrumb\":{\"@id\":\"https:\/\/www.welovecycling.com\/pl\/2015\/08\/06\/relacja-z-tour-de-france-uczestnikow-konkursu-tour\/#breadcrumb\"},\"inLanguage\":\"pl-PL\",\"potentialAction\":[{\"@type\":\"ReadAction\",\"target\":[\"https:\/\/www.welovecycling.com\/pl\/2015\/08\/06\/relacja-z-tour-de-france-uczestnikow-konkursu-tour\/\"]}]},{\"@type\":\"ImageObject\",\"inLanguage\":\"pl-PL\",\"@id\":\"https:\/\/www.welovecycling.com\/pl\/2015\/08\/06\/relacja-z-tour-de-france-uczestnikow-konkursu-tour\/#primaryimage\",\"url\":\"https:\/\/d2p6e6u75xmxt8.cloudfront.net\/5\/2015\/08\/16.jpg\",\"contentUrl\":\"https:\/\/d2p6e6u75xmxt8.cloudfront.net\/5\/2015\/08\/16.jpg\",\"width\":540,\"height\":405,\"caption\":\"DCIM178GOPRO\"},{\"@type\":\"BreadcrumbList\",\"@id\":\"https:\/\/www.welovecycling.com\/pl\/2015\/08\/06\/relacja-z-tour-de-france-uczestnikow-konkursu-tour\/#breadcrumb\",\"itemListElement\":[{\"@type\":\"ListItem\",\"position\":1,\"name\":\"Home\",\"item\":\"https:\/\/www.welovecycling.com\/pl\/\"},{\"@type\":\"ListItem\",\"position\":2,\"name\":\"Relacja z Tour de France uczestnik\u00f3w konkursu Tour de\u00a0\u0160koda\"}]},{\"@type\":\"WebSite\",\"@id\":\"https:\/\/www.welovecycling.com\/pl\/#website\",\"url\":\"https:\/\/www.welovecycling.com\/pl\/\",\"name\":\"\u0160koda We Love Cycling - Poland\",\"description\":\"\",\"potentialAction\":[{\"@type\":\"SearchAction\",\"target\":{\"@type\":\"EntryPoint\",\"urlTemplate\":\"https:\/\/www.welovecycling.com\/pl\/?s={search_term_string}\"},\"query-input\":{\"@type\":\"PropertyValueSpecification\",\"valueRequired\":true,\"valueName\":\"search_term_string\"}}],\"inLanguage\":\"pl-PL\"},{\"@type\":\"Person\",\"@id\":\"https:\/\/www.welovecycling.com\/pl\/#\/schema\/person\/e5187c9cac8dd619ebc7b41bd73c2fd9\",\"name\":\"WeLoveCycling\",\"image\":{\"@type\":\"ImageObject\",\"inLanguage\":\"pl-PL\",\"@id\":\"https:\/\/www.welovecycling.com\/pl\/#\/schema\/person\/image\/\",\"url\":\"https:\/\/secure.gravatar.com\/avatar\/7e1ee0ecc5e294b19ef32b9f6086e0afbb9da00c3cb0d465ba4695331f4a9187?s=96&d=mm&r=g\",\"contentUrl\":\"https:\/\/secure.gravatar.com\/avatar\/7e1ee0ecc5e294b19ef32b9f6086e0afbb9da00c3cb0d465ba4695331f4a9187?s=96&d=mm&r=g\",\"caption\":\"WeLoveCycling\"},\"url\":\"https:\/\/www.welovecycling.com\/pl\/author\/lukascech\/\"}]}<\/script>\n<!-- \/ Yoast SEO Premium plugin. -->","yoast_head_json":{"title":"Relacja z Tour de France uczestnik\u00f3w konkursu Tour de\u00a0\u0160koda - \u0160koda We Love Cycling - Poland","robots":{"index":"index","follow":"follow","max-snippet":"max-snippet:-1","max-image-preview":"max-image-preview:large","max-video-preview":"max-video-preview:-1"},"canonical":"https:\/\/www.welovecycling.com\/pl\/2015\/08\/06\/relacja-z-tour-de-france-uczestnikow-konkursu-tour\/","og_locale":"pl_PL","og_type":"article","og_title":"Relacja z Tour de France uczestnik\u00f3w konkursu Tour de\u00a0\u0160koda","og_description":"Min\u0119\u0142o ju\u017c kilka dni od prze\u017cycia fantastycznej przygody, w\u0142a\u015bciwie m\u00f3g\u0142bym j\u0105 potraktowa\u0107 jako wymarzony prezent urodzinowy, gdy\u017c o wygranej dowiedzia\u0142em [&hellip;]","og_url":"https:\/\/www.welovecycling.com\/pl\/2015\/08\/06\/relacja-z-tour-de-france-uczestnikow-konkursu-tour\/","og_site_name":"\u0160koda We Love Cycling - Poland","article_published_time":"2015-08-06T09:55:37+00:00","article_modified_time":"2016-12-05T09:59:48+00:00","og_image":[{"width":540,"height":405,"url":"https:\/\/d2p6e6u75xmxt8.cloudfront.net\/5\/2015\/08\/16.jpg","type":"image\/jpeg"}],"author":"WeLoveCycling","twitter_card":"summary_large_image","twitter_misc":{"Written by":"WeLoveCycling","Est. reading time":"4 minutes"},"schema":{"@context":"https:\/\/schema.org","@graph":[{"@type":"WebPage","@id":"https:\/\/www.welovecycling.com\/pl\/2015\/08\/06\/relacja-z-tour-de-france-uczestnikow-konkursu-tour\/","url":"https:\/\/www.welovecycling.com\/pl\/2015\/08\/06\/relacja-z-tour-de-france-uczestnikow-konkursu-tour\/","name":"Relacja z Tour de France uczestnik\u00f3w konkursu Tour de\u00a0\u0160koda - \u0160koda We Love Cycling - Poland","isPartOf":{"@id":"https:\/\/www.welovecycling.com\/pl\/#website"},"primaryImageOfPage":{"@id":"https:\/\/www.welovecycling.com\/pl\/2015\/08\/06\/relacja-z-tour-de-france-uczestnikow-konkursu-tour\/#primaryimage"},"image":{"@id":"https:\/\/www.welovecycling.com\/pl\/2015\/08\/06\/relacja-z-tour-de-france-uczestnikow-konkursu-tour\/#primaryimage"},"thumbnailUrl":"https:\/\/d2p6e6u75xmxt8.cloudfront.net\/5\/2015\/08\/16.jpg","datePublished":"2015-08-06T09:55:37+00:00","dateModified":"2016-12-05T09:59:48+00:00","author":{"@id":"https:\/\/www.welovecycling.com\/pl\/#\/schema\/person\/e5187c9cac8dd619ebc7b41bd73c2fd9"},"breadcrumb":{"@id":"https:\/\/www.welovecycling.com\/pl\/2015\/08\/06\/relacja-z-tour-de-france-uczestnikow-konkursu-tour\/#breadcrumb"},"inLanguage":"pl-PL","potentialAction":[{"@type":"ReadAction","target":["https:\/\/www.welovecycling.com\/pl\/2015\/08\/06\/relacja-z-tour-de-france-uczestnikow-konkursu-tour\/"]}]},{"@type":"ImageObject","inLanguage":"pl-PL","@id":"https:\/\/www.welovecycling.com\/pl\/2015\/08\/06\/relacja-z-tour-de-france-uczestnikow-konkursu-tour\/#primaryimage","url":"https:\/\/d2p6e6u75xmxt8.cloudfront.net\/5\/2015\/08\/16.jpg","contentUrl":"https:\/\/d2p6e6u75xmxt8.cloudfront.net\/5\/2015\/08\/16.jpg","width":540,"height":405,"caption":"DCIM178GOPRO"},{"@type":"BreadcrumbList","@id":"https:\/\/www.welovecycling.com\/pl\/2015\/08\/06\/relacja-z-tour-de-france-uczestnikow-konkursu-tour\/#breadcrumb","itemListElement":[{"@type":"ListItem","position":1,"name":"Home","item":"https:\/\/www.welovecycling.com\/pl\/"},{"@type":"ListItem","position":2,"name":"Relacja z Tour de France uczestnik\u00f3w konkursu Tour de\u00a0\u0160koda"}]},{"@type":"WebSite","@id":"https:\/\/www.welovecycling.com\/pl\/#website","url":"https:\/\/www.welovecycling.com\/pl\/","name":"\u0160koda We Love Cycling - Poland","description":"","potentialAction":[{"@type":"SearchAction","target":{"@type":"EntryPoint","urlTemplate":"https:\/\/www.welovecycling.com\/pl\/?s={search_term_string}"},"query-input":{"@type":"PropertyValueSpecification","valueRequired":true,"valueName":"search_term_string"}}],"inLanguage":"pl-PL"},{"@type":"Person","@id":"https:\/\/www.welovecycling.com\/pl\/#\/schema\/person\/e5187c9cac8dd619ebc7b41bd73c2fd9","name":"WeLoveCycling","image":{"@type":"ImageObject","inLanguage":"pl-PL","@id":"https:\/\/www.welovecycling.com\/pl\/#\/schema\/person\/image\/","url":"https:\/\/secure.gravatar.com\/avatar\/7e1ee0ecc5e294b19ef32b9f6086e0afbb9da00c3cb0d465ba4695331f4a9187?s=96&d=mm&r=g","contentUrl":"https:\/\/secure.gravatar.com\/avatar\/7e1ee0ecc5e294b19ef32b9f6086e0afbb9da00c3cb0d465ba4695331f4a9187?s=96&d=mm&r=g","caption":"WeLoveCycling"},"url":"https:\/\/www.welovecycling.com\/pl\/author\/lukascech\/"}]}},"_links":{"self":[{"href":"https:\/\/www.welovecycling.com\/pl\/wp-json\/wp\/v2\/posts\/2293","targetHints":{"allow":["GET"]}}],"collection":[{"href":"https:\/\/www.welovecycling.com\/pl\/wp-json\/wp\/v2\/posts"}],"about":[{"href":"https:\/\/www.welovecycling.com\/pl\/wp-json\/wp\/v2\/types\/post"}],"author":[{"embeddable":true,"href":"https:\/\/www.welovecycling.com\/pl\/wp-json\/wp\/v2\/users\/1"}],"replies":[{"embeddable":true,"href":"https:\/\/www.welovecycling.com\/pl\/wp-json\/wp\/v2\/comments?post=2293"}],"version-history":[{"count":1,"href":"https:\/\/www.welovecycling.com\/pl\/wp-json\/wp\/v2\/posts\/2293\/revisions"}],"predecessor-version":[{"id":2505,"href":"https:\/\/www.welovecycling.com\/pl\/wp-json\/wp\/v2\/posts\/2293\/revisions\/2505"}],"wp:featuredmedia":[{"embeddable":true,"href":"https:\/\/www.welovecycling.com\/pl\/wp-json\/wp\/v2\/media\/440"}],"wp:attachment":[{"href":"https:\/\/www.welovecycling.com\/pl\/wp-json\/wp\/v2\/media?parent=2293"}],"wp:term":[{"taxonomy":"category","embeddable":true,"href":"https:\/\/www.welovecycling.com\/pl\/wp-json\/wp\/v2\/categories?post=2293"},{"taxonomy":"post_tag","embeddable":true,"href":"https:\/\/www.welovecycling.com\/pl\/wp-json\/wp\/v2\/tags?post=2293"},{"taxonomy":"global-categories","embeddable":true,"href":"https:\/\/www.welovecycling.com\/pl\/wp-json\/wp\/v2\/global-categories?post=2293"}],"curies":[{"name":"wp","href":"https:\/\/api.w.org\/{rel}","templated":true}]}}