{"id":2292,"date":"2015-08-27T14:39:57","date_gmt":"2015-08-27T14:39:57","guid":{"rendered":"http:\/\/serwer1629254.home.pl\/index.php\/2015\/08\/27\/zrob-cos-dobrego-dla-siebie-i-innych\/"},"modified":"2016-12-05T09:59:33","modified_gmt":"2016-12-05T09:59:33","slug":"zrob-cos-dobrego-dla-siebie-i-innych","status":"publish","type":"post","link":"https:\/\/www.welovecycling.com\/pl\/2015\/08\/27\/zrob-cos-dobrego-dla-siebie-i-innych\/","title":{"rendered":"Zr\u00f3b co\u015b dobrego dla siebie i innych"},"content":{"rendered":"<p>Wystartuj w wy\u015bcigu Solid Logistics \u0160koda Pozna\u0144\u00a0Bike Challenge z numerem startowym, jakich ma\u0142o.<\/p>\n<p><!--more-->(\u0179r\u00f3d\u0142o: Pozna\u0144 Bike Challenge)<\/p>\n<p>Na aukcj\u0119 charytatywn\u0105 trafi\u0142y\u00a0pakiety startowe na ten kolarski wy\u015bcig z numerami od 1 do 10.We\u017a udzia\u0142 w\u00a0licytacji jednego z pakiet\u00f3w startowych i zr\u00f3b co\u015b dobrego. Fundusze ze zbi\u00f3rki\u00a0zostan\u0105 przeznaczone na wsparcie Fundacji Allegro All For Planet, kt\u00f3ra postawi\u00a0w wybranych miastach Polski designerskie stojaki rowerowe.<\/p>\n<p>Druga\u00a0edycja Solid Logistics \u0160koda Pozna\u0144 Bike Challenge startuje ju\u017c 13\u00a0wrze\u015bnia w Poznaniu. W tym roku organizatorzy przygotowali a\u017c 5 tras do wyboru,\u00a0a w ramach wygranego pakietu mo\u017cesz wybra\u0107 dwie z nich \u2013 120 km \u0160koda Challenge\u00a0lub 50 km Solid Logistics Challenge. Poza mo\u017cliwo\u015bci\u0105 startu w pakiecie\u00a0znajduj\u0105 si\u0119: koszulka, wyj\u0105tkowy numer startowy, pami\u0105tkowy medal, worek, a\u00a0tak\u017ce bidon lub czapka kolarska z autografem Katarzyny Bujakiewicz oraz Micha\u0142a\u00a0Kwiatkowskiego.<\/p>\n<p>Nie zwlekaj! Licytacja trwa tylko do 3 wrze\u015bnia.<\/p>\n<p>Wejd\u017a na: <a href=\"http:\/\/charytatywni.allegro.pl\/listing?sellerId=34887377&amp;query=bike%20challenge\">http:\/\/charytatywni.allegro.pl\/listing?sellerId=34887377&amp;query=bike%20challenge<\/a><\/p>\n","protected":false},"excerpt":{"rendered":"<p>Wystartuj w wy\u015bcigu Solid Logistics \u0160koda Pozna\u0144\u00a0Bike Challenge z numerem startowym, jakich ma\u0142o.<\/p>\n","protected":false},"author":1,"featured_media":436,"comment_status":"open","ping_status":"open","sticky":false,"template":"","format":"standard","meta":{"footnotes":""},"categories":[1],"tags":[],"global-categories":[],"class_list":["post-2292","post","type-post","status-publish","format-standard","has-post-thumbnail","hentry","category-uncategorized"],"yoast_head":"<!-- This site is optimized with the Yoast SEO Premium plugin v25.3 (Yoast SEO v25.9) - https:\/\/yoast.com\/wordpress\/plugins\/seo\/ -->\n<title>Zr\u00f3b co\u015b dobrego dla siebie i innych - \u0160koda We Love Cycling - Poland<\/title>\n<meta name=\"robots\" content=\"index, follow, max-snippet:-1, max-image-preview:large, max-video-preview:-1\" \/>\n<link rel=\"canonical\" href=\"https:\/\/www.welovecycling.com\/pl\/2015\/08\/27\/zrob-cos-dobrego-dla-siebie-i-innych\/\" \/>\n<meta property=\"og:locale\" content=\"pl_PL\" \/>\n<meta property=\"og:type\" content=\"article\" \/>\n<meta property=\"og:title\" content=\"Zr\u00f3b co\u015b dobrego dla siebie i innych\" \/>\n<meta property=\"og:description\" content=\"Wystartuj w wy\u015bcigu Solid Logistics \u0160koda Pozna\u0144\u00a0Bike Challenge z numerem startowym, jakich ma\u0142o.\" \/>\n<meta property=\"og:url\" content=\"https:\/\/www.welovecycling.com\/pl\/2015\/08\/27\/zrob-cos-dobrego-dla-siebie-i-innych\/\" \/>\n<meta property=\"og:site_name\" content=\"\u0160koda We Love Cycling - Poland\" \/>\n<meta property=\"article:published_time\" content=\"2015-08-27T14:39:57+00:00\" \/>\n<meta property=\"article:modified_time\" content=\"2016-12-05T09:59:33+00:00\" \/>\n<meta property=\"og:image\" content=\"https:\/\/d2p6e6u75xmxt8.cloudfront.net\/5\/2015\/08\/15.jpg\" \/>\n\t<meta property=\"og:image:width\" content=\"540\" \/>\n\t<meta property=\"og:image:height\" content=\"405\" \/>\n\t<meta property=\"og:image:type\" content=\"image\/jpeg\" \/>\n<meta name=\"author\" content=\"WeLoveCycling\" \/>\n<meta name=\"twitter:card\" content=\"summary_large_image\" \/>\n<meta name=\"twitter:label1\" content=\"Written by\" \/>\n\t<meta name=\"twitter:data1\" content=\"WeLoveCycling\" \/>\n\t<meta name=\"twitter:label2\" content=\"Est. reading time\" \/>\n\t<meta name=\"twitter:data2\" content=\"1 minute\" \/>\n<script type=\"application\/ld+json\" class=\"yoast-schema-graph\">{\"@context\":\"https:\/\/schema.org\",\"@graph\":[{\"@type\":\"WebPage\",\"@id\":\"https:\/\/www.welovecycling.com\/pl\/2015\/08\/27\/zrob-cos-dobrego-dla-siebie-i-innych\/\",\"url\":\"https:\/\/www.welovecycling.com\/pl\/2015\/08\/27\/zrob-cos-dobrego-dla-siebie-i-innych\/\",\"name\":\"Zr\u00f3b co\u015b dobrego dla siebie i innych - \u0160koda We Love Cycling - Poland\",\"isPartOf\":{\"@id\":\"https:\/\/www.welovecycling.com\/pl\/#website\"},\"primaryImageOfPage\":{\"@id\":\"https:\/\/www.welovecycling.com\/pl\/2015\/08\/27\/zrob-cos-dobrego-dla-siebie-i-innych\/#primaryimage\"},\"image\":{\"@id\":\"https:\/\/www.welovecycling.com\/pl\/2015\/08\/27\/zrob-cos-dobrego-dla-siebie-i-innych\/#primaryimage\"},\"thumbnailUrl\":\"https:\/\/d2p6e6u75xmxt8.cloudfront.net\/5\/2015\/08\/15.jpg\",\"datePublished\":\"2015-08-27T14:39:57+00:00\",\"dateModified\":\"2016-12-05T09:59:33+00:00\",\"author\":{\"@id\":\"https:\/\/www.welovecycling.com\/pl\/#\/schema\/person\/e5187c9cac8dd619ebc7b41bd73c2fd9\"},\"breadcrumb\":{\"@id\":\"https:\/\/www.welovecycling.com\/pl\/2015\/08\/27\/zrob-cos-dobrego-dla-siebie-i-innych\/#breadcrumb\"},\"inLanguage\":\"pl-PL\",\"potentialAction\":[{\"@type\":\"ReadAction\",\"target\":[\"https:\/\/www.welovecycling.com\/pl\/2015\/08\/27\/zrob-cos-dobrego-dla-siebie-i-innych\/\"]}]},{\"@type\":\"ImageObject\",\"inLanguage\":\"pl-PL\",\"@id\":\"https:\/\/www.welovecycling.com\/pl\/2015\/08\/27\/zrob-cos-dobrego-dla-siebie-i-innych\/#primaryimage\",\"url\":\"https:\/\/d2p6e6u75xmxt8.cloudfront.net\/5\/2015\/08\/15.jpg\",\"contentUrl\":\"https:\/\/d2p6e6u75xmxt8.cloudfront.net\/5\/2015\/08\/15.jpg\",\"width\":540,\"height\":405},{\"@type\":\"BreadcrumbList\",\"@id\":\"https:\/\/www.welovecycling.com\/pl\/2015\/08\/27\/zrob-cos-dobrego-dla-siebie-i-innych\/#breadcrumb\",\"itemListElement\":[{\"@type\":\"ListItem\",\"position\":1,\"name\":\"Home\",\"item\":\"https:\/\/www.welovecycling.com\/pl\/\"},{\"@type\":\"ListItem\",\"position\":2,\"name\":\"Zr\u00f3b co\u015b dobrego dla siebie i innych\"}]},{\"@type\":\"WebSite\",\"@id\":\"https:\/\/www.welovecycling.com\/pl\/#website\",\"url\":\"https:\/\/www.welovecycling.com\/pl\/\",\"name\":\"\u0160koda We Love Cycling - Poland\",\"description\":\"\",\"potentialAction\":[{\"@type\":\"SearchAction\",\"target\":{\"@type\":\"EntryPoint\",\"urlTemplate\":\"https:\/\/www.welovecycling.com\/pl\/?s={search_term_string}\"},\"query-input\":{\"@type\":\"PropertyValueSpecification\",\"valueRequired\":true,\"valueName\":\"search_term_string\"}}],\"inLanguage\":\"pl-PL\"},{\"@type\":\"Person\",\"@id\":\"https:\/\/www.welovecycling.com\/pl\/#\/schema\/person\/e5187c9cac8dd619ebc7b41bd73c2fd9\",\"name\":\"WeLoveCycling\",\"image\":{\"@type\":\"ImageObject\",\"inLanguage\":\"pl-PL\",\"@id\":\"https:\/\/www.welovecycling.com\/pl\/#\/schema\/person\/image\/\",\"url\":\"https:\/\/secure.gravatar.com\/avatar\/7e1ee0ecc5e294b19ef32b9f6086e0afbb9da00c3cb0d465ba4695331f4a9187?s=96&d=mm&r=g\",\"contentUrl\":\"https:\/\/secure.gravatar.com\/avatar\/7e1ee0ecc5e294b19ef32b9f6086e0afbb9da00c3cb0d465ba4695331f4a9187?s=96&d=mm&r=g\",\"caption\":\"WeLoveCycling\"},\"url\":\"https:\/\/www.welovecycling.com\/pl\/author\/lukascech\/\"}]}<\/script>\n<!-- \/ Yoast SEO Premium plugin. -->","yoast_head_json":{"title":"Zr\u00f3b co\u015b dobrego dla siebie i innych - \u0160koda We Love Cycling - Poland","robots":{"index":"index","follow":"follow","max-snippet":"max-snippet:-1","max-image-preview":"max-image-preview:large","max-video-preview":"max-video-preview:-1"},"canonical":"https:\/\/www.welovecycling.com\/pl\/2015\/08\/27\/zrob-cos-dobrego-dla-siebie-i-innych\/","og_locale":"pl_PL","og_type":"article","og_title":"Zr\u00f3b co\u015b dobrego dla siebie i innych","og_description":"Wystartuj w wy\u015bcigu Solid Logistics \u0160koda Pozna\u0144\u00a0Bike Challenge z numerem startowym, jakich ma\u0142o.","og_url":"https:\/\/www.welovecycling.com\/pl\/2015\/08\/27\/zrob-cos-dobrego-dla-siebie-i-innych\/","og_site_name":"\u0160koda We Love Cycling - Poland","article_published_time":"2015-08-27T14:39:57+00:00","article_modified_time":"2016-12-05T09:59:33+00:00","og_image":[{"width":540,"height":405,"url":"https:\/\/d2p6e6u75xmxt8.cloudfront.net\/5\/2015\/08\/15.jpg","type":"image\/jpeg"}],"author":"WeLoveCycling","twitter_card":"summary_large_image","twitter_misc":{"Written by":"WeLoveCycling","Est. reading time":"1 minute"},"schema":{"@context":"https:\/\/schema.org","@graph":[{"@type":"WebPage","@id":"https:\/\/www.welovecycling.com\/pl\/2015\/08\/27\/zrob-cos-dobrego-dla-siebie-i-innych\/","url":"https:\/\/www.welovecycling.com\/pl\/2015\/08\/27\/zrob-cos-dobrego-dla-siebie-i-innych\/","name":"Zr\u00f3b co\u015b dobrego dla siebie i innych - \u0160koda We Love Cycling - Poland","isPartOf":{"@id":"https:\/\/www.welovecycling.com\/pl\/#website"},"primaryImageOfPage":{"@id":"https:\/\/www.welovecycling.com\/pl\/2015\/08\/27\/zrob-cos-dobrego-dla-siebie-i-innych\/#primaryimage"},"image":{"@id":"https:\/\/www.welovecycling.com\/pl\/2015\/08\/27\/zrob-cos-dobrego-dla-siebie-i-innych\/#primaryimage"},"thumbnailUrl":"https:\/\/d2p6e6u75xmxt8.cloudfront.net\/5\/2015\/08\/15.jpg","datePublished":"2015-08-27T14:39:57+00:00","dateModified":"2016-12-05T09:59:33+00:00","author":{"@id":"https:\/\/www.welovecycling.com\/pl\/#\/schema\/person\/e5187c9cac8dd619ebc7b41bd73c2fd9"},"breadcrumb":{"@id":"https:\/\/www.welovecycling.com\/pl\/2015\/08\/27\/zrob-cos-dobrego-dla-siebie-i-innych\/#breadcrumb"},"inLanguage":"pl-PL","potentialAction":[{"@type":"ReadAction","target":["https:\/\/www.welovecycling.com\/pl\/2015\/08\/27\/zrob-cos-dobrego-dla-siebie-i-innych\/"]}]},{"@type":"ImageObject","inLanguage":"pl-PL","@id":"https:\/\/www.welovecycling.com\/pl\/2015\/08\/27\/zrob-cos-dobrego-dla-siebie-i-innych\/#primaryimage","url":"https:\/\/d2p6e6u75xmxt8.cloudfront.net\/5\/2015\/08\/15.jpg","contentUrl":"https:\/\/d2p6e6u75xmxt8.cloudfront.net\/5\/2015\/08\/15.jpg","width":540,"height":405},{"@type":"BreadcrumbList","@id":"https:\/\/www.welovecycling.com\/pl\/2015\/08\/27\/zrob-cos-dobrego-dla-siebie-i-innych\/#breadcrumb","itemListElement":[{"@type":"ListItem","position":1,"name":"Home","item":"https:\/\/www.welovecycling.com\/pl\/"},{"@type":"ListItem","position":2,"name":"Zr\u00f3b co\u015b dobrego dla siebie i innych"}]},{"@type":"WebSite","@id":"https:\/\/www.welovecycling.com\/pl\/#website","url":"https:\/\/www.welovecycling.com\/pl\/","name":"\u0160koda We Love Cycling - Poland","description":"","potentialAction":[{"@type":"SearchAction","target":{"@type":"EntryPoint","urlTemplate":"https:\/\/www.welovecycling.com\/pl\/?s={search_term_string}"},"query-input":{"@type":"PropertyValueSpecification","valueRequired":true,"valueName":"search_term_string"}}],"inLanguage":"pl-PL"},{"@type":"Person","@id":"https:\/\/www.welovecycling.com\/pl\/#\/schema\/person\/e5187c9cac8dd619ebc7b41bd73c2fd9","name":"WeLoveCycling","image":{"@type":"ImageObject","inLanguage":"pl-PL","@id":"https:\/\/www.welovecycling.com\/pl\/#\/schema\/person\/image\/","url":"https:\/\/secure.gravatar.com\/avatar\/7e1ee0ecc5e294b19ef32b9f6086e0afbb9da00c3cb0d465ba4695331f4a9187?s=96&d=mm&r=g","contentUrl":"https:\/\/secure.gravatar.com\/avatar\/7e1ee0ecc5e294b19ef32b9f6086e0afbb9da00c3cb0d465ba4695331f4a9187?s=96&d=mm&r=g","caption":"WeLoveCycling"},"url":"https:\/\/www.welovecycling.com\/pl\/author\/lukascech\/"}]}},"_links":{"self":[{"href":"https:\/\/www.welovecycling.com\/pl\/wp-json\/wp\/v2\/posts\/2292","targetHints":{"allow":["GET"]}}],"collection":[{"href":"https:\/\/www.welovecycling.com\/pl\/wp-json\/wp\/v2\/posts"}],"about":[{"href":"https:\/\/www.welovecycling.com\/pl\/wp-json\/wp\/v2\/types\/post"}],"author":[{"embeddable":true,"href":"https:\/\/www.welovecycling.com\/pl\/wp-json\/wp\/v2\/users\/1"}],"replies":[{"embeddable":true,"href":"https:\/\/www.welovecycling.com\/pl\/wp-json\/wp\/v2\/comments?post=2292"}],"version-history":[{"count":1,"href":"https:\/\/www.welovecycling.com\/pl\/wp-json\/wp\/v2\/posts\/2292\/revisions"}],"predecessor-version":[{"id":2504,"href":"https:\/\/www.welovecycling.com\/pl\/wp-json\/wp\/v2\/posts\/2292\/revisions\/2504"}],"wp:featuredmedia":[{"embeddable":true,"href":"https:\/\/www.welovecycling.com\/pl\/wp-json\/wp\/v2\/media\/436"}],"wp:attachment":[{"href":"https:\/\/www.welovecycling.com\/pl\/wp-json\/wp\/v2\/media?parent=2292"}],"wp:term":[{"taxonomy":"category","embeddable":true,"href":"https:\/\/www.welovecycling.com\/pl\/wp-json\/wp\/v2\/categories?post=2292"},{"taxonomy":"post_tag","embeddable":true,"href":"https:\/\/www.welovecycling.com\/pl\/wp-json\/wp\/v2\/tags?post=2292"},{"taxonomy":"global-categories","embeddable":true,"href":"https:\/\/www.welovecycling.com\/pl\/wp-json\/wp\/v2\/global-categories?post=2292"}],"curies":[{"name":"wp","href":"https:\/\/api.w.org\/{rel}","templated":true}]}}