{"id":2290,"date":"2015-08-28T08:41:39","date_gmt":"2015-08-28T08:41:39","guid":{"rendered":"http:\/\/serwer1629254.home.pl\/index.php\/2015\/08\/28\/solid-logistics-skoda-poznan-bike-challenge\/"},"modified":"2016-12-05T09:59:17","modified_gmt":"2016-12-05T09:59:17","slug":"solid-logistics-skoda-poznan-bike-challenge","status":"publish","type":"post","link":"https:\/\/www.welovecycling.com\/pl\/2015\/08\/28\/solid-logistics-skoda-poznan-bike-challenge\/","title":{"rendered":"Solid Logistics \u0160koda Pozna\u0144 Bike Challenge"},"content":{"rendered":"<p>Gotowi na najwi\u0119ksz\u0105 rowerow\u0105 imprez\u0119 w Polsce? Solid Logistics \u0160koda\u00a0Pozna\u0144 Bike Challenge startuje ju\u017c 13 wrze\u015bnia w Poznaniu, a wraz z nim pi\u0119\u0107\u00a0tysi\u0119cy rowerzyst\u00f3w. W tym roku organizatorzy przygotowali a\u017c 5 tras do wyboru.\u00a0Poznaj ka\u017cd\u0105 z nich bli\u017cej.<\/p>\n<p><!--more--><\/p>\n<p><!-- more --><\/p>\n<p><i>(\u0179r\u00f3d\u0142o: <\/i>Pozna\u0144 Bike Challenge)<\/p>\n<p><b>120\u00a0km \u0160koda Challenge<\/b><\/p>\n<p>To trasa dla najbardziej wytrwa\u0142ych. W tym roku\u00a0\u015bwi\u0119tujemy 120 lat \u0160KODY i dlatego b\u0119dzie ona liczy\u0107 120 km. Na \u201e120 km \u0160koda\u00a0Challenge\u201d najlepiej sprawdzi si\u0119 rower szosowy, trekkingowy lub MTB. Start 13\u00a0wrze\u015bnia o godzinie 12:00! Dodatkowo wszyscy, kt\u00f3rzy wystartuj\u0105 na tym\u00a0dystansie b\u0119d\u0105 walczy\u0107 o mo\u017cliwo\u015b\u0107 uczestnictwa w Mistrzostwach \u015awiata UWCT\u00a0Amator\u00f3w i prawdziw\u0105 t\u0119czow\u0105 koszulk\u0119 Mistrza \u015awiata UWCT Amator\u00f3w!<\/p>\n<figure class=\"tmblr-full\"><img decoding=\"async\" src=\"http:\/\/41.media.tumblr.com\/48e6e87c41dde2d58df5072ebe3b5702\/tumblr_inline_ntsaigUbuA1sfrvl6_540.jpg\" alt=\"image\" \/><\/figure>\n<p><i>(\u0179r\u00f3d\u0142o: Pozna\u0144 Bike Challenge)<\/i><\/p>\n<p><b>16\u00a0km Bike Challenge\u00a0<\/b><b>Time Trial<\/b><\/p>\n<p>To zawody serii UWTC w je\u017adzie indywidulnej na czas. Na\u00a0ka\u017cdego z zawodnik\u00f3w czeka\u0107 b\u0119d\u0105 cztery okr\u0105\u017cenia toru, licz\u0105ce \u0142\u0105cznie 16 km.\u00a0Zawodnicy b\u0119d\u0105 startowa\u0107 co 16 sekund w formule non &#8211; drafting. Uwaga: wy\u015bcig\u00a0rozpocznie si\u0119 ju\u017c 11 wrze\u015bnia o godzinie 8:30. Na ten wy\u015bcig potrzebny jest\u00a0rower czasowy.<\/p>\n<p><b>50\u00a0km Solid Logistics Challenge <\/b><\/p>\n<p>W ramach tej trasy na kolarzy czeka 50 kilometr\u00f3w\u00a0rywalizacji. To troch\u0119 kr\u00f3tsza ni\u017c 120 km trasa dla wysportowanych amator\u00f3w.\u00a0\u017beby zmierzy\u0107 si\u0119 w tym wy\u015bcigu trzeba mie\u0107 wi\u0119cej ni\u017c 13 lat. Na tej trasie pojawi\u0105\u00a0si\u0119 rowery szosowe, trekkingowe, MTB, a nawet miejskie. Start 13 wrze\u015bnia o\u00a0godzinie 10:00.<\/p>\n<figure class=\"tmblr-full\"><img decoding=\"async\" src=\"http:\/\/40.media.tumblr.com\/26bdeb177da1b1e599631187de8b2c45\/tumblr_inline_ntsar6I1Iz1sfrvl6_540.jpg\" alt=\"image\" \/><\/figure>\n<p><i>(\u0179r\u00f3d\u0142o: Pozna\u0144 Bike Challenge)<\/i><\/p>\n<p><b>18\u00a0km\u00a0<\/b><b>\u0160koda Family Challenge<\/b><\/p>\n<p>W t\u0119 tras\u0119 mo\u017cna zabra\u0107 ze sob\u0105 nawet dzieci, a je\u015bli\u00a0maj\u0105 wi\u0119cej ni\u017c 7 lat, to mog\u0105 zmierzy\u0107 si\u0119 z ni\u0105 samodzielnie. To bezpieczna,\u00a0rodzinna i ma\u0142o wymagaj\u0105ca trasa, kt\u00f3ra prowadzi przez ca\u0142y Pozna\u0144. Na starcie tego\u00a0wy\u015bcigu widzimy si\u0119 13 wrze\u015bnia o godzinie 9:00. B\u0119dziesz nam kibicowa\u0107?<\/p>\n<figure class=\"tmblr-full\"><img decoding=\"async\" src=\"http:\/\/36.media.tumblr.com\/0689b1c490186597d286f621234c6609\/tumblr_inline_ntsan07xJs1sfrvl6_540.jpg\" alt=\"image\" \/><\/figure>\n<p><i>(\u0179r\u00f3d\u0142o: Pozna\u0144 Bike Challenge)<\/i><\/p>\n<p><b>Solid\u00a0Logistics Kids Challenge<\/b><\/p>\n<p>Mini \u2013 trasa licz\u0105ca 5 km\u00a0wok\u00f3\u0142 Jeziora Malta\u0144skiego, przygotowana specjalnie dla dzieci powy\u017cej 3 roku\u00a0\u017cycia. W tym wy\u015bcigu mo\u017cna wzi\u0105\u0107 udzia\u0142 nawet na rowerze bez peda\u0142\u00f3w albo z\u00a0trzema k\u00f3\u0142kami. W sportowej\u00a0rywalizacji dziecku mog\u0105 towarzyszy\u0107 oczywi\u015bcie rodzice.<\/p>\n<p>Rejestracja\u00a0na wi\u0119kszo\u015b\u0107 tras zosta\u0142a ju\u017c zamkni\u0119ta, dlatego mamy nadziej\u0119, \u017ce zd\u0105\u017cyli\u015bcie\u00a0zapisa\u0107 si\u0119 na kt\u00f3ry\u015b z dystans\u00f3w i zobaczymy si\u0119 13 wrze\u015bnia na starcie.\u00a0Dodatkowo zar\u00f3wno startuj\u0105cych jak i kibic\u00f3w zapraszamy<br \/>\nnad Malt\u0119 do strefy \u0160KODY oraz strefy \u0160koda Auto Szko\u0142y &#8211; czeka\u0107 na Was tam\u00a0b\u0119dzie du\u017co sportowych emocji, rado\u015bci, dobrej muzyki<b> <\/b>i innych atrakcji, zar\u00f3wno dla doros\u0142ych jak i najm\u0142odszych.<b>\u00a0<\/b><\/p>\n<p>Do zobaczenia w Poznaniu!<\/p>\n","protected":false},"excerpt":{"rendered":"<p>Gotowi na najwi\u0119ksz\u0105 rowerow\u0105 imprez\u0119 w Polsce? Solid Logistics \u0160koda\u00a0Pozna\u0144 Bike Challenge startuje ju\u017c 13 wrze\u015bnia w Poznaniu, a wraz [&hellip;]<\/p>\n","protected":false},"author":1,"featured_media":429,"comment_status":"open","ping_status":"open","sticky":false,"template":"","format":"standard","meta":{"footnotes":""},"categories":[1],"tags":[],"global-categories":[],"class_list":["post-2290","post","type-post","status-publish","format-standard","has-post-thumbnail","hentry","category-uncategorized"],"yoast_head":"<!-- This site is optimized with the Yoast SEO Premium plugin v25.3 (Yoast SEO v25.9) - https:\/\/yoast.com\/wordpress\/plugins\/seo\/ -->\n<title>Solid Logistics \u0160koda Pozna\u0144 Bike Challenge - \u0160koda We Love Cycling - Poland<\/title>\n<meta name=\"robots\" content=\"index, follow, max-snippet:-1, max-image-preview:large, max-video-preview:-1\" \/>\n<link rel=\"canonical\" href=\"https:\/\/www.welovecycling.com\/pl\/2015\/08\/28\/solid-logistics-skoda-poznan-bike-challenge\/\" \/>\n<meta property=\"og:locale\" content=\"pl_PL\" \/>\n<meta property=\"og:type\" content=\"article\" \/>\n<meta property=\"og:title\" content=\"Solid Logistics \u0160koda Pozna\u0144 Bike Challenge\" \/>\n<meta property=\"og:description\" content=\"Gotowi na najwi\u0119ksz\u0105 rowerow\u0105 imprez\u0119 w Polsce? Solid Logistics \u0160koda\u00a0Pozna\u0144 Bike Challenge startuje ju\u017c 13 wrze\u015bnia w Poznaniu, a wraz [&hellip;]\" \/>\n<meta property=\"og:url\" content=\"https:\/\/www.welovecycling.com\/pl\/2015\/08\/28\/solid-logistics-skoda-poznan-bike-challenge\/\" \/>\n<meta property=\"og:site_name\" content=\"\u0160koda We Love Cycling - Poland\" \/>\n<meta property=\"article:published_time\" content=\"2015-08-28T08:41:39+00:00\" \/>\n<meta property=\"article:modified_time\" content=\"2016-12-05T09:59:17+00:00\" \/>\n<meta property=\"og:image\" content=\"https:\/\/d2p6e6u75xmxt8.cloudfront.net\/5\/2015\/08\/13.jpg\" \/>\n\t<meta property=\"og:image:width\" content=\"540\" \/>\n\t<meta property=\"og:image:height\" content=\"360\" \/>\n\t<meta property=\"og:image:type\" content=\"image\/jpeg\" \/>\n<meta name=\"author\" content=\"WeLoveCycling\" \/>\n<meta name=\"twitter:card\" content=\"summary_large_image\" \/>\n<meta name=\"twitter:label1\" content=\"Written by\" \/>\n\t<meta name=\"twitter:data1\" content=\"WeLoveCycling\" \/>\n\t<meta name=\"twitter:label2\" content=\"Est. reading time\" \/>\n\t<meta name=\"twitter:data2\" content=\"2 minutes\" \/>\n<script type=\"application\/ld+json\" class=\"yoast-schema-graph\">{\"@context\":\"https:\/\/schema.org\",\"@graph\":[{\"@type\":\"WebPage\",\"@id\":\"https:\/\/www.welovecycling.com\/pl\/2015\/08\/28\/solid-logistics-skoda-poznan-bike-challenge\/\",\"url\":\"https:\/\/www.welovecycling.com\/pl\/2015\/08\/28\/solid-logistics-skoda-poznan-bike-challenge\/\",\"name\":\"Solid Logistics \u0160koda Pozna\u0144 Bike Challenge - \u0160koda We Love Cycling - Poland\",\"isPartOf\":{\"@id\":\"https:\/\/www.welovecycling.com\/pl\/#website\"},\"primaryImageOfPage\":{\"@id\":\"https:\/\/www.welovecycling.com\/pl\/2015\/08\/28\/solid-logistics-skoda-poznan-bike-challenge\/#primaryimage\"},\"image\":{\"@id\":\"https:\/\/www.welovecycling.com\/pl\/2015\/08\/28\/solid-logistics-skoda-poznan-bike-challenge\/#primaryimage\"},\"thumbnailUrl\":\"https:\/\/d2p6e6u75xmxt8.cloudfront.net\/5\/2015\/08\/13.jpg\",\"datePublished\":\"2015-08-28T08:41:39+00:00\",\"dateModified\":\"2016-12-05T09:59:17+00:00\",\"author\":{\"@id\":\"https:\/\/www.welovecycling.com\/pl\/#\/schema\/person\/e5187c9cac8dd619ebc7b41bd73c2fd9\"},\"breadcrumb\":{\"@id\":\"https:\/\/www.welovecycling.com\/pl\/2015\/08\/28\/solid-logistics-skoda-poznan-bike-challenge\/#breadcrumb\"},\"inLanguage\":\"pl-PL\",\"potentialAction\":[{\"@type\":\"ReadAction\",\"target\":[\"https:\/\/www.welovecycling.com\/pl\/2015\/08\/28\/solid-logistics-skoda-poznan-bike-challenge\/\"]}]},{\"@type\":\"ImageObject\",\"inLanguage\":\"pl-PL\",\"@id\":\"https:\/\/www.welovecycling.com\/pl\/2015\/08\/28\/solid-logistics-skoda-poznan-bike-challenge\/#primaryimage\",\"url\":\"https:\/\/d2p6e6u75xmxt8.cloudfront.net\/5\/2015\/08\/13.jpg\",\"contentUrl\":\"https:\/\/d2p6e6u75xmxt8.cloudfront.net\/5\/2015\/08\/13.jpg\",\"width\":540,\"height\":360},{\"@type\":\"BreadcrumbList\",\"@id\":\"https:\/\/www.welovecycling.com\/pl\/2015\/08\/28\/solid-logistics-skoda-poznan-bike-challenge\/#breadcrumb\",\"itemListElement\":[{\"@type\":\"ListItem\",\"position\":1,\"name\":\"Home\",\"item\":\"https:\/\/www.welovecycling.com\/pl\/\"},{\"@type\":\"ListItem\",\"position\":2,\"name\":\"Solid Logistics \u0160koda Pozna\u0144 Bike Challenge\"}]},{\"@type\":\"WebSite\",\"@id\":\"https:\/\/www.welovecycling.com\/pl\/#website\",\"url\":\"https:\/\/www.welovecycling.com\/pl\/\",\"name\":\"\u0160koda We Love Cycling - Poland\",\"description\":\"\",\"potentialAction\":[{\"@type\":\"SearchAction\",\"target\":{\"@type\":\"EntryPoint\",\"urlTemplate\":\"https:\/\/www.welovecycling.com\/pl\/?s={search_term_string}\"},\"query-input\":{\"@type\":\"PropertyValueSpecification\",\"valueRequired\":true,\"valueName\":\"search_term_string\"}}],\"inLanguage\":\"pl-PL\"},{\"@type\":\"Person\",\"@id\":\"https:\/\/www.welovecycling.com\/pl\/#\/schema\/person\/e5187c9cac8dd619ebc7b41bd73c2fd9\",\"name\":\"WeLoveCycling\",\"image\":{\"@type\":\"ImageObject\",\"inLanguage\":\"pl-PL\",\"@id\":\"https:\/\/www.welovecycling.com\/pl\/#\/schema\/person\/image\/\",\"url\":\"https:\/\/secure.gravatar.com\/avatar\/7e1ee0ecc5e294b19ef32b9f6086e0afbb9da00c3cb0d465ba4695331f4a9187?s=96&d=mm&r=g\",\"contentUrl\":\"https:\/\/secure.gravatar.com\/avatar\/7e1ee0ecc5e294b19ef32b9f6086e0afbb9da00c3cb0d465ba4695331f4a9187?s=96&d=mm&r=g\",\"caption\":\"WeLoveCycling\"},\"url\":\"https:\/\/www.welovecycling.com\/pl\/author\/lukascech\/\"}]}<\/script>\n<!-- \/ Yoast SEO Premium plugin. -->","yoast_head_json":{"title":"Solid Logistics \u0160koda Pozna\u0144 Bike Challenge - \u0160koda We Love Cycling - Poland","robots":{"index":"index","follow":"follow","max-snippet":"max-snippet:-1","max-image-preview":"max-image-preview:large","max-video-preview":"max-video-preview:-1"},"canonical":"https:\/\/www.welovecycling.com\/pl\/2015\/08\/28\/solid-logistics-skoda-poznan-bike-challenge\/","og_locale":"pl_PL","og_type":"article","og_title":"Solid Logistics \u0160koda Pozna\u0144 Bike Challenge","og_description":"Gotowi na najwi\u0119ksz\u0105 rowerow\u0105 imprez\u0119 w Polsce? Solid Logistics \u0160koda\u00a0Pozna\u0144 Bike Challenge startuje ju\u017c 13 wrze\u015bnia w Poznaniu, a wraz [&hellip;]","og_url":"https:\/\/www.welovecycling.com\/pl\/2015\/08\/28\/solid-logistics-skoda-poznan-bike-challenge\/","og_site_name":"\u0160koda We Love Cycling - Poland","article_published_time":"2015-08-28T08:41:39+00:00","article_modified_time":"2016-12-05T09:59:17+00:00","og_image":[{"width":540,"height":360,"url":"https:\/\/d2p6e6u75xmxt8.cloudfront.net\/5\/2015\/08\/13.jpg","type":"image\/jpeg"}],"author":"WeLoveCycling","twitter_card":"summary_large_image","twitter_misc":{"Written by":"WeLoveCycling","Est. reading time":"2 minutes"},"schema":{"@context":"https:\/\/schema.org","@graph":[{"@type":"WebPage","@id":"https:\/\/www.welovecycling.com\/pl\/2015\/08\/28\/solid-logistics-skoda-poznan-bike-challenge\/","url":"https:\/\/www.welovecycling.com\/pl\/2015\/08\/28\/solid-logistics-skoda-poznan-bike-challenge\/","name":"Solid Logistics \u0160koda Pozna\u0144 Bike Challenge - \u0160koda We Love Cycling - Poland","isPartOf":{"@id":"https:\/\/www.welovecycling.com\/pl\/#website"},"primaryImageOfPage":{"@id":"https:\/\/www.welovecycling.com\/pl\/2015\/08\/28\/solid-logistics-skoda-poznan-bike-challenge\/#primaryimage"},"image":{"@id":"https:\/\/www.welovecycling.com\/pl\/2015\/08\/28\/solid-logistics-skoda-poznan-bike-challenge\/#primaryimage"},"thumbnailUrl":"https:\/\/d2p6e6u75xmxt8.cloudfront.net\/5\/2015\/08\/13.jpg","datePublished":"2015-08-28T08:41:39+00:00","dateModified":"2016-12-05T09:59:17+00:00","author":{"@id":"https:\/\/www.welovecycling.com\/pl\/#\/schema\/person\/e5187c9cac8dd619ebc7b41bd73c2fd9"},"breadcrumb":{"@id":"https:\/\/www.welovecycling.com\/pl\/2015\/08\/28\/solid-logistics-skoda-poznan-bike-challenge\/#breadcrumb"},"inLanguage":"pl-PL","potentialAction":[{"@type":"ReadAction","target":["https:\/\/www.welovecycling.com\/pl\/2015\/08\/28\/solid-logistics-skoda-poznan-bike-challenge\/"]}]},{"@type":"ImageObject","inLanguage":"pl-PL","@id":"https:\/\/www.welovecycling.com\/pl\/2015\/08\/28\/solid-logistics-skoda-poznan-bike-challenge\/#primaryimage","url":"https:\/\/d2p6e6u75xmxt8.cloudfront.net\/5\/2015\/08\/13.jpg","contentUrl":"https:\/\/d2p6e6u75xmxt8.cloudfront.net\/5\/2015\/08\/13.jpg","width":540,"height":360},{"@type":"BreadcrumbList","@id":"https:\/\/www.welovecycling.com\/pl\/2015\/08\/28\/solid-logistics-skoda-poznan-bike-challenge\/#breadcrumb","itemListElement":[{"@type":"ListItem","position":1,"name":"Home","item":"https:\/\/www.welovecycling.com\/pl\/"},{"@type":"ListItem","position":2,"name":"Solid Logistics \u0160koda Pozna\u0144 Bike Challenge"}]},{"@type":"WebSite","@id":"https:\/\/www.welovecycling.com\/pl\/#website","url":"https:\/\/www.welovecycling.com\/pl\/","name":"\u0160koda We Love Cycling - Poland","description":"","potentialAction":[{"@type":"SearchAction","target":{"@type":"EntryPoint","urlTemplate":"https:\/\/www.welovecycling.com\/pl\/?s={search_term_string}"},"query-input":{"@type":"PropertyValueSpecification","valueRequired":true,"valueName":"search_term_string"}}],"inLanguage":"pl-PL"},{"@type":"Person","@id":"https:\/\/www.welovecycling.com\/pl\/#\/schema\/person\/e5187c9cac8dd619ebc7b41bd73c2fd9","name":"WeLoveCycling","image":{"@type":"ImageObject","inLanguage":"pl-PL","@id":"https:\/\/www.welovecycling.com\/pl\/#\/schema\/person\/image\/","url":"https:\/\/secure.gravatar.com\/avatar\/7e1ee0ecc5e294b19ef32b9f6086e0afbb9da00c3cb0d465ba4695331f4a9187?s=96&d=mm&r=g","contentUrl":"https:\/\/secure.gravatar.com\/avatar\/7e1ee0ecc5e294b19ef32b9f6086e0afbb9da00c3cb0d465ba4695331f4a9187?s=96&d=mm&r=g","caption":"WeLoveCycling"},"url":"https:\/\/www.welovecycling.com\/pl\/author\/lukascech\/"}]}},"_links":{"self":[{"href":"https:\/\/www.welovecycling.com\/pl\/wp-json\/wp\/v2\/posts\/2290","targetHints":{"allow":["GET"]}}],"collection":[{"href":"https:\/\/www.welovecycling.com\/pl\/wp-json\/wp\/v2\/posts"}],"about":[{"href":"https:\/\/www.welovecycling.com\/pl\/wp-json\/wp\/v2\/types\/post"}],"author":[{"embeddable":true,"href":"https:\/\/www.welovecycling.com\/pl\/wp-json\/wp\/v2\/users\/1"}],"replies":[{"embeddable":true,"href":"https:\/\/www.welovecycling.com\/pl\/wp-json\/wp\/v2\/comments?post=2290"}],"version-history":[{"count":1,"href":"https:\/\/www.welovecycling.com\/pl\/wp-json\/wp\/v2\/posts\/2290\/revisions"}],"predecessor-version":[{"id":2502,"href":"https:\/\/www.welovecycling.com\/pl\/wp-json\/wp\/v2\/posts\/2290\/revisions\/2502"}],"wp:featuredmedia":[{"embeddable":true,"href":"https:\/\/www.welovecycling.com\/pl\/wp-json\/wp\/v2\/media\/429"}],"wp:attachment":[{"href":"https:\/\/www.welovecycling.com\/pl\/wp-json\/wp\/v2\/media?parent=2290"}],"wp:term":[{"taxonomy":"category","embeddable":true,"href":"https:\/\/www.welovecycling.com\/pl\/wp-json\/wp\/v2\/categories?post=2290"},{"taxonomy":"post_tag","embeddable":true,"href":"https:\/\/www.welovecycling.com\/pl\/wp-json\/wp\/v2\/tags?post=2290"},{"taxonomy":"global-categories","embeddable":true,"href":"https:\/\/www.welovecycling.com\/pl\/wp-json\/wp\/v2\/global-categories?post=2290"}],"curies":[{"name":"wp","href":"https:\/\/api.w.org\/{rel}","templated":true}]}}