{"id":2288,"date":"2014-08-22T09:05:41","date_gmt":"2014-08-22T07:05:41","guid":{"rendered":"http:\/\/serwer1629254.home.pl\/index.php\/2014\/08\/22\/hiszpania-walczy-o-swoje-startuje-vuelta-a-espana\/"},"modified":"2016-12-05T10:04:25","modified_gmt":"2016-12-05T10:04:25","slug":"hiszpania-walczy-o-swoje-startuje-vuelta-a-espana","status":"publish","type":"post","link":"https:\/\/www.welovecycling.com\/pl\/2014\/08\/22\/hiszpania-walczy-o-swoje-startuje-vuelta-a-espana\/","title":{"rendered":"Hiszpania walczy o swoje. Startuje Vuelta a Espa\u00f1a"},"content":{"rendered":"<p>Dla kilku kolarzy b\u0119dzie szans\u0105 na wylizanie ran, dla innych rozgrzewk\u0105 przed mistrzostwami \u015bwiata. W sobot\u0119 zaczyna si\u0119 Vuelta a Espa\u00f1a, najm\u0142odszy z rodziny wielkich wy\u015bcig\u00f3w.<!--more--><\/p>\n<p><em><em><em><em><!-- more -->(\u0179r\u00f3d\u0142o:\u00a0\u0160koda-Polska)<\/em><\/em><\/em><\/em><\/p>\n<p>Argument\u00f3w nie ma wielu. Najstarszy i najbardziej presti\u017cowy jest Tour de France, wi\u0119cej emocji wzbudza te\u017c Giro d\u2019Italia, ale mimo tego Vuelta a Espa\u00f1a to r\u00f3wnie\u017c pi\u0119kny wy\u015bcig, cz\u0119sto z zaskakuj\u0105cymi rozstrzygni\u0119ciami. &#8211; Kibice kolarstwa powinni go doceni\u0107 &#8211; podkre\u015bla\u0142 Amerykanin Chris Horner, zwyci\u0119zca ubieg\u0142orocznej Vuelty.<\/p>\n<p><strong>Wz\u00f3r z Tour de France<\/strong><\/p>\n<p>TdF dla Vulety m\u00f3g\u0142by by\u0107 ojcem, bo gdy Hiszpanie inaugurowali sw\u00f3j wy\u015bcig, Francuzi na koncie mieli ju\u017c 29 edycji. Zreszt\u0105 na P\u00f3\u0142wyspie Iberyjskim nigdy nie kryli, \u017ce inspirowali si\u0119 w\u0142a\u015bnie TdF i Giro. Zach\u0119t\u0105 by\u0142y sukcesy gazet, kt\u00f3re organizowa\u0142y wy\u015bcigi, dzi\u0119ki czemu ich nak\u0142ad szed\u0142 mocno w g\u00f3r\u0119.<\/p>\n<p>Pierwsza Vuelta odby\u0142a si\u0119 w 1935 r. \u201eZ czasem stare stalowe rowery zast\u0105pi\u0142 sprz\u0119t z lekkich komponent\u00f3w, a komunikacj\u0119 telefoniczn\u0105 telewizja, satelity i e-maile. By\u0142o wiele sportowych i technologicznych zmian, ale cel pozosta\u0142 ten sam: wygra\u0107 najwa\u017cniejszy wy\u015bcig w Hiszpanii i jeden z najwi\u0119kszych na \u015bwiecie\u201d &#8211; reklamuje si\u0119 Vuelta na swojej oficjalnej stronie.<\/p>\n<p><strong>Twitter jedno, a \u017cycie drugie<\/strong><\/p>\n<p>O wadze wy\u015bcigu \u015bwiadcz\u0105 kolarze, kt\u00f3rzy w nim wyst\u0105pi\u0105. Hiszpan Alberto Contador podczas TdF z\u0142ama\u0142 ko\u015b\u0107 piszczelow\u0105, ale walczy\u0142 z czasem. Wydawa\u0142o si\u0119 jednak, \u017ce ten wy\u015bcig przegra\u0142. \u201eTo fatalny dzie\u0144, kontuzja nie goi si\u0119 dobrze. Nie wiem kiedy wr\u00f3c\u0119 na rower. \u017begnaj Vuelto\u201d &#8211; napisa\u0142 na Twitterze niespe\u0142na miesi\u0105c temu. Po cichu zacz\u0105\u0142 jednak treningi, walczy\u0142 z b\u00f3lem, a\u017c w ko\u0144cu o\u015bwiadczy\u0142, \u017ce w Vuelcie pojedzie. Podobnie jak Brytyjczyk Chris Froome, kt\u00f3ry z powodu kontuzji te\u017c nie sko\u0144czy\u0142 TdF.<\/p>\n<p>Walczy\u0107 z nimi b\u0119d\u0105 takie gwiazdy kolarstwa jak Nairo Quintana, Rigoberto Uran i Fabio Aru, czyli trzech najlepszych kolarzy z Giro. W wy\u015bcigu dooko\u0142a Hiszpanii pojedzie r\u00f3wnie\u017c trzech Polak\u00f3w: Przemys\u0142aw Niemiec, Maciej Bodnar i Karol Domagalski. Micha\u0142 Kwiatkowski postanowi\u0142 odpocz\u0105\u0107, dla niego kolejnym wa\u017cnych wy\u015bcigiem b\u0119d\u0105 wrze\u015bniowe mistrzostwa \u015bwiata.<\/p>\n<p><strong>Wino, konie i rowery<\/strong><\/p>\n<p>Na co dzie\u0144 Jerez de la Frontera kojarzy si\u0119 g\u0142\u00f3wnie z torem Formu\u0142y 1, hodowl\u0105 koni i produkcj\u0105 mocnego wina, ale w sobot\u0119 zostanie opanowane przez fan\u00f3w kolarstwa. To w\u0142a\u015bnie w mie\u015bcie le\u017c\u0105cym w Andaluzji rozpocznie si\u0119 tegoroczna Vuelta. Na pocz\u0105tku wy\u015bcigu do g\u0142osu dojd\u0105 sprinterzy, ale p\u00f3\u017aniej swoje pi\u0119\u0107 minut b\u0119d\u0105 mieli specjali\u015bci od morderczych podjazd\u00f3w.<\/p>\n<p>Tegoroczna trasa liczy blisko 3,2 tys. km i sk\u0142ada si\u0119 z 21 etap\u00f3w. Zako\u0144czenie 14 wrze\u015bnia w Santiago de Compostela, s\u0142ynnym miejscu pielgrzymek chrze\u015bcijan. Wy\u015bcig na \u017cywo mo\u017cna \u015bledzi\u0107 w Eurosporcie.<\/p>\n","protected":false},"excerpt":{"rendered":"<p>Dla kilku kolarzy b\u0119dzie szans\u0105 na wylizanie ran, dla innych rozgrzewk\u0105 przed mistrzostwami \u015bwiata. W sobot\u0119 zaczyna si\u0119 Vuelta a [&hellip;]<\/p>\n","protected":false},"author":1,"featured_media":724,"comment_status":"open","ping_status":"open","sticky":false,"template":"","format":"standard","meta":{"footnotes":""},"categories":[1],"tags":[],"global-categories":[],"class_list":["post-2288","post","type-post","status-publish","format-standard","has-post-thumbnail","hentry","category-uncategorized"],"yoast_head":"<!-- This site is optimized with the Yoast SEO Premium plugin v25.3 (Yoast SEO v25.9) - https:\/\/yoast.com\/wordpress\/plugins\/seo\/ -->\n<title>Hiszpania walczy o swoje. Startuje Vuelta a Espa\u00f1a - \u0160koda We Love Cycling - Poland<\/title>\n<meta name=\"robots\" content=\"index, follow, max-snippet:-1, max-image-preview:large, max-video-preview:-1\" \/>\n<link rel=\"canonical\" href=\"https:\/\/www.welovecycling.com\/pl\/2014\/08\/22\/hiszpania-walczy-o-swoje-startuje-vuelta-a-espana\/\" \/>\n<meta property=\"og:locale\" content=\"pl_PL\" \/>\n<meta property=\"og:type\" content=\"article\" \/>\n<meta property=\"og:title\" content=\"Hiszpania walczy o swoje. Startuje Vuelta a Espa\u00f1a\" \/>\n<meta property=\"og:description\" content=\"Dla kilku kolarzy b\u0119dzie szans\u0105 na wylizanie ran, dla innych rozgrzewk\u0105 przed mistrzostwami \u015bwiata. W sobot\u0119 zaczyna si\u0119 Vuelta a [&hellip;]\" \/>\n<meta property=\"og:url\" content=\"https:\/\/www.welovecycling.com\/pl\/2014\/08\/22\/hiszpania-walczy-o-swoje-startuje-vuelta-a-espana\/\" \/>\n<meta property=\"og:site_name\" content=\"\u0160koda We Love Cycling - Poland\" \/>\n<meta property=\"article:published_time\" content=\"2014-08-22T07:05:41+00:00\" \/>\n<meta property=\"article:modified_time\" content=\"2016-12-05T10:04:25+00:00\" \/>\n<meta property=\"og:image\" content=\"https:\/\/d2p6e6u75xmxt8.cloudfront.net\/5\/2014\/08\/104.jpg\" \/>\n\t<meta property=\"og:image:width\" content=\"500\" \/>\n\t<meta property=\"og:image:height\" content=\"339\" \/>\n\t<meta property=\"og:image:type\" content=\"image\/jpeg\" \/>\n<meta name=\"author\" content=\"WeLoveCycling\" \/>\n<meta name=\"twitter:card\" content=\"summary_large_image\" \/>\n<meta name=\"twitter:label1\" content=\"Written by\" \/>\n\t<meta name=\"twitter:data1\" content=\"WeLoveCycling\" \/>\n\t<meta name=\"twitter:label2\" content=\"Est. reading time\" \/>\n\t<meta name=\"twitter:data2\" content=\"2 minutes\" \/>\n<script type=\"application\/ld+json\" class=\"yoast-schema-graph\">{\"@context\":\"https:\/\/schema.org\",\"@graph\":[{\"@type\":\"WebPage\",\"@id\":\"https:\/\/www.welovecycling.com\/pl\/2014\/08\/22\/hiszpania-walczy-o-swoje-startuje-vuelta-a-espana\/\",\"url\":\"https:\/\/www.welovecycling.com\/pl\/2014\/08\/22\/hiszpania-walczy-o-swoje-startuje-vuelta-a-espana\/\",\"name\":\"Hiszpania walczy o swoje. Startuje Vuelta a Espa\u00f1a - \u0160koda We Love Cycling - Poland\",\"isPartOf\":{\"@id\":\"https:\/\/www.welovecycling.com\/pl\/#website\"},\"primaryImageOfPage\":{\"@id\":\"https:\/\/www.welovecycling.com\/pl\/2014\/08\/22\/hiszpania-walczy-o-swoje-startuje-vuelta-a-espana\/#primaryimage\"},\"image\":{\"@id\":\"https:\/\/www.welovecycling.com\/pl\/2014\/08\/22\/hiszpania-walczy-o-swoje-startuje-vuelta-a-espana\/#primaryimage\"},\"thumbnailUrl\":\"https:\/\/d2p6e6u75xmxt8.cloudfront.net\/5\/2014\/08\/104.jpg\",\"datePublished\":\"2014-08-22T07:05:41+00:00\",\"dateModified\":\"2016-12-05T10:04:25+00:00\",\"author\":{\"@id\":\"https:\/\/www.welovecycling.com\/pl\/#\/schema\/person\/e5187c9cac8dd619ebc7b41bd73c2fd9\"},\"breadcrumb\":{\"@id\":\"https:\/\/www.welovecycling.com\/pl\/2014\/08\/22\/hiszpania-walczy-o-swoje-startuje-vuelta-a-espana\/#breadcrumb\"},\"inLanguage\":\"pl-PL\",\"potentialAction\":[{\"@type\":\"ReadAction\",\"target\":[\"https:\/\/www.welovecycling.com\/pl\/2014\/08\/22\/hiszpania-walczy-o-swoje-startuje-vuelta-a-espana\/\"]}]},{\"@type\":\"ImageObject\",\"inLanguage\":\"pl-PL\",\"@id\":\"https:\/\/www.welovecycling.com\/pl\/2014\/08\/22\/hiszpania-walczy-o-swoje-startuje-vuelta-a-espana\/#primaryimage\",\"url\":\"https:\/\/d2p6e6u75xmxt8.cloudfront.net\/5\/2014\/08\/104.jpg\",\"contentUrl\":\"https:\/\/d2p6e6u75xmxt8.cloudfront.net\/5\/2014\/08\/104.jpg\",\"width\":500,\"height\":339},{\"@type\":\"BreadcrumbList\",\"@id\":\"https:\/\/www.welovecycling.com\/pl\/2014\/08\/22\/hiszpania-walczy-o-swoje-startuje-vuelta-a-espana\/#breadcrumb\",\"itemListElement\":[{\"@type\":\"ListItem\",\"position\":1,\"name\":\"Home\",\"item\":\"https:\/\/www.welovecycling.com\/pl\/\"},{\"@type\":\"ListItem\",\"position\":2,\"name\":\"Hiszpania walczy o swoje. Startuje Vuelta a Espa\u00f1a\"}]},{\"@type\":\"WebSite\",\"@id\":\"https:\/\/www.welovecycling.com\/pl\/#website\",\"url\":\"https:\/\/www.welovecycling.com\/pl\/\",\"name\":\"\u0160koda We Love Cycling - Poland\",\"description\":\"\",\"potentialAction\":[{\"@type\":\"SearchAction\",\"target\":{\"@type\":\"EntryPoint\",\"urlTemplate\":\"https:\/\/www.welovecycling.com\/pl\/?s={search_term_string}\"},\"query-input\":{\"@type\":\"PropertyValueSpecification\",\"valueRequired\":true,\"valueName\":\"search_term_string\"}}],\"inLanguage\":\"pl-PL\"},{\"@type\":\"Person\",\"@id\":\"https:\/\/www.welovecycling.com\/pl\/#\/schema\/person\/e5187c9cac8dd619ebc7b41bd73c2fd9\",\"name\":\"WeLoveCycling\",\"image\":{\"@type\":\"ImageObject\",\"inLanguage\":\"pl-PL\",\"@id\":\"https:\/\/www.welovecycling.com\/pl\/#\/schema\/person\/image\/\",\"url\":\"https:\/\/secure.gravatar.com\/avatar\/7e1ee0ecc5e294b19ef32b9f6086e0afbb9da00c3cb0d465ba4695331f4a9187?s=96&d=mm&r=g\",\"contentUrl\":\"https:\/\/secure.gravatar.com\/avatar\/7e1ee0ecc5e294b19ef32b9f6086e0afbb9da00c3cb0d465ba4695331f4a9187?s=96&d=mm&r=g\",\"caption\":\"WeLoveCycling\"},\"url\":\"https:\/\/www.welovecycling.com\/pl\/author\/lukascech\/\"}]}<\/script>\n<!-- \/ Yoast SEO Premium plugin. -->","yoast_head_json":{"title":"Hiszpania walczy o swoje. Startuje Vuelta a Espa\u00f1a - \u0160koda We Love Cycling - Poland","robots":{"index":"index","follow":"follow","max-snippet":"max-snippet:-1","max-image-preview":"max-image-preview:large","max-video-preview":"max-video-preview:-1"},"canonical":"https:\/\/www.welovecycling.com\/pl\/2014\/08\/22\/hiszpania-walczy-o-swoje-startuje-vuelta-a-espana\/","og_locale":"pl_PL","og_type":"article","og_title":"Hiszpania walczy o swoje. Startuje Vuelta a Espa\u00f1a","og_description":"Dla kilku kolarzy b\u0119dzie szans\u0105 na wylizanie ran, dla innych rozgrzewk\u0105 przed mistrzostwami \u015bwiata. W sobot\u0119 zaczyna si\u0119 Vuelta a [&hellip;]","og_url":"https:\/\/www.welovecycling.com\/pl\/2014\/08\/22\/hiszpania-walczy-o-swoje-startuje-vuelta-a-espana\/","og_site_name":"\u0160koda We Love Cycling - Poland","article_published_time":"2014-08-22T07:05:41+00:00","article_modified_time":"2016-12-05T10:04:25+00:00","og_image":[{"width":500,"height":339,"url":"https:\/\/d2p6e6u75xmxt8.cloudfront.net\/5\/2014\/08\/104.jpg","type":"image\/jpeg"}],"author":"WeLoveCycling","twitter_card":"summary_large_image","twitter_misc":{"Written by":"WeLoveCycling","Est. reading time":"2 minutes"},"schema":{"@context":"https:\/\/schema.org","@graph":[{"@type":"WebPage","@id":"https:\/\/www.welovecycling.com\/pl\/2014\/08\/22\/hiszpania-walczy-o-swoje-startuje-vuelta-a-espana\/","url":"https:\/\/www.welovecycling.com\/pl\/2014\/08\/22\/hiszpania-walczy-o-swoje-startuje-vuelta-a-espana\/","name":"Hiszpania walczy o swoje. Startuje Vuelta a Espa\u00f1a - \u0160koda We Love Cycling - Poland","isPartOf":{"@id":"https:\/\/www.welovecycling.com\/pl\/#website"},"primaryImageOfPage":{"@id":"https:\/\/www.welovecycling.com\/pl\/2014\/08\/22\/hiszpania-walczy-o-swoje-startuje-vuelta-a-espana\/#primaryimage"},"image":{"@id":"https:\/\/www.welovecycling.com\/pl\/2014\/08\/22\/hiszpania-walczy-o-swoje-startuje-vuelta-a-espana\/#primaryimage"},"thumbnailUrl":"https:\/\/d2p6e6u75xmxt8.cloudfront.net\/5\/2014\/08\/104.jpg","datePublished":"2014-08-22T07:05:41+00:00","dateModified":"2016-12-05T10:04:25+00:00","author":{"@id":"https:\/\/www.welovecycling.com\/pl\/#\/schema\/person\/e5187c9cac8dd619ebc7b41bd73c2fd9"},"breadcrumb":{"@id":"https:\/\/www.welovecycling.com\/pl\/2014\/08\/22\/hiszpania-walczy-o-swoje-startuje-vuelta-a-espana\/#breadcrumb"},"inLanguage":"pl-PL","potentialAction":[{"@type":"ReadAction","target":["https:\/\/www.welovecycling.com\/pl\/2014\/08\/22\/hiszpania-walczy-o-swoje-startuje-vuelta-a-espana\/"]}]},{"@type":"ImageObject","inLanguage":"pl-PL","@id":"https:\/\/www.welovecycling.com\/pl\/2014\/08\/22\/hiszpania-walczy-o-swoje-startuje-vuelta-a-espana\/#primaryimage","url":"https:\/\/d2p6e6u75xmxt8.cloudfront.net\/5\/2014\/08\/104.jpg","contentUrl":"https:\/\/d2p6e6u75xmxt8.cloudfront.net\/5\/2014\/08\/104.jpg","width":500,"height":339},{"@type":"BreadcrumbList","@id":"https:\/\/www.welovecycling.com\/pl\/2014\/08\/22\/hiszpania-walczy-o-swoje-startuje-vuelta-a-espana\/#breadcrumb","itemListElement":[{"@type":"ListItem","position":1,"name":"Home","item":"https:\/\/www.welovecycling.com\/pl\/"},{"@type":"ListItem","position":2,"name":"Hiszpania walczy o swoje. Startuje Vuelta a Espa\u00f1a"}]},{"@type":"WebSite","@id":"https:\/\/www.welovecycling.com\/pl\/#website","url":"https:\/\/www.welovecycling.com\/pl\/","name":"\u0160koda We Love Cycling - Poland","description":"","potentialAction":[{"@type":"SearchAction","target":{"@type":"EntryPoint","urlTemplate":"https:\/\/www.welovecycling.com\/pl\/?s={search_term_string}"},"query-input":{"@type":"PropertyValueSpecification","valueRequired":true,"valueName":"search_term_string"}}],"inLanguage":"pl-PL"},{"@type":"Person","@id":"https:\/\/www.welovecycling.com\/pl\/#\/schema\/person\/e5187c9cac8dd619ebc7b41bd73c2fd9","name":"WeLoveCycling","image":{"@type":"ImageObject","inLanguage":"pl-PL","@id":"https:\/\/www.welovecycling.com\/pl\/#\/schema\/person\/image\/","url":"https:\/\/secure.gravatar.com\/avatar\/7e1ee0ecc5e294b19ef32b9f6086e0afbb9da00c3cb0d465ba4695331f4a9187?s=96&d=mm&r=g","contentUrl":"https:\/\/secure.gravatar.com\/avatar\/7e1ee0ecc5e294b19ef32b9f6086e0afbb9da00c3cb0d465ba4695331f4a9187?s=96&d=mm&r=g","caption":"WeLoveCycling"},"url":"https:\/\/www.welovecycling.com\/pl\/author\/lukascech\/"}]}},"_links":{"self":[{"href":"https:\/\/www.welovecycling.com\/pl\/wp-json\/wp\/v2\/posts\/2288","targetHints":{"allow":["GET"]}}],"collection":[{"href":"https:\/\/www.welovecycling.com\/pl\/wp-json\/wp\/v2\/posts"}],"about":[{"href":"https:\/\/www.welovecycling.com\/pl\/wp-json\/wp\/v2\/types\/post"}],"author":[{"embeddable":true,"href":"https:\/\/www.welovecycling.com\/pl\/wp-json\/wp\/v2\/users\/1"}],"replies":[{"embeddable":true,"href":"https:\/\/www.welovecycling.com\/pl\/wp-json\/wp\/v2\/comments?post=2288"}],"version-history":[{"count":1,"href":"https:\/\/www.welovecycling.com\/pl\/wp-json\/wp\/v2\/posts\/2288\/revisions"}],"predecessor-version":[{"id":2539,"href":"https:\/\/www.welovecycling.com\/pl\/wp-json\/wp\/v2\/posts\/2288\/revisions\/2539"}],"wp:featuredmedia":[{"embeddable":true,"href":"https:\/\/www.welovecycling.com\/pl\/wp-json\/wp\/v2\/media\/724"}],"wp:attachment":[{"href":"https:\/\/www.welovecycling.com\/pl\/wp-json\/wp\/v2\/media?parent=2288"}],"wp:term":[{"taxonomy":"category","embeddable":true,"href":"https:\/\/www.welovecycling.com\/pl\/wp-json\/wp\/v2\/categories?post=2288"},{"taxonomy":"post_tag","embeddable":true,"href":"https:\/\/www.welovecycling.com\/pl\/wp-json\/wp\/v2\/tags?post=2288"},{"taxonomy":"global-categories","embeddable":true,"href":"https:\/\/www.welovecycling.com\/pl\/wp-json\/wp\/v2\/global-categories?post=2288"}],"curies":[{"name":"wp","href":"https:\/\/api.w.org\/{rel}","templated":true}]}}