{"id":2285,"date":"2014-09-11T14:57:21","date_gmt":"2014-09-11T14:57:21","guid":{"rendered":"http:\/\/serwer1629254.home.pl\/index.php\/2014\/09\/11\/to-jest-klasa-michal-kwiatkowski-wraca-w\/"},"modified":"2016-12-05T10:06:33","modified_gmt":"2016-12-05T10:06:33","slug":"to-jest-klasa-michal-kwiatkowski-wraca-w","status":"publish","type":"post","link":"https:\/\/www.welovecycling.com\/pl\/2014\/09\/11\/to-jest-klasa-michal-kwiatkowski-wraca-w\/","title":{"rendered":"To jest klasa! Micha\u0142 Kwiatkowski wraca w kr\u00f3lewskim stylu"},"content":{"rendered":"<p>Odpocz\u0105\u0142, potrenowa\u0142 i zn\u00f3w wygrywa. Micha\u0142 Kwiatkowski jest w liderem Tour of Britain i rozbudza apetyty przed zbli\u017caj\u0105cymi si\u0119 mistrzostwami \u015bwiata. \u201eWr\u00f3ci\u0142 do formy na kr\u00f3lewskim etapie\u201d &#8211; pisz\u0105 zagraniczne media.<\/p>\n<p><!--more--><\/p>\n<p>(\u0179r\u00f3d\u0142o:\u00a0\u0160koda Polska)<\/p>\n<p><img decoding=\"async\" src=\"http:\/\/38.media.tumblr.com\/b9a95c2c030b2ee1cab8ab2121aea039\/tumblr_inline_nbqrhdxjbJ1sfrvl6.jpg\" alt=\"\" \/><\/p>\n<p><em><!-- more -->(\u0179r\u00f3d\u0142o: <a href=\"http:\/\/www.tourofbritain.co.uk\">http:\/\/www.tourofbritain.co.uk<\/a>)<\/em><\/p>\n<p><strong>Jak odpoczywa kolarz<\/strong><\/p>\n<p>W tym roku \u201eKwiato\u201d mo\u017ce si\u0119 czu\u0107 jak na sinusoidzie. Zacz\u0105\u0142 \u015bwietnie, podczas Tour de France jecha\u0142 nawet w bia\u0142ej koszulce, ale na zako\u0144czenie Wielkiej P\u0119tli nie m\u00f3g\u0142 by\u0107 z siebie do ko\u0144ca zadowolony. Odpu\u015bci\u0142 wi\u0119c Tour de Pologne i odpoczywa\u0142 jak na kolarza przysta\u0142o, czyli\u2026 na rowerze.<\/p>\n<p>I na razie przynosi to efekty. &#8211; Jestem szcz\u0119\u015bliwy i bardzo zmotywowany na wrze\u015bniowe \u015bciganie &#8211; zaznacza Kwiato.<\/p>\n<p><strong>Szybka fotka i na start<\/strong><\/p>\n<p>W ostatnich tygodniach zamieni\u0142 kolarsk\u0105 adrenalin\u0119 na frajd\u0119 obcowania z m\u0142odymi zawodnikami. Po\u015bwi\u0119ci\u0142 wi\u0119cej czasu swojej Akademii Cupernicus i przygotowywa\u0142 m\u0142odzik\u00f3w do \u0160koda Cyklo Gdynia. 6 wrze\u015bnia na Facebooka wrzuci\u0142 zdj\u0119cie z podpisem: \u201ekr\u00f3tka przeja\u017cd\u017cka z samego rana z grup\u0105 m\u0142odzik\u00f3w Copernicus przed wylotem na Tour of Britain\u201d, a ju\u017c dob\u0119 p\u00f3\u017aniej sta\u0142 na starcie wy\u015bcigu.<\/p>\n<p>Zacz\u0105\u0142 od 32. miejsca na inauguracyjnym etapie, ale jak ju\u017c si\u0119 rozp\u0119dzi\u0142, to na dobre. Dzie\u0144 p\u00f3\u017aniej by\u0142 sz\u00f3sty, a nast\u0119pnie drugi na kr\u00f3lewskim etapie Newtown &#8211; The Tumble. Po tym wyniku zacz\u0119to m\u00f3wi\u0107 o nim z uznaniem, ale prawdziwy popis Kwiatkowski da\u0142 we \u015brod\u0119, gdy w \u015bwietnym stylu wygra\u0142 etap Worcester &#8211; Bristol i zabra\u0142 koszulk\u0119 lidera Edoardo Zardiniemu (nad W\u0142ochem ma trzy sekundy przewagi).<\/p>\n<p><strong>Motywacja na wag\u0119 z\u0142ota<\/strong><\/p>\n<p>\u015arodowy finisz by\u0142 niesamowity. Wydawa\u0142o si\u0119, \u017ce losy 4. etapu rozstrzygn\u0105 mi\u0119dzy sob\u0105 Albert Timmer i Jack Bauer, ale na ostatnich metrach z peletonu wyskoczy\u0142 Kwiatkowski. Peda\u0142owa\u0142 z tak\u0105 si\u0142\u0105, jakby dopiero zaczyna\u0142 wy\u015bcig, a nie mia\u0142 w nogach blisko 200 km. Rywalom w okamgnieniu pokaza\u0142 plecy i mia\u0142 jeszcze czas, by na met\u0119 wpa\u015b\u0107 z podniesionymi r\u0119kami.<\/p>\n<p>&#8211; To nie by\u0142 zwyczajny finisz. Mo\u017ce to wygl\u0105da\u0142o, jakbym si\u0119 wzi\u0105\u0142 znik\u0105d, ale ca\u0142ym zespo\u0142em naprawd\u0119 ci\u0119\u017cko pracowali\u015bmy na to zwyci\u0119stwo. Moja dru\u017cyna by\u0142a niesamowita &#8211; cieszy\u0142 si\u0119 Kwiato na mecie.<\/p>\n<p>Tour of Britain ko\u0144czy si\u0119 w niedziel\u0119, wi\u0119c przed zawodnikami jeszcze cztery etapy. P\u00f3\u017aniej Micha\u0142 b\u0119dzie mia\u0142 niespe\u0142na tydzie\u0144, by doszlifowa\u0107 form\u0119 na mistrzostwa \u015bwiata, kt\u00f3re w kolejn\u0105 sobot\u0119 zaczynaj\u0105 si\u0119 w hiszpa\u0144skim mie\u015bcie Ponferrada.<\/p>\n","protected":false},"excerpt":{"rendered":"<p>Odpocz\u0105\u0142, potrenowa\u0142 i zn\u00f3w wygrywa. Micha\u0142 Kwiatkowski jest w liderem Tour of Britain i rozbudza apetyty przed zbli\u017caj\u0105cymi si\u0119 mistrzostwami [&hellip;]<\/p>\n","protected":false},"author":1,"featured_media":515,"comment_status":"open","ping_status":"open","sticky":false,"template":"","format":"standard","meta":{"footnotes":""},"categories":[6],"tags":[],"global-categories":[],"class_list":["post-2285","post","type-post","status-publish","format-standard","has-post-thumbnail","hentry","category-kolarstwo-szosowe"],"yoast_head":"<!-- This site is optimized with the Yoast SEO Premium plugin v25.3 (Yoast SEO v25.9) - https:\/\/yoast.com\/wordpress\/plugins\/seo\/ -->\n<title>To jest klasa! Micha\u0142 Kwiatkowski wraca w kr\u00f3lewskim stylu - \u0160koda We Love Cycling - Poland<\/title>\n<meta name=\"robots\" content=\"index, follow, max-snippet:-1, max-image-preview:large, max-video-preview:-1\" \/>\n<link rel=\"canonical\" href=\"https:\/\/www.welovecycling.com\/pl\/2014\/09\/11\/to-jest-klasa-michal-kwiatkowski-wraca-w\/\" \/>\n<meta property=\"og:locale\" content=\"pl_PL\" \/>\n<meta property=\"og:type\" content=\"article\" \/>\n<meta property=\"og:title\" content=\"To jest klasa! Micha\u0142 Kwiatkowski wraca w kr\u00f3lewskim stylu\" \/>\n<meta property=\"og:description\" content=\"Odpocz\u0105\u0142, potrenowa\u0142 i zn\u00f3w wygrywa. Micha\u0142 Kwiatkowski jest w liderem Tour of Britain i rozbudza apetyty przed zbli\u017caj\u0105cymi si\u0119 mistrzostwami [&hellip;]\" \/>\n<meta property=\"og:url\" content=\"https:\/\/www.welovecycling.com\/pl\/2014\/09\/11\/to-jest-klasa-michal-kwiatkowski-wraca-w\/\" \/>\n<meta property=\"og:site_name\" content=\"\u0160koda We Love Cycling - Poland\" \/>\n<meta property=\"article:published_time\" content=\"2014-09-11T14:57:21+00:00\" \/>\n<meta property=\"article:modified_time\" content=\"2016-12-05T10:06:33+00:00\" \/>\n<meta property=\"og:image\" content=\"https:\/\/d2p6e6u75xmxt8.cloudfront.net\/5\/2014\/09\/42.jpg\" \/>\n\t<meta property=\"og:image:width\" content=\"500\" \/>\n\t<meta property=\"og:image:height\" content=\"333\" \/>\n\t<meta property=\"og:image:type\" content=\"image\/jpeg\" \/>\n<meta name=\"author\" content=\"WeLoveCycling\" \/>\n<meta name=\"twitter:card\" content=\"summary_large_image\" \/>\n<meta name=\"twitter:label1\" content=\"Written by\" \/>\n\t<meta name=\"twitter:data1\" content=\"WeLoveCycling\" \/>\n\t<meta name=\"twitter:label2\" content=\"Est. reading time\" \/>\n\t<meta name=\"twitter:data2\" content=\"2 minutes\" \/>\n<script type=\"application\/ld+json\" class=\"yoast-schema-graph\">{\"@context\":\"https:\/\/schema.org\",\"@graph\":[{\"@type\":\"WebPage\",\"@id\":\"https:\/\/www.welovecycling.com\/pl\/2014\/09\/11\/to-jest-klasa-michal-kwiatkowski-wraca-w\/\",\"url\":\"https:\/\/www.welovecycling.com\/pl\/2014\/09\/11\/to-jest-klasa-michal-kwiatkowski-wraca-w\/\",\"name\":\"To jest klasa! Micha\u0142 Kwiatkowski wraca w kr\u00f3lewskim stylu - \u0160koda We Love Cycling - Poland\",\"isPartOf\":{\"@id\":\"https:\/\/www.welovecycling.com\/pl\/#website\"},\"primaryImageOfPage\":{\"@id\":\"https:\/\/www.welovecycling.com\/pl\/2014\/09\/11\/to-jest-klasa-michal-kwiatkowski-wraca-w\/#primaryimage\"},\"image\":{\"@id\":\"https:\/\/www.welovecycling.com\/pl\/2014\/09\/11\/to-jest-klasa-michal-kwiatkowski-wraca-w\/#primaryimage\"},\"thumbnailUrl\":\"https:\/\/d2p6e6u75xmxt8.cloudfront.net\/5\/2014\/09\/42.jpg\",\"datePublished\":\"2014-09-11T14:57:21+00:00\",\"dateModified\":\"2016-12-05T10:06:33+00:00\",\"author\":{\"@id\":\"https:\/\/www.welovecycling.com\/pl\/#\/schema\/person\/e5187c9cac8dd619ebc7b41bd73c2fd9\"},\"breadcrumb\":{\"@id\":\"https:\/\/www.welovecycling.com\/pl\/2014\/09\/11\/to-jest-klasa-michal-kwiatkowski-wraca-w\/#breadcrumb\"},\"inLanguage\":\"pl-PL\",\"potentialAction\":[{\"@type\":\"ReadAction\",\"target\":[\"https:\/\/www.welovecycling.com\/pl\/2014\/09\/11\/to-jest-klasa-michal-kwiatkowski-wraca-w\/\"]}]},{\"@type\":\"ImageObject\",\"inLanguage\":\"pl-PL\",\"@id\":\"https:\/\/www.welovecycling.com\/pl\/2014\/09\/11\/to-jest-klasa-michal-kwiatkowski-wraca-w\/#primaryimage\",\"url\":\"https:\/\/d2p6e6u75xmxt8.cloudfront.net\/5\/2014\/09\/42.jpg\",\"contentUrl\":\"https:\/\/d2p6e6u75xmxt8.cloudfront.net\/5\/2014\/09\/42.jpg\",\"width\":500,\"height\":333},{\"@type\":\"BreadcrumbList\",\"@id\":\"https:\/\/www.welovecycling.com\/pl\/2014\/09\/11\/to-jest-klasa-michal-kwiatkowski-wraca-w\/#breadcrumb\",\"itemListElement\":[{\"@type\":\"ListItem\",\"position\":1,\"name\":\"Home\",\"item\":\"https:\/\/www.welovecycling.com\/pl\/\"},{\"@type\":\"ListItem\",\"position\":2,\"name\":\"To jest klasa! Micha\u0142 Kwiatkowski wraca w kr\u00f3lewskim stylu\"}]},{\"@type\":\"WebSite\",\"@id\":\"https:\/\/www.welovecycling.com\/pl\/#website\",\"url\":\"https:\/\/www.welovecycling.com\/pl\/\",\"name\":\"\u0160koda We Love Cycling - Poland\",\"description\":\"\",\"potentialAction\":[{\"@type\":\"SearchAction\",\"target\":{\"@type\":\"EntryPoint\",\"urlTemplate\":\"https:\/\/www.welovecycling.com\/pl\/?s={search_term_string}\"},\"query-input\":{\"@type\":\"PropertyValueSpecification\",\"valueRequired\":true,\"valueName\":\"search_term_string\"}}],\"inLanguage\":\"pl-PL\"},{\"@type\":\"Person\",\"@id\":\"https:\/\/www.welovecycling.com\/pl\/#\/schema\/person\/e5187c9cac8dd619ebc7b41bd73c2fd9\",\"name\":\"WeLoveCycling\",\"image\":{\"@type\":\"ImageObject\",\"inLanguage\":\"pl-PL\",\"@id\":\"https:\/\/www.welovecycling.com\/pl\/#\/schema\/person\/image\/\",\"url\":\"https:\/\/secure.gravatar.com\/avatar\/7e1ee0ecc5e294b19ef32b9f6086e0afbb9da00c3cb0d465ba4695331f4a9187?s=96&d=mm&r=g\",\"contentUrl\":\"https:\/\/secure.gravatar.com\/avatar\/7e1ee0ecc5e294b19ef32b9f6086e0afbb9da00c3cb0d465ba4695331f4a9187?s=96&d=mm&r=g\",\"caption\":\"WeLoveCycling\"},\"url\":\"https:\/\/www.welovecycling.com\/pl\/author\/lukascech\/\"}]}<\/script>\n<!-- \/ Yoast SEO Premium plugin. -->","yoast_head_json":{"title":"To jest klasa! Micha\u0142 Kwiatkowski wraca w kr\u00f3lewskim stylu - \u0160koda We Love Cycling - Poland","robots":{"index":"index","follow":"follow","max-snippet":"max-snippet:-1","max-image-preview":"max-image-preview:large","max-video-preview":"max-video-preview:-1"},"canonical":"https:\/\/www.welovecycling.com\/pl\/2014\/09\/11\/to-jest-klasa-michal-kwiatkowski-wraca-w\/","og_locale":"pl_PL","og_type":"article","og_title":"To jest klasa! Micha\u0142 Kwiatkowski wraca w kr\u00f3lewskim stylu","og_description":"Odpocz\u0105\u0142, potrenowa\u0142 i zn\u00f3w wygrywa. Micha\u0142 Kwiatkowski jest w liderem Tour of Britain i rozbudza apetyty przed zbli\u017caj\u0105cymi si\u0119 mistrzostwami [&hellip;]","og_url":"https:\/\/www.welovecycling.com\/pl\/2014\/09\/11\/to-jest-klasa-michal-kwiatkowski-wraca-w\/","og_site_name":"\u0160koda We Love Cycling - Poland","article_published_time":"2014-09-11T14:57:21+00:00","article_modified_time":"2016-12-05T10:06:33+00:00","og_image":[{"width":500,"height":333,"url":"https:\/\/d2p6e6u75xmxt8.cloudfront.net\/5\/2014\/09\/42.jpg","type":"image\/jpeg"}],"author":"WeLoveCycling","twitter_card":"summary_large_image","twitter_misc":{"Written by":"WeLoveCycling","Est. reading time":"2 minutes"},"schema":{"@context":"https:\/\/schema.org","@graph":[{"@type":"WebPage","@id":"https:\/\/www.welovecycling.com\/pl\/2014\/09\/11\/to-jest-klasa-michal-kwiatkowski-wraca-w\/","url":"https:\/\/www.welovecycling.com\/pl\/2014\/09\/11\/to-jest-klasa-michal-kwiatkowski-wraca-w\/","name":"To jest klasa! Micha\u0142 Kwiatkowski wraca w kr\u00f3lewskim stylu - \u0160koda We Love Cycling - Poland","isPartOf":{"@id":"https:\/\/www.welovecycling.com\/pl\/#website"},"primaryImageOfPage":{"@id":"https:\/\/www.welovecycling.com\/pl\/2014\/09\/11\/to-jest-klasa-michal-kwiatkowski-wraca-w\/#primaryimage"},"image":{"@id":"https:\/\/www.welovecycling.com\/pl\/2014\/09\/11\/to-jest-klasa-michal-kwiatkowski-wraca-w\/#primaryimage"},"thumbnailUrl":"https:\/\/d2p6e6u75xmxt8.cloudfront.net\/5\/2014\/09\/42.jpg","datePublished":"2014-09-11T14:57:21+00:00","dateModified":"2016-12-05T10:06:33+00:00","author":{"@id":"https:\/\/www.welovecycling.com\/pl\/#\/schema\/person\/e5187c9cac8dd619ebc7b41bd73c2fd9"},"breadcrumb":{"@id":"https:\/\/www.welovecycling.com\/pl\/2014\/09\/11\/to-jest-klasa-michal-kwiatkowski-wraca-w\/#breadcrumb"},"inLanguage":"pl-PL","potentialAction":[{"@type":"ReadAction","target":["https:\/\/www.welovecycling.com\/pl\/2014\/09\/11\/to-jest-klasa-michal-kwiatkowski-wraca-w\/"]}]},{"@type":"ImageObject","inLanguage":"pl-PL","@id":"https:\/\/www.welovecycling.com\/pl\/2014\/09\/11\/to-jest-klasa-michal-kwiatkowski-wraca-w\/#primaryimage","url":"https:\/\/d2p6e6u75xmxt8.cloudfront.net\/5\/2014\/09\/42.jpg","contentUrl":"https:\/\/d2p6e6u75xmxt8.cloudfront.net\/5\/2014\/09\/42.jpg","width":500,"height":333},{"@type":"BreadcrumbList","@id":"https:\/\/www.welovecycling.com\/pl\/2014\/09\/11\/to-jest-klasa-michal-kwiatkowski-wraca-w\/#breadcrumb","itemListElement":[{"@type":"ListItem","position":1,"name":"Home","item":"https:\/\/www.welovecycling.com\/pl\/"},{"@type":"ListItem","position":2,"name":"To jest klasa! Micha\u0142 Kwiatkowski wraca w kr\u00f3lewskim stylu"}]},{"@type":"WebSite","@id":"https:\/\/www.welovecycling.com\/pl\/#website","url":"https:\/\/www.welovecycling.com\/pl\/","name":"\u0160koda We Love Cycling - Poland","description":"","potentialAction":[{"@type":"SearchAction","target":{"@type":"EntryPoint","urlTemplate":"https:\/\/www.welovecycling.com\/pl\/?s={search_term_string}"},"query-input":{"@type":"PropertyValueSpecification","valueRequired":true,"valueName":"search_term_string"}}],"inLanguage":"pl-PL"},{"@type":"Person","@id":"https:\/\/www.welovecycling.com\/pl\/#\/schema\/person\/e5187c9cac8dd619ebc7b41bd73c2fd9","name":"WeLoveCycling","image":{"@type":"ImageObject","inLanguage":"pl-PL","@id":"https:\/\/www.welovecycling.com\/pl\/#\/schema\/person\/image\/","url":"https:\/\/secure.gravatar.com\/avatar\/7e1ee0ecc5e294b19ef32b9f6086e0afbb9da00c3cb0d465ba4695331f4a9187?s=96&d=mm&r=g","contentUrl":"https:\/\/secure.gravatar.com\/avatar\/7e1ee0ecc5e294b19ef32b9f6086e0afbb9da00c3cb0d465ba4695331f4a9187?s=96&d=mm&r=g","caption":"WeLoveCycling"},"url":"https:\/\/www.welovecycling.com\/pl\/author\/lukascech\/"}]}},"_links":{"self":[{"href":"https:\/\/www.welovecycling.com\/pl\/wp-json\/wp\/v2\/posts\/2285","targetHints":{"allow":["GET"]}}],"collection":[{"href":"https:\/\/www.welovecycling.com\/pl\/wp-json\/wp\/v2\/posts"}],"about":[{"href":"https:\/\/www.welovecycling.com\/pl\/wp-json\/wp\/v2\/types\/post"}],"author":[{"embeddable":true,"href":"https:\/\/www.welovecycling.com\/pl\/wp-json\/wp\/v2\/users\/1"}],"replies":[{"embeddable":true,"href":"https:\/\/www.welovecycling.com\/pl\/wp-json\/wp\/v2\/comments?post=2285"}],"version-history":[{"count":1,"href":"https:\/\/www.welovecycling.com\/pl\/wp-json\/wp\/v2\/posts\/2285\/revisions"}],"predecessor-version":[{"id":2531,"href":"https:\/\/www.welovecycling.com\/pl\/wp-json\/wp\/v2\/posts\/2285\/revisions\/2531"}],"wp:featuredmedia":[{"embeddable":true,"href":"https:\/\/www.welovecycling.com\/pl\/wp-json\/wp\/v2\/media\/515"}],"wp:attachment":[{"href":"https:\/\/www.welovecycling.com\/pl\/wp-json\/wp\/v2\/media?parent=2285"}],"wp:term":[{"taxonomy":"category","embeddable":true,"href":"https:\/\/www.welovecycling.com\/pl\/wp-json\/wp\/v2\/categories?post=2285"},{"taxonomy":"post_tag","embeddable":true,"href":"https:\/\/www.welovecycling.com\/pl\/wp-json\/wp\/v2\/tags?post=2285"},{"taxonomy":"global-categories","embeddable":true,"href":"https:\/\/www.welovecycling.com\/pl\/wp-json\/wp\/v2\/global-categories?post=2285"}],"curies":[{"name":"wp","href":"https:\/\/api.w.org\/{rel}","templated":true}]}}