{"id":2281,"date":"2014-11-28T14:09:00","date_gmt":"2014-11-28T14:09:00","guid":{"rendered":"http:\/\/serwer1629254.home.pl\/index.php\/2014\/11\/28\/skoda-napedza-rowery-odc-15-kolarstwo-zawodowe\/"},"modified":"2016-12-05T10:03:19","modified_gmt":"2016-12-05T10:03:19","slug":"skoda-napedza-rowery-odc-15-kolarstwo-zawodowe","status":"publish","type":"post","link":"https:\/\/www.welovecycling.com\/pl\/2014\/11\/28\/skoda-napedza-rowery-odc-15-kolarstwo-zawodowe\/","title":{"rendered":"\u0160koda Nap\u0119dza Rowery ODC. 15: Kolarstwo zawodowe cz.II (VIDEO)"},"content":{"rendered":"<p>Micha\u0142 Kwiatkowski opowiada o swoich do\u015bwiadczeniach zwi\u0105zanych z wy\u015bcigami. Ka\u017cdy kolarz, bez wzgl\u0119du na sta\u017c, powinien zadba\u0107 o odpowiednio zaplanowany trening, kt\u00f3ry przygotuje go do reagowania na nieoczekiwane warunki, np. te pogodowe.<!--more--><\/p>\n<p><!-- more -->Wynik wy\u015bcigu kszta\u0142tuje si\u0119 przez ca\u0142y czas jego trwania. Cz\u0119sto kluczowe dla zwyci\u0119stwa s\u0105 trudne sytuacje, z kt\u00f3rymi trzeba si\u0119 zmierzy\u0107 po drodze i kt\u00f3rych nie da si\u0119 przewidzie\u0107. Na szcz\u0119\u015bcie mo\u017cesz si\u0119 na nie cho\u0107 odrobin\u0119 przygotowa\u0107. \u017beby umie\u0107 rozdysponowa\u0107 swoj\u0105 energi\u0119 podczas wa\u017cnych wyst\u0119p\u00f3w, trzeba oczywi\u015bcie nabra\u0107 do\u015bwiadczenia. To w\u0142a\u015bnie lata sp\u0119dzone na treningach przynios\u0142y toru\u0144skiemu Mistrzowi umiej\u0119tno\u015bci , kt\u00f3re zadecydowa\u0142y o wielkich wygranych.<\/p>\n<p>Gotowy do wy\u015bcigu? Obejrzyj filmik przygotowany przez\u00a0\u0160koda Nap\u0119dza Rowery:<\/p>\n","protected":false},"excerpt":{"rendered":"<p>Micha\u0142 Kwiatkowski opowiada o swoich do\u015bwiadczeniach zwi\u0105zanych z wy\u015bcigami. Ka\u017cdy kolarz, bez wzgl\u0119du na sta\u017c, powinien zadba\u0107 o odpowiednio zaplanowany [&hellip;]<\/p>\n","protected":false},"author":1,"featured_media":461,"comment_status":"open","ping_status":"open","sticky":false,"template":"","format":"standard","meta":{"footnotes":""},"categories":[1],"tags":[],"global-categories":[],"class_list":["post-2281","post","type-post","status-publish","format-standard","has-post-thumbnail","hentry","category-uncategorized"],"yoast_head":"<!-- This site is optimized with the Yoast SEO Premium plugin v25.3 (Yoast SEO v25.9) - https:\/\/yoast.com\/wordpress\/plugins\/seo\/ -->\n<title>\u0160koda Nap\u0119dza Rowery ODC. 15: Kolarstwo zawodowe cz.II (VIDEO) - \u0160koda We Love Cycling - Poland<\/title>\n<meta name=\"robots\" content=\"index, follow, max-snippet:-1, max-image-preview:large, max-video-preview:-1\" \/>\n<link rel=\"canonical\" href=\"https:\/\/www.welovecycling.com\/pl\/2014\/11\/28\/skoda-napedza-rowery-odc-15-kolarstwo-zawodowe\/\" \/>\n<meta property=\"og:locale\" content=\"pl_PL\" \/>\n<meta property=\"og:type\" content=\"article\" \/>\n<meta property=\"og:title\" content=\"\u0160koda Nap\u0119dza Rowery ODC. 15: Kolarstwo zawodowe cz.II (VIDEO)\" \/>\n<meta property=\"og:description\" content=\"Micha\u0142 Kwiatkowski opowiada o swoich do\u015bwiadczeniach zwi\u0105zanych z wy\u015bcigami. Ka\u017cdy kolarz, bez wzgl\u0119du na sta\u017c, powinien zadba\u0107 o odpowiednio zaplanowany [&hellip;]\" \/>\n<meta property=\"og:url\" content=\"https:\/\/www.welovecycling.com\/pl\/2014\/11\/28\/skoda-napedza-rowery-odc-15-kolarstwo-zawodowe\/\" \/>\n<meta property=\"og:site_name\" content=\"\u0160koda We Love Cycling - Poland\" \/>\n<meta property=\"article:published_time\" content=\"2014-11-28T14:09:00+00:00\" \/>\n<meta property=\"article:modified_time\" content=\"2016-12-05T10:03:19+00:00\" \/>\n<meta property=\"og:image\" content=\"https:\/\/d2p6e6u75xmxt8.cloudfront.net\/5\/2014\/11\/23.png\" \/>\n\t<meta property=\"og:image:width\" content=\"500\" \/>\n\t<meta property=\"og:image:height\" content=\"282\" \/>\n\t<meta property=\"og:image:type\" content=\"image\/png\" \/>\n<meta name=\"author\" content=\"WeLoveCycling\" \/>\n<meta name=\"twitter:card\" content=\"summary_large_image\" \/>\n<meta name=\"twitter:label1\" content=\"Written by\" \/>\n\t<meta name=\"twitter:data1\" content=\"WeLoveCycling\" \/>\n\t<meta name=\"twitter:label2\" content=\"Est. reading time\" \/>\n\t<meta name=\"twitter:data2\" content=\"1 minute\" \/>\n<script type=\"application\/ld+json\" class=\"yoast-schema-graph\">{\"@context\":\"https:\/\/schema.org\",\"@graph\":[{\"@type\":\"WebPage\",\"@id\":\"https:\/\/www.welovecycling.com\/pl\/2014\/11\/28\/skoda-napedza-rowery-odc-15-kolarstwo-zawodowe\/\",\"url\":\"https:\/\/www.welovecycling.com\/pl\/2014\/11\/28\/skoda-napedza-rowery-odc-15-kolarstwo-zawodowe\/\",\"name\":\"\u0160koda Nap\u0119dza Rowery ODC. 15: Kolarstwo zawodowe cz.II (VIDEO) - \u0160koda We Love Cycling - Poland\",\"isPartOf\":{\"@id\":\"https:\/\/www.welovecycling.com\/pl\/#website\"},\"primaryImageOfPage\":{\"@id\":\"https:\/\/www.welovecycling.com\/pl\/2014\/11\/28\/skoda-napedza-rowery-odc-15-kolarstwo-zawodowe\/#primaryimage\"},\"image\":{\"@id\":\"https:\/\/www.welovecycling.com\/pl\/2014\/11\/28\/skoda-napedza-rowery-odc-15-kolarstwo-zawodowe\/#primaryimage\"},\"thumbnailUrl\":\"https:\/\/d2p6e6u75xmxt8.cloudfront.net\/5\/2014\/11\/23.png\",\"datePublished\":\"2014-11-28T14:09:00+00:00\",\"dateModified\":\"2016-12-05T10:03:19+00:00\",\"author\":{\"@id\":\"https:\/\/www.welovecycling.com\/pl\/#\/schema\/person\/e5187c9cac8dd619ebc7b41bd73c2fd9\"},\"breadcrumb\":{\"@id\":\"https:\/\/www.welovecycling.com\/pl\/2014\/11\/28\/skoda-napedza-rowery-odc-15-kolarstwo-zawodowe\/#breadcrumb\"},\"inLanguage\":\"pl-PL\",\"potentialAction\":[{\"@type\":\"ReadAction\",\"target\":[\"https:\/\/www.welovecycling.com\/pl\/2014\/11\/28\/skoda-napedza-rowery-odc-15-kolarstwo-zawodowe\/\"]}]},{\"@type\":\"ImageObject\",\"inLanguage\":\"pl-PL\",\"@id\":\"https:\/\/www.welovecycling.com\/pl\/2014\/11\/28\/skoda-napedza-rowery-odc-15-kolarstwo-zawodowe\/#primaryimage\",\"url\":\"https:\/\/d2p6e6u75xmxt8.cloudfront.net\/5\/2014\/11\/23.png\",\"contentUrl\":\"https:\/\/d2p6e6u75xmxt8.cloudfront.net\/5\/2014\/11\/23.png\",\"width\":500,\"height\":282},{\"@type\":\"BreadcrumbList\",\"@id\":\"https:\/\/www.welovecycling.com\/pl\/2014\/11\/28\/skoda-napedza-rowery-odc-15-kolarstwo-zawodowe\/#breadcrumb\",\"itemListElement\":[{\"@type\":\"ListItem\",\"position\":1,\"name\":\"Home\",\"item\":\"https:\/\/www.welovecycling.com\/pl\/\"},{\"@type\":\"ListItem\",\"position\":2,\"name\":\"\u0160koda Nap\u0119dza Rowery ODC. 15: Kolarstwo zawodowe cz.II (VIDEO)\"}]},{\"@type\":\"WebSite\",\"@id\":\"https:\/\/www.welovecycling.com\/pl\/#website\",\"url\":\"https:\/\/www.welovecycling.com\/pl\/\",\"name\":\"\u0160koda We Love Cycling - Poland\",\"description\":\"\",\"potentialAction\":[{\"@type\":\"SearchAction\",\"target\":{\"@type\":\"EntryPoint\",\"urlTemplate\":\"https:\/\/www.welovecycling.com\/pl\/?s={search_term_string}\"},\"query-input\":{\"@type\":\"PropertyValueSpecification\",\"valueRequired\":true,\"valueName\":\"search_term_string\"}}],\"inLanguage\":\"pl-PL\"},{\"@type\":\"Person\",\"@id\":\"https:\/\/www.welovecycling.com\/pl\/#\/schema\/person\/e5187c9cac8dd619ebc7b41bd73c2fd9\",\"name\":\"WeLoveCycling\",\"image\":{\"@type\":\"ImageObject\",\"inLanguage\":\"pl-PL\",\"@id\":\"https:\/\/www.welovecycling.com\/pl\/#\/schema\/person\/image\/\",\"url\":\"https:\/\/secure.gravatar.com\/avatar\/7e1ee0ecc5e294b19ef32b9f6086e0afbb9da00c3cb0d465ba4695331f4a9187?s=96&d=mm&r=g\",\"contentUrl\":\"https:\/\/secure.gravatar.com\/avatar\/7e1ee0ecc5e294b19ef32b9f6086e0afbb9da00c3cb0d465ba4695331f4a9187?s=96&d=mm&r=g\",\"caption\":\"WeLoveCycling\"},\"url\":\"https:\/\/www.welovecycling.com\/pl\/author\/lukascech\/\"}]}<\/script>\n<!-- \/ Yoast SEO Premium plugin. -->","yoast_head_json":{"title":"\u0160koda Nap\u0119dza Rowery ODC. 15: Kolarstwo zawodowe cz.II (VIDEO) - \u0160koda We Love Cycling - Poland","robots":{"index":"index","follow":"follow","max-snippet":"max-snippet:-1","max-image-preview":"max-image-preview:large","max-video-preview":"max-video-preview:-1"},"canonical":"https:\/\/www.welovecycling.com\/pl\/2014\/11\/28\/skoda-napedza-rowery-odc-15-kolarstwo-zawodowe\/","og_locale":"pl_PL","og_type":"article","og_title":"\u0160koda Nap\u0119dza Rowery ODC. 15: Kolarstwo zawodowe cz.II (VIDEO)","og_description":"Micha\u0142 Kwiatkowski opowiada o swoich do\u015bwiadczeniach zwi\u0105zanych z wy\u015bcigami. Ka\u017cdy kolarz, bez wzgl\u0119du na sta\u017c, powinien zadba\u0107 o odpowiednio zaplanowany [&hellip;]","og_url":"https:\/\/www.welovecycling.com\/pl\/2014\/11\/28\/skoda-napedza-rowery-odc-15-kolarstwo-zawodowe\/","og_site_name":"\u0160koda We Love Cycling - Poland","article_published_time":"2014-11-28T14:09:00+00:00","article_modified_time":"2016-12-05T10:03:19+00:00","og_image":[{"width":500,"height":282,"url":"https:\/\/d2p6e6u75xmxt8.cloudfront.net\/5\/2014\/11\/23.png","type":"image\/png"}],"author":"WeLoveCycling","twitter_card":"summary_large_image","twitter_misc":{"Written by":"WeLoveCycling","Est. reading time":"1 minute"},"schema":{"@context":"https:\/\/schema.org","@graph":[{"@type":"WebPage","@id":"https:\/\/www.welovecycling.com\/pl\/2014\/11\/28\/skoda-napedza-rowery-odc-15-kolarstwo-zawodowe\/","url":"https:\/\/www.welovecycling.com\/pl\/2014\/11\/28\/skoda-napedza-rowery-odc-15-kolarstwo-zawodowe\/","name":"\u0160koda Nap\u0119dza Rowery ODC. 15: Kolarstwo zawodowe cz.II (VIDEO) - \u0160koda We Love Cycling - Poland","isPartOf":{"@id":"https:\/\/www.welovecycling.com\/pl\/#website"},"primaryImageOfPage":{"@id":"https:\/\/www.welovecycling.com\/pl\/2014\/11\/28\/skoda-napedza-rowery-odc-15-kolarstwo-zawodowe\/#primaryimage"},"image":{"@id":"https:\/\/www.welovecycling.com\/pl\/2014\/11\/28\/skoda-napedza-rowery-odc-15-kolarstwo-zawodowe\/#primaryimage"},"thumbnailUrl":"https:\/\/d2p6e6u75xmxt8.cloudfront.net\/5\/2014\/11\/23.png","datePublished":"2014-11-28T14:09:00+00:00","dateModified":"2016-12-05T10:03:19+00:00","author":{"@id":"https:\/\/www.welovecycling.com\/pl\/#\/schema\/person\/e5187c9cac8dd619ebc7b41bd73c2fd9"},"breadcrumb":{"@id":"https:\/\/www.welovecycling.com\/pl\/2014\/11\/28\/skoda-napedza-rowery-odc-15-kolarstwo-zawodowe\/#breadcrumb"},"inLanguage":"pl-PL","potentialAction":[{"@type":"ReadAction","target":["https:\/\/www.welovecycling.com\/pl\/2014\/11\/28\/skoda-napedza-rowery-odc-15-kolarstwo-zawodowe\/"]}]},{"@type":"ImageObject","inLanguage":"pl-PL","@id":"https:\/\/www.welovecycling.com\/pl\/2014\/11\/28\/skoda-napedza-rowery-odc-15-kolarstwo-zawodowe\/#primaryimage","url":"https:\/\/d2p6e6u75xmxt8.cloudfront.net\/5\/2014\/11\/23.png","contentUrl":"https:\/\/d2p6e6u75xmxt8.cloudfront.net\/5\/2014\/11\/23.png","width":500,"height":282},{"@type":"BreadcrumbList","@id":"https:\/\/www.welovecycling.com\/pl\/2014\/11\/28\/skoda-napedza-rowery-odc-15-kolarstwo-zawodowe\/#breadcrumb","itemListElement":[{"@type":"ListItem","position":1,"name":"Home","item":"https:\/\/www.welovecycling.com\/pl\/"},{"@type":"ListItem","position":2,"name":"\u0160koda Nap\u0119dza Rowery ODC. 15: Kolarstwo zawodowe cz.II (VIDEO)"}]},{"@type":"WebSite","@id":"https:\/\/www.welovecycling.com\/pl\/#website","url":"https:\/\/www.welovecycling.com\/pl\/","name":"\u0160koda We Love Cycling - Poland","description":"","potentialAction":[{"@type":"SearchAction","target":{"@type":"EntryPoint","urlTemplate":"https:\/\/www.welovecycling.com\/pl\/?s={search_term_string}"},"query-input":{"@type":"PropertyValueSpecification","valueRequired":true,"valueName":"search_term_string"}}],"inLanguage":"pl-PL"},{"@type":"Person","@id":"https:\/\/www.welovecycling.com\/pl\/#\/schema\/person\/e5187c9cac8dd619ebc7b41bd73c2fd9","name":"WeLoveCycling","image":{"@type":"ImageObject","inLanguage":"pl-PL","@id":"https:\/\/www.welovecycling.com\/pl\/#\/schema\/person\/image\/","url":"https:\/\/secure.gravatar.com\/avatar\/7e1ee0ecc5e294b19ef32b9f6086e0afbb9da00c3cb0d465ba4695331f4a9187?s=96&d=mm&r=g","contentUrl":"https:\/\/secure.gravatar.com\/avatar\/7e1ee0ecc5e294b19ef32b9f6086e0afbb9da00c3cb0d465ba4695331f4a9187?s=96&d=mm&r=g","caption":"WeLoveCycling"},"url":"https:\/\/www.welovecycling.com\/pl\/author\/lukascech\/"}]}},"_links":{"self":[{"href":"https:\/\/www.welovecycling.com\/pl\/wp-json\/wp\/v2\/posts\/2281","targetHints":{"allow":["GET"]}}],"collection":[{"href":"https:\/\/www.welovecycling.com\/pl\/wp-json\/wp\/v2\/posts"}],"about":[{"href":"https:\/\/www.welovecycling.com\/pl\/wp-json\/wp\/v2\/types\/post"}],"author":[{"embeddable":true,"href":"https:\/\/www.welovecycling.com\/pl\/wp-json\/wp\/v2\/users\/1"}],"replies":[{"embeddable":true,"href":"https:\/\/www.welovecycling.com\/pl\/wp-json\/wp\/v2\/comments?post=2281"}],"version-history":[{"count":1,"href":"https:\/\/www.welovecycling.com\/pl\/wp-json\/wp\/v2\/posts\/2281\/revisions"}],"predecessor-version":[{"id":2522,"href":"https:\/\/www.welovecycling.com\/pl\/wp-json\/wp\/v2\/posts\/2281\/revisions\/2522"}],"wp:featuredmedia":[{"embeddable":true,"href":"https:\/\/www.welovecycling.com\/pl\/wp-json\/wp\/v2\/media\/461"}],"wp:attachment":[{"href":"https:\/\/www.welovecycling.com\/pl\/wp-json\/wp\/v2\/media?parent=2281"}],"wp:term":[{"taxonomy":"category","embeddable":true,"href":"https:\/\/www.welovecycling.com\/pl\/wp-json\/wp\/v2\/categories?post=2281"},{"taxonomy":"post_tag","embeddable":true,"href":"https:\/\/www.welovecycling.com\/pl\/wp-json\/wp\/v2\/tags?post=2281"},{"taxonomy":"global-categories","embeddable":true,"href":"https:\/\/www.welovecycling.com\/pl\/wp-json\/wp\/v2\/global-categories?post=2281"}],"curies":[{"name":"wp","href":"https:\/\/api.w.org\/{rel}","templated":true}]}}