{"id":2272,"date":"2014-05-10T15:24:00","date_gmt":"2014-05-10T15:24:00","guid":{"rendered":"http:\/\/serwer1629254.home.pl\/index.php\/2014\/05\/10\/rowerem-z-wisly-do-gdanska-to-mozliwe\/"},"modified":"2016-12-05T10:12:04","modified_gmt":"2016-12-05T10:12:04","slug":"rowerem-z-wisly-do-gdanska-to-mozliwe","status":"publish","type":"post","link":"https:\/\/www.welovecycling.com\/pl\/2014\/05\/10\/rowerem-z-wisly-do-gdanska-to-mozliwe\/","title":{"rendered":"Rowerem z Wis\u0142y do Gda\u0144ska? To mo\u017cliwe!"},"content":{"rendered":"<p>Zaczynasz w Beskidzie \u015al\u0105skim, wpadasz zwiedzi\u0107 Wawel, kolejne przystanki w urokliwym Sandomierzu i Kazimierzu Dolnym. Nast\u0119pnie przeja\u017cd\u017cka po Warszawie, p\u00f3\u017aniej po mie\u015bcie Miko\u0142aja Kopernika, Grudzi\u0105dzu i \u015bwi\u0119towanie mety w Gda\u0144sku. Wszystko bez zgie\u0142ku, z dala od samochod\u00f3w i przede wszystkim &#8211; tylko i wy\u0142\u0105cznie na rowerze. Science fiction? Do niedawna tak, ale teraz projekt nabiera coraz bardziej realnych kszta\u0142t\u00f3w.<\/p>\n<p><!-- more --><\/p>\n<p>Wi\u015blana Trasa Rowerowa ma mie\u0107 ok. 1300 km i prowadzi\u0107 wzd\u0142u\u017c Wis\u0142y &#8211; od zapory nad Jeziorem Czernia\u0144skim (woj. \u015bl\u0105skie) do Ba\u0142tyku. \u201eTa trasa ma szans\u0119 sta\u0107 si\u0119 polskim, narodowym produktem turystycznym o znaczeniu og\u00f3lnoeuropejskim\u201d &#8211; pisz\u0105 entuzja\u015bci projektu. G\u0142\u00f3wna droga prowadzi\u0142aby wzd\u0142u\u017c Wis\u0142y, ale w najciekawszych miejscach odchodzi\u0142yby od niej \u015bcie\u017cki prowadz\u0105ce do atrakcji regionu. Tam r\u00f3wnie\u017c znajdowa\u0142yby si\u0119 tzw. minikompleksy turystyczne (restauracje, miejsce do nocleg\u00f3w, czy nawet serwisy rowerowe).<\/p>\n<p>&#8211; <em>To by\u0142aby wspania\u0142a atrakcja i to tak\u017ce dla zagranicznych turyst\u00f3w. W ko\u0144cu Wis\u0142a to ostatnia dzika i nieuregulowana du\u017ca rzeka Europy. W jej okolicach wyst\u0119puje niesamowita ro\u015blinno\u015b\u0107<\/em> &#8211; m\u00f3wi nam Jolanta Ko\u017amin, prezes Beskidzkiego Towarzystwa Cyklist\u00f3w i entuzjastka WTR.<\/p>\n<p>Inicjatork\u0105 projektu by\u0142a Gra\u017cyna Staniszewska, kt\u00f3ra w 2004 roku z grup\u0105 blisko 200 rowerzyst\u00f3w wyjecha\u0142a w Polsk\u0119 lobbowa\u0107 na rzecz WTR. Sprawa by\u0142a jednak o tyle skomplikowana, \u017ce trasa mia\u0142a biec g\u0142\u00f3wnie po wa\u0142ach Wis\u0142y, a jazda takimi miejscami w Polsce by\u0142a prawnie zakazana. Na dniach prezydent Bronis\u0142aw Komorowski przyjmie jednak odpowiedni\u0105 ustaw\u0119 i WTR dostanie zielone \u015bwiat\u0142o na budowanie \u015bcie\u017cek po wa\u0142ach. &#8211; <em>Temat jest mielony od lat, wi\u0119c s\u0105dz\u0119, \u017ce teraz pieni\u0105dze si\u0119 znajd\u0105. Fajnie by\u0142oby, gdyby WTR by\u0142a gotowa np. za dwa lata<\/em> &#8211; m\u00f3wi Ko\u017amin.<\/p>\n<p>Du\u017cy krok ku WTR zrobi\u0142o ju\u017c wojew\u00f3dztwo kujawsko-pomorskie, kt\u00f3re na pocz\u0105tku maja otwiera tras\u0119 po obu stronach Wis\u0142y o \u0142\u0105cznej d\u0142ugo\u015bci ok. 450 km. Ma si\u0119 czym chwali\u0107 r\u00f3wnie\u017c pomorskie, gdzie wycieczka WTR to p\u0119tla o d\u0142ugo\u015bci ok. 250 km.<\/p>\n<p>W planach jest r\u00f3wnie\u017c wydzielenie wzd\u0142u\u017c WTR miejsca dla rolkarzy i pasjonat\u00f3w nordic walking.<\/p>\n","protected":false},"excerpt":{"rendered":"<p>Zaczynasz w Beskidzie \u015al\u0105skim, wpadasz zwiedzi\u0107 Wawel, kolejne przystanki w urokliwym Sandomierzu i Kazimierzu Dolnym. Nast\u0119pnie przeja\u017cd\u017cka po Warszawie, p\u00f3\u017aniej [&hellip;]<\/p>\n","protected":false},"author":1,"featured_media":704,"comment_status":"open","ping_status":"open","sticky":false,"template":"","format":"standard","meta":{"footnotes":""},"categories":[3],"tags":[],"global-categories":[],"class_list":["post-2272","post","type-post","status-publish","format-standard","has-post-thumbnail","hentry","category-adrenalina"],"yoast_head":"<!-- This site is optimized with the Yoast SEO Premium plugin v25.3 (Yoast SEO v25.9) - https:\/\/yoast.com\/wordpress\/plugins\/seo\/ -->\n<title>Rowerem z Wis\u0142y do Gda\u0144ska? To mo\u017cliwe! - \u0160koda We Love Cycling - Poland<\/title>\n<meta name=\"robots\" content=\"index, follow, max-snippet:-1, max-image-preview:large, max-video-preview:-1\" \/>\n<link rel=\"canonical\" href=\"https:\/\/www.welovecycling.com\/pl\/2014\/05\/10\/rowerem-z-wisly-do-gdanska-to-mozliwe\/\" \/>\n<meta property=\"og:locale\" content=\"pl_PL\" \/>\n<meta property=\"og:type\" content=\"article\" \/>\n<meta property=\"og:title\" content=\"Rowerem z Wis\u0142y do Gda\u0144ska? To mo\u017cliwe!\" \/>\n<meta property=\"og:description\" content=\"Zaczynasz w Beskidzie \u015al\u0105skim, wpadasz zwiedzi\u0107 Wawel, kolejne przystanki w urokliwym Sandomierzu i Kazimierzu Dolnym. Nast\u0119pnie przeja\u017cd\u017cka po Warszawie, p\u00f3\u017aniej [&hellip;]\" \/>\n<meta property=\"og:url\" content=\"https:\/\/www.welovecycling.com\/pl\/2014\/05\/10\/rowerem-z-wisly-do-gdanska-to-mozliwe\/\" \/>\n<meta property=\"og:site_name\" content=\"\u0160koda We Love Cycling - Poland\" \/>\n<meta property=\"article:published_time\" content=\"2014-05-10T15:24:00+00:00\" \/>\n<meta property=\"article:modified_time\" content=\"2016-12-05T10:12:04+00:00\" \/>\n<meta property=\"og:image\" content=\"https:\/\/d2p6e6u75xmxt8.cloudfront.net\/5\/2014\/05\/94.jpg\" \/>\n\t<meta property=\"og:image:width\" content=\"500\" \/>\n\t<meta property=\"og:image:height\" content=\"333\" \/>\n\t<meta property=\"og:image:type\" content=\"image\/jpeg\" \/>\n<meta name=\"author\" content=\"WeLoveCycling\" \/>\n<meta name=\"twitter:card\" content=\"summary_large_image\" \/>\n<meta name=\"twitter:label1\" content=\"Written by\" \/>\n\t<meta name=\"twitter:data1\" content=\"WeLoveCycling\" \/>\n\t<meta name=\"twitter:label2\" content=\"Est. reading time\" \/>\n\t<meta name=\"twitter:data2\" content=\"2 minutes\" \/>\n<script type=\"application\/ld+json\" class=\"yoast-schema-graph\">{\"@context\":\"https:\/\/schema.org\",\"@graph\":[{\"@type\":\"WebPage\",\"@id\":\"https:\/\/www.welovecycling.com\/pl\/2014\/05\/10\/rowerem-z-wisly-do-gdanska-to-mozliwe\/\",\"url\":\"https:\/\/www.welovecycling.com\/pl\/2014\/05\/10\/rowerem-z-wisly-do-gdanska-to-mozliwe\/\",\"name\":\"Rowerem z Wis\u0142y do Gda\u0144ska? To mo\u017cliwe! - \u0160koda We Love Cycling - Poland\",\"isPartOf\":{\"@id\":\"https:\/\/www.welovecycling.com\/pl\/#website\"},\"primaryImageOfPage\":{\"@id\":\"https:\/\/www.welovecycling.com\/pl\/2014\/05\/10\/rowerem-z-wisly-do-gdanska-to-mozliwe\/#primaryimage\"},\"image\":{\"@id\":\"https:\/\/www.welovecycling.com\/pl\/2014\/05\/10\/rowerem-z-wisly-do-gdanska-to-mozliwe\/#primaryimage\"},\"thumbnailUrl\":\"https:\/\/d2p6e6u75xmxt8.cloudfront.net\/5\/2014\/05\/94.jpg\",\"datePublished\":\"2014-05-10T15:24:00+00:00\",\"dateModified\":\"2016-12-05T10:12:04+00:00\",\"author\":{\"@id\":\"https:\/\/www.welovecycling.com\/pl\/#\/schema\/person\/e5187c9cac8dd619ebc7b41bd73c2fd9\"},\"breadcrumb\":{\"@id\":\"https:\/\/www.welovecycling.com\/pl\/2014\/05\/10\/rowerem-z-wisly-do-gdanska-to-mozliwe\/#breadcrumb\"},\"inLanguage\":\"pl-PL\",\"potentialAction\":[{\"@type\":\"ReadAction\",\"target\":[\"https:\/\/www.welovecycling.com\/pl\/2014\/05\/10\/rowerem-z-wisly-do-gdanska-to-mozliwe\/\"]}]},{\"@type\":\"ImageObject\",\"inLanguage\":\"pl-PL\",\"@id\":\"https:\/\/www.welovecycling.com\/pl\/2014\/05\/10\/rowerem-z-wisly-do-gdanska-to-mozliwe\/#primaryimage\",\"url\":\"https:\/\/d2p6e6u75xmxt8.cloudfront.net\/5\/2014\/05\/94.jpg\",\"contentUrl\":\"https:\/\/d2p6e6u75xmxt8.cloudfront.net\/5\/2014\/05\/94.jpg\",\"width\":500,\"height\":333},{\"@type\":\"BreadcrumbList\",\"@id\":\"https:\/\/www.welovecycling.com\/pl\/2014\/05\/10\/rowerem-z-wisly-do-gdanska-to-mozliwe\/#breadcrumb\",\"itemListElement\":[{\"@type\":\"ListItem\",\"position\":1,\"name\":\"Home\",\"item\":\"https:\/\/www.welovecycling.com\/pl\/\"},{\"@type\":\"ListItem\",\"position\":2,\"name\":\"Rowerem z Wis\u0142y do Gda\u0144ska? To mo\u017cliwe!\"}]},{\"@type\":\"WebSite\",\"@id\":\"https:\/\/www.welovecycling.com\/pl\/#website\",\"url\":\"https:\/\/www.welovecycling.com\/pl\/\",\"name\":\"\u0160koda We Love Cycling - Poland\",\"description\":\"\",\"potentialAction\":[{\"@type\":\"SearchAction\",\"target\":{\"@type\":\"EntryPoint\",\"urlTemplate\":\"https:\/\/www.welovecycling.com\/pl\/?s={search_term_string}\"},\"query-input\":{\"@type\":\"PropertyValueSpecification\",\"valueRequired\":true,\"valueName\":\"search_term_string\"}}],\"inLanguage\":\"pl-PL\"},{\"@type\":\"Person\",\"@id\":\"https:\/\/www.welovecycling.com\/pl\/#\/schema\/person\/e5187c9cac8dd619ebc7b41bd73c2fd9\",\"name\":\"WeLoveCycling\",\"image\":{\"@type\":\"ImageObject\",\"inLanguage\":\"pl-PL\",\"@id\":\"https:\/\/www.welovecycling.com\/pl\/#\/schema\/person\/image\/\",\"url\":\"https:\/\/secure.gravatar.com\/avatar\/7e1ee0ecc5e294b19ef32b9f6086e0afbb9da00c3cb0d465ba4695331f4a9187?s=96&d=mm&r=g\",\"contentUrl\":\"https:\/\/secure.gravatar.com\/avatar\/7e1ee0ecc5e294b19ef32b9f6086e0afbb9da00c3cb0d465ba4695331f4a9187?s=96&d=mm&r=g\",\"caption\":\"WeLoveCycling\"},\"url\":\"https:\/\/www.welovecycling.com\/pl\/author\/lukascech\/\"}]}<\/script>\n<!-- \/ Yoast SEO Premium plugin. -->","yoast_head_json":{"title":"Rowerem z Wis\u0142y do Gda\u0144ska? To mo\u017cliwe! - \u0160koda We Love Cycling - Poland","robots":{"index":"index","follow":"follow","max-snippet":"max-snippet:-1","max-image-preview":"max-image-preview:large","max-video-preview":"max-video-preview:-1"},"canonical":"https:\/\/www.welovecycling.com\/pl\/2014\/05\/10\/rowerem-z-wisly-do-gdanska-to-mozliwe\/","og_locale":"pl_PL","og_type":"article","og_title":"Rowerem z Wis\u0142y do Gda\u0144ska? To mo\u017cliwe!","og_description":"Zaczynasz w Beskidzie \u015al\u0105skim, wpadasz zwiedzi\u0107 Wawel, kolejne przystanki w urokliwym Sandomierzu i Kazimierzu Dolnym. Nast\u0119pnie przeja\u017cd\u017cka po Warszawie, p\u00f3\u017aniej [&hellip;]","og_url":"https:\/\/www.welovecycling.com\/pl\/2014\/05\/10\/rowerem-z-wisly-do-gdanska-to-mozliwe\/","og_site_name":"\u0160koda We Love Cycling - Poland","article_published_time":"2014-05-10T15:24:00+00:00","article_modified_time":"2016-12-05T10:12:04+00:00","og_image":[{"width":500,"height":333,"url":"https:\/\/d2p6e6u75xmxt8.cloudfront.net\/5\/2014\/05\/94.jpg","type":"image\/jpeg"}],"author":"WeLoveCycling","twitter_card":"summary_large_image","twitter_misc":{"Written by":"WeLoveCycling","Est. reading time":"2 minutes"},"schema":{"@context":"https:\/\/schema.org","@graph":[{"@type":"WebPage","@id":"https:\/\/www.welovecycling.com\/pl\/2014\/05\/10\/rowerem-z-wisly-do-gdanska-to-mozliwe\/","url":"https:\/\/www.welovecycling.com\/pl\/2014\/05\/10\/rowerem-z-wisly-do-gdanska-to-mozliwe\/","name":"Rowerem z Wis\u0142y do Gda\u0144ska? To mo\u017cliwe! - \u0160koda We Love Cycling - Poland","isPartOf":{"@id":"https:\/\/www.welovecycling.com\/pl\/#website"},"primaryImageOfPage":{"@id":"https:\/\/www.welovecycling.com\/pl\/2014\/05\/10\/rowerem-z-wisly-do-gdanska-to-mozliwe\/#primaryimage"},"image":{"@id":"https:\/\/www.welovecycling.com\/pl\/2014\/05\/10\/rowerem-z-wisly-do-gdanska-to-mozliwe\/#primaryimage"},"thumbnailUrl":"https:\/\/d2p6e6u75xmxt8.cloudfront.net\/5\/2014\/05\/94.jpg","datePublished":"2014-05-10T15:24:00+00:00","dateModified":"2016-12-05T10:12:04+00:00","author":{"@id":"https:\/\/www.welovecycling.com\/pl\/#\/schema\/person\/e5187c9cac8dd619ebc7b41bd73c2fd9"},"breadcrumb":{"@id":"https:\/\/www.welovecycling.com\/pl\/2014\/05\/10\/rowerem-z-wisly-do-gdanska-to-mozliwe\/#breadcrumb"},"inLanguage":"pl-PL","potentialAction":[{"@type":"ReadAction","target":["https:\/\/www.welovecycling.com\/pl\/2014\/05\/10\/rowerem-z-wisly-do-gdanska-to-mozliwe\/"]}]},{"@type":"ImageObject","inLanguage":"pl-PL","@id":"https:\/\/www.welovecycling.com\/pl\/2014\/05\/10\/rowerem-z-wisly-do-gdanska-to-mozliwe\/#primaryimage","url":"https:\/\/d2p6e6u75xmxt8.cloudfront.net\/5\/2014\/05\/94.jpg","contentUrl":"https:\/\/d2p6e6u75xmxt8.cloudfront.net\/5\/2014\/05\/94.jpg","width":500,"height":333},{"@type":"BreadcrumbList","@id":"https:\/\/www.welovecycling.com\/pl\/2014\/05\/10\/rowerem-z-wisly-do-gdanska-to-mozliwe\/#breadcrumb","itemListElement":[{"@type":"ListItem","position":1,"name":"Home","item":"https:\/\/www.welovecycling.com\/pl\/"},{"@type":"ListItem","position":2,"name":"Rowerem z Wis\u0142y do Gda\u0144ska? To mo\u017cliwe!"}]},{"@type":"WebSite","@id":"https:\/\/www.welovecycling.com\/pl\/#website","url":"https:\/\/www.welovecycling.com\/pl\/","name":"\u0160koda We Love Cycling - Poland","description":"","potentialAction":[{"@type":"SearchAction","target":{"@type":"EntryPoint","urlTemplate":"https:\/\/www.welovecycling.com\/pl\/?s={search_term_string}"},"query-input":{"@type":"PropertyValueSpecification","valueRequired":true,"valueName":"search_term_string"}}],"inLanguage":"pl-PL"},{"@type":"Person","@id":"https:\/\/www.welovecycling.com\/pl\/#\/schema\/person\/e5187c9cac8dd619ebc7b41bd73c2fd9","name":"WeLoveCycling","image":{"@type":"ImageObject","inLanguage":"pl-PL","@id":"https:\/\/www.welovecycling.com\/pl\/#\/schema\/person\/image\/","url":"https:\/\/secure.gravatar.com\/avatar\/7e1ee0ecc5e294b19ef32b9f6086e0afbb9da00c3cb0d465ba4695331f4a9187?s=96&d=mm&r=g","contentUrl":"https:\/\/secure.gravatar.com\/avatar\/7e1ee0ecc5e294b19ef32b9f6086e0afbb9da00c3cb0d465ba4695331f4a9187?s=96&d=mm&r=g","caption":"WeLoveCycling"},"url":"https:\/\/www.welovecycling.com\/pl\/author\/lukascech\/"}]}},"_links":{"self":[{"href":"https:\/\/www.welovecycling.com\/pl\/wp-json\/wp\/v2\/posts\/2272","targetHints":{"allow":["GET"]}}],"collection":[{"href":"https:\/\/www.welovecycling.com\/pl\/wp-json\/wp\/v2\/posts"}],"about":[{"href":"https:\/\/www.welovecycling.com\/pl\/wp-json\/wp\/v2\/types\/post"}],"author":[{"embeddable":true,"href":"https:\/\/www.welovecycling.com\/pl\/wp-json\/wp\/v2\/users\/1"}],"replies":[{"embeddable":true,"href":"https:\/\/www.welovecycling.com\/pl\/wp-json\/wp\/v2\/comments?post=2272"}],"version-history":[{"count":1,"href":"https:\/\/www.welovecycling.com\/pl\/wp-json\/wp\/v2\/posts\/2272\/revisions"}],"predecessor-version":[{"id":2575,"href":"https:\/\/www.welovecycling.com\/pl\/wp-json\/wp\/v2\/posts\/2272\/revisions\/2575"}],"wp:featuredmedia":[{"embeddable":true,"href":"https:\/\/www.welovecycling.com\/pl\/wp-json\/wp\/v2\/media\/704"}],"wp:attachment":[{"href":"https:\/\/www.welovecycling.com\/pl\/wp-json\/wp\/v2\/media?parent=2272"}],"wp:term":[{"taxonomy":"category","embeddable":true,"href":"https:\/\/www.welovecycling.com\/pl\/wp-json\/wp\/v2\/categories?post=2272"},{"taxonomy":"post_tag","embeddable":true,"href":"https:\/\/www.welovecycling.com\/pl\/wp-json\/wp\/v2\/tags?post=2272"},{"taxonomy":"global-categories","embeddable":true,"href":"https:\/\/www.welovecycling.com\/pl\/wp-json\/wp\/v2\/global-categories?post=2272"}],"curies":[{"name":"wp","href":"https:\/\/api.w.org\/{rel}","templated":true}]}}