{"id":2271,"date":"2014-05-01T15:25:00","date_gmt":"2014-05-01T15:25:00","guid":{"rendered":"http:\/\/serwer1629254.home.pl\/index.php\/2014\/05\/01\/startuje-giro-nawet-irlandia-stanie-sie-rozowa\/"},"modified":"2016-12-05T10:12:27","modified_gmt":"2016-12-05T10:12:27","slug":"startuje-giro-nawet-irlandia-stanie-sie-rozowa","status":"publish","type":"post","link":"https:\/\/www.welovecycling.com\/pl\/2014\/05\/01\/startuje-giro-nawet-irlandia-stanie-sie-rozowa\/","title":{"rendered":"Startuje Giro. Nawet Irlandia stanie si\u0119 r\u00f3\u017cowa"},"content":{"rendered":"<p>9 maja startuje Giro d\u2019Italia, jeden z najwa\u017cniejszych wy\u015bcig\u00f3w kolarskich na \u015bwiecie. Eksperci klasyfikuj\u0105 go wy\u017cej ni\u017c Vuelta a Espana, a wi\u0119kszy presti\u017c ma tylko Tour de France.<!--more--><\/p>\n<p><em>(\u0179r\u00f3d\u0142o: <a href=\"http:\/\/www.gazzetta.it\/Giroditalia\" target=\"_blank\">http:\/\/www.gazzetta.it\/Giroditalia<\/a>)<\/em><\/p>\n<p><em><strong><!-- more --><\/strong><\/em><\/p>\n<p>Charakterystyczny dla Giro jest fakt, \u017ce kamery i miliony ludzi przed telewizorami oraz wzd\u0142u\u017c trasy nie szukaj\u0105 zawodnika w \u017c\u00f3\u0142tej koszulce, ale r\u00f3\u017cowej. W\u0142a\u015bnie tak oznaczony jest lider Giro, a wzi\u0119\u0142o si\u0119 to od koloru papieru, na kt\u00f3rym drukowana jest La Gazzetta dello Sport, sponsor i jeden z organizator\u00f3w wy\u015bcigu.<\/p>\n<p>Z tego powodu r\u00f3\u017cowy wkr\u00f3tce b\u0119dzie\u2026 Belfast. To w\u0142a\u015bnie ze stolicy Irlandii P\u00f3\u0142nocnej wystartuje tegoroczne Giro, p\u00f3\u017aniej zahaczy o Dublin, by nast\u0119pnie na dobre przenie\u015b\u0107 si\u0119 do W\u0142och. Poprowadzenie wy\u015bcigu poza granicami Italii nie jest niczym nowym, bo ju\u017c wcze\u015bniej kolarze w ramach Giro rywalizowali a\u017c w kilkunastu innych pa\u0144stwach. Na trasie wy\u015bcigu by\u0142y kraje s\u0105siednie (np. San Marino, Francja, Monako, Szwajcaria czy S\u0142owenia), ale te\u017c bardziej oddalone (np. Holandia, Niemcy, Grecja, Dania).<\/p>\n<p>Teraz przysz\u0142a pora na Irlandczyk\u00f3w, kt\u00f3rych powoli ogarnia sza\u0142 zwi\u0105zany z Giro. W internecie chwal\u0105 si\u0119 zdj\u0119ciami r\u00f3\u017cowych rowerzyst\u00f3w, na taki kolor farbuj\u0105 te\u017c w\u0142osy, maluj\u0105 ozdoby ogrodowe czy ca\u0142e hotele. To m.in. efekt ulotek, kt\u00f3ra wyl\u0105dowa\u0142y pod drzwiami ka\u017cdego domu w Irlandii P\u00f3\u0142nocnej. &#8211; Hotele b\u0119dziemy stroili na r\u00f3\u017cowo, organizowali r\u00f3\u017cowe popo\u0142udnia z herbat\u0105, kt\u00f3r\u0105 b\u0119dzie serwowa\u0142a obs\u0142uga ubrana na r\u00f3\u017cowo w blasku r\u00f3\u017cowych \u015bwiate\u0142 &#8211; m\u00f3wi w \u201eBelfast Telegraph\u201d Maurice Gallagher, jedna z entuzjastek Giro.<\/p>\n<p>Hotele w Belfa\u015bcie maj\u0105 ju\u017c 85 proc. ob\u0142o\u017cenia, a Irlandczycy szacuj\u0105, \u017ce z okazji Giro odwiedzi ich ok. 140 tys. kibic\u00f3w, kt\u00f3rzy zostawi\u0105 nawet do 10 mln funt\u00f3w. Czwartego dnia Giro przeniesie si\u0119 do W\u0142och. Wy\u015bcig zacznie si\u0119 w cz\u0119\u015bci po\u0142udniowej (okolice Bari), a zako\u0144czy 1 lipca w po\u0142o\u017conym na p\u00f3\u0142nocy Trie\u015bcie. \u0141\u0105cznie kolarze przejad\u0105 blisko 3,5 tys. km, czyli \u015brednio ok. 160 km dziennie.<\/p>\n<p>Kogo kibice b\u0119d\u0105 g\u0142\u00f3wnie podziwiali? O wytypowanie faworyt\u00f3w poprosili\u015bmy ludzi z Akademii Copernicus Micha\u0142a Kwiatkowskiego. Trener S\u0142awek Bali\u0144ski oraz S\u0142awek B\u0142aszczyk (wsp\u00f3\u0142za\u0142o\u017cyciel AMK Copernicus, Executive&amp;HRM Director Katusha \u2013 dru\u017cyna ProTour) zgodnie uwa\u017caj\u0105, \u017ce najwi\u0119ksze szanse na zwyci\u0119stwo ma Hiszpan Joaquim Rodriguez, kt\u00f3ry w 2010, 2012 i 2013 r. wygrywa\u0142 klasyfikacj\u0119 generaln\u0105 UCI World Tour i jest r\u00f3wnie\u017c wicemistrzem \u015bwiata w wy\u015bcigu ze startu wsp\u00f3lnego. Wed\u0142ug naszych ekspert\u00f3w najwi\u0119kszym rywalem Rodrigueza b\u0119dzie Kolumbijczyk Nairo Quintana, specjalista na g\u00f3rskich etapach, gdzie by\u0142 najlepszy m.in. podczas ubieg\u0142orocznego Tour de France (w klasyfikacji generalnej zaj\u0105\u0142 drugie miejsce).<\/p>\n","protected":false},"excerpt":{"rendered":"<p>9 maja startuje Giro d\u2019Italia, jeden z najwa\u017cniejszych wy\u015bcig\u00f3w kolarskich na \u015bwiecie. Eksperci klasyfikuj\u0105 go wy\u017cej ni\u017c Vuelta a Espana, [&hellip;]<\/p>\n","protected":false},"author":1,"featured_media":708,"comment_status":"open","ping_status":"open","sticky":false,"template":"","format":"standard","meta":{"footnotes":""},"categories":[6],"tags":[],"global-categories":[],"class_list":["post-2271","post","type-post","status-publish","format-standard","has-post-thumbnail","hentry","category-kolarstwo-szosowe"],"yoast_head":"<!-- This site is optimized with the Yoast SEO Premium plugin v25.3 (Yoast SEO v25.9) - https:\/\/yoast.com\/wordpress\/plugins\/seo\/ -->\n<title>Startuje Giro. Nawet Irlandia stanie si\u0119 r\u00f3\u017cowa - \u0160koda We Love Cycling - Poland<\/title>\n<meta name=\"robots\" content=\"index, follow, max-snippet:-1, max-image-preview:large, max-video-preview:-1\" \/>\n<link rel=\"canonical\" href=\"https:\/\/www.welovecycling.com\/pl\/2014\/05\/01\/startuje-giro-nawet-irlandia-stanie-sie-rozowa\/\" \/>\n<meta property=\"og:locale\" content=\"pl_PL\" \/>\n<meta property=\"og:type\" content=\"article\" \/>\n<meta property=\"og:title\" content=\"Startuje Giro. Nawet Irlandia stanie si\u0119 r\u00f3\u017cowa\" \/>\n<meta property=\"og:description\" content=\"9 maja startuje Giro d\u2019Italia, jeden z najwa\u017cniejszych wy\u015bcig\u00f3w kolarskich na \u015bwiecie. Eksperci klasyfikuj\u0105 go wy\u017cej ni\u017c Vuelta a Espana, [&hellip;]\" \/>\n<meta property=\"og:url\" content=\"https:\/\/www.welovecycling.com\/pl\/2014\/05\/01\/startuje-giro-nawet-irlandia-stanie-sie-rozowa\/\" \/>\n<meta property=\"og:site_name\" content=\"\u0160koda We Love Cycling - Poland\" \/>\n<meta property=\"article:published_time\" content=\"2014-05-01T15:25:00+00:00\" \/>\n<meta property=\"article:modified_time\" content=\"2016-12-05T10:12:27+00:00\" \/>\n<meta property=\"og:image\" content=\"https:\/\/d2p6e6u75xmxt8.cloudfront.net\/5\/2014\/05\/96.jpg\" \/>\n\t<meta property=\"og:image:width\" content=\"500\" \/>\n\t<meta property=\"og:image:height\" content=\"332\" \/>\n\t<meta property=\"og:image:type\" content=\"image\/jpeg\" \/>\n<meta name=\"author\" content=\"WeLoveCycling\" \/>\n<meta name=\"twitter:card\" content=\"summary_large_image\" \/>\n<meta name=\"twitter:label1\" content=\"Written by\" \/>\n\t<meta name=\"twitter:data1\" content=\"WeLoveCycling\" \/>\n\t<meta name=\"twitter:label2\" content=\"Est. reading time\" \/>\n\t<meta name=\"twitter:data2\" content=\"2 minutes\" \/>\n<script type=\"application\/ld+json\" class=\"yoast-schema-graph\">{\"@context\":\"https:\/\/schema.org\",\"@graph\":[{\"@type\":\"WebPage\",\"@id\":\"https:\/\/www.welovecycling.com\/pl\/2014\/05\/01\/startuje-giro-nawet-irlandia-stanie-sie-rozowa\/\",\"url\":\"https:\/\/www.welovecycling.com\/pl\/2014\/05\/01\/startuje-giro-nawet-irlandia-stanie-sie-rozowa\/\",\"name\":\"Startuje Giro. Nawet Irlandia stanie si\u0119 r\u00f3\u017cowa - \u0160koda We Love Cycling - Poland\",\"isPartOf\":{\"@id\":\"https:\/\/www.welovecycling.com\/pl\/#website\"},\"primaryImageOfPage\":{\"@id\":\"https:\/\/www.welovecycling.com\/pl\/2014\/05\/01\/startuje-giro-nawet-irlandia-stanie-sie-rozowa\/#primaryimage\"},\"image\":{\"@id\":\"https:\/\/www.welovecycling.com\/pl\/2014\/05\/01\/startuje-giro-nawet-irlandia-stanie-sie-rozowa\/#primaryimage\"},\"thumbnailUrl\":\"https:\/\/d2p6e6u75xmxt8.cloudfront.net\/5\/2014\/05\/96.jpg\",\"datePublished\":\"2014-05-01T15:25:00+00:00\",\"dateModified\":\"2016-12-05T10:12:27+00:00\",\"author\":{\"@id\":\"https:\/\/www.welovecycling.com\/pl\/#\/schema\/person\/e5187c9cac8dd619ebc7b41bd73c2fd9\"},\"breadcrumb\":{\"@id\":\"https:\/\/www.welovecycling.com\/pl\/2014\/05\/01\/startuje-giro-nawet-irlandia-stanie-sie-rozowa\/#breadcrumb\"},\"inLanguage\":\"pl-PL\",\"potentialAction\":[{\"@type\":\"ReadAction\",\"target\":[\"https:\/\/www.welovecycling.com\/pl\/2014\/05\/01\/startuje-giro-nawet-irlandia-stanie-sie-rozowa\/\"]}]},{\"@type\":\"ImageObject\",\"inLanguage\":\"pl-PL\",\"@id\":\"https:\/\/www.welovecycling.com\/pl\/2014\/05\/01\/startuje-giro-nawet-irlandia-stanie-sie-rozowa\/#primaryimage\",\"url\":\"https:\/\/d2p6e6u75xmxt8.cloudfront.net\/5\/2014\/05\/96.jpg\",\"contentUrl\":\"https:\/\/d2p6e6u75xmxt8.cloudfront.net\/5\/2014\/05\/96.jpg\",\"width\":500,\"height\":332,\"caption\":\"Daniele Bottallo \/ lapresse 05-05-2013 Napoli sport ciclismo Giro d'Italia 2013 Seconda tappa Ischia - Forio nella foto: Sky Procycling Daniele Bottallo \/ lapresse 05-05-2013 Napoli Giro d'Italia 2013 second stage Ischia - Forio in the photo: Sky Procycling\"},{\"@type\":\"BreadcrumbList\",\"@id\":\"https:\/\/www.welovecycling.com\/pl\/2014\/05\/01\/startuje-giro-nawet-irlandia-stanie-sie-rozowa\/#breadcrumb\",\"itemListElement\":[{\"@type\":\"ListItem\",\"position\":1,\"name\":\"Home\",\"item\":\"https:\/\/www.welovecycling.com\/pl\/\"},{\"@type\":\"ListItem\",\"position\":2,\"name\":\"Startuje Giro. Nawet Irlandia stanie si\u0119 r\u00f3\u017cowa\"}]},{\"@type\":\"WebSite\",\"@id\":\"https:\/\/www.welovecycling.com\/pl\/#website\",\"url\":\"https:\/\/www.welovecycling.com\/pl\/\",\"name\":\"\u0160koda We Love Cycling - Poland\",\"description\":\"\",\"potentialAction\":[{\"@type\":\"SearchAction\",\"target\":{\"@type\":\"EntryPoint\",\"urlTemplate\":\"https:\/\/www.welovecycling.com\/pl\/?s={search_term_string}\"},\"query-input\":{\"@type\":\"PropertyValueSpecification\",\"valueRequired\":true,\"valueName\":\"search_term_string\"}}],\"inLanguage\":\"pl-PL\"},{\"@type\":\"Person\",\"@id\":\"https:\/\/www.welovecycling.com\/pl\/#\/schema\/person\/e5187c9cac8dd619ebc7b41bd73c2fd9\",\"name\":\"WeLoveCycling\",\"image\":{\"@type\":\"ImageObject\",\"inLanguage\":\"pl-PL\",\"@id\":\"https:\/\/www.welovecycling.com\/pl\/#\/schema\/person\/image\/\",\"url\":\"https:\/\/secure.gravatar.com\/avatar\/7e1ee0ecc5e294b19ef32b9f6086e0afbb9da00c3cb0d465ba4695331f4a9187?s=96&d=mm&r=g\",\"contentUrl\":\"https:\/\/secure.gravatar.com\/avatar\/7e1ee0ecc5e294b19ef32b9f6086e0afbb9da00c3cb0d465ba4695331f4a9187?s=96&d=mm&r=g\",\"caption\":\"WeLoveCycling\"},\"url\":\"https:\/\/www.welovecycling.com\/pl\/author\/lukascech\/\"}]}<\/script>\n<!-- \/ Yoast SEO Premium plugin. -->","yoast_head_json":{"title":"Startuje Giro. Nawet Irlandia stanie si\u0119 r\u00f3\u017cowa - \u0160koda We Love Cycling - Poland","robots":{"index":"index","follow":"follow","max-snippet":"max-snippet:-1","max-image-preview":"max-image-preview:large","max-video-preview":"max-video-preview:-1"},"canonical":"https:\/\/www.welovecycling.com\/pl\/2014\/05\/01\/startuje-giro-nawet-irlandia-stanie-sie-rozowa\/","og_locale":"pl_PL","og_type":"article","og_title":"Startuje Giro. Nawet Irlandia stanie si\u0119 r\u00f3\u017cowa","og_description":"9 maja startuje Giro d\u2019Italia, jeden z najwa\u017cniejszych wy\u015bcig\u00f3w kolarskich na \u015bwiecie. Eksperci klasyfikuj\u0105 go wy\u017cej ni\u017c Vuelta a Espana, [&hellip;]","og_url":"https:\/\/www.welovecycling.com\/pl\/2014\/05\/01\/startuje-giro-nawet-irlandia-stanie-sie-rozowa\/","og_site_name":"\u0160koda We Love Cycling - Poland","article_published_time":"2014-05-01T15:25:00+00:00","article_modified_time":"2016-12-05T10:12:27+00:00","og_image":[{"width":500,"height":332,"url":"https:\/\/d2p6e6u75xmxt8.cloudfront.net\/5\/2014\/05\/96.jpg","type":"image\/jpeg"}],"author":"WeLoveCycling","twitter_card":"summary_large_image","twitter_misc":{"Written by":"WeLoveCycling","Est. reading time":"2 minutes"},"schema":{"@context":"https:\/\/schema.org","@graph":[{"@type":"WebPage","@id":"https:\/\/www.welovecycling.com\/pl\/2014\/05\/01\/startuje-giro-nawet-irlandia-stanie-sie-rozowa\/","url":"https:\/\/www.welovecycling.com\/pl\/2014\/05\/01\/startuje-giro-nawet-irlandia-stanie-sie-rozowa\/","name":"Startuje Giro. Nawet Irlandia stanie si\u0119 r\u00f3\u017cowa - \u0160koda We Love Cycling - Poland","isPartOf":{"@id":"https:\/\/www.welovecycling.com\/pl\/#website"},"primaryImageOfPage":{"@id":"https:\/\/www.welovecycling.com\/pl\/2014\/05\/01\/startuje-giro-nawet-irlandia-stanie-sie-rozowa\/#primaryimage"},"image":{"@id":"https:\/\/www.welovecycling.com\/pl\/2014\/05\/01\/startuje-giro-nawet-irlandia-stanie-sie-rozowa\/#primaryimage"},"thumbnailUrl":"https:\/\/d2p6e6u75xmxt8.cloudfront.net\/5\/2014\/05\/96.jpg","datePublished":"2014-05-01T15:25:00+00:00","dateModified":"2016-12-05T10:12:27+00:00","author":{"@id":"https:\/\/www.welovecycling.com\/pl\/#\/schema\/person\/e5187c9cac8dd619ebc7b41bd73c2fd9"},"breadcrumb":{"@id":"https:\/\/www.welovecycling.com\/pl\/2014\/05\/01\/startuje-giro-nawet-irlandia-stanie-sie-rozowa\/#breadcrumb"},"inLanguage":"pl-PL","potentialAction":[{"@type":"ReadAction","target":["https:\/\/www.welovecycling.com\/pl\/2014\/05\/01\/startuje-giro-nawet-irlandia-stanie-sie-rozowa\/"]}]},{"@type":"ImageObject","inLanguage":"pl-PL","@id":"https:\/\/www.welovecycling.com\/pl\/2014\/05\/01\/startuje-giro-nawet-irlandia-stanie-sie-rozowa\/#primaryimage","url":"https:\/\/d2p6e6u75xmxt8.cloudfront.net\/5\/2014\/05\/96.jpg","contentUrl":"https:\/\/d2p6e6u75xmxt8.cloudfront.net\/5\/2014\/05\/96.jpg","width":500,"height":332,"caption":"Daniele Bottallo \/ lapresse 05-05-2013 Napoli sport ciclismo Giro d'Italia 2013 Seconda tappa Ischia - Forio nella foto: Sky Procycling Daniele Bottallo \/ lapresse 05-05-2013 Napoli Giro d'Italia 2013 second stage Ischia - Forio in the photo: Sky Procycling"},{"@type":"BreadcrumbList","@id":"https:\/\/www.welovecycling.com\/pl\/2014\/05\/01\/startuje-giro-nawet-irlandia-stanie-sie-rozowa\/#breadcrumb","itemListElement":[{"@type":"ListItem","position":1,"name":"Home","item":"https:\/\/www.welovecycling.com\/pl\/"},{"@type":"ListItem","position":2,"name":"Startuje Giro. Nawet Irlandia stanie si\u0119 r\u00f3\u017cowa"}]},{"@type":"WebSite","@id":"https:\/\/www.welovecycling.com\/pl\/#website","url":"https:\/\/www.welovecycling.com\/pl\/","name":"\u0160koda We Love Cycling - Poland","description":"","potentialAction":[{"@type":"SearchAction","target":{"@type":"EntryPoint","urlTemplate":"https:\/\/www.welovecycling.com\/pl\/?s={search_term_string}"},"query-input":{"@type":"PropertyValueSpecification","valueRequired":true,"valueName":"search_term_string"}}],"inLanguage":"pl-PL"},{"@type":"Person","@id":"https:\/\/www.welovecycling.com\/pl\/#\/schema\/person\/e5187c9cac8dd619ebc7b41bd73c2fd9","name":"WeLoveCycling","image":{"@type":"ImageObject","inLanguage":"pl-PL","@id":"https:\/\/www.welovecycling.com\/pl\/#\/schema\/person\/image\/","url":"https:\/\/secure.gravatar.com\/avatar\/7e1ee0ecc5e294b19ef32b9f6086e0afbb9da00c3cb0d465ba4695331f4a9187?s=96&d=mm&r=g","contentUrl":"https:\/\/secure.gravatar.com\/avatar\/7e1ee0ecc5e294b19ef32b9f6086e0afbb9da00c3cb0d465ba4695331f4a9187?s=96&d=mm&r=g","caption":"WeLoveCycling"},"url":"https:\/\/www.welovecycling.com\/pl\/author\/lukascech\/"}]}},"_links":{"self":[{"href":"https:\/\/www.welovecycling.com\/pl\/wp-json\/wp\/v2\/posts\/2271","targetHints":{"allow":["GET"]}}],"collection":[{"href":"https:\/\/www.welovecycling.com\/pl\/wp-json\/wp\/v2\/posts"}],"about":[{"href":"https:\/\/www.welovecycling.com\/pl\/wp-json\/wp\/v2\/types\/post"}],"author":[{"embeddable":true,"href":"https:\/\/www.welovecycling.com\/pl\/wp-json\/wp\/v2\/users\/1"}],"replies":[{"embeddable":true,"href":"https:\/\/www.welovecycling.com\/pl\/wp-json\/wp\/v2\/comments?post=2271"}],"version-history":[{"count":1,"href":"https:\/\/www.welovecycling.com\/pl\/wp-json\/wp\/v2\/posts\/2271\/revisions"}],"predecessor-version":[{"id":2577,"href":"https:\/\/www.welovecycling.com\/pl\/wp-json\/wp\/v2\/posts\/2271\/revisions\/2577"}],"wp:featuredmedia":[{"embeddable":true,"href":"https:\/\/www.welovecycling.com\/pl\/wp-json\/wp\/v2\/media\/708"}],"wp:attachment":[{"href":"https:\/\/www.welovecycling.com\/pl\/wp-json\/wp\/v2\/media?parent=2271"}],"wp:term":[{"taxonomy":"category","embeddable":true,"href":"https:\/\/www.welovecycling.com\/pl\/wp-json\/wp\/v2\/categories?post=2271"},{"taxonomy":"post_tag","embeddable":true,"href":"https:\/\/www.welovecycling.com\/pl\/wp-json\/wp\/v2\/tags?post=2271"},{"taxonomy":"global-categories","embeddable":true,"href":"https:\/\/www.welovecycling.com\/pl\/wp-json\/wp\/v2\/global-categories?post=2271"}],"curies":[{"name":"wp","href":"https:\/\/api.w.org\/{rel}","templated":true}]}}